{"id":37183,"date":"2025-08-04T14:04:59","date_gmt":"2025-08-04T18:04:59","guid":{"rendered":"https:\/\/blogdalucianaoliveira.com.br\/blog\/?p=37183"},"modified":"2025-08-04T14:04:59","modified_gmt":"2025-08-04T18:04:59","slug":"brasil-atinge-menor-taxa-de-desemprego-da-historia-e-claudia-de-jesus-destaca-avanco-tambem-em-rondonia","status":"publish","type":"post","link":"http:\/\/blogdalucianaoliveira.com.br\/blog\/2025\/08\/04\/brasil-atinge-menor-taxa-de-desemprego-da-historia-e-claudia-de-jesus-destaca-avanco-tambem-em-rondonia\/","title":{"rendered":"Brasil atinge menor taxa de desemprego da hist\u00f3ria e Cl\u00e1udia de Jesus destaca avan\u00e7o tamb\u00e9m em Rond\u00f4nia"},"content":{"rendered":"<p><img data-recalc-dims=\"1\" loading=\"lazy\" decoding=\"async\" data-attachment-id=\"37184\" data-permalink=\"http:\/\/blogdalucianaoliveira.com.br\/blog\/2025\/08\/04\/brasil-atinge-menor-taxa-de-desemprego-da-historia-e-claudia-de-jesus-destaca-avanco-tambem-em-rondonia\/img_5393-2\/\" data-orig-file=\"https:\/\/i0.wp.com\/blogdalucianaoliveira.com.br\/blog\/wp-content\/uploads\/2025\/08\/IMG_5393-1.jpeg?fit=1620%2C1080\" data-orig-size=\"1620,1080\" data-comments-opened=\"0\" data-image-meta=\"{&quot;aperture&quot;:&quot;5&quot;,&quot;credit&quot;:&quot;&quot;,&quot;camera&quot;:&quot;Canon EOS Rebel SL3&quot;,&quot;caption&quot;:&quot;&quot;,&quot;created_timestamp&quot;:&quot;1753435057&quot;,&quot;copyright&quot;:&quot;&quot;,&quot;focal_length&quot;:&quot;41&quot;,&quot;iso&quot;:&quot;1250&quot;,&quot;shutter_speed&quot;:&quot;0.005&quot;,&quot;title&quot;:&quot;&quot;,&quot;orientation&quot;:&quot;1&quot;}\" data-image-title=\"IMG_5393\" data-image-description=\"\" data-image-caption=\"\" data-medium-file=\"https:\/\/i0.wp.com\/blogdalucianaoliveira.com.br\/blog\/wp-content\/uploads\/2025\/08\/IMG_5393-1.jpeg?fit=300%2C200\" data-large-file=\"https:\/\/i0.wp.com\/blogdalucianaoliveira.com.br\/blog\/wp-content\/uploads\/2025\/08\/IMG_5393-1.jpeg?fit=600%2C400\" class=\"alignnone size-medium wp-image-37184\" src=\"https:\/\/i0.wp.com\/blogdalucianaoliveira.com.br\/blog\/wp-content\/uploads\/2025\/08\/IMG_5393-1.jpeg?resize=300%2C200\" alt=\"\" width=\"300\" height=\"200\" srcset=\"https:\/\/i0.wp.com\/blogdalucianaoliveira.com.br\/blog\/wp-content\/uploads\/2025\/08\/IMG_5393-1.jpeg?resize=300%2C200 300w, https:\/\/i0.wp.com\/blogdalucianaoliveira.com.br\/blog\/wp-content\/uploads\/2025\/08\/IMG_5393-1.jpeg?resize=1024%2C683 1024w, https:\/\/i0.wp.com\/blogdalucianaoliveira.com.br\/blog\/wp-content\/uploads\/2025\/08\/IMG_5393-1.jpeg?resize=768%2C512 768w, https:\/\/i0.wp.com\/blogdalucianaoliveira.com.br\/blog\/wp-content\/uploads\/2025\/08\/IMG_5393-1.jpeg?resize=1536%2C1024 1536w, https:\/\/i0.wp.com\/blogdalucianaoliveira.com.br\/blog\/wp-content\/uploads\/2025\/08\/IMG_5393-1.jpeg?resize=450%2C300 450w, https:\/\/i0.wp.com\/blogdalucianaoliveira.com.br\/blog\/wp-content\/uploads\/2025\/08\/IMG_5393-1.jpeg?w=1620 1620w, https:\/\/i0.wp.com\/blogdalucianaoliveira.com.br\/blog\/wp-content\/uploads\/2025\/08\/IMG_5393-1.jpeg?w=1200 1200w\" sizes=\"auto, (max-width: 300px) 100vw, 300px\" \/><\/p>\n<p>Deputada estadual celebra dados do IBGE e refor\u00e7a o papel de pol\u00edticas p\u00fablicas na gera\u00e7\u00e3o de empregos formais no estado<!--more--><\/p>\n<p>A deputada estadual Cl\u00e1udia de Jesus (PT) celebrou os dados divulgados pelo IBGE que revelam uma queda hist\u00f3rica na taxa de desemprego no Brasil: 5,8% no segundo trimestre de 2025, o menor \u00edndice j\u00e1 registrado desde o in\u00edcio da s\u00e9rie hist\u00f3rica. O dado sinaliza uma recupera\u00e7\u00e3o consistente do mercado de trabalho, com aumento de empregos com carteira assinada e valoriza\u00e7\u00e3o dos sal\u00e1rios.<\/p>\n<p>O n\u00famero de trabalhadores formais no pa\u00eds tamb\u00e9m bateu recorde: s\u00e3o 39 milh\u00f5es de pessoas empregadas com carteira assinada no setor privado. O rendimento m\u00e9dio mensal do trabalhador brasileiro subiu para R$ 3.477, o maior valor j\u00e1 registrado desde 2012, refletindo uma melhora na renda das fam\u00edlias e maior estabilidade econ\u00f4mica.<\/p>\n<p>Cl\u00e1udia de Jesus destacou que Rond\u00f4nia segue como um dos estados com menor \u00edndice de desemprego do pa\u00eds. Em 2024, a taxa m\u00e9dia anual de desocupa\u00e7\u00e3o no estado foi de 3,3%, segundo dados do IBGE, mantendo-se abaixo da m\u00e9dia nacional. A deputada atribui esse resultado \u00e0 for\u00e7a da agricultura familiar, do com\u00e9rcio e \u00e0 atua\u00e7\u00e3o de governos comprometidos com pol\u00edticas p\u00fablicas voltadas \u00e0 gera\u00e7\u00e3o de renda.<\/p>\n<p>\u201cA redu\u00e7\u00e3o do desemprego \u00e9 resultado direto das decis\u00f5es acertadas do presidente Lula e da valoriza\u00e7\u00e3o do trabalho no Brasil. Rond\u00f4nia tamb\u00e9m avan\u00e7a com dignidade, ampliando oportunidades e garantindo que mais fam\u00edlias tenham acesso ao emprego formal e \u00e0 seguran\u00e7a econ\u00f4mica\u201d, afirmou a parlamentar.<\/p>\n<div><\/div>\n<div>Texto e foto: Fabricia Lopes\u00a0&#8211; Assessoria parlamentar.<\/div>\n","protected":false},"excerpt":{"rendered":"<p>Deputada estadual celebra dados do IBGE e refor\u00e7a o papel de pol\u00edticas p\u00fablicas na gera\u00e7\u00e3o de empregos formais no estado<\/p>\n","protected":false},"author":1,"featured_media":0,"comment_status":"closed","ping_status":"open","sticky":false,"template":"","format":"standard","meta":{"_exactmetrics_skip_tracking":false,"_exactmetrics_sitenote_active":false,"_exactmetrics_sitenote_note":"","_exactmetrics_sitenote_category":0,"jetpack_post_was_ever_published":false,"_jetpack_newsletter_access":"","_jetpack_dont_email_post_to_subs":false,"_jetpack_newsletter_tier_id":0,"_jetpack_memberships_contains_paywalled_content":false,"_jetpack_memberships_contains_paid_content":false,"footnotes":"","jetpack_publicize_message":"","jetpack_publicize_feature_enabled":true,"jetpack_social_post_already_shared":true,"jetpack_social_options":{"image_generator_settings":{"template":"highway","enabled":false},"version":2}},"categories":[1],"tags":[1429,78,1431,7],"class_list":["post-37183","post","type-post","status-publish","format-standard","hentry","category-notas","tag-deputada-claudia-de-jesus","tag-lula","tag-recursos","tag-rondonia"],"jetpack_publicize_connections":[],"jetpack_sharing_enabled":true,"jetpack_featured_media_url":"","jetpack_shortlink":"https:\/\/wp.me\/p7wKYW-9FJ","jetpack-related-posts":[],"_links":{"self":[{"href":"http:\/\/blogdalucianaoliveira.com.br\/blog\/wp-json\/wp\/v2\/posts\/37183","targetHints":{"allow":["GET"]}}],"collection":[{"href":"http:\/\/blogdalucianaoliveira.com.br\/blog\/wp-json\/wp\/v2\/posts"}],"about":[{"href":"http:\/\/blogdalucianaoliveira.com.br\/blog\/wp-json\/wp\/v2\/types\/post"}],"author":[{"embeddable":true,"href":"http:\/\/blogdalucianaoliveira.com.br\/blog\/wp-json\/wp\/v2\/users\/1"}],"replies":[{"embeddable":true,"href":"http:\/\/blogdalucianaoliveira.com.br\/blog\/wp-json\/wp\/v2\/comments?post=37183"}],"version-history":[{"count":1,"href":"http:\/\/blogdalucianaoliveira.com.br\/blog\/wp-json\/wp\/v2\/posts\/37183\/revisions"}],"predecessor-version":[{"id":37185,"href":"http:\/\/blogdalucianaoliveira.com.br\/blog\/wp-json\/wp\/v2\/posts\/37183\/revisions\/37185"}],"wp:attachment":[{"href":"http:\/\/blogdalucianaoliveira.com.br\/blog\/wp-json\/wp\/v2\/media?parent=37183"}],"wp:term":[{"taxonomy":"category","embeddable":true,"href":"http:\/\/blogdalucianaoliveira.com.br\/blog\/wp-json\/wp\/v2\/categories?post=37183"},{"taxonomy":"post_tag","embeddable":true,"href":"http:\/\/blogdalucianaoliveira.com.br\/blog\/wp-json\/wp\/v2\/tags?post=37183"}],"curies":[{"name":"wp","href":"https:\/\/api.w.org\/{rel}","templated":true}]}}