{"id":37186,"date":"2025-08-05T11:11:10","date_gmt":"2025-08-05T15:11:10","guid":{"rendered":"https:\/\/blogdalucianaoliveira.com.br\/blog\/?p=37186"},"modified":"2025-08-05T11:11:37","modified_gmt":"2025-08-05T15:11:37","slug":"preso-com-barras-de-ouro-em-hilux-e-empresario-em-rondonia-e-ficou-calado-em-depoimento-a-pf","status":"publish","type":"post","link":"http:\/\/blogdalucianaoliveira.com.br\/blog\/2025\/08\/05\/preso-com-barras-de-ouro-em-hilux-e-empresario-em-rondonia-e-ficou-calado-em-depoimento-a-pf\/","title":{"rendered":"Preso com barras de ouro em Hilux \u00e9 empres\u00e1rio em Rond\u00f4nia e ficou calado em depoimento \u00e0 PF"},"content":{"rendered":"<p><img data-recalc-dims=\"1\" loading=\"lazy\" decoding=\"async\" data-attachment-id=\"37188\" data-permalink=\"http:\/\/blogdalucianaoliveira.com.br\/blog\/2025\/08\/05\/preso-com-barras-de-ouro-em-hilux-e-empresario-em-rondonia-e-ficou-calado-em-depoimento-a-pf\/img_5455-2\/\" data-orig-file=\"https:\/\/i0.wp.com\/blogdalucianaoliveira.com.br\/blog\/wp-content\/uploads\/2025\/08\/IMG_5455.jpeg?fit=600%2C450\" data-orig-size=\"600,450\" data-comments-opened=\"0\" data-image-meta=\"{&quot;aperture&quot;:&quot;0&quot;,&quot;credit&quot;:&quot;&quot;,&quot;camera&quot;:&quot;&quot;,&quot;caption&quot;:&quot;&quot;,&quot;created_timestamp&quot;:&quot;0&quot;,&quot;copyright&quot;:&quot;&quot;,&quot;focal_length&quot;:&quot;0&quot;,&quot;iso&quot;:&quot;0&quot;,&quot;shutter_speed&quot;:&quot;0&quot;,&quot;title&quot;:&quot;&quot;,&quot;orientation&quot;:&quot;1&quot;}\" data-image-title=\"IMG_5455\" data-image-description=\"\" data-image-caption=\"\" data-medium-file=\"https:\/\/i0.wp.com\/blogdalucianaoliveira.com.br\/blog\/wp-content\/uploads\/2025\/08\/IMG_5455.jpeg?fit=300%2C225\" data-large-file=\"https:\/\/i0.wp.com\/blogdalucianaoliveira.com.br\/blog\/wp-content\/uploads\/2025\/08\/IMG_5455.jpeg?fit=600%2C450\" class=\"alignnone size-medium wp-image-37188\" src=\"https:\/\/i0.wp.com\/blogdalucianaoliveira.com.br\/blog\/wp-content\/uploads\/2025\/08\/IMG_5455.jpeg?resize=300%2C225\" alt=\"\" width=\"300\" height=\"225\" srcset=\"https:\/\/i0.wp.com\/blogdalucianaoliveira.com.br\/blog\/wp-content\/uploads\/2025\/08\/IMG_5455.jpeg?resize=300%2C225 300w, https:\/\/i0.wp.com\/blogdalucianaoliveira.com.br\/blog\/wp-content\/uploads\/2025\/08\/IMG_5455.jpeg?resize=400%2C300 400w, https:\/\/i0.wp.com\/blogdalucianaoliveira.com.br\/blog\/wp-content\/uploads\/2025\/08\/IMG_5455.jpeg?w=600 600w\" sizes=\"auto, (max-width: 300px) 100vw, 300px\" \/><\/p>\n<div id=\"chunk-d7tpl\">\n<p>G1 &#8211; Os <a class=\"\" href=\"https:\/\/g1.globo.com\/rr\/roraima\/noticia\/2025\/08\/04\/prf-apreende-104-kg-de-ouro-avaliado-em-mais-de-r-60-milhoes-em-roraima.ghtml\">104 kg de ouro <\/a>apreendidos em a\u00e7\u00e3o hist\u00f3rica da Pol\u00edcia Rodovi\u00e1ria Federal em <a class=\"\" href=\"https:\/\/g1.globo.com\/rr\/roraima\/cidade\/boa-vista\/\">Boa Vista<\/a> estavam com o empres\u00e1rio <strong>Bruno Mendes de Jesus<\/strong>, de 30 anos. Ele dirigia uma Hilux ano 2024 quando foi preso. O min\u00e9rio foi avaliado em <a class=\"\" href=\"https:\/\/g1.globo.com\/rr\/roraima\/noticia\/2025\/08\/04\/prf-apreende-104-kg-de-ouro-avaliado-em-mais-de-r-60-milhoes-em-roraima.ghtml\">R$ 61 milh\u00f5es<\/a> pela cota\u00e7\u00e3o atual do Banco Central.<\/p>\n<\/div>\n<p><!--more--><\/p>\n<div id=\"chunk-9c07\">\n<p>Levado \u00e0 Pol\u00edcia Federal, <strong>Bruno ficou calado<\/strong>. Natural de Rond\u00f4nia, ele tem uma empresa varejista de artigos de vestu\u00e1rio e acess\u00f3rios.<\/p>\n<\/div>\n<div id=\"chunk-ejisi\">\n<p>&nbsp;<\/p>\n<blockquote class=\"content-blockquote theme-border-color-primary-before\"><p>Quando foi abordado pela PRF, <a class=\"\" href=\"https:\/\/g1.globo.com\/rr\/roraima\/noticia\/2025\/08\/05\/video-mostra-momento-em-que-prf-tira-barras-de-ouro-escondidas-em-porta-objetos-de-carro-em-rr.ghtml\">disse ser fiscal de obras<\/a>e afirmou que havia sa\u00eddo de Manaus para verificar uma constru\u00e7\u00e3o, mas n\u00e3o soube informar o nome ou o endere\u00e7o da obra que seria fiscalizada. Ao chegar \u00e0 PF, n\u00e3o disse mais nada. Ele foi acompanhado por dois advogados desde o momento da abordagem at\u00e9 o procedimento na pol\u00edcia.<\/p><\/blockquote>\n<p><img data-recalc-dims=\"1\" loading=\"lazy\" decoding=\"async\" data-attachment-id=\"37187\" data-permalink=\"http:\/\/blogdalucianaoliveira.com.br\/blog\/2025\/08\/05\/preso-com-barras-de-ouro-em-hilux-e-empresario-em-rondonia-e-ficou-calado-em-depoimento-a-pf\/img_5454\/\" data-orig-file=\"https:\/\/i0.wp.com\/blogdalucianaoliveira.com.br\/blog\/wp-content\/uploads\/2025\/08\/IMG_5454.jpeg?fit=600%2C338\" data-orig-size=\"600,338\" data-comments-opened=\"0\" data-image-meta=\"{&quot;aperture&quot;:&quot;0&quot;,&quot;credit&quot;:&quot;&quot;,&quot;camera&quot;:&quot;&quot;,&quot;caption&quot;:&quot;&quot;,&quot;created_timestamp&quot;:&quot;0&quot;,&quot;copyright&quot;:&quot;&quot;,&quot;focal_length&quot;:&quot;0&quot;,&quot;iso&quot;:&quot;0&quot;,&quot;shutter_speed&quot;:&quot;0&quot;,&quot;title&quot;:&quot;&quot;,&quot;orientation&quot;:&quot;1&quot;}\" data-image-title=\"IMG_5454\" data-image-description=\"\" data-image-caption=\"\" data-medium-file=\"https:\/\/i0.wp.com\/blogdalucianaoliveira.com.br\/blog\/wp-content\/uploads\/2025\/08\/IMG_5454.jpeg?fit=300%2C169\" data-large-file=\"https:\/\/i0.wp.com\/blogdalucianaoliveira.com.br\/blog\/wp-content\/uploads\/2025\/08\/IMG_5454.jpeg?fit=600%2C338\" class=\"alignnone size-medium wp-image-37187\" src=\"https:\/\/i0.wp.com\/blogdalucianaoliveira.com.br\/blog\/wp-content\/uploads\/2025\/08\/IMG_5454.jpeg?resize=300%2C169\" alt=\"\" width=\"300\" height=\"169\" srcset=\"https:\/\/i0.wp.com\/blogdalucianaoliveira.com.br\/blog\/wp-content\/uploads\/2025\/08\/IMG_5454.jpeg?resize=300%2C169 300w, https:\/\/i0.wp.com\/blogdalucianaoliveira.com.br\/blog\/wp-content\/uploads\/2025\/08\/IMG_5454.jpeg?resize=533%2C300 533w, https:\/\/i0.wp.com\/blogdalucianaoliveira.com.br\/blog\/wp-content\/uploads\/2025\/08\/IMG_5454.jpeg?w=600 600w\" sizes=\"auto, (max-width: 300px) 100vw, 300px\" \/><\/p>\n<\/div>\n<div id=\"chunk-2f03v\">\n<p>O <a class=\"\" href=\"https:\/\/g1.globo.com\/rr\/roraima\/\">g1<\/a> solicitou posicionamento da defesa de Bruno, mas n\u00e3o recebeu resposta at\u00e9 a \u00faltima atualiza\u00e7\u00e3o.<\/p>\n<\/div>\n<div id=\"chunk-c0s3n\">\n<p>A apreens\u00e3o dos 103 Kg de ouro foi <a class=\"\" href=\"https:\/\/g1.globo.com\/rr\/roraima\/noticia\/2025\/08\/04\/prf-apreende-104-kg-de-ouro-avaliado-em-mais-de-r-60-milhoes-em-roraima.ghtml\">a maior feita pela PRF em todo o pa\u00eds<\/a>. As barras de ouro estavam escondidas em fundo falso no painel e em outros compartimentos da caminhonete, como no <a class=\"\" href=\"https:\/\/g1.globo.com\/rr\/roraima\/noticia\/2025\/08\/05\/video-mostra-momento-em-que-prf-tira-barras-de-ouro-escondidas-em-porta-objetos-de-carro-em-rr.ghtml\">porta-objetos<\/a>.<\/p>\n<div id=\"chunk-f46g4\">\n<div class=\"content-intertitle\">\n<h2>Bruno estava com esposa e filho beb\u00ea<\/h2>\n<\/div>\n<p>&nbsp;<\/p>\n<\/div>\n<div id=\"chunk-1v6r4\">\n<p>Bruno dirigia a caminhonete quando foi <a class=\"\" href=\"https:\/\/g1.globo.com\/rr\/roraima\/noticia\/2025\/08\/04\/prf-apreende-104-kg-de-ouro-avaliado-em-mais-de-r-60-milhoes-em-roraima.ghtml\">parado pela PRF na altura da ponte dos Macuxis<\/a>, na BR-401, por volta de meio dia. No ve\u00edculo tamb\u00e9m estavam a esposa e o filho do motorista, de 9 meses.<\/p>\n<div id=\"chunk-ecvkd\">\n<p>Durante a abordagem, Bruno apresentou sinais de nervosismo com a entrevista dos agentes da PRF. Eles suspeitaram de inconsist\u00eancias na documenta\u00e7\u00e3o apresentada por ele e decidiram fazer uma busca mais detalhada. Foi ent\u00e3o que <strong>localizaram as barras de ouro escondidas &#8211; a maior parte estava no painel do carro<\/strong>.<\/p>\n<\/div>\n<div id=\"chunk-62btd\">\n<div class=\"globo-amp-ad-container\">\n<div class=\"globo-amp-ad\"><\/div>\n<\/div>\n<\/div>\n<div id=\"chunk-5044o\">\n<p>&#8220;Fizemos a abordagem e, ao verificar o interior do carro, percebemos sinais de que algumas partes haviam sido mexidas. Isso nos levou a aprofundar a inspe\u00e7\u00e3o. Esses ve\u00edculos geralmente fazem parte de rotas j\u00e1 mapeadas, mas a PRF est\u00e1 sempre patrulhando e utilizando t\u00e9cnicas policiais para identificar comportamentos suspeitos. Foi o caso dessa abordagem&#8221;, explicou o agente da PRF, Rodrigo Magno.<\/p>\n<\/div>\n<div id=\"chunk-26n7m\">\n<p>A apreens\u00e3o dessa quantidade de ouro foi a maior feita pela PRF no estado. A segunda foi de <a class=\"\" href=\"https:\/\/g1.globo.com\/rr\/roraima\/noticia\/2024\/11\/28\/prf-prende-21-kg-de-ouro-ilegal-em-barras-avaliado-em-r-10-milhoes-com-dupla-em-rodovia-de-roraima.ghtml\">21 kg de ouro ilegal <\/a>em barras, em junho de 2024. \u00c0 \u00e9poca, duas pessoas foram presas. Elas estavam com 33 barras.<\/p>\n<\/div>\n<div id=\"chunk-3icof\">\n<p>&nbsp;<\/p>\n<blockquote class=\"content-blockquote theme-border-color-primary-before\"><p>&#8220;A gente sabe que em Roraima \u00e9 a maior apreens\u00e3o. Apesar de ter v\u00e1rias ocorr\u00eancias com ouro em garimpo, essa \u00e9 a maior apreens\u00e3o de ouro at\u00e9 agora&#8221;, informou Rodolfo Magno.<\/p><\/blockquote>\n<p>&nbsp;<\/p>\n<\/div>\n<div id=\"chunk-d8psg\">\n<p>O min\u00e9rio apreendido foi encaminhado \u00e0 sede da Pol\u00edcia Federal para investiga\u00e7\u00e3o. Ainda n\u00e3o se sabe a origem nem o destino do ouro. A caminhonete, uma Hilux ano 2024, n\u00e3o estava registrada em nome do motorista preso. A PRF n\u00e3o divulgou a quem pertence o ve\u00edculo.<\/p>\n<\/div>\n<\/div>\n<\/div>\n","protected":false},"excerpt":{"rendered":"<p>G1 &#8211; Os 104 kg de ouro apreendidos em a\u00e7\u00e3o hist\u00f3rica da Pol\u00edcia Rodovi\u00e1ria Federal em Boa Vista estavam com o empres\u00e1rio Bruno Mendes de Jesus, de 30 anos. Ele dirigia uma Hilux ano 2024 quando foi preso. O min\u00e9rio foi avaliado em R$ 61 milh\u00f5es pela cota\u00e7\u00e3o atual do Banco Central.<\/p>\n","protected":false},"author":1,"featured_media":0,"comment_status":"closed","ping_status":"open","sticky":false,"template":"","format":"standard","meta":{"_exactmetrics_skip_tracking":false,"_exactmetrics_sitenote_active":false,"_exactmetrics_sitenote_note":"","_exactmetrics_sitenote_category":0,"jetpack_post_was_ever_published":false,"_jetpack_newsletter_access":"","_jetpack_dont_email_post_to_subs":false,"_jetpack_newsletter_tier_id":0,"_jetpack_memberships_contains_paywalled_content":false,"_jetpack_memberships_contains_paid_content":false,"footnotes":"","jetpack_publicize_message":"","jetpack_publicize_feature_enabled":true,"jetpack_social_post_already_shared":true,"jetpack_social_options":{"image_generator_settings":{"template":"highway","enabled":false},"version":2}},"categories":[1],"tags":[1432,1433,563,7],"class_list":["post-37186","post","type-post","status-publish","format-standard","hentry","category-notas","tag-apreensao","tag-empresario","tag-ouro","tag-rondonia"],"jetpack_publicize_connections":[],"jetpack_sharing_enabled":true,"jetpack_featured_media_url":"","jetpack_shortlink":"https:\/\/wp.me\/p7wKYW-9FM","jetpack-related-posts":[],"_links":{"self":[{"href":"http:\/\/blogdalucianaoliveira.com.br\/blog\/wp-json\/wp\/v2\/posts\/37186","targetHints":{"allow":["GET"]}}],"collection":[{"href":"http:\/\/blogdalucianaoliveira.com.br\/blog\/wp-json\/wp\/v2\/posts"}],"about":[{"href":"http:\/\/blogdalucianaoliveira.com.br\/blog\/wp-json\/wp\/v2\/types\/post"}],"author":[{"embeddable":true,"href":"http:\/\/blogdalucianaoliveira.com.br\/blog\/wp-json\/wp\/v2\/users\/1"}],"replies":[{"embeddable":true,"href":"http:\/\/blogdalucianaoliveira.com.br\/blog\/wp-json\/wp\/v2\/comments?post=37186"}],"version-history":[{"count":2,"href":"http:\/\/blogdalucianaoliveira.com.br\/blog\/wp-json\/wp\/v2\/posts\/37186\/revisions"}],"predecessor-version":[{"id":37190,"href":"http:\/\/blogdalucianaoliveira.com.br\/blog\/wp-json\/wp\/v2\/posts\/37186\/revisions\/37190"}],"wp:attachment":[{"href":"http:\/\/blogdalucianaoliveira.com.br\/blog\/wp-json\/wp\/v2\/media?parent=37186"}],"wp:term":[{"taxonomy":"category","embeddable":true,"href":"http:\/\/blogdalucianaoliveira.com.br\/blog\/wp-json\/wp\/v2\/categories?post=37186"},{"taxonomy":"post_tag","embeddable":true,"href":"http:\/\/blogdalucianaoliveira.com.br\/blog\/wp-json\/wp\/v2\/tags?post=37186"}],"curies":[{"name":"wp","href":"https:\/\/api.w.org\/{rel}","templated":true}]}}