{"id":37191,"date":"2025-08-05T14:12:13","date_gmt":"2025-08-05T18:12:13","guid":{"rendered":"https:\/\/blogdalucianaoliveira.com.br\/blog\/?p=37191"},"modified":"2025-08-05T14:12:52","modified_gmt":"2025-08-05T18:12:52","slug":"previsao-aponta-mais-de-54-mil-hectares-sob-risco-de-desmatamento-em-rondonia-entre-2025-e-2026","status":"publish","type":"post","link":"http:\/\/blogdalucianaoliveira.com.br\/blog\/2025\/08\/05\/previsao-aponta-mais-de-54-mil-hectares-sob-risco-de-desmatamento-em-rondonia-entre-2025-e-2026\/","title":{"rendered":"Previs\u00e3o aponta mais de 54 mil hectares sob risco de desmatamento em Rond\u00f4nia entre 2025 e 2026"},"content":{"rendered":"<p style=\"text-align: left;\"><img data-recalc-dims=\"1\" loading=\"lazy\" decoding=\"async\" data-attachment-id=\"37192\" data-permalink=\"http:\/\/blogdalucianaoliveira.com.br\/blog\/2025\/08\/05\/previsao-aponta-mais-de-54-mil-hectares-sob-risco-de-desmatamento-em-rondonia-entre-2025-e-2026\/img_5459-2\/\" data-orig-file=\"https:\/\/i0.wp.com\/blogdalucianaoliveira.com.br\/blog\/wp-content\/uploads\/2025\/08\/IMG_5459.jpeg?fit=568%2C320\" data-orig-size=\"568,320\" data-comments-opened=\"0\" data-image-meta=\"{&quot;aperture&quot;:&quot;0&quot;,&quot;credit&quot;:&quot;&quot;,&quot;camera&quot;:&quot;&quot;,&quot;caption&quot;:&quot;&quot;,&quot;created_timestamp&quot;:&quot;0&quot;,&quot;copyright&quot;:&quot;&quot;,&quot;focal_length&quot;:&quot;0&quot;,&quot;iso&quot;:&quot;0&quot;,&quot;shutter_speed&quot;:&quot;0&quot;,&quot;title&quot;:&quot;&quot;,&quot;orientation&quot;:&quot;1&quot;}\" data-image-title=\"IMG_5459\" data-image-description=\"\" data-image-caption=\"\" data-medium-file=\"https:\/\/i0.wp.com\/blogdalucianaoliveira.com.br\/blog\/wp-content\/uploads\/2025\/08\/IMG_5459.jpeg?fit=300%2C169\" data-large-file=\"https:\/\/i0.wp.com\/blogdalucianaoliveira.com.br\/blog\/wp-content\/uploads\/2025\/08\/IMG_5459.jpeg?fit=568%2C320\" class=\"alignnone size-medium wp-image-37192\" src=\"https:\/\/i0.wp.com\/blogdalucianaoliveira.com.br\/blog\/wp-content\/uploads\/2025\/08\/IMG_5459.jpeg?resize=300%2C169\" alt=\"\" width=\"300\" height=\"169\" srcset=\"https:\/\/i0.wp.com\/blogdalucianaoliveira.com.br\/blog\/wp-content\/uploads\/2025\/08\/IMG_5459.jpeg?resize=300%2C169 300w, https:\/\/i0.wp.com\/blogdalucianaoliveira.com.br\/blog\/wp-content\/uploads\/2025\/08\/IMG_5459.jpeg?resize=533%2C300 533w, https:\/\/i0.wp.com\/blogdalucianaoliveira.com.br\/blog\/wp-content\/uploads\/2025\/08\/IMG_5459.jpeg?w=568 568w\" sizes=\"auto, (max-width: 300px) 100vw, 300px\" \/><\/p>\n<p><em>Boletim do Observat\u00f3rio Socioambiental de Rond\u00f4nia revela press\u00e3o crescente sobre \u00e1reas protegidas e territ\u00f3rios tradicionais no estado.<\/em><br \/>\n<!--more--><\/p>\n<section class=\"VQDdIN\" data-hook=\"post-description\">\n<div class=\"moHCnT\">\n<div class=\"moHCnT\">\n<div class=\"fTEXDR\" data-rce-version=\"10.139.2\">\n<div class=\"kF1Yq\" dir=\"ltr\" data-id=\"content-viewer\">\n<div class=\"uoKII\">\n<div class=\"_4XU5A\">\n<div data-breakout=\"normal\">\n<p id=\"viewer-dol6718026\" class=\"pQuHl TfvTg z3yvg logrL\" dir=\"auto\"><span class=\"kJaSN\"><strong>Ecopor\u00e9, por Mayara Velasco &#8211;<\/strong> O mais recente <a class=\"OHs8- IyRpB\" href=\"https:\/\/observaro.org.br\/wp-content\/uploads\/2025\/07\/Boletim-VIII.pdf\" target=\"_blank\" rel=\"noopener\" data-hook=\"web-link\"><u>boletim<\/u><\/a>\u00a0do Observat\u00f3rio Socioambiental de Rond\u00f4nia, edi\u00e7\u00e3o Junho de 2025, traz um retrato preocupante sobre os riscos de desmatamento no estado para o pr\u00f3ximo ciclo do chamado \u201ccalend\u00e1rio do desmatamento\u201d, que compreende o per\u00edodo entre agosto de 2025 e julho de 2026. Utilizando dados gerados pela plataforma <a class=\"OHs8- IyRpB\" href=\"https:\/\/previsia.org.br\/\" target=\"_blank\" rel=\"noopener\" data-hook=\"web-link\"><u>PrevisIA<\/u><\/a>, desenvolvida pelo <a class=\"OHs8- IyRpB\" href=\"https:\/\/imazon.org.br\/\" target=\"_blank\" rel=\"noopener\" data-hook=\"web-link\"><u>Imazon<\/u><\/a>, o boletim apresenta uma previs\u00e3o de mais de 54 mil hectares sob risco de desmatamento em Rond\u00f4nia, colocando o estado como o quinto mais amea\u00e7ado da Amaz\u00f4nia Legal.<\/span><\/p>\n<\/div>\n<div data-breakout=\"normal\">\n<p id=\"viewer-rjti3423\" class=\"pQuHl TfvTg z3yvg logrL\" dir=\"auto\"><span class=\"kJaSN\">Do total previsto, mais de 2.300 hectares est\u00e3o classificados como de risco alto e muito alto, sinalizando \u00e1reas com probabilidade elevada de perda de cobertura florestal no intervalo do calend\u00e1rio do desmatamento. O modelo preditivo da plataforma, que tem m\u00e9dia de acerto de 73% nos \u00faltimos anos, combina estat\u00edstica espacial e intelig\u00eancia artificial para mapear regi\u00f5es vulner\u00e1veis com base em vetores de desmatamento, como abertura de estradas ilegais, proximidade de rios e \u00e1reas protegidas, relevo e indicadores socioecon\u00f4micos.<\/span><\/p>\n<div data-breakout=\"normal\">\n<h5 id=\"viewer-0v14s426\" class=\"Zu6RH _3z5wP z3yvg logrL\" dir=\"auto\"><span class=\"kdaK-\">Munic\u00edpios sob maior risco<\/span><\/h5>\n<\/div>\n<div data-breakout=\"normal\">\n<p id=\"viewer-7sl6h429\" class=\"pQuHl TfvTg z3yvg logrL\" dir=\"auto\"><span class=\"kJaSN\">Entre os munic\u00edpios da Amaz\u00f4nia legal, Porto velho se destaca negativamente. Com mais de 15.500 hectares sob risco, ocupa a 3\u00aa posi\u00e7\u00e3o entre todos os munic\u00edpios da regi\u00e3o. A situa\u00e7\u00e3o \u00e9 ainda mais alarmante: \u00e9 tamb\u00e9m o munic\u00edpio com a maior \u00e1rea classificada como risco alto de desmatamento em todo o bioma.<\/span><\/p>\n<\/div>\n<div data-hook=\"rcv-block11\">Outros cinco munic\u00edpios rondonienses figuram entre os 100 mais amea\u00e7ados da Amaz\u00f4nia Legal:<\/div>\n<div data-hook=\"rcv-block14\"><\/div>\n<div data-breakout=\"normal\">\n<ul class=\"qeDu4 z3yvg\">\n<li class=\"b27zF\" dir=\"auto\" aria-level=\"1\">\n<p id=\"viewer-t3nb1437\" class=\"pQuHl TfvTg z3yvg logrL\" dir=\"\"><span class=\"kJaSN\">Candeias do Jamari: 4.550 hectares (34\u00aa posi\u00e7\u00e3o),<\/span><\/p>\n<\/li>\n<li class=\"b27zF\" dir=\"auto\" aria-level=\"1\">\n<p id=\"viewer-9ijvw440\" class=\"pQuHl TfvTg z3yvg logrL\" dir=\"\"><span class=\"kJaSN\">Nova Mamor\u00e9: 3.121 hectares (59\u00aa),<\/span><\/p>\n<\/li>\n<li class=\"b27zF\" dir=\"auto\" aria-level=\"1\">\n<p id=\"viewer-imner443\" class=\"pQuHl TfvTg z3yvg logrL\" dir=\"\"><span class=\"kJaSN\">Machadinho do Oeste: 2.722 hectares (67\u00aa),<\/span><\/p>\n<\/li>\n<li class=\"b27zF\" dir=\"auto\" aria-level=\"1\">\n<p id=\"viewer-3gdpf446\" class=\"pQuHl TfvTg z3yvg logrL\" dir=\"\"><span class=\"kJaSN\">Cujubim: 2.681 hectares (68\u00aa),<\/span><\/p>\n<\/li>\n<li class=\"b27zF\" dir=\"auto\" aria-level=\"1\">\n<p id=\"viewer-mwjtp449\" class=\"pQuHl TfvTg z3yvg logrL\" dir=\"\"><span class=\"kJaSN\">Pimenta Bueno: 2.074 hectares (86\u00aa).<\/span><\/p>\n<\/li>\n<\/ul>\n<\/div>\n<div data-hook=\"rcv-block16\">A concentra\u00e7\u00e3o do risco nestes munic\u00edpios exige respostas imediatas dos \u00f3rg\u00e3os p\u00fablicos, especialmente no que tange \u00e0 fiscaliza\u00e7\u00e3o, regulariza\u00e7\u00e3o fundi\u00e1ria e controle de atividades ilegais.<\/div>\n<div data-breakout=\"normal\">\n<h5 id=\"viewer-1c61m455\" class=\"Zu6RH _3z5wP z3yvg logrL\" dir=\"auto\"><span class=\"kdaK-\">\u00c1reas protegidas em xeque: Terras Ind\u00edgenas, Unidades de Conserva\u00e7\u00e3o e Territ\u00f3rios Quilombolas sob press\u00e3o<\/span><\/h5>\n<\/div>\n<div data-breakout=\"normal\">\n<p id=\"viewer-g6fsd458\" class=\"pQuHl TfvTg z3yvg logrL\" dir=\"auto\"><span class=\"kJaSN\">O avan\u00e7o do desmatamento n\u00e3o se restringe apenas \u00e0s \u00e1reas n\u00e3o protegidas, o boletim dedica aten\u00e7\u00e3o especial \u00e0 situa\u00e7\u00e3o de territ\u00f3rios ind\u00edgenas, quilombolas e unidades de conserva\u00e7\u00e3o, que, apesar de sua fun\u00e7\u00e3o socioambiental, seguem sendo alvos recorrentes de press\u00f5es ilegais e neglig\u00eancia institucional.<\/span><\/p>\n<\/div>\n<div data-breakout=\"normal\">\n<h5 id=\"viewer-o9qf3461\" class=\"Zu6RH _3z5wP z3yvg logrL\" dir=\"auto\"><span class=\"kdaK-\">Terras Ind\u00edgenas<\/span><\/h5>\n<\/div>\n<div data-breakout=\"normal\">\n<p id=\"viewer-ydzzj464\" class=\"pQuHl TfvTg z3yvg logrL\" dir=\"auto\"><span class=\"kJaSN\">Dez terras ind\u00edgenas de Rond\u00f4nia aparecem entre as mais amea\u00e7adas da Amaz\u00f4nia Legal. Juntas, somam centenas de hectares sob risco de desmatamento. Os maiores focos s\u00e3o:<\/span><\/p>\n<\/div>\n<div data-hook=\"rcv-block25\"><\/div>\n<div data-breakout=\"fullWidth\">\n<div id=\"viewer-buthv512\" class=\"giltF\">\n<div class=\"vHsqy E4AE- pjU3c\">\n<div class=\"roZKV\">\n<table class=\"kjOAs\" data-hook=\"table-component\">\n<colgroup>\n<col \/>\n<col \/>\n<col \/>\n<col \/><\/colgroup>\n<tbody>\n<tr>\n<td class=\"c2Kx2\" data-hook=\"table-plugin-cell\">\n<div class=\"wJ8wK _4nC4N\">\n<p id=\"viewer-vx5qe515\" class=\"pQuHl TfvTg BrMQC logrL\" dir=\"auto\"><span class=\"kJaSN\"><strong>Terra Ind\u00edgena<\/strong><\/span><\/p>\n<\/div>\n<div class=\"_42Atg\"><\/div>\n<div class=\"Yco-E\"><\/div>\n<div class=\"h97xT\"><\/div>\n<div class=\"qaQGZ\"><\/div>\n<\/td>\n<td class=\"c2Kx2\" data-hook=\"table-plugin-cell\">\n<div class=\"wJ8wK _4nC4N\">\n<p id=\"viewer-2qus1518\" class=\"pQuHl TfvTg BrMQC logrL\" dir=\"auto\"><span class=\"kJaSN\"><strong>\u00c1rea sob risco (ha)<\/strong><\/span><\/p>\n<\/div>\n<div class=\"_42Atg\"><\/div>\n<div class=\"Yco-E\"><\/div>\n<div class=\"h97xT\"><\/div>\n<div class=\"qaQGZ\"><\/div>\n<\/td>\n<td class=\"c2Kx2\" data-hook=\"table-plugin-cell\">\n<div class=\"wJ8wK _4nC4N\">\n<p id=\"viewer-9s6rw521\" class=\"pQuHl TfvTg BrMQC logrL\" dir=\"auto\"><span class=\"kJaSN\"><strong>Densidade (ha\/km\u00b2)<\/strong><\/span><\/p>\n<\/div>\n<div class=\"_42Atg\"><\/div>\n<div class=\"Yco-E\"><\/div>\n<div class=\"h97xT\"><\/div>\n<div class=\"qaQGZ\"><\/div>\n<\/td>\n<td class=\"c2Kx2\" data-hook=\"table-plugin-cell\">\n<div class=\"wJ8wK _4nC4N\">\n<p id=\"viewer-uvdkw524\" class=\"pQuHl TfvTg BrMQC logrL\" dir=\"auto\"><span class=\"kJaSN\"><strong>Ranking<\/strong><\/span><\/p>\n<\/div>\n<div class=\"_42Atg\"><\/div>\n<div class=\"Yco-E\"><\/div>\n<div class=\"h97xT\"><\/div>\n<div class=\"qaQGZ\"><\/div>\n<\/td>\n<\/tr>\n<tr>\n<td class=\"c2Kx2\" data-hook=\"table-plugin-cell\">\n<div class=\"wJ8wK _4nC4N\">\n<p id=\"viewer-5i5rq528\" class=\"pQuHl TfvTg BrMQC logrL\" dir=\"auto\"><span class=\"kJaSN\">Karipuna<\/span><\/p>\n<\/div>\n<div class=\"_42Atg\"><\/div>\n<div class=\"Yco-E\"><\/div>\n<div class=\"h97xT\"><\/div>\n<div class=\"qaQGZ\"><\/div>\n<\/td>\n<td class=\"c2Kx2\" data-hook=\"table-plugin-cell\">\n<div class=\"wJ8wK _4nC4N\">\n<p id=\"viewer-52qy4531\" class=\"pQuHl TfvTg BrMQC logrL\" dir=\"auto\"><span class=\"kJaSN\">402<\/span><\/p>\n<\/div>\n<div class=\"_42Atg\"><\/div>\n<div class=\"Yco-E\"><\/div>\n<div class=\"h97xT\"><\/div>\n<div class=\"qaQGZ\"><\/div>\n<\/td>\n<td class=\"c2Kx2\" data-hook=\"table-plugin-cell\">\n<div class=\"wJ8wK _4nC4N\">\n<p id=\"viewer-8dq8d534\" class=\"pQuHl TfvTg BrMQC logrL\" dir=\"auto\"><span class=\"kJaSN\">0,263<\/span><\/p>\n<\/div>\n<div class=\"_42Atg\"><\/div>\n<div class=\"Yco-E\"><\/div>\n<div class=\"h97xT\"><\/div>\n<div class=\"qaQGZ\"><\/div>\n<\/td>\n<td class=\"c2Kx2\" data-hook=\"table-plugin-cell\">\n<div class=\"wJ8wK _4nC4N\">\n<p id=\"viewer-o5a9x537\" class=\"pQuHl TfvTg BrMQC logrL\" dir=\"auto\"><span class=\"kJaSN\">21\u00ba<\/span><\/p>\n<\/div>\n<div class=\"_42Atg\"><\/div>\n<div class=\"Yco-E\"><\/div>\n<div class=\"h97xT\"><\/div>\n<div class=\"qaQGZ\"><\/div>\n<\/td>\n<\/tr>\n<tr>\n<td class=\"c2Kx2\" data-hook=\"table-plugin-cell\">\n<div class=\"wJ8wK _4nC4N\">\n<p id=\"viewer-dox3y541\" class=\"pQuHl TfvTg BrMQC logrL\" dir=\"auto\"><span class=\"kJaSN\">Parque Aripuan\u00e3<\/span><\/p>\n<\/div>\n<div class=\"_42Atg\"><\/div>\n<div class=\"Yco-E\"><\/div>\n<div class=\"h97xT\"><\/div>\n<div class=\"qaQGZ\"><\/div>\n<\/td>\n<td class=\"c2Kx2\" data-hook=\"table-plugin-cell\">\n<div class=\"wJ8wK _4nC4N\">\n<p id=\"viewer-a8csg544\" class=\"pQuHl TfvTg BrMQC logrL\" dir=\"auto\"><span class=\"kJaSN\">400<\/span><\/p>\n<\/div>\n<div class=\"_42Atg\"><\/div>\n<div class=\"Yco-E\"><\/div>\n<div class=\"h97xT\"><\/div>\n<div class=\"qaQGZ\"><\/div>\n<\/td>\n<td class=\"c2Kx2\" data-hook=\"table-plugin-cell\">\n<div class=\"wJ8wK _4nC4N\">\n<p id=\"viewer-j0q6b547\" class=\"pQuHl TfvTg BrMQC logrL\" dir=\"auto\"><span class=\"kJaSN\">0,025<\/span><\/p>\n<\/div>\n<div class=\"_42Atg\"><\/div>\n<div class=\"Yco-E\"><\/div>\n<div class=\"h97xT\"><\/div>\n<div class=\"qaQGZ\"><\/div>\n<\/td>\n<td class=\"c2Kx2\" data-hook=\"table-plugin-cell\">\n<div class=\"wJ8wK _4nC4N\">\n<p id=\"viewer-9cife550\" class=\"pQuHl TfvTg BrMQC logrL\" dir=\"auto\"><span class=\"kJaSN\">22\u00ba<\/span><\/p>\n<\/div>\n<div class=\"_42Atg\"><\/div>\n<div class=\"Yco-E\"><\/div>\n<div class=\"h97xT\"><\/div>\n<div class=\"qaQGZ\"><\/div>\n<\/td>\n<\/tr>\n<tr>\n<td class=\"c2Kx2\" data-hook=\"table-plugin-cell\">\n<div class=\"wJ8wK _4nC4N\">\n<p id=\"viewer-5rphj554\" class=\"pQuHl TfvTg BrMQC logrL\" dir=\"auto\"><span class=\"kJaSN\">Sete de Setembro<\/span><\/p>\n<\/div>\n<div class=\"_42Atg\"><\/div>\n<div class=\"Yco-E\"><\/div>\n<div class=\"h97xT\"><\/div>\n<div class=\"qaQGZ\"><\/div>\n<\/td>\n<td class=\"c2Kx2\" data-hook=\"table-plugin-cell\">\n<div class=\"wJ8wK _4nC4N\">\n<p id=\"viewer-u7vor557\" class=\"pQuHl TfvTg BrMQC logrL\" dir=\"auto\"><span class=\"kJaSN\">395<\/span><\/p>\n<\/div>\n<div class=\"_42Atg\"><\/div>\n<div class=\"Yco-E\"><\/div>\n<div class=\"h97xT\"><\/div>\n<div class=\"qaQGZ\"><\/div>\n<\/td>\n<td class=\"c2Kx2\" data-hook=\"table-plugin-cell\">\n<div class=\"wJ8wK _4nC4N\">\n<p id=\"viewer-qfx1u560\" class=\"pQuHl TfvTg BrMQC logrL\" dir=\"auto\"><span class=\"kJaSN\">0,159<\/span><\/p>\n<\/div>\n<div class=\"_42Atg\"><\/div>\n<div class=\"Yco-E\"><\/div>\n<div class=\"h97xT\"><\/div>\n<div class=\"qaQGZ\"><\/div>\n<\/td>\n<td class=\"c2Kx2\" data-hook=\"table-plugin-cell\">\n<div class=\"wJ8wK _4nC4N\">\n<p id=\"viewer-wugs9563\" class=\"pQuHl TfvTg BrMQC logrL\" dir=\"auto\"><span class=\"kJaSN\">23\u00ba<\/span><\/p>\n<\/div>\n<div class=\"_42Atg\"><\/div>\n<div class=\"Yco-E\"><\/div>\n<div class=\"h97xT\"><\/div>\n<div class=\"qaQGZ\"><\/div>\n<\/td>\n<\/tr>\n<tr>\n<td class=\"c2Kx2\" data-hook=\"table-plugin-cell\">\n<div class=\"wJ8wK _4nC4N\">\n<p id=\"viewer-86pwz567\" class=\"pQuHl TfvTg BrMQC logrL\" dir=\"auto\"><span class=\"kJaSN\">Uru-Eu-Wau-Wau<\/span><\/p>\n<\/div>\n<div class=\"_42Atg\"><\/div>\n<div class=\"Yco-E\"><\/div>\n<div class=\"h97xT\"><\/div>\n<div class=\"qaQGZ\"><\/div>\n<\/td>\n<td class=\"c2Kx2\" data-hook=\"table-plugin-cell\">\n<div class=\"wJ8wK _4nC4N\">\n<p id=\"viewer-8hpug570\" class=\"pQuHl TfvTg BrMQC logrL\" dir=\"auto\"><span class=\"kJaSN\">390<\/span><\/p>\n<\/div>\n<div class=\"_42Atg\"><\/div>\n<div class=\"Yco-E\"><\/div>\n<div class=\"h97xT\"><\/div>\n<div class=\"qaQGZ\"><\/div>\n<\/td>\n<td class=\"c2Kx2\" data-hook=\"table-plugin-cell\">\n<div class=\"wJ8wK _4nC4N\">\n<p id=\"viewer-thjvq573\" class=\"pQuHl TfvTg BrMQC logrL\" dir=\"auto\"><span class=\"kJaSN\">0,021<\/span><\/p>\n<\/div>\n<div class=\"_42Atg\"><\/div>\n<div class=\"Yco-E\"><\/div>\n<div class=\"h97xT\"><\/div>\n<div class=\"qaQGZ\"><\/div>\n<\/td>\n<td class=\"c2Kx2\" data-hook=\"table-plugin-cell\">\n<div class=\"wJ8wK _4nC4N\">\n<p id=\"viewer-iwc75576\" class=\"pQuHl TfvTg BrMQC logrL\" dir=\"auto\"><span class=\"kJaSN\">25\u00ba<\/span><\/p>\n<\/div>\n<div class=\"_42Atg\"><\/div>\n<div class=\"Yco-E\"><\/div>\n<div class=\"h97xT\"><\/div>\n<div class=\"qaQGZ\"><\/div>\n<\/td>\n<\/tr>\n<tr>\n<td class=\"c2Kx2\" data-hook=\"table-plugin-cell\">\n<div class=\"wJ8wK _4nC4N\">\n<p id=\"viewer-m0p6w580\" class=\"pQuHl TfvTg BrMQC logrL\" dir=\"auto\"><span class=\"kJaSN\">Igarap\u00e9 Lage<\/span><\/p>\n<\/div>\n<div class=\"_42Atg\"><\/div>\n<div class=\"Yco-E\"><\/div>\n<div class=\"h97xT\"><\/div>\n<div class=\"qaQGZ\"><\/div>\n<\/td>\n<td class=\"c2Kx2\" data-hook=\"table-plugin-cell\">\n<div class=\"wJ8wK _4nC4N\">\n<p id=\"viewer-moo2c583\" class=\"pQuHl TfvTg BrMQC logrL\" dir=\"auto\"><span class=\"kJaSN\">232<\/span><\/p>\n<\/div>\n<div class=\"_42Atg\"><\/div>\n<div class=\"Yco-E\"><\/div>\n<div class=\"h97xT\"><\/div>\n<div class=\"qaQGZ\"><\/div>\n<\/td>\n<td class=\"c2Kx2\" data-hook=\"table-plugin-cell\">\n<div class=\"wJ8wK _4nC4N\">\n<p id=\"viewer-pp4nq586\" class=\"pQuHl TfvTg BrMQC logrL\" dir=\"auto\"><span class=\"kJaSN\">0,217<\/span><\/p>\n<\/div>\n<div class=\"_42Atg\"><\/div>\n<div class=\"Yco-E\"><\/div>\n<div class=\"h97xT\"><\/div>\n<div class=\"qaQGZ\"><\/div>\n<\/td>\n<td class=\"c2Kx2\" data-hook=\"table-plugin-cell\">\n<div class=\"wJ8wK _4nC4N\">\n<p id=\"viewer-49eoo589\" class=\"pQuHl TfvTg BrMQC logrL\" dir=\"auto\"><span class=\"kJaSN\">38\u00ba<\/span><\/p>\n<\/div>\n<div class=\"_42Atg\"><\/div>\n<div class=\"Yco-E\"><\/div>\n<div class=\"h97xT\"><\/div>\n<div class=\"qaQGZ\"><\/div>\n<\/td>\n<\/tr>\n<\/tbody>\n<\/table>\n<\/div>\n<\/div>\n<\/div>\n<\/div>\n<div data-hook=\"rcv-block26\"><\/div>\n<div data-breakout=\"normal\">\n<p id=\"viewer-pm5t9593\" class=\"pQuHl TfvTg z3yvg logrL\" dir=\"auto\"><span class=\"kJaSN\">As TIs Karipuna e Igarap\u00e9 Lage s\u00e3o as mais cr\u00edticas, n\u00e3o apenas pela extens\u00e3o do risco, mas pela alta densidade de desmatamento em rela\u00e7\u00e3o ao tamanho dos territ\u00f3rios. Ambos s\u00e3o constantemente invadidas por grileiros e alvos de loteamento ilegal, o que intensifica a vulnerabilidade de seus povos.<\/span><\/p>\n<\/div>\n<div data-breakout=\"normal\">\n<h5 id=\"viewer-nmwxl596\" class=\"Zu6RH _3z5wP z3yvg logrL\" dir=\"auto\"><span class=\"kdaK-\">Territ\u00f3rios Quilombolas<\/span><\/h5>\n<\/div>\n<div data-hook=\"rcv-block31\">Localizado em S\u00e3o Francisco do Guapor\u00e9, o Quilombo Pedras Negras aparece entre os 15 territ\u00f3rios quilombolas da Amaz\u00f4nia Legal com maior \u00e1rea sob risco de desmatamento, sendo\u00a0 34 hectares. Embora pare\u00e7a pequena, essa \u00e1rea tem grande impacto sobre o territ\u00f3rio tradicional, o que afeta\u00a0 diretamente a sa\u00fade da popula\u00e7\u00e3o local.<\/div>\n<div data-hook=\"rcv-block31\"><\/div>\n<div data-hook=\"rcv-block34\"><\/div>\n<div data-breakout=\"normal\">\n<div id=\"viewer-4prn07456\" class=\"giltF\">\n<div class=\"vHsqy vC0wI Nv24-\">\n<figure class=\"yntck\" data-hook=\"figure-IMAGE\">\n<div class=\"oMGcg\" data-hook=\"image-viewer\">\n<div id=\"4prn07456\" class=\"MYKWZ PMatv nU4OB\" data-hook=\"image-viewer-4prn07456\"><img data-recalc-dims=\"1\" decoding=\"async\" draggable=\"false\" src=\"https:\/\/i0.wp.com\/static.wixstatic.com\/media\/46e45b_bb363b59e2d944a099fd2774085ffd5e~mv2.jpg\/v1\/fill\/w_568%2Ch_320%2Cal_c%2Cq_80%2Cusm_0.66_1.00_0.01%2Cenc_avif%2Cquality_auto\/46e45b_bb363b59e2d944a099fd2774085ffd5e~mv2.jpg?w=600&#038;ssl=1\" alt=\"Fuma\u00e7a cobrindo Porto Velho. Foto: Acervo Observat\u00f3rio Socioambiental de Rond\u00f4nia.\" data-pin-url=\"https:\/\/www.ecopore.org.br\/post\/previs\u00e3o-aponta-mais-de-54-mil-hectares-sob-risco-de-desmatamento-em-rond\u00f4nia-entre-2025-e-2026\" data-pin-media=\"https:\/\/static.wixstatic.com\/media\/46e45b_bb363b59e2d944a099fd2774085ffd5e~mv2.jpg\/v1\/fill\/w_4032,h_2268,al_c,q_90\/46e45b_bb363b59e2d944a099fd2774085ffd5e~mv2.jpg\" data-load-done=\"\" \/><\/div>\n<\/div>\n<div class=\"lq8Ln\"><\/div>\n<div class=\"giltF\">\n<div class=\"giltF\">\n<div class=\"vHsqy pjU3c\">Fuma\u00e7a cobrindo Porto Velho. Foto: Acervo Observat\u00f3rio Socioambiental de Rond\u00f4nia.<\/div>\n<\/div>\n<\/div>\n<\/figure>\n<\/div>\n<\/div>\n<\/div>\n<div data-breakout=\"normal\">\n<p id=\"viewer-mw6cy7509\" class=\"pQuHl TfvTg z3yvg logrL\" dir=\"auto\"><span class=\"kJaSN\"><br \/>\nEm 2024, durante o per\u00edodo de queimadas, comunidades quilombolas da regi\u00e3o &#8211; que incluem\u00a0 Pedras Negras, Santa F\u00e9, Forte Pr\u00edncipe da Beira, entre outras &#8211; , registraram n\u00edveis de polui\u00e7\u00e3o do ar (PM2.5) at\u00e9 193% acima do limite estabelecido pela Organiza\u00e7\u00e3o Mundial da Sa\u00fade, o que agrava problemas respirat\u00f3rios e cardiovasculares e exp\u00f5e o racismo ambiental e a neglig\u00eancia hist\u00f3rica enfrentada por essas comunidades.<\/span><\/p>\n<\/div>\n<div data-hook=\"rcv-block37\">Unidades de Conserva\u00e7\u00e3o<\/div>\n<div data-hook=\"rcv-block39\"><\/div>\n<div data-breakout=\"normal\">\n<p id=\"viewer-mpew3608\" class=\"pQuHl TfvTg z3yvg logrL\" dir=\"auto\"><span class=\"kJaSN\">Mesmo unidades de prote\u00e7\u00e3o integral enfrentam amea\u00e7as. A Esta\u00e7\u00e3o Ecol\u00f3gica Soldado da Borracha lidera o ranking das UCs de Rond\u00f4nia com a maior \u00e1rea sob risco: 2.851 hectares. Ela \u00e9 alvo de revoga\u00e7\u00e3o legislativa estadual em 2024. Al\u00e9m dela,\u00a0 aparecem:\u00a0<\/span><\/p>\n<\/div>\n<div data-hook=\"rcv-block41\"><\/div>\n<div data-breakout=\"normal\">\n<ul class=\"qeDu4 z3yvg\">\n<li class=\"b27zF\" dir=\"auto\" aria-level=\"1\">\n<p id=\"viewer-59eex613\" class=\"pQuHl TfvTg z3yvg logrL\" dir=\"\"><span class=\"kJaSN\">Resex Jaci-Paran\u00e1 (1.567 ha),<\/span><\/p>\n<\/li>\n<li class=\"b27zF\" dir=\"auto\" aria-level=\"1\">\n<p id=\"viewer-7qjax616\" class=\"pQuHl TfvTg z3yvg logrL\" dir=\"\"><span class=\"kJaSN\">Parque Estadual de Guajar\u00e1-Mirim (1.107 ha),<\/span><\/p>\n<\/li>\n<li class=\"b27zF\" dir=\"auto\" aria-level=\"1\">\n<p id=\"viewer-i59q8619\" class=\"pQuHl TfvTg z3yvg logrL\" dir=\"\"><span class=\"kJaSN\">Resex Rio Preto -Jacund\u00e1 (708 ha),<\/span><\/p>\n<\/li>\n<li class=\"b27zF\" dir=\"auto\" aria-level=\"1\">\n<p id=\"viewer-l6diw622\" class=\"pQuHl TfvTg z3yvg logrL\" dir=\"\"><span class=\"kJaSN\">Parque Nacional Mapinguari (631 ha),<\/span><\/p>\n<\/li>\n<li class=\"b27zF\" dir=\"auto\" aria-level=\"1\">\n<p id=\"viewer-7e5e7625\" class=\"pQuHl TfvTg z3yvg logrL\" dir=\"\"><span class=\"kJaSN\">APA do Rio Pardo, ESEC Umirizal, ESEC Samuel, FLONA do Bom Futuro, entre outras.<\/span><\/p>\n<\/li>\n<\/ul>\n<\/div>\n<div data-breakout=\"normal\">\n<p id=\"viewer-tfvfu628\" class=\"pQuHl TfvTg z3yvg logrL\" dir=\"auto\"><span class=\"kJaSN\">A fragilidade institucional das unidades de conserva\u00e7\u00e3o, seja por desmonte pol\u00edtico ou aus\u00eancia de pessoal para a gest\u00e3o somada ao est\u00edmulo hist\u00f3rico de cometimento de crimes ambientais, como grilagem, permitem que o desmatamento avance mesmo em \u00e1reas legalmente protegidas,\u00a0 isso compromete os esfor\u00e7os de conserva\u00e7\u00e3o e os direitos das popula\u00e7\u00f5es tradicionais que as habitam.<\/span><\/p>\n<p class=\"pQuHl TfvTg z3yvg logrL\" dir=\"auto\"><span class=\"kJaSN\"><br \/>\n<\/span>Medidas urgentes recomendadas<\/p>\n<\/div>\n<div data-hook=\"rcv-block47\">Diante de um cen\u00e1rio de risco real, identificado com precis\u00e3o e abrang\u00eancia territorial, o boletim faz um chamado \u00e0 a\u00e7\u00e3o. Entre as medidas urgentes apontadas est\u00e3o:<\/div>\n<div data-breakout=\"normal\">\n<ul class=\"qeDu4 z3yvg\">\n<li class=\"b27zF\" dir=\"auto\" aria-level=\"1\">\n<p id=\"viewer-9iqqs639\" class=\"pQuHl TfvTg z3yvg logrL\" dir=\"\"><span class=\"kJaSN\">Fortalecimento da fiscaliza\u00e7\u00e3o ambiental com bases operacionais fixas;<\/span><\/p>\n<\/li>\n<li class=\"b27zF\" dir=\"auto\" aria-level=\"1\">\n<p id=\"viewer-zclrm642\" class=\"pQuHl TfvTg z3yvg logrL\" dir=\"\"><span class=\"kJaSN\">Mobiliza\u00e7\u00e3o e forma\u00e7\u00e3o de brigadas de combate a inc\u00eandios (comunit\u00e1rias e institucionais);<\/span><\/p>\n<\/li>\n<li class=\"b27zF\" dir=\"auto\" aria-level=\"1\">\n<p id=\"viewer-5zi6h645\" class=\"pQuHl TfvTg z3yvg logrL\" dir=\"\"><span class=\"kJaSN\">Desintrus\u00e3o de \u00e1reas protegidas ocupadas ilegalmente;<\/span><\/p>\n<\/li>\n<li class=\"b27zF\" dir=\"auto\" aria-level=\"1\">\n<p id=\"viewer-9d5pt648\" class=\"pQuHl TfvTg z3yvg logrL\" dir=\"\"><span class=\"kJaSN\">Garantia da demarca\u00e7\u00e3o e prote\u00e7\u00e3o de territ\u00f3rios ind\u00edgenas e quilombolas;<\/span><\/p>\n<\/li>\n<li class=\"b27zF\" dir=\"auto\" aria-level=\"1\">\n<p id=\"viewer-3227t651\" class=\"pQuHl TfvTg z3yvg logrL\" dir=\"\"><span class=\"kJaSN\">Reestrutura\u00e7\u00e3o da pol\u00edtica ambiental estadual, com foco na preven\u00e7\u00e3o, prote\u00e7\u00e3o e responsabiliza\u00e7\u00e3o.<\/span><\/p>\n<\/li>\n<\/ul>\n<\/div>\n<div data-hook=\"rcv-block50\">Al\u00e9m disso, o uso dos dados de previs\u00e3o devem orientar a\u00e7\u00f5es coordenadas entre Minist\u00e9rio P\u00fablico, \u00f3rg\u00e3os ambientais estaduais e municipais, lideran\u00e7as locais e sociedade civil organizada, com foco na redu\u00e7\u00e3o de impactos antes que eles se concretizem.<\/div>\n<div data-breakout=\"normal\">\n<h5 id=\"viewer-oi6jt657\" class=\"Zu6RH _3z5wP z3yvg logrL\" dir=\"auto\"><span class=\"kdaK-\">Ecopor\u00e9: compromisso com os territ\u00f3rios, as pessoas e com a floresta em p\u00e9<\/span><\/h5>\n<\/div>\n<div data-breakout=\"normal\">\n<p id=\"viewer-afz30660\" class=\"pQuHl TfvTg z3yvg logrL\" dir=\"auto\"><span class=\"kJaSN\">A Ecopor\u00e9 compreende que os dados apresentados neste boletim n\u00e3o s\u00e3o apenas estat\u00edsticas, mas alertas concretos sobre amea\u00e7as vividas cotidianamente por povos ind\u00edgenas, agricultores familiares, quilombolas, extrativistas e outros povos e comunidades tradicionais. As \u00e1reas mais vulner\u00e1veis ao desmatamento s\u00e3o, em grande parte, aquelas habitadas por comunidades que desempenham um papel essencial na conserva\u00e7\u00e3o da floresta e que, paradoxalmente, s\u00e3o tamb\u00e9m as que menos contam com o apoio do Estado para garantir seus direitos. A Ecopor\u00e9 atua h\u00e1 mais de tr\u00eas d\u00e9cadas na promo\u00e7\u00e3o da justi\u00e7a socioambiental na Amaz\u00f4nia.<\/span><\/p>\n<\/div>\n<div data-hook=\"rcv-block57\"><\/div>\n<div data-breakout=\"normal\">\n<div id=\"viewer-d0eui18127\" class=\"giltF\">\n<div class=\"vHsqy M9Otd xf3Lh\">\n<figure class=\"yntck\" data-hook=\"figure-IMAGE\">\n<div class=\"oMGcg\" data-hook=\"image-viewer\">\n<div id=\"d0eui18127\" class=\"MYKWZ PMatv nU4OB\" data-hook=\"image-viewer-d0eui18127\"><img data-recalc-dims=\"1\" loading=\"lazy\" decoding=\"async\" data-attachment-id=\"37193\" data-permalink=\"http:\/\/blogdalucianaoliveira.com.br\/blog\/2025\/08\/05\/previsao-aponta-mais-de-54-mil-hectares-sob-risco-de-desmatamento-em-rondonia-entre-2025-e-2026\/img_5460\/\" data-orig-file=\"https:\/\/i0.wp.com\/blogdalucianaoliveira.com.br\/blog\/wp-content\/uploads\/2025\/08\/IMG_5460.jpeg?fit=568%2C378\" data-orig-size=\"568,378\" data-comments-opened=\"0\" data-image-meta=\"{&quot;aperture&quot;:&quot;0&quot;,&quot;credit&quot;:&quot;&quot;,&quot;camera&quot;:&quot;&quot;,&quot;caption&quot;:&quot;&quot;,&quot;created_timestamp&quot;:&quot;0&quot;,&quot;copyright&quot;:&quot;&quot;,&quot;focal_length&quot;:&quot;0&quot;,&quot;iso&quot;:&quot;0&quot;,&quot;shutter_speed&quot;:&quot;0&quot;,&quot;title&quot;:&quot;&quot;,&quot;orientation&quot;:&quot;1&quot;}\" data-image-title=\"IMG_5460\" data-image-description=\"\" data-image-caption=\"\" data-medium-file=\"https:\/\/i0.wp.com\/blogdalucianaoliveira.com.br\/blog\/wp-content\/uploads\/2025\/08\/IMG_5460.jpeg?fit=300%2C200\" data-large-file=\"https:\/\/i0.wp.com\/blogdalucianaoliveira.com.br\/blog\/wp-content\/uploads\/2025\/08\/IMG_5460.jpeg?fit=568%2C378\" class=\"alignnone size-medium wp-image-37193\" src=\"https:\/\/i0.wp.com\/blogdalucianaoliveira.com.br\/blog\/wp-content\/uploads\/2025\/08\/IMG_5460.jpeg?resize=300%2C200\" alt=\"\" width=\"300\" height=\"200\" srcset=\"https:\/\/i0.wp.com\/blogdalucianaoliveira.com.br\/blog\/wp-content\/uploads\/2025\/08\/IMG_5460.jpeg?resize=300%2C200 300w, https:\/\/i0.wp.com\/blogdalucianaoliveira.com.br\/blog\/wp-content\/uploads\/2025\/08\/IMG_5460.jpeg?resize=451%2C300 451w, https:\/\/i0.wp.com\/blogdalucianaoliveira.com.br\/blog\/wp-content\/uploads\/2025\/08\/IMG_5460.jpeg?w=568 568w\" sizes=\"auto, (max-width: 300px) 100vw, 300px\" \/><\/div>\n<\/div><figcaption class=\"sw8Z1\">Ind\u00edgenas em caminhada durante coleta de sementes. Foto: Acervo Ecopor\u00e9.<\/figcaption><div id=\"viewer-d6uen18199\" class=\"giltF\">\n<div class=\"vHsqy pjU3c\"><\/div>\n<\/div>\n<\/figure>\n<\/div>\n<\/div>\n<\/div>\n<div data-hook=\"rcv-block58\">\u00c9 fundamental que as previs\u00f5es apresentadas sejam utilizadas como base para a\u00e7\u00f5es integradas e estrat\u00e9gicas de prote\u00e7\u00e3o e fortalecimento territorial. E, articule poder p\u00fablico, organiza\u00e7\u00f5es da sociedade civil, academia e os pr\u00f3prios povos dos territ\u00f3rios. Para a Ecopor\u00e9, este fortalecimento passa pelo investimento cont\u00ednuo na forma\u00e7\u00e3o de lideran\u00e7as locais, apoio \u00e0 autodemarca\u00e7\u00e3o e gest\u00e3o de territ\u00f3rios, fortalecimento da produ\u00e7\u00e3o sustent\u00e1vel, e implementa\u00e7\u00e3o de pol\u00edticas de adapta\u00e7\u00e3o clim\u00e1tica e restaura\u00e7\u00e3o ecol\u00f3gica.<\/div>\n<div data-hook=\"rcv-block59\"><\/div>\n<div data-breakout=\"normal\">\n<div id=\"viewer-pkt2v665\" class=\"pQuHl TfvTg z3yvg logrL\" dir=\"auto\">A revers\u00e3o do cen\u00e1rio projetado pelo PrevisIA exige n\u00e3o apenas fiscaliza\u00e7\u00e3o, mas sobretudo compromisso pol\u00edtico com os direitos territoriais e com os modos de vida que sustentam a floresta em p\u00e9. \u00c9 com base nessa perspectiva que a Ecopor\u00e9 segue atuando e convocando a sociedade a se somar \u00e0 constru\u00e7\u00e3o de uma Amaz\u00f4nia viva, justa e protegida para as pr\u00f3ximas gera\u00e7\u00f5es.<\/div>\n<\/div>\n<div data-hook=\"rcv-block61\"><\/div>\n<div data-hook=\"rcv-block62\"><\/div>\n<div data-breakout=\"normal\">\n<div id=\"viewer-3telh29570\" class=\"giltF\">\n<div class=\"vHsqy M9Otd xf3Lh\">\n<figure class=\"yntck\" data-hook=\"figure-IMAGE\">\n<div class=\"oMGcg\" data-hook=\"image-viewer\">\n<div id=\"3telh29570\" class=\"MYKWZ PMatv nU4OB\" data-hook=\"image-viewer-3telh29570\"><img data-recalc-dims=\"1\" decoding=\"async\" draggable=\"false\" src=\"https:\/\/i0.wp.com\/static.wixstatic.com\/media\/46e45b_24445278135d4bc4b8e4be4e0c4ca59b~mv2.jpg\/v1\/fill\/w_568%2Ch_378%2Cal_c%2Cq_80%2Cusm_0.66_1.00_0.01%2Cenc_avif%2Cquality_auto\/46e45b_24445278135d4bc4b8e4be4e0c4ca59b~mv2.jpg?w=600&#038;ssl=1\" alt=\"Imagem a\u00e9rea da TI Karitiana. Foto: Conserva\u00e7\u00e3o Internacional\/Fl\u00e1vio Forner.\" data-pin-url=\"https:\/\/www.ecopore.org.br\/post\/previs\u00e3o-aponta-mais-de-54-mil-hectares-sob-risco-de-desmatamento-em-rond\u00f4nia-entre-2025-e-2026\" data-pin-media=\"https:\/\/static.wixstatic.com\/media\/46e45b_24445278135d4bc4b8e4be4e0c4ca59b~mv2.jpg\/v1\/fill\/w_6000,h_4000,al_c,q_90\/46e45b_24445278135d4bc4b8e4be4e0c4ca59b~mv2.jpg\" data-load-done=\"\" \/><\/div>\n<p>Imagem a\u00e9rea da TI Karitiana. Foto: Conserva\u00e7\u00e3o Internacional\/Fl\u00e1vio Forner.<\/p>\n<\/div>\n<div id=\"viewer-12gku29645\" class=\"giltF\">\n<div class=\"vHsqy pjU3c\"><\/div>\n<\/div>\n<\/figure>\n<\/div>\n<\/div>\n<\/div>\n<\/div>\n<\/div>\n<\/div>\n<\/div>\n<\/div>\n<\/div>\n<\/div>\n<\/section>\n","protected":false},"excerpt":{"rendered":"<p>Boletim do Observat\u00f3rio Socioambiental de Rond\u00f4nia revela press\u00e3o crescente sobre \u00e1reas protegidas e territ\u00f3rios tradicionais no estado.<\/p>\n","protected":false},"author":1,"featured_media":0,"comment_status":"closed","ping_status":"open","sticky":false,"template":"","format":"standard","meta":{"_exactmetrics_skip_tracking":false,"_exactmetrics_sitenote_active":false,"_exactmetrics_sitenote_note":"","_exactmetrics_sitenote_category":0,"jetpack_post_was_ever_published":false,"_jetpack_newsletter_access":"","_jetpack_dont_email_post_to_subs":false,"_jetpack_newsletter_tier_id":0,"_jetpack_memberships_contains_paywalled_content":false,"_jetpack_memberships_contains_paid_content":false,"footnotes":"","jetpack_publicize_message":"","jetpack_publicize_feature_enabled":true,"jetpack_social_post_already_shared":true,"jetpack_social_options":{"image_generator_settings":{"template":"highway","enabled":false},"version":2}},"categories":[1],"tags":[252,1270,1434,749],"class_list":["post-37191","post","type-post","status-publish","format-standard","hentry","category-notas","tag-amazonia","tag-ecopore","tag-populacoes-tradicionais","tag-povos-indigenas"],"jetpack_publicize_connections":[],"jetpack_sharing_enabled":true,"jetpack_featured_media_url":"","jetpack_shortlink":"https:\/\/wp.me\/p7wKYW-9FR","jetpack-related-posts":[],"_links":{"self":[{"href":"http:\/\/blogdalucianaoliveira.com.br\/blog\/wp-json\/wp\/v2\/posts\/37191","targetHints":{"allow":["GET"]}}],"collection":[{"href":"http:\/\/blogdalucianaoliveira.com.br\/blog\/wp-json\/wp\/v2\/posts"}],"about":[{"href":"http:\/\/blogdalucianaoliveira.com.br\/blog\/wp-json\/wp\/v2\/types\/post"}],"author":[{"embeddable":true,"href":"http:\/\/blogdalucianaoliveira.com.br\/blog\/wp-json\/wp\/v2\/users\/1"}],"replies":[{"embeddable":true,"href":"http:\/\/blogdalucianaoliveira.com.br\/blog\/wp-json\/wp\/v2\/comments?post=37191"}],"version-history":[{"count":3,"href":"http:\/\/blogdalucianaoliveira.com.br\/blog\/wp-json\/wp\/v2\/posts\/37191\/revisions"}],"predecessor-version":[{"id":37196,"href":"http:\/\/blogdalucianaoliveira.com.br\/blog\/wp-json\/wp\/v2\/posts\/37191\/revisions\/37196"}],"wp:attachment":[{"href":"http:\/\/blogdalucianaoliveira.com.br\/blog\/wp-json\/wp\/v2\/media?parent=37191"}],"wp:term":[{"taxonomy":"category","embeddable":true,"href":"http:\/\/blogdalucianaoliveira.com.br\/blog\/wp-json\/wp\/v2\/categories?post=37191"},{"taxonomy":"post_tag","embeddable":true,"href":"http:\/\/blogdalucianaoliveira.com.br\/blog\/wp-json\/wp\/v2\/tags?post=37191"}],"curies":[{"name":"wp","href":"https:\/\/api.w.org\/{rel}","templated":true}]}}