{"id":37197,"date":"2025-08-05T14:22:08","date_gmt":"2025-08-05T18:22:08","guid":{"rendered":"https:\/\/blogdalucianaoliveira.com.br\/blog\/?p=37197"},"modified":"2025-08-05T14:22:08","modified_gmt":"2025-08-05T18:22:08","slug":"deputada-claudia-de-jesus-se-reune-com-vereadores-e-liderancas-do-vale-do-anari-para-discutir-situacao-dos-laticinios","status":"publish","type":"post","link":"http:\/\/blogdalucianaoliveira.com.br\/blog\/2025\/08\/05\/deputada-claudia-de-jesus-se-reune-com-vereadores-e-liderancas-do-vale-do-anari-para-discutir-situacao-dos-laticinios\/","title":{"rendered":"Deputada Cl\u00e1udia de Jesus se re\u00fane com vereadores e lideran\u00e7as do Vale do Anari para discutir situa\u00e7\u00e3o dos latic\u00ednios"},"content":{"rendered":"<p>&nbsp;<\/p>\n<p><img data-recalc-dims=\"1\" loading=\"lazy\" decoding=\"async\" data-attachment-id=\"37198\" data-permalink=\"http:\/\/blogdalucianaoliveira.com.br\/blog\/2025\/08\/05\/deputada-claudia-de-jesus-se-reune-com-vereadores-e-liderancas-do-vale-do-anari-para-discutir-situacao-dos-laticinios\/img_5458\/\" data-orig-file=\"https:\/\/i0.wp.com\/blogdalucianaoliveira.com.br\/blog\/wp-content\/uploads\/2025\/08\/IMG_5458.jpeg?fit=1620%2C1080\" data-orig-size=\"1620,1080\" data-comments-opened=\"0\" data-image-meta=\"{&quot;aperture&quot;:&quot;4.5&quot;,&quot;credit&quot;:&quot;&quot;,&quot;camera&quot;:&quot;Canon EOS Rebel SL3&quot;,&quot;caption&quot;:&quot;&quot;,&quot;created_timestamp&quot;:&quot;1754399983&quot;,&quot;copyright&quot;:&quot;&quot;,&quot;focal_length&quot;:&quot;18&quot;,&quot;iso&quot;:&quot;1600&quot;,&quot;shutter_speed&quot;:&quot;0.016666666666667&quot;,&quot;title&quot;:&quot;&quot;,&quot;orientation&quot;:&quot;1&quot;}\" data-image-title=\"IMG_5458\" data-image-description=\"\" data-image-caption=\"\" data-medium-file=\"https:\/\/i0.wp.com\/blogdalucianaoliveira.com.br\/blog\/wp-content\/uploads\/2025\/08\/IMG_5458.jpeg?fit=300%2C200\" data-large-file=\"https:\/\/i0.wp.com\/blogdalucianaoliveira.com.br\/blog\/wp-content\/uploads\/2025\/08\/IMG_5458.jpeg?fit=600%2C400\" class=\"alignnone size-medium wp-image-37198\" src=\"https:\/\/i0.wp.com\/blogdalucianaoliveira.com.br\/blog\/wp-content\/uploads\/2025\/08\/IMG_5458.jpeg?resize=300%2C200\" alt=\"\" width=\"300\" height=\"200\" srcset=\"https:\/\/i0.wp.com\/blogdalucianaoliveira.com.br\/blog\/wp-content\/uploads\/2025\/08\/IMG_5458.jpeg?resize=300%2C200 300w, https:\/\/i0.wp.com\/blogdalucianaoliveira.com.br\/blog\/wp-content\/uploads\/2025\/08\/IMG_5458.jpeg?resize=1024%2C683 1024w, https:\/\/i0.wp.com\/blogdalucianaoliveira.com.br\/blog\/wp-content\/uploads\/2025\/08\/IMG_5458.jpeg?resize=768%2C512 768w, https:\/\/i0.wp.com\/blogdalucianaoliveira.com.br\/blog\/wp-content\/uploads\/2025\/08\/IMG_5458.jpeg?resize=1536%2C1024 1536w, https:\/\/i0.wp.com\/blogdalucianaoliveira.com.br\/blog\/wp-content\/uploads\/2025\/08\/IMG_5458.jpeg?resize=450%2C300 450w, https:\/\/i0.wp.com\/blogdalucianaoliveira.com.br\/blog\/wp-content\/uploads\/2025\/08\/IMG_5458.jpeg?w=1620 1620w, https:\/\/i0.wp.com\/blogdalucianaoliveira.com.br\/blog\/wp-content\/uploads\/2025\/08\/IMG_5458.jpeg?w=1200 1200w\" sizes=\"auto, (max-width: 300px) 100vw, 300px\" \/><\/p>\n<p>Presidente da Comiss\u00e3o de Agropecu\u00e1ria da ALE-RO, deputada ouve demandas de produtores e busca solu\u00e7\u00f5es para garantir a comercializa\u00e7\u00e3o do leite na regi\u00e3o<!--more--><\/p>\n<p>A deputada estadual Cl\u00e1udia de Jesus (PT), que preside a Comiss\u00e3o de Agropecu\u00e1ria e Pol\u00edtica Rural (CAPR) da Assembleia Legislativa de Rond\u00f4nia, se reuniu com vereadores e lideran\u00e7as do munic\u00edpio de Vale do Anari para tratar da situa\u00e7\u00e3o enfrentada pelos produtores de leite da regi\u00e3o.<\/p>\n<p>Participaram do encontro os vereadores Orlando Tropeiro, M\u00e1rcio do Vale, Romildo Lemos, Rom\u00e1rio Ferreira, al\u00e9m do presidente da Associa\u00e7\u00e3o Rural do Vale do Anari (ARVA), Tiago Lemos.<\/p>\n<p>A principal pauta discutida foi os acordos adotados pelas ind\u00fastrias de latic\u00ednios, que t\u00eam gerado dificuldades para os produtores locais na venda do leite. Ap\u00f3s receberem diversas reivindica\u00e7\u00f5es de agricultores, os vereadores procuraram o Legislativo estadual em busca de apoio para mediar a situa\u00e7\u00e3o.<\/p>\n<p>Cl\u00e1udia de Jesus reafirmou o papel da comiss\u00e3o que preside na defesa da agricultura familiar e destacou que medidas est\u00e3o sendo estudadas para garantir que os produtores tenham acesso a pre\u00e7os justos e que a comercializa\u00e7\u00e3o ocorra respeitando a legisla\u00e7\u00e3o vigente.<\/p>\n<p>\u201cNossa miss\u00e3o \u00e9 defender quem est\u00e1 na ponta, trabalhando todos os dias para alimentar o povo de Rond\u00f4nia\u201d, afirmou a deputada.<\/p>\n<p>Texto e foto: Fabricia Lopes\u00a0&#8211; Assessoria parlamentar.<\/p>\n","protected":false},"excerpt":{"rendered":"<p>&nbsp; Presidente da Comiss\u00e3o de Agropecu\u00e1ria da ALE-RO, deputada ouve demandas de produtores e busca solu\u00e7\u00f5es para garantir a comercializa\u00e7\u00e3o do leite na regi\u00e3o<\/p>\n","protected":false},"author":1,"featured_media":0,"comment_status":"closed","ping_status":"open","sticky":false,"template":"","format":"standard","meta":{"_exactmetrics_skip_tracking":false,"_exactmetrics_sitenote_active":false,"_exactmetrics_sitenote_note":"","_exactmetrics_sitenote_category":0,"jetpack_post_was_ever_published":false,"_jetpack_newsletter_access":"","_jetpack_dont_email_post_to_subs":false,"_jetpack_newsletter_tier_id":0,"_jetpack_memberships_contains_paywalled_content":false,"_jetpack_memberships_contains_paid_content":false,"footnotes":"","jetpack_publicize_message":"","jetpack_publicize_feature_enabled":true,"jetpack_social_post_already_shared":true,"jetpack_social_options":{"image_generator_settings":{"template":"highway","enabled":false},"version":2}},"categories":[1],"tags":[1429,1435,1436],"class_list":["post-37197","post","type-post","status-publish","format-standard","hentry","category-notas","tag-deputada-claudia-de-jesus","tag-leite","tag-produtores"],"jetpack_publicize_connections":[],"jetpack_sharing_enabled":true,"jetpack_featured_media_url":"","jetpack_shortlink":"https:\/\/wp.me\/p7wKYW-9FX","jetpack-related-posts":[],"_links":{"self":[{"href":"http:\/\/blogdalucianaoliveira.com.br\/blog\/wp-json\/wp\/v2\/posts\/37197","targetHints":{"allow":["GET"]}}],"collection":[{"href":"http:\/\/blogdalucianaoliveira.com.br\/blog\/wp-json\/wp\/v2\/posts"}],"about":[{"href":"http:\/\/blogdalucianaoliveira.com.br\/blog\/wp-json\/wp\/v2\/types\/post"}],"author":[{"embeddable":true,"href":"http:\/\/blogdalucianaoliveira.com.br\/blog\/wp-json\/wp\/v2\/users\/1"}],"replies":[{"embeddable":true,"href":"http:\/\/blogdalucianaoliveira.com.br\/blog\/wp-json\/wp\/v2\/comments?post=37197"}],"version-history":[{"count":1,"href":"http:\/\/blogdalucianaoliveira.com.br\/blog\/wp-json\/wp\/v2\/posts\/37197\/revisions"}],"predecessor-version":[{"id":37199,"href":"http:\/\/blogdalucianaoliveira.com.br\/blog\/wp-json\/wp\/v2\/posts\/37197\/revisions\/37199"}],"wp:attachment":[{"href":"http:\/\/blogdalucianaoliveira.com.br\/blog\/wp-json\/wp\/v2\/media?parent=37197"}],"wp:term":[{"taxonomy":"category","embeddable":true,"href":"http:\/\/blogdalucianaoliveira.com.br\/blog\/wp-json\/wp\/v2\/categories?post=37197"},{"taxonomy":"post_tag","embeddable":true,"href":"http:\/\/blogdalucianaoliveira.com.br\/blog\/wp-json\/wp\/v2\/tags?post=37197"}],"curies":[{"name":"wp","href":"https:\/\/api.w.org\/{rel}","templated":true}]}}