{"id":37200,"date":"2025-08-05T17:08:51","date_gmt":"2025-08-05T21:08:51","guid":{"rendered":"https:\/\/blogdalucianaoliveira.com.br\/blog\/?p=37200"},"modified":"2025-08-05T17:08:51","modified_gmt":"2025-08-05T21:08:51","slug":"congresso-tem-alta-de-reprovacao-e-e-associado-por-78-a-defesa-dos-proprios-interesses-diz-datafolha","status":"publish","type":"post","link":"http:\/\/blogdalucianaoliveira.com.br\/blog\/2025\/08\/05\/congresso-tem-alta-de-reprovacao-e-e-associado-por-78-a-defesa-dos-proprios-interesses-diz-datafolha\/","title":{"rendered":"Congresso tem alta de reprova\u00e7\u00e3o e \u00e9 associado por 78% \u00e0 defesa dos pr\u00f3prios interesses, diz Datafolha"},"content":{"rendered":"<p><img data-recalc-dims=\"1\" loading=\"lazy\" decoding=\"async\" data-attachment-id=\"37201\" data-permalink=\"http:\/\/blogdalucianaoliveira.com.br\/blog\/2025\/08\/05\/congresso-tem-alta-de-reprovacao-e-e-associado-por-78-a-defesa-dos-proprios-interesses-diz-datafolha\/img_5470\/\" data-orig-file=\"https:\/\/i0.wp.com\/blogdalucianaoliveira.com.br\/blog\/wp-content\/uploads\/2025\/08\/IMG_5470.webp?fit=960%2C540\" data-orig-size=\"960,540\" data-comments-opened=\"0\" data-image-meta=\"{&quot;aperture&quot;:&quot;0&quot;,&quot;credit&quot;:&quot;&quot;,&quot;camera&quot;:&quot;&quot;,&quot;caption&quot;:&quot;&quot;,&quot;created_timestamp&quot;:&quot;0&quot;,&quot;copyright&quot;:&quot;&quot;,&quot;focal_length&quot;:&quot;0&quot;,&quot;iso&quot;:&quot;0&quot;,&quot;shutter_speed&quot;:&quot;0&quot;,&quot;title&quot;:&quot;&quot;,&quot;orientation&quot;:&quot;0&quot;}\" data-image-title=\"IMG_5470\" data-image-description=\"\" data-image-caption=\"\" data-medium-file=\"https:\/\/i0.wp.com\/blogdalucianaoliveira.com.br\/blog\/wp-content\/uploads\/2025\/08\/IMG_5470.webp?fit=300%2C169\" data-large-file=\"https:\/\/i0.wp.com\/blogdalucianaoliveira.com.br\/blog\/wp-content\/uploads\/2025\/08\/IMG_5470.webp?fit=600%2C338\" class=\"alignnone size-medium wp-image-37201\" src=\"https:\/\/i0.wp.com\/blogdalucianaoliveira.com.br\/blog\/wp-content\/uploads\/2025\/08\/IMG_5470.webp?resize=300%2C169\" alt=\"\" width=\"300\" height=\"169\" srcset=\"https:\/\/i0.wp.com\/blogdalucianaoliveira.com.br\/blog\/wp-content\/uploads\/2025\/08\/IMG_5470.webp?resize=300%2C169 300w, https:\/\/i0.wp.com\/blogdalucianaoliveira.com.br\/blog\/wp-content\/uploads\/2025\/08\/IMG_5470.webp?resize=768%2C432 768w, https:\/\/i0.wp.com\/blogdalucianaoliveira.com.br\/blog\/wp-content\/uploads\/2025\/08\/IMG_5470.webp?resize=533%2C300 533w, https:\/\/i0.wp.com\/blogdalucianaoliveira.com.br\/blog\/wp-content\/uploads\/2025\/08\/IMG_5470.webp?w=960 960w\" sizes=\"auto, (max-width: 300px) 100vw, 300px\" \/><\/p>\n<p>Reprova\u00e7\u00e3o ao trabalho de deputados federais e senadores no Congresso voltou a subir, mostra pesquisa do Datafolha<!--more--><strong>ICL, Por Ranier Bragon &#8211;\u00a0<\/strong>(Folhapress) \u2013 A reprova\u00e7\u00e3o popular ao <a href=\"https:\/\/iclnoticias.com.br\/oposicao-ocupa-plenarios-por-anistia\/\">trabalho de deputados federais e senadores<\/a> voltou a subir, mostra pesquisa do Datafolha, que aponta ainda uma elevada opini\u00e3o na sociedade de que os congressistas atuam mais em prol de seus pr\u00f3prios interesses \u2014 78% dos entrevistados.<\/p>\n<p>Em mar\u00e7o do ano passado, ainda nas gest\u00f5es de Arthur Lira (PP-AL) na C\u00e2mara e Rodrigo Pacheco (PSD-MG) no Senado \u2013, o Datafolha havia apontado uma melhora na avalia\u00e7\u00e3o do <a href=\"https:\/\/www.congressonacional.leg.br\/\" target=\"_blank\" rel=\"noopener\">Congresso Nacional<\/a>, com reprova\u00e7\u00e3o (23%) e aprova\u00e7\u00e3o (22%) praticamente igualadas.<\/p>\n<p>Agora, os n\u00fameros voltaram a piorar, repetindo os do final de 2023: 35% dizem considerar ruim ou p\u00e9ssimo o desempenho do Legislativo, contra 18% de \u00f3timo ou bom.<\/p>\n<p>Foram realizadas 2.004 entrevistas em todo o Brasil, distribu\u00eddas em 130 munic\u00edpios, nos dias 29 e 30 de julho. A margem de erro m\u00e1xima \u00e9 de dois pontos percentuais, para mais ou para menos, dentro do n\u00edvel de confian\u00e7a de 95%.<\/p>\n<p>Desde o final de junho, o Congresso \u00e9 um dos alvos preferenciais da campanha comandada por petistas e governistas nas redes sociais com o mote \u201cricos contra pobres\u201d.<\/p>\n<p>Nas pe\u00e7as criadas em grande parte por intelig\u00eancia artificial, congressistas s\u00e3o descritos como defensores de ricos e de privil\u00e9gios pr\u00f3prios, em especial ap\u00f3s a suspens\u00e3o do pacote de aumento de impostos decretado pelo governo Lula.<\/p>\n<p>Neste ano, Hugo Motta (Republicanos-PB) assumiu a presid\u00eancia da C\u00e2mara e Davi Alcolumbre (Uni\u00e3o Brasil-AP), a do Senado.<\/p>\n<div id=\"attachment_81979\" class=\"wp-caption aligncenter\"><img data-recalc-dims=\"1\" loading=\"lazy\" decoding=\"async\" class=\"wp-image-81979 size-full\" src=\"https:\/\/i0.wp.com\/iclnoticias.com.br\/wp-content\/uploads\/2025\/07\/hugo-motta-candidato-presidente-camara-dos-deputados-scaled-960x540-1.webp?resize=600%2C338&#038;ssl=1\" alt=\"Congresso tem alta de reprova\u00e7\u00e3o \" width=\"600\" height=\"338\" aria-describedby=\"caption-attachment-81979\" \/><\/p>\n<p id=\"caption-attachment-81979\" class=\"wp-caption-text\">Hugo Motta, presidente da C\u00e2mara dos Deputados (Foto: Reprodu\u00e7\u00e3o)<\/p>\n<\/div>\n<p>O Datafolha tamb\u00e9m perguntou aos entrevistados se, em sua opini\u00e3o, um deputado ou senador pensa mais nos seus pr\u00f3prios interesses ou nos interesses da popula\u00e7\u00e3o ao tomar uma decis\u00e3o.<\/p>\n<p>Para 78%, os congressistas agem mais em benef\u00edcio pr\u00f3prio do que no da coletividade. Apenas 18% pensam o contr\u00e1rio.<\/p>\n<p>Na pesquisa, 73% dos entrevistados disseram considerar que os congressistas tratam melhor os ricos que os pobres (s\u00f3 5% disseram ver o contr\u00e1rio).<\/p>\n<p>Tanto em rela\u00e7\u00e3o \u00e0 percep\u00e7\u00e3o do trabalho geral como na quest\u00e3o sobre interesses pr\u00f3prios versus interesses da sociedade, a avalia\u00e7\u00e3o dos congressistas encontram melhores n\u00fameros entre eleitores de<\/p>\n<p>Lula e piores entre simpatizantes do ex-presidente Jair Bolsonaro (PL).<\/p>\n<p>Nos que pretendem votar em Lula em uma eventual candidatura \u00e0 reelei\u00e7\u00e3o do petista no ano que vem, h\u00e1 empate t\u00e9cnico sobre o trabalho de deputados e senadores \u009728% de ruim e p\u00e9ssimo e 26% de bom e \u00f3timo. J\u00e1 entre eleitores de Bolsonaro, a rejei\u00e7\u00e3o (38%) supera em muito a aprova\u00e7\u00e3o (14%).<\/p>\n<p>Congressistas aliados ao ex-presidente tentam h\u00e1 tempos emplacar no Congresso uma <a href=\"https:\/\/iclnoticias.com.br\/atg\/lei-da-anistia\/\">anistia<\/a>aos condenados pelos ataques golpistas de 8 de janeiro de 2023, mas at\u00e9 agora a proposta foi barrada pelo PT e pelo centr\u00e3o.<\/p>\n<p>A diferen\u00e7a de percep\u00e7\u00e3o se mostra tamb\u00e9m na afirma\u00e7\u00e3o de que deputados e senadores agem pensando mais em benef\u00edcio pr\u00f3prio \u009771% entre lulistas dizem pensar assim contra 83% dos bolsonaristas.<\/p>\n<h2>Pesquisa sobre o Congresso<\/h2>\n<p>O Datafolha tamb\u00e9m mediu a avalia\u00e7\u00e3o do Congresso tomando como base o grau de conhecimento dos eleitores sobre o tarifa\u00e7o promovido pelo governo de Donald Trump contra o Brasil.<\/p>\n<p>O cidad\u00e3o que declarou conhecimento da medida apontou uma rejei\u00e7\u00e3o maior ao Congresso.<\/p>\n<p>Ao todo, 48% dos que se declararam bem informados sobre a taxa\u00e7\u00e3o classificaram como ruim ou p\u00e9ssimo o desempenho de deputados e senadores. Entre os que disseram n\u00e3o ter tomado conhecimento, a rejei\u00e7\u00e3o foi de apenas 20%.<\/p>\n<p>As pesquisas do Datafolha sobre o trabalho do Congresso realizadas desde os anos 1990 mostram uma hist\u00f3rica rejei\u00e7\u00e3o popular ao trabalho de deputados e senadores.<\/p>\n<p>A soma dos que declararam considerar \u00f3timo ou bom o desempenho nunca superou 25% desde 1993 \u2013 esse \u00edndice foi alcan\u00e7ado no final de 2010, \u00faltimo ano do segundo mandato de Lula. A \u00fanica pesquisa que registrou aprova\u00e7\u00e3o numericamente \u00e0 frente da rejei\u00e7\u00e3o (24% a 22%) foi no in\u00edcio de 2003, primeiro ano do primeiro mandato de Lula.<\/p>\n<p>O fundo do po\u00e7o at\u00e9 agora na avalia\u00e7\u00e3o popular do Legislativo foi registrado no final de novembro de 2017, com 60% de reprova\u00e7\u00e3o e apenas 5% de aprova\u00e7\u00e3o. No m\u00eas anterior, a C\u00e2mara havia barrado pela segunda vez o andamento de den\u00fancia e consequente afastamento do ent\u00e3o presidente Michel Temer (MDB).<\/p>\n","protected":false},"excerpt":{"rendered":"<p>Reprova\u00e7\u00e3o ao trabalho de deputados federais e senadores no Congresso voltou a subir, mostra pesquisa do Datafolha<\/p>\n","protected":false},"author":1,"featured_media":0,"comment_status":"closed","ping_status":"open","sticky":false,"template":"","format":"standard","meta":{"_exactmetrics_skip_tracking":false,"_exactmetrics_sitenote_active":false,"_exactmetrics_sitenote_note":"","_exactmetrics_sitenote_category":0,"jetpack_post_was_ever_published":false,"_jetpack_newsletter_access":"","_jetpack_dont_email_post_to_subs":false,"_jetpack_newsletter_tier_id":0,"_jetpack_memberships_contains_paywalled_content":false,"_jetpack_memberships_contains_paid_content":false,"footnotes":"","jetpack_publicize_message":"","jetpack_publicize_feature_enabled":true,"jetpack_social_post_already_shared":true,"jetpack_social_options":{"image_generator_settings":{"template":"highway","enabled":false},"version":2}},"categories":[1],"tags":[288,168,1437],"class_list":["post-37200","post","type-post","status-publish","format-standard","hentry","category-notas","tag-congresso","tag-datafolha","tag-reprovacao"],"jetpack_publicize_connections":[],"jetpack_sharing_enabled":true,"jetpack_featured_media_url":"","jetpack_shortlink":"https:\/\/wp.me\/p7wKYW-9G0","jetpack-related-posts":[],"_links":{"self":[{"href":"http:\/\/blogdalucianaoliveira.com.br\/blog\/wp-json\/wp\/v2\/posts\/37200","targetHints":{"allow":["GET"]}}],"collection":[{"href":"http:\/\/blogdalucianaoliveira.com.br\/blog\/wp-json\/wp\/v2\/posts"}],"about":[{"href":"http:\/\/blogdalucianaoliveira.com.br\/blog\/wp-json\/wp\/v2\/types\/post"}],"author":[{"embeddable":true,"href":"http:\/\/blogdalucianaoliveira.com.br\/blog\/wp-json\/wp\/v2\/users\/1"}],"replies":[{"embeddable":true,"href":"http:\/\/blogdalucianaoliveira.com.br\/blog\/wp-json\/wp\/v2\/comments?post=37200"}],"version-history":[{"count":1,"href":"http:\/\/blogdalucianaoliveira.com.br\/blog\/wp-json\/wp\/v2\/posts\/37200\/revisions"}],"predecessor-version":[{"id":37202,"href":"http:\/\/blogdalucianaoliveira.com.br\/blog\/wp-json\/wp\/v2\/posts\/37200\/revisions\/37202"}],"wp:attachment":[{"href":"http:\/\/blogdalucianaoliveira.com.br\/blog\/wp-json\/wp\/v2\/media?parent=37200"}],"wp:term":[{"taxonomy":"category","embeddable":true,"href":"http:\/\/blogdalucianaoliveira.com.br\/blog\/wp-json\/wp\/v2\/categories?post=37200"},{"taxonomy":"post_tag","embeddable":true,"href":"http:\/\/blogdalucianaoliveira.com.br\/blog\/wp-json\/wp\/v2\/tags?post=37200"}],"curies":[{"name":"wp","href":"https:\/\/api.w.org\/{rel}","templated":true}]}}