{"id":37205,"date":"2025-08-06T15:16:16","date_gmt":"2025-08-06T19:16:16","guid":{"rendered":"https:\/\/blogdalucianaoliveira.com.br\/blog\/?p=37205"},"modified":"2025-08-06T16:08:38","modified_gmt":"2025-08-06T20:08:38","slug":"durante-visita-a-rondonia-o-presidente-lula-anunciara-investimentos-do-governo-federal-no-estado","status":"publish","type":"post","link":"http:\/\/blogdalucianaoliveira.com.br\/blog\/2025\/08\/06\/durante-visita-a-rondonia-o-presidente-lula-anunciara-investimentos-do-governo-federal-no-estado\/","title":{"rendered":"Durante visita a Rond\u00f4nia, o presidente Lula anunciar\u00e1 investimentos do Governo Federal no estado"},"content":{"rendered":"<p><img data-recalc-dims=\"1\" loading=\"lazy\" decoding=\"async\" data-attachment-id=\"37210\" data-permalink=\"http:\/\/blogdalucianaoliveira.com.br\/blog\/2025\/08\/06\/durante-visita-a-rondonia-o-presidente-lula-anunciara-investimentos-do-governo-federal-no-estado\/img_5546-3\/\" data-orig-file=\"https:\/\/i0.wp.com\/blogdalucianaoliveira.com.br\/blog\/wp-content\/uploads\/2025\/08\/IMG_5546-1.jpeg?fit=692%2C443\" data-orig-size=\"692,443\" data-comments-opened=\"0\" data-image-meta=\"{&quot;aperture&quot;:&quot;0&quot;,&quot;credit&quot;:&quot;&quot;,&quot;camera&quot;:&quot;&quot;,&quot;caption&quot;:&quot;&quot;,&quot;created_timestamp&quot;:&quot;0&quot;,&quot;copyright&quot;:&quot;&quot;,&quot;focal_length&quot;:&quot;0&quot;,&quot;iso&quot;:&quot;0&quot;,&quot;shutter_speed&quot;:&quot;0&quot;,&quot;title&quot;:&quot;&quot;,&quot;orientation&quot;:&quot;0&quot;}\" data-image-title=\"IMG_5546\" data-image-description=\"\" data-image-caption=\"\" data-medium-file=\"https:\/\/i0.wp.com\/blogdalucianaoliveira.com.br\/blog\/wp-content\/uploads\/2025\/08\/IMG_5546-1.jpeg?fit=300%2C192\" data-large-file=\"https:\/\/i0.wp.com\/blogdalucianaoliveira.com.br\/blog\/wp-content\/uploads\/2025\/08\/IMG_5546-1.jpeg?fit=600%2C384\" class=\"alignnone size-medium wp-image-37210\" src=\"https:\/\/i0.wp.com\/blogdalucianaoliveira.com.br\/blog\/wp-content\/uploads\/2025\/08\/IMG_5546-1.jpeg?resize=300%2C192\" alt=\"\" width=\"300\" height=\"192\" srcset=\"https:\/\/i0.wp.com\/blogdalucianaoliveira.com.br\/blog\/wp-content\/uploads\/2025\/08\/IMG_5546-1.jpeg?resize=300%2C192 300w, https:\/\/i0.wp.com\/blogdalucianaoliveira.com.br\/blog\/wp-content\/uploads\/2025\/08\/IMG_5546-1.jpeg?resize=469%2C300 469w, https:\/\/i0.wp.com\/blogdalucianaoliveira.com.br\/blog\/wp-content\/uploads\/2025\/08\/IMG_5546-1.jpeg?w=692 692w\" sizes=\"auto, (max-width: 300px) 100vw, 300px\" \/><\/p>\n<p>Presidente participa de cerim\u00f4nia nesta sexta-feira (8), no Teatro Pal\u00e1cio das Artes, em Porto Velho.\u00a0<!--more--><\/p>\n<p>O presidente Luiz In\u00e1cio Lula da Silva estar\u00e1 em Porto Velho nesta sexta-feira (8) para anunciar um conjunto de investimentos do Governo Federal em Rond\u00f4nia. A cerim\u00f4nia ser\u00e1 realizada \u00e0s 15h30 no Teatro Estadual Pal\u00e1cio das Artes e deve reunir autoridades federais, estaduais e municipais, al\u00e9m de lideran\u00e7as da sociedade civil.<\/p>\n<p>As a\u00e7\u00f5es anunciadas pelo presidente abrangem \u00e1reas estrat\u00e9gicas para o desenvolvimento do estado, como educa\u00e7\u00e3o, infraestrutura de transportes e energia. O objetivo \u00e9 acelerar o crescimento regional, gerando empregos, fortalecendo os servi\u00e7os p\u00fablicos e melhorando a qualidade de vida da popula\u00e7\u00e3o rondoniense.<\/p>\n<div>\n<div><span style=\"font-size: large;\">Destaque nacional: Porto Velho recebe mais de R$ 37 milh\u00f5es do Novo PAC ap\u00f3s 12 anos sem recursos federais<\/span><\/div>\n<div>\n<p>A capital de Rond\u00f4nia, Porto Velho, est\u00e1 entre os tr\u00eas munic\u00edpios brasileiros que mais apresentaram projetos para captar recursos do Programa de Acelera\u00e7\u00e3o do Crescimento (PAC) em 2025. Como resultado desse protagonismo, a capital de Rond\u00f4nia foi contemplada com um investimento de R$ 37.331.478,94 por meio do Novo PAC Sele\u00e7\u00f5es.<\/p>\n<p>Ap\u00f3s 12 anos sem acesso a verbas oriundas do programa, Porto Velho volta a ser prioridade para o Governo Federal. Os recursos ser\u00e3o aplicados, prioritariamente, na \u00e1rea da sa\u00fade, com foco na amplia\u00e7\u00e3o do acesso a servi\u00e7os essenciais e na melhoria da qualidade de vida da popula\u00e7\u00e3o.<\/p>\n<p><span style=\"color: #000000;\">Todos os 52 munic\u00edpios do estado inscreveram projetos. O\u00a0<\/span>Novo PAC Sa\u00fade vai destinar quase <a href=\"https:\/\/www.gov.br\/secom\/pt-br\/assuntos\/noticias-regionalizadas\/novo-pac-selecoes-2-saude\/novo-pac-saude-vai-destinar-quase-r-92-milhoes-para-ampliar-a-capacidade-de-atendimento-do-sus-em-rondonia#:~:text=O%20Governo%20Federal%20anunciou%20investimento,novas%20obras%2C%20ve%C3%ADculos%20e%20equipamentos\" target=\"_blank\" rel=\"nofollow noopener noreferrer\">R$ 92 milh\u00f5es <\/a>para ampliar a capacidade de atendimento do SUS em Rond\u00f4nia.<\/p>\n<\/div>\n<p><span style=\"font-size: large;\">Cen\u00e1rio pol\u00edtico<\/span><\/p>\n<\/div>\n<div>A visita de Lula ao estado, agendada para abril, foi adiada. Na ocasi\u00e3o, o presidente cancelou a agenda que cumpriria no Par\u00e1 e em Rond\u00f4nia para comparecer ao funeral do Papa Francisco, no Vaticano. A nova data reafirma o compromisso do Governo Federal com a regi\u00e3o Norte e com o avan\u00e7o das pol\u00edticas p\u00fablicas.<\/div>\n<div>Reconhecido internacionalmente como um dos principais l\u00edderes pol\u00edticos da atualidade, ficando\u00a011\u00ba lugar no ranking de aprova\u00e7\u00e3o de l\u00edderes mundiais elaborado pela Morning Consult Pro, empresa norte-americana de business intelligence.\u00a0Lula tem se mantido como figura central no cen\u00e1rio nacional. Com alta popularidade, lidera as inten\u00e7\u00f5es de voto em todos os cen\u00e1rios de primeiro turno para a elei\u00e7\u00e3o presidencial de 2026, segundo as \u00faltimas pesquisas.<\/div>\n<div>\n<p>Esse cen\u00e1rio favor\u00e1vel \u00e9 reflexo direto do trabalho realizado desde o in\u00edcio do atual mandato. O Governo Federal tem se dedicado \u00e0 reconstru\u00e7\u00e3o de pol\u00edticas p\u00fablicas desmanteladas nos \u00faltimos anos, com foco na retomada do crescimento econ\u00f4mico, combate \u00e0 fome e redu\u00e7\u00e3o da pobreza. Um dos marcos dessa gest\u00e3o foi a retirada do Brasil do Mapa da Fome da ONU.Al\u00e9m disso, o pa\u00eds registra atualmente o menor \u00edndice de desemprego da hist\u00f3ria recente, com crescimento na gera\u00e7\u00e3o de empregos formais e aumento do acesso a pol\u00edticas sociais. Na \u00e1rea internacional, o governo Lula tem restabelecido rela\u00e7\u00f5es estrat\u00e9gicas com parceiros como China, Fran\u00e7a e outros aliados, recuperando o prest\u00edgio do Brasil no cen\u00e1rio global.<\/p>\n<p>Na educa\u00e7\u00e3o, o foco est\u00e1 na amplia\u00e7\u00e3o da rede federal de ensino t\u00e9cnico e superior, al\u00e9m da valoriza\u00e7\u00e3o da educa\u00e7\u00e3o b\u00e1sica. No setor da sa\u00fade, programas como o Mais M\u00e9dicos e a Farm\u00e1cia Popular foram retomados com for\u00e7a. E na infraestrutura, o Novo PAC (Programa de Acelera\u00e7\u00e3o do Crescimento) contempla obras em todas as regi\u00f5es do pa\u00eds.<\/p>\n<\/div>\n<div>\n<p>A presen\u00e7a do presidente Lula em Rond\u00f4nia marca mais um passo na estrat\u00e9gia do governo de promover o desenvolvimento de forma regionalizada, levando investimentos para \u00e1reas historicamente marginalizadas e refor\u00e7ando o compromisso com um Brasil mais justo, equilibrado e inclusivo.<\/p>\n<p>Fabricia Lopes\u00a0&#8211; Assessoria parlamentar.<\/p>\n<\/div>\n","protected":false},"excerpt":{"rendered":"<p>Presidente participa de cerim\u00f4nia nesta sexta-feira (8), no Teatro Pal\u00e1cio das Artes, em Porto Velho.\u00a0<\/p>\n","protected":false},"author":1,"featured_media":0,"comment_status":"closed","ping_status":"open","sticky":false,"template":"","format":"standard","meta":{"_exactmetrics_skip_tracking":false,"_exactmetrics_sitenote_active":false,"_exactmetrics_sitenote_note":"","_exactmetrics_sitenote_category":0,"jetpack_post_was_ever_published":false,"_jetpack_newsletter_access":"","_jetpack_dont_email_post_to_subs":false,"_jetpack_newsletter_tier_id":0,"_jetpack_memberships_contains_paywalled_content":false,"_jetpack_memberships_contains_paid_content":false,"footnotes":"","jetpack_publicize_message":"","jetpack_publicize_feature_enabled":true,"jetpack_social_post_already_shared":true,"jetpack_social_options":{"image_generator_settings":{"template":"highway","enabled":false},"version":2}},"categories":[1],"tags":[1438,78,7],"class_list":["post-37205","post","type-post","status-publish","format-standard","hentry","category-notas","tag-investimento","tag-lula","tag-rondonia"],"jetpack_publicize_connections":[],"jetpack_sharing_enabled":true,"jetpack_featured_media_url":"","jetpack_shortlink":"https:\/\/wp.me\/p7wKYW-9G5","jetpack-related-posts":[],"_links":{"self":[{"href":"http:\/\/blogdalucianaoliveira.com.br\/blog\/wp-json\/wp\/v2\/posts\/37205","targetHints":{"allow":["GET"]}}],"collection":[{"href":"http:\/\/blogdalucianaoliveira.com.br\/blog\/wp-json\/wp\/v2\/posts"}],"about":[{"href":"http:\/\/blogdalucianaoliveira.com.br\/blog\/wp-json\/wp\/v2\/types\/post"}],"author":[{"embeddable":true,"href":"http:\/\/blogdalucianaoliveira.com.br\/blog\/wp-json\/wp\/v2\/users\/1"}],"replies":[{"embeddable":true,"href":"http:\/\/blogdalucianaoliveira.com.br\/blog\/wp-json\/wp\/v2\/comments?post=37205"}],"version-history":[{"count":4,"href":"http:\/\/blogdalucianaoliveira.com.br\/blog\/wp-json\/wp\/v2\/posts\/37205\/revisions"}],"predecessor-version":[{"id":37211,"href":"http:\/\/blogdalucianaoliveira.com.br\/blog\/wp-json\/wp\/v2\/posts\/37205\/revisions\/37211"}],"wp:attachment":[{"href":"http:\/\/blogdalucianaoliveira.com.br\/blog\/wp-json\/wp\/v2\/media?parent=37205"}],"wp:term":[{"taxonomy":"category","embeddable":true,"href":"http:\/\/blogdalucianaoliveira.com.br\/blog\/wp-json\/wp\/v2\/categories?post=37205"},{"taxonomy":"post_tag","embeddable":true,"href":"http:\/\/blogdalucianaoliveira.com.br\/blog\/wp-json\/wp\/v2\/tags?post=37205"}],"curies":[{"name":"wp","href":"https:\/\/api.w.org\/{rel}","templated":true}]}}