{"id":37212,"date":"2025-08-07T15:46:47","date_gmt":"2025-08-07T19:46:47","guid":{"rendered":"https:\/\/blogdalucianaoliveira.com.br\/blog\/?p=37212"},"modified":"2025-08-07T15:46:47","modified_gmt":"2025-08-07T19:46:47","slug":"no-brasil-247-30","status":"publish","type":"post","link":"http:\/\/blogdalucianaoliveira.com.br\/blog\/2025\/08\/07\/no-brasil-247-30\/","title":{"rendered":"No Brasil 247"},"content":{"rendered":"<p><img data-recalc-dims=\"1\" loading=\"lazy\" decoding=\"async\" data-attachment-id=\"37213\" data-permalink=\"http:\/\/blogdalucianaoliveira.com.br\/blog\/2025\/08\/07\/no-brasil-247-30\/ffd1a5ce-b3cd-4f04-a71c-3f0cc99b6378\/\" data-orig-file=\"https:\/\/i0.wp.com\/blogdalucianaoliveira.com.br\/blog\/wp-content\/uploads\/2025\/08\/ffd1a5ce-b3cd-4f04-a71c-3f0cc99b6378.jpeg?fit=1600%2C900\" data-orig-size=\"1600,900\" data-comments-opened=\"0\" data-image-meta=\"{&quot;aperture&quot;:&quot;0&quot;,&quot;credit&quot;:&quot;&quot;,&quot;camera&quot;:&quot;&quot;,&quot;caption&quot;:&quot;&quot;,&quot;created_timestamp&quot;:&quot;0&quot;,&quot;copyright&quot;:&quot;&quot;,&quot;focal_length&quot;:&quot;0&quot;,&quot;iso&quot;:&quot;0&quot;,&quot;shutter_speed&quot;:&quot;0&quot;,&quot;title&quot;:&quot;&quot;,&quot;orientation&quot;:&quot;0&quot;}\" data-image-title=\"ffd1a5ce-b3cd-4f04-a71c-3f0cc99b6378\" data-image-description=\"\" data-image-caption=\"\" data-medium-file=\"https:\/\/i0.wp.com\/blogdalucianaoliveira.com.br\/blog\/wp-content\/uploads\/2025\/08\/ffd1a5ce-b3cd-4f04-a71c-3f0cc99b6378.jpeg?fit=300%2C169\" data-large-file=\"https:\/\/i0.wp.com\/blogdalucianaoliveira.com.br\/blog\/wp-content\/uploads\/2025\/08\/ffd1a5ce-b3cd-4f04-a71c-3f0cc99b6378.jpeg?fit=600%2C338\" class=\"alignnone size-medium wp-image-37213\" src=\"https:\/\/i0.wp.com\/blogdalucianaoliveira.com.br\/blog\/wp-content\/uploads\/2025\/08\/ffd1a5ce-b3cd-4f04-a71c-3f0cc99b6378.jpeg?resize=300%2C169\" alt=\"\" width=\"300\" height=\"169\" srcset=\"https:\/\/i0.wp.com\/blogdalucianaoliveira.com.br\/blog\/wp-content\/uploads\/2025\/08\/ffd1a5ce-b3cd-4f04-a71c-3f0cc99b6378.jpeg?resize=300%2C169 300w, https:\/\/i0.wp.com\/blogdalucianaoliveira.com.br\/blog\/wp-content\/uploads\/2025\/08\/ffd1a5ce-b3cd-4f04-a71c-3f0cc99b6378.jpeg?resize=1024%2C576 1024w, https:\/\/i0.wp.com\/blogdalucianaoliveira.com.br\/blog\/wp-content\/uploads\/2025\/08\/ffd1a5ce-b3cd-4f04-a71c-3f0cc99b6378.jpeg?resize=768%2C432 768w, https:\/\/i0.wp.com\/blogdalucianaoliveira.com.br\/blog\/wp-content\/uploads\/2025\/08\/ffd1a5ce-b3cd-4f04-a71c-3f0cc99b6378.jpeg?resize=1536%2C864 1536w, https:\/\/i0.wp.com\/blogdalucianaoliveira.com.br\/blog\/wp-content\/uploads\/2025\/08\/ffd1a5ce-b3cd-4f04-a71c-3f0cc99b6378.jpeg?resize=533%2C300 533w, https:\/\/i0.wp.com\/blogdalucianaoliveira.com.br\/blog\/wp-content\/uploads\/2025\/08\/ffd1a5ce-b3cd-4f04-a71c-3f0cc99b6378.jpeg?w=1600 1600w, https:\/\/i0.wp.com\/blogdalucianaoliveira.com.br\/blog\/wp-content\/uploads\/2025\/08\/ffd1a5ce-b3cd-4f04-a71c-3f0cc99b6378.jpeg?w=1200 1200w\" sizes=\"auto, (max-width: 300px) 100vw, 300px\" \/><\/p>\n<p class=\"yiv0849145181ydp410ebbdaMsoNormal\">Estamos na Floresta Nacional do Bom Futuro em Rond\u00f4nia, onde a Ecopor\u00e9, organiza\u00e7\u00e3o ambiental que atua h\u00e1 mais de 30 anos na restaura\u00e7\u00e3o de ecossistemas degradados, executa o Projeto Paisagens Sustent\u00e1veis da Amaz\u00f4nia. Viemos acompanhar a colheita de feij\u00e3o de porco, uma leguminosa usada no plantio de cobertura em seis \u00e1reas que passam por restaura\u00e7\u00e3o ecol\u00f3gica.<!--more--><\/p>\n<p class=\"yiv0849145181ydp410ebbdaMsoNormal\">O projeto come\u00e7ou a ser tocado em 2022 e as \u00e1reas est\u00e3o em diferentes fases para que se atinja a longo prazo, a restaura\u00e7\u00e3o da cobertura vegetal, do solo, da fauna e de todo o ecossistema degradado.<\/p>\n<p>&nbsp;<\/p>\n<p>assista a reportagem:<\/p>\n<div class=\"jetpack-video-wrapper\"><iframe loading=\"lazy\" title=\"O DESAFIO DE SALVAR A FLORESTA NACIONAL QUE PERDEU METADE DO SEU TAMANHO \" width=\"600\" height=\"338\" src=\"https:\/\/www.youtube.com\/embed\/inH94XmkzcM?feature=oembed\" frameborder=\"0\" allow=\"accelerometer; autoplay; clipboard-write; encrypted-media; gyroscope; picture-in-picture; web-share\" referrerpolicy=\"strict-origin-when-cross-origin\" allowfullscreen><\/iframe><\/div>\n","protected":false},"excerpt":{"rendered":"<p>Estamos na Floresta Nacional do Bom Futuro em Rond\u00f4nia, onde a Ecopor\u00e9, organiza\u00e7\u00e3o ambiental que atua h\u00e1 mais de 30 anos na restaura\u00e7\u00e3o de ecossistemas degradados, executa o Projeto Paisagens Sustent\u00e1veis da Amaz\u00f4nia. Viemos acompanhar a colheita de feij\u00e3o de porco, uma leguminosa usada no plantio de cobertura em seis \u00e1reas que passam por restaura\u00e7\u00e3o&#8230;<a class=\"more-link\" href=\"http:\/\/blogdalucianaoliveira.com.br\/blog\/2025\/08\/07\/no-brasil-247-30\/\">Continue a leitura <span class=\"meta-nav\">&raquo;<\/span><\/a><\/p>\n","protected":false},"author":1,"featured_media":0,"comment_status":"closed","ping_status":"open","sticky":false,"template":"","format":"standard","meta":{"_exactmetrics_skip_tracking":false,"_exactmetrics_sitenote_active":false,"_exactmetrics_sitenote_note":"","_exactmetrics_sitenote_category":0,"jetpack_post_was_ever_published":false,"_jetpack_newsletter_access":"","_jetpack_dont_email_post_to_subs":false,"_jetpack_newsletter_tier_id":0,"_jetpack_memberships_contains_paywalled_content":false,"_jetpack_memberships_contains_paid_content":false,"footnotes":"","jetpack_publicize_message":"","jetpack_publicize_feature_enabled":true,"jetpack_social_post_already_shared":true,"jetpack_social_options":{"image_generator_settings":{"template":"highway","enabled":false},"version":2}},"categories":[1],"tags":[1440,1439,7],"class_list":["post-37212","post","type-post","status-publish","format-standard","hentry","category-notas","tag-degradacao","tag-flona-do-bom-futuro","tag-rondonia"],"jetpack_publicize_connections":[],"jetpack_sharing_enabled":true,"jetpack_featured_media_url":"","jetpack_shortlink":"https:\/\/wp.me\/p7wKYW-9Gc","jetpack-related-posts":[],"_links":{"self":[{"href":"http:\/\/blogdalucianaoliveira.com.br\/blog\/wp-json\/wp\/v2\/posts\/37212","targetHints":{"allow":["GET"]}}],"collection":[{"href":"http:\/\/blogdalucianaoliveira.com.br\/blog\/wp-json\/wp\/v2\/posts"}],"about":[{"href":"http:\/\/blogdalucianaoliveira.com.br\/blog\/wp-json\/wp\/v2\/types\/post"}],"author":[{"embeddable":true,"href":"http:\/\/blogdalucianaoliveira.com.br\/blog\/wp-json\/wp\/v2\/users\/1"}],"replies":[{"embeddable":true,"href":"http:\/\/blogdalucianaoliveira.com.br\/blog\/wp-json\/wp\/v2\/comments?post=37212"}],"version-history":[{"count":1,"href":"http:\/\/blogdalucianaoliveira.com.br\/blog\/wp-json\/wp\/v2\/posts\/37212\/revisions"}],"predecessor-version":[{"id":37214,"href":"http:\/\/blogdalucianaoliveira.com.br\/blog\/wp-json\/wp\/v2\/posts\/37212\/revisions\/37214"}],"wp:attachment":[{"href":"http:\/\/blogdalucianaoliveira.com.br\/blog\/wp-json\/wp\/v2\/media?parent=37212"}],"wp:term":[{"taxonomy":"category","embeddable":true,"href":"http:\/\/blogdalucianaoliveira.com.br\/blog\/wp-json\/wp\/v2\/categories?post=37212"},{"taxonomy":"post_tag","embeddable":true,"href":"http:\/\/blogdalucianaoliveira.com.br\/blog\/wp-json\/wp\/v2\/tags?post=37212"}],"curies":[{"name":"wp","href":"https:\/\/api.w.org\/{rel}","templated":true}]}}