{"id":37215,"date":"2025-08-07T23:05:27","date_gmt":"2025-08-08T03:05:27","guid":{"rendered":"https:\/\/blogdalucianaoliveira.com.br\/blog\/?p=37215"},"modified":"2025-08-08T06:46:25","modified_gmt":"2025-08-08T10:46:25","slug":"durante-debate-sobre-decreto-da-lei-14-757-2023-claudia-de-jesus-cobra-seguranca-juridica-para-pequenos-agricultores-familiares","status":"publish","type":"post","link":"http:\/\/blogdalucianaoliveira.com.br\/blog\/2025\/08\/07\/durante-debate-sobre-decreto-da-lei-14-757-2023-claudia-de-jesus-cobra-seguranca-juridica-para-pequenos-agricultores-familiares\/","title":{"rendered":"Durante debate sobre decreto da Lei 14.757\/2023, Cl\u00e1udia de Jesus cobra seguran\u00e7a jur\u00eddica para pequenos agricultores familiares"},"content":{"rendered":"<p><img data-recalc-dims=\"1\" loading=\"lazy\" decoding=\"async\" data-attachment-id=\"37216\" data-permalink=\"http:\/\/blogdalucianaoliveira.com.br\/blog\/2025\/08\/07\/durante-debate-sobre-decreto-da-lei-14-757-2023-claudia-de-jesus-cobra-seguranca-juridica-para-pequenos-agricultores-familiares\/img_5585\/\" data-orig-file=\"https:\/\/i0.wp.com\/blogdalucianaoliveira.com.br\/blog\/wp-content\/uploads\/2025\/08\/IMG_5585.jpeg?fit=1620%2C1080\" data-orig-size=\"1620,1080\" data-comments-opened=\"0\" data-image-meta=\"{&quot;aperture&quot;:&quot;4&quot;,&quot;credit&quot;:&quot;&quot;,&quot;camera&quot;:&quot;Canon EOS Rebel SL3&quot;,&quot;caption&quot;:&quot;&quot;,&quot;created_timestamp&quot;:&quot;1754559813&quot;,&quot;copyright&quot;:&quot;&quot;,&quot;focal_length&quot;:&quot;18&quot;,&quot;iso&quot;:&quot;1250&quot;,&quot;shutter_speed&quot;:&quot;0.016666666666667&quot;,&quot;title&quot;:&quot;&quot;,&quot;orientation&quot;:&quot;1&quot;}\" data-image-title=\"IMG_5585\" data-image-description=\"\" data-image-caption=\"\" data-medium-file=\"https:\/\/i0.wp.com\/blogdalucianaoliveira.com.br\/blog\/wp-content\/uploads\/2025\/08\/IMG_5585.jpeg?fit=300%2C200\" data-large-file=\"https:\/\/i0.wp.com\/blogdalucianaoliveira.com.br\/blog\/wp-content\/uploads\/2025\/08\/IMG_5585.jpeg?fit=600%2C400\" class=\"alignnone size-medium wp-image-37216\" src=\"https:\/\/i0.wp.com\/blogdalucianaoliveira.com.br\/blog\/wp-content\/uploads\/2025\/08\/IMG_5585.jpeg?resize=300%2C200\" alt=\"\" width=\"300\" height=\"200\" srcset=\"https:\/\/i0.wp.com\/blogdalucianaoliveira.com.br\/blog\/wp-content\/uploads\/2025\/08\/IMG_5585.jpeg?resize=300%2C200 300w, https:\/\/i0.wp.com\/blogdalucianaoliveira.com.br\/blog\/wp-content\/uploads\/2025\/08\/IMG_5585.jpeg?resize=1024%2C683 1024w, https:\/\/i0.wp.com\/blogdalucianaoliveira.com.br\/blog\/wp-content\/uploads\/2025\/08\/IMG_5585.jpeg?resize=768%2C512 768w, https:\/\/i0.wp.com\/blogdalucianaoliveira.com.br\/blog\/wp-content\/uploads\/2025\/08\/IMG_5585.jpeg?resize=1536%2C1024 1536w, https:\/\/i0.wp.com\/blogdalucianaoliveira.com.br\/blog\/wp-content\/uploads\/2025\/08\/IMG_5585.jpeg?resize=450%2C300 450w, https:\/\/i0.wp.com\/blogdalucianaoliveira.com.br\/blog\/wp-content\/uploads\/2025\/08\/IMG_5585.jpeg?w=1620 1620w, https:\/\/i0.wp.com\/blogdalucianaoliveira.com.br\/blog\/wp-content\/uploads\/2025\/08\/IMG_5585.jpeg?w=1200 1200w\" sizes=\"auto, (max-width: 300px) 100vw, 300px\" \/><\/p>\n<div>\n<h3 class=\"yiv5622600984gmail-post-title yiv5622600984entry-title\"><i style=\"font-size: 16px;\">Deputada defende regulariza\u00e7\u00e3o fundi\u00e1ria com justi\u00e7a social e prote\u00e7\u00e3o aos agricultores familiares em reuni\u00e3o com MDA e movimentos sociais<\/i><\/h3>\n<\/div>\n<p><!--more--><\/p>\n<div class=\"yiv5622600984gmail-post-description-container\">\n<p>Durante reuni\u00e3o realizada na manh\u00e3 desta quinta-feira (07), no audit\u00f3rio do Sindsef, a deputada estadual Cl\u00e1udia de Jesus (PT) fez um forte apelo em defesa da seguran\u00e7a jur\u00eddica dos pequenos agricultores familiares de Rond\u00f4nia. O encontro teve como foco o debate sobre o decreto que regulamenta a Lei 14.757\/2023, tema que tem gerado grande preocupa\u00e7\u00e3o entre entidades sociais, lideran\u00e7as rurais e organiza\u00e7\u00f5es de trabalhadores do campo.<\/p>\n<p>A reuni\u00e3o contou com a presen\u00e7a de representantes do Minist\u00e9rio do Desenvolvimento Agr\u00e1rio e Agricultura Familiar (MDA), entre eles Carlos Godin (Jur\u00eddico\/MDA), Mois\u00e9s Savian (secret\u00e1rio de Governan\u00e7a Fundi\u00e1ria) e Enrique Moura (chefe da Assessoria Especial do MDA). Tamb\u00e9m participaram representantes da Via Campesina e da Comiss\u00e3o Pastoral da Terra (CPT), que alertaram para os graves riscos de aumento dos conflitos agr\u00e1rios no estado.O movimento sindical esteve representado pela Federa\u00e7\u00e3o dos Trabalhadores Rurais Agricultores e Agricultoras Familiares do Estado de Rond\u00f4nia (FETAGRO), por meio de seu presidente, Manoel Carlos Dantas, e pela Federa\u00e7\u00e3o da Agricultura e Pecu\u00e1ria do Estado de Rond\u00f4nia (FAPERON), presidida por H\u00e9lio Dias de Souza.<\/p>\n<p>Al\u00e9m disso, esteve presente o chefe de gabinete da Presid\u00eancia do INCRA, Luiz Rodrigues de Oliveira, que ouviu as reivindica\u00e7\u00f5es das lideran\u00e7as e refor\u00e7ou o compromisso institucional com o di\u00e1logo e a media\u00e7\u00e3o de solu\u00e7\u00f5es.<\/p>\n<p><img data-recalc-dims=\"1\" loading=\"lazy\" decoding=\"async\" data-attachment-id=\"37217\" data-permalink=\"http:\/\/blogdalucianaoliveira.com.br\/blog\/2025\/08\/07\/durante-debate-sobre-decreto-da-lei-14-757-2023-claudia-de-jesus-cobra-seguranca-juridica-para-pequenos-agricultores-familiares\/img_5586\/\" data-orig-file=\"https:\/\/i0.wp.com\/blogdalucianaoliveira.com.br\/blog\/wp-content\/uploads\/2025\/08\/IMG_5586.jpeg?fit=1620%2C1080\" data-orig-size=\"1620,1080\" data-comments-opened=\"0\" data-image-meta=\"{&quot;aperture&quot;:&quot;4.5&quot;,&quot;credit&quot;:&quot;&quot;,&quot;camera&quot;:&quot;Canon EOS Rebel SL3&quot;,&quot;caption&quot;:&quot;&quot;,&quot;created_timestamp&quot;:&quot;1754559692&quot;,&quot;copyright&quot;:&quot;&quot;,&quot;focal_length&quot;:&quot;18&quot;,&quot;iso&quot;:&quot;1600&quot;,&quot;shutter_speed&quot;:&quot;0.016666666666667&quot;,&quot;title&quot;:&quot;&quot;,&quot;orientation&quot;:&quot;1&quot;}\" data-image-title=\"IMG_5586\" data-image-description=\"\" data-image-caption=\"\" data-medium-file=\"https:\/\/i0.wp.com\/blogdalucianaoliveira.com.br\/blog\/wp-content\/uploads\/2025\/08\/IMG_5586.jpeg?fit=300%2C200\" data-large-file=\"https:\/\/i0.wp.com\/blogdalucianaoliveira.com.br\/blog\/wp-content\/uploads\/2025\/08\/IMG_5586.jpeg?fit=600%2C400\" class=\"alignnone size-medium wp-image-37217\" src=\"https:\/\/i0.wp.com\/blogdalucianaoliveira.com.br\/blog\/wp-content\/uploads\/2025\/08\/IMG_5586.jpeg?resize=300%2C200\" alt=\"\" width=\"300\" height=\"200\" srcset=\"https:\/\/i0.wp.com\/blogdalucianaoliveira.com.br\/blog\/wp-content\/uploads\/2025\/08\/IMG_5586.jpeg?resize=300%2C200 300w, https:\/\/i0.wp.com\/blogdalucianaoliveira.com.br\/blog\/wp-content\/uploads\/2025\/08\/IMG_5586.jpeg?resize=1024%2C683 1024w, https:\/\/i0.wp.com\/blogdalucianaoliveira.com.br\/blog\/wp-content\/uploads\/2025\/08\/IMG_5586.jpeg?resize=768%2C512 768w, https:\/\/i0.wp.com\/blogdalucianaoliveira.com.br\/blog\/wp-content\/uploads\/2025\/08\/IMG_5586.jpeg?resize=1536%2C1024 1536w, https:\/\/i0.wp.com\/blogdalucianaoliveira.com.br\/blog\/wp-content\/uploads\/2025\/08\/IMG_5586.jpeg?resize=450%2C300 450w, https:\/\/i0.wp.com\/blogdalucianaoliveira.com.br\/blog\/wp-content\/uploads\/2025\/08\/IMG_5586.jpeg?w=1620 1620w, https:\/\/i0.wp.com\/blogdalucianaoliveira.com.br\/blog\/wp-content\/uploads\/2025\/08\/IMG_5586.jpeg?w=1200 1200w\" sizes=\"auto, (max-width: 300px) 100vw, 300px\" \/><\/p>\n<p>Durante as discuss\u00f5es, os movimentos sociais alertaram para os riscos concretos de aumento dos conflitos agr\u00e1rios no estado, destacando que a regulamenta\u00e7\u00e3o da lei pode favorecer a grilagem de terras e amea\u00e7ar comunidades inteiras que vivem h\u00e1 d\u00e9cadas da agricultura familiar, cumprindo a fun\u00e7\u00e3o social da terra.<\/p>\n<p>Cl\u00e1udia de Jesus refor\u00e7ou a import\u00e2ncia de escutar os trabalhadores e trabalhadoras do campo:<\/p>\n<blockquote><p>\u201cPrecisamos unir for\u00e7as para reduzir os efeitos negativos sobre os que mais precisam. Seguran\u00e7a jur\u00eddica para quem trabalha e produz \u00e9 uma quest\u00e3o de justi\u00e7a e dignidade\u201d, afirmou.<\/p><\/blockquote>\n<p>A deputada destacou que o Governo Federal tem demonstrado abertura ao di\u00e1logo e que, durante o encontro, foi reafirmado o compromisso de adotar todas as medidas necess\u00e1rias para n\u00e3o prejudicar os agricultores envolvidos no processo de regulariza\u00e7\u00e3o fundi\u00e1ria.<\/p>\n<div class=\"yiv5622600984gmail-separator\"><\/div>\n<p>No entanto, ela alertou que o governo precisa agir com muita cautela, de forma que a regulamenta\u00e7\u00e3o atenda \u00e0 legisla\u00e7\u00e3o vigente sem causar conflitos no campo.<\/p>\n<blockquote><p>\u201cN\u00e3o podemos permitir que sejam privilegiados aqueles que n\u00e3o ocupam as terras ou que n\u00e3o est\u00e3o cumprindo a fun\u00e7\u00e3o social prevista no Estatuto da Terra. Nossa luta \u00e9 pela justi\u00e7a no campo, com responsabilidade e equil\u00edbrio\u201d, frisou Cl\u00e1udia.<\/p><\/blockquote>\n<p>A parlamentar tamb\u00e9m relembrou que o presidente Luiz In\u00e1cio Lula da Silva vetou trechos da Lei 14.757\/2023 justamente por entender que a medida poderia causar inseguran\u00e7a jur\u00eddica e contrariar o interesse p\u00fablico. Contudo, o Congresso Nacional optou por derrubar o veto presidencial, reacendendo as discuss\u00f5es sobre os impactos da legisla\u00e7\u00e3o nas \u00e1reas de reforma agr\u00e1ria e assentamentos.<\/p>\n<p>Cl\u00e1udia de Jesus reafirmou seu compromisso com a reforma agr\u00e1ria popular, democr\u00e1tica e participativa, destacando a defesa dos pequenos produtores de Rond\u00f4nia como uma das principais bandeiras de seu mandato.<\/p>\n<\/div>\n","protected":false},"excerpt":{"rendered":"<p>Deputada defende regulariza\u00e7\u00e3o fundi\u00e1ria com justi\u00e7a social e prote\u00e7\u00e3o aos agricultores familiares em reuni\u00e3o com MDA e movimentos sociais<\/p>\n","protected":false},"author":1,"featured_media":0,"comment_status":"closed","ping_status":"open","sticky":false,"template":"","format":"standard","meta":{"_exactmetrics_skip_tracking":false,"_exactmetrics_sitenote_active":false,"_exactmetrics_sitenote_note":"","_exactmetrics_sitenote_category":0,"jetpack_post_was_ever_published":false,"_jetpack_newsletter_access":"","_jetpack_dont_email_post_to_subs":false,"_jetpack_newsletter_tier_id":0,"_jetpack_memberships_contains_paywalled_content":false,"_jetpack_memberships_contains_paid_content":false,"footnotes":"","jetpack_publicize_message":"","jetpack_publicize_feature_enabled":true,"jetpack_social_post_already_shared":true,"jetpack_social_options":{"image_generator_settings":{"template":"highway","enabled":false},"version":2}},"categories":[1],"tags":[1429,499],"class_list":["post-37215","post","type-post","status-publish","format-standard","hentry","category-notas","tag-deputada-claudia-de-jesus","tag-regularizacao"],"jetpack_publicize_connections":[],"jetpack_sharing_enabled":true,"jetpack_featured_media_url":"","jetpack_shortlink":"https:\/\/wp.me\/p7wKYW-9Gf","jetpack-related-posts":[],"_links":{"self":[{"href":"http:\/\/blogdalucianaoliveira.com.br\/blog\/wp-json\/wp\/v2\/posts\/37215","targetHints":{"allow":["GET"]}}],"collection":[{"href":"http:\/\/blogdalucianaoliveira.com.br\/blog\/wp-json\/wp\/v2\/posts"}],"about":[{"href":"http:\/\/blogdalucianaoliveira.com.br\/blog\/wp-json\/wp\/v2\/types\/post"}],"author":[{"embeddable":true,"href":"http:\/\/blogdalucianaoliveira.com.br\/blog\/wp-json\/wp\/v2\/users\/1"}],"replies":[{"embeddable":true,"href":"http:\/\/blogdalucianaoliveira.com.br\/blog\/wp-json\/wp\/v2\/comments?post=37215"}],"version-history":[{"count":3,"href":"http:\/\/blogdalucianaoliveira.com.br\/blog\/wp-json\/wp\/v2\/posts\/37215\/revisions"}],"predecessor-version":[{"id":37220,"href":"http:\/\/blogdalucianaoliveira.com.br\/blog\/wp-json\/wp\/v2\/posts\/37215\/revisions\/37220"}],"wp:attachment":[{"href":"http:\/\/blogdalucianaoliveira.com.br\/blog\/wp-json\/wp\/v2\/media?parent=37215"}],"wp:term":[{"taxonomy":"category","embeddable":true,"href":"http:\/\/blogdalucianaoliveira.com.br\/blog\/wp-json\/wp\/v2\/categories?post=37215"},{"taxonomy":"post_tag","embeddable":true,"href":"http:\/\/blogdalucianaoliveira.com.br\/blog\/wp-json\/wp\/v2\/tags?post=37215"}],"curies":[{"name":"wp","href":"https:\/\/api.w.org\/{rel}","templated":true}]}}