{"id":37230,"date":"2025-08-10T18:32:00","date_gmt":"2025-08-10T22:32:00","guid":{"rendered":"https:\/\/blogdalucianaoliveira.com.br\/blog\/?p=37230"},"modified":"2025-08-10T18:32:00","modified_gmt":"2025-08-10T22:32:00","slug":"30-anos-do-massacre-de-corumbiara-ro-entidades-convocam-ato-publico-em-memoria-as-vitimas","status":"publish","type":"post","link":"http:\/\/blogdalucianaoliveira.com.br\/blog\/2025\/08\/10\/30-anos-do-massacre-de-corumbiara-ro-entidades-convocam-ato-publico-em-memoria-as-vitimas\/","title":{"rendered":"30 anos do Massacre de Corumbiara (RO): entidades convocam ato p\u00fablico em mem\u00f3ria \u00e0s v\u00edtimas"},"content":{"rendered":"<p><img data-recalc-dims=\"1\" loading=\"lazy\" decoding=\"async\" data-attachment-id=\"37231\" data-permalink=\"http:\/\/blogdalucianaoliveira.com.br\/blog\/2025\/08\/10\/30-anos-do-massacre-de-corumbiara-ro-entidades-convocam-ato-publico-em-memoria-as-vitimas\/img_5792\/\" data-orig-file=\"https:\/\/i0.wp.com\/blogdalucianaoliveira.com.br\/blog\/wp-content\/uploads\/2025\/08\/IMG_5792.jpeg?fit=800%2C600\" data-orig-size=\"800,600\" data-comments-opened=\"0\" data-image-meta=\"{&quot;aperture&quot;:&quot;0&quot;,&quot;credit&quot;:&quot;&quot;,&quot;camera&quot;:&quot;&quot;,&quot;caption&quot;:&quot;&quot;,&quot;created_timestamp&quot;:&quot;0&quot;,&quot;copyright&quot;:&quot;&quot;,&quot;focal_length&quot;:&quot;0&quot;,&quot;iso&quot;:&quot;0&quot;,&quot;shutter_speed&quot;:&quot;0&quot;,&quot;title&quot;:&quot;&quot;,&quot;orientation&quot;:&quot;0&quot;}\" data-image-title=\"IMG_5792\" data-image-description=\"\" data-image-caption=\"\" data-medium-file=\"https:\/\/i0.wp.com\/blogdalucianaoliveira.com.br\/blog\/wp-content\/uploads\/2025\/08\/IMG_5792.jpeg?fit=300%2C225\" data-large-file=\"https:\/\/i0.wp.com\/blogdalucianaoliveira.com.br\/blog\/wp-content\/uploads\/2025\/08\/IMG_5792.jpeg?fit=600%2C450\" class=\"alignnone size-medium wp-image-37231 alignleft\" src=\"https:\/\/i0.wp.com\/blogdalucianaoliveira.com.br\/blog\/wp-content\/uploads\/2025\/08\/IMG_5792.jpeg?resize=300%2C225\" alt=\"\" width=\"300\" height=\"225\" srcset=\"https:\/\/i0.wp.com\/blogdalucianaoliveira.com.br\/blog\/wp-content\/uploads\/2025\/08\/IMG_5792.jpeg?resize=300%2C225 300w, https:\/\/i0.wp.com\/blogdalucianaoliveira.com.br\/blog\/wp-content\/uploads\/2025\/08\/IMG_5792.jpeg?resize=768%2C576 768w, https:\/\/i0.wp.com\/blogdalucianaoliveira.com.br\/blog\/wp-content\/uploads\/2025\/08\/IMG_5792.jpeg?resize=400%2C300 400w, https:\/\/i0.wp.com\/blogdalucianaoliveira.com.br\/blog\/wp-content\/uploads\/2025\/08\/IMG_5792.jpeg?w=800 800w\" sizes=\"auto, (max-width: 300px) 100vw, 300px\" \/><\/p>\n<p>O maior conflito agr\u00e1rio j\u00e1 registrado em Rond\u00f4nia e um dos mais brutais da hist\u00f3ria recente do Brasil, ocorrido em 9 de agosto de 1995, completa 30 anos neste s\u00e1bado. As imagens e relatos dos crimes cometidos em Corumbiara chocaram o mundo, diante da brutalidade perpetrada pela pol\u00edcia militar de Rond\u00f4nia contra as cerca de 600 fam\u00edlias que estavam acampadas na Fazenda Santa Elina.<!--more--><\/p>\n<p>Uma extensa programa\u00e7\u00e3o est\u00e1 prevista para marcar a\u00a0mem\u00f3ria das v\u00edtimas da Heroica Resist\u00eancia Camponesa de Corumbiara, como foi batizado o epis\u00f3dio por aqueles que sobreviveram. Neste s\u00e1bado (9) ocorrer\u00e1 uma manifesta\u00e7\u00e3o convocada pelo Comit\u00ea em Defesa das V\u00edtimas de Santa Elina (Codevise), Grupos de Pesquisa da Universidade Federal de Rond\u00f4nia e do Instituto Federal de Educa\u00e7\u00e3o, Ci\u00eancia e Tecnologia de Rond\u00f4nia (IFRO) e por entidades dos movimentos sociais e sindical. O ANDES-SN estar\u00e1 representado pela sua se\u00e7\u00e3o sindical, a Associa\u00e7\u00e3o dos Docentes da Universidade Federal de Rond\u00f4nia (Adunir SSind).<\/p>\n<p>De acordo com Marilsa Miranda, diretora da Adunir SSind, o ato, previsto para ocorrer \u00e0s 10h na Pra\u00e7a da Igreja da Matriz, tem como pautas centrais a titula\u00e7\u00e3o das terras, a indeniza\u00e7\u00e3o para todas as v\u00edtimas do conflito de 1995, a concess\u00e3o de financiamento e a demarca\u00e7\u00e3o de todas as terras ind\u00edgenas. \u201cO Estado brasileiro ainda n\u00e3o indenizou as v\u00edtimas do conflito, sobretudo os familiares das v\u00edtimas fatais, mesmo havendo decis\u00e3o da Corte Interamericana de Direitos Humanos\u201d, lembra a docente.<\/p>\n<p>O ato tamb\u00e9m denunciar\u00e1 a estrat\u00e9gia de criminaliza\u00e7\u00e3o dos movimentos sociais e os crimes do latif\u00fandio contra os camponeses. A diretora da se\u00e7\u00e3o sindical conta que, recentemente, a Liga dos Camponeses Pobres de Rond\u00f4nia (LCP) tem sofrido uma campanha de criminaliza\u00e7\u00e3o por parte dos monop\u00f3lios de comunica\u00e7\u00e3o e agentes estatais.<\/p>\n<p>\u201cA regi\u00e3o \u00e9 pr\u00f3xima de Terras Ind\u00edgenas, que sofrem press\u00e3o de latifundi\u00e1rios, como a Terra Ind\u00edgena Tanaru, onde vivia o denominado \u201c\u00edndio do Buraco\u201d, \u00faltimo remanescente do seu povo, que morreu a cerca de dois anos\u201d, explica.<\/p>\n<p>Ainda seguindo a programa\u00e7\u00e3o de atividades, uma s\u00e9rie de reuni\u00f5es e debates ocorrer\u00e3o na antiga sede da fazenda, onde hoje mais de 750 fam\u00edlias det\u00eam a posse da terra, nos assentamentos Z\u00e9 Bent\u00e3o, Alberico Carvalho, Alzira Augusto Monteiro, Renato Natan, Maranata e Maranata II. Os assentamentos foram criados ap\u00f3s duas ocupa\u00e7\u00f5es, que ocorreram em 2008 e 2010, dirigidas pela LCP.<\/p>\n<p><img data-recalc-dims=\"1\" loading=\"lazy\" decoding=\"async\" src=\"https:\/\/i0.wp.com\/www.andes.org.br\/diretorios\/images\/renata\/2025\/30\/LCP2.jpeg?resize=600%2C424\" alt=\"\" width=\"600\" height=\"424\" \/><\/p>\n<p><strong>Heroica Resist\u00eancia Camponesa de Corumbiara\u00a0<\/strong><br \/>\nEm 1995, cerca 300 homens, entre pistoleiros e policiais militares, atacaram as fam\u00edlias que ocupavam a Fazenda Santa Elina, em Corumbiara, no sul de Rond\u00f4nia. Ap\u00f3s horas de conflito, as trabalhadoras e trabalhadores rurais foram rendidos e submetidos a violentas torturas. Dez trabalhadores rurais e uma crian\u00e7a foram assassinados, dezenas desapareceram e 350 foram feridos. Dois policiais tamb\u00e9m morreram.<\/p>\n<p>Tr\u00eas policiais militares e dois trabalhadores sem-terra foram condenados. Ap\u00f3s o Massacre de Corumbiara surgiu a Liga dos Camponeses Pobres (LCP), criada a partir da uni\u00e3o de sindicatos urbanos com o Movimento Campon\u00eas Corumbiara, que aglutinou os sobreviventes. Fundada em 1999, a liga \u00e9 hoje um dos principais movimentos sociais de Rond\u00f4nia em defesa da revolu\u00e7\u00e3o agr\u00e1ria.<\/p>\n<p><strong>Ataque da PM\u00a0<\/strong><br \/>\n\u00c0s v\u00e9speras dos 30 anos da Heroica Resist\u00eancia Camponesa de Corumbiara, na manh\u00e3 desta sexta-feira (8), a \u00c1rea Valdiro Chagas, na cidade de Machadinho d&#8217;Oeste (RO), foi palco de mais um grave epis\u00f3dio de viol\u00eancia do Estado contra camponeses, conforme denuncia uma nota da Associa\u00e7\u00e3o Brasileira dos Advogados do Povo (Abrapo).<\/p>\n<p>Segundo a entidade, tropas do Batalh\u00e3o de Opera\u00e7\u00f5es Especiais da Pol\u00edcia Militar do estado (Bope) realizaram voos rasantes com helic\u00f3pteros e efetuaram diversos disparos de arma de fogo na regi\u00e3o, aterrorizando as fam\u00edlias que vivem e trabalham na terra. Um campon\u00eas foi morto pela PM, fato confirmado pelo pr\u00f3prio comandante do \u00f3rg\u00e3o, de acordo com a Abrapo.<\/p>\n<p>\u201cA a\u00e7\u00e3o ocorre \u00e0s v\u00e9speras dos 30 anos do Heroica Resist\u00eancia Camponesa de Santa Elina que ceifou a vida de dezenas de camponeses, tal epis\u00f3dio \u00e9 emblem\u00e1tico da luta pela terra no Brasil e s\u00edmbolo da resist\u00eancia camponesa frente \u00e0 repress\u00e3o brutal do latif\u00fandio e do Estado burgu\u00eas. O momento exigia respeito, mem\u00f3ria e justi\u00e7a \u2014 n\u00e3o a repeti\u00e7\u00e3o dos mesmos crimes\u201d, alerta a entidade.<\/p>\n","protected":false},"excerpt":{"rendered":"<p>O maior conflito agr\u00e1rio j\u00e1 registrado em Rond\u00f4nia e um dos mais brutais da hist\u00f3ria recente do Brasil, ocorrido em 9 de agosto de 1995, completa 30 anos neste s\u00e1bado. As imagens e relatos dos crimes cometidos em Corumbiara chocaram o mundo, diante da brutalidade perpetrada pela pol\u00edcia militar de Rond\u00f4nia contra as cerca de&#8230;<a class=\"more-link\" href=\"http:\/\/blogdalucianaoliveira.com.br\/blog\/2025\/08\/10\/30-anos-do-massacre-de-corumbiara-ro-entidades-convocam-ato-publico-em-memoria-as-vitimas\/\">Continue a leitura <span class=\"meta-nav\">&raquo;<\/span><\/a><\/p>\n","protected":false},"author":1,"featured_media":0,"comment_status":"closed","ping_status":"open","sticky":false,"template":"","format":"standard","meta":{"_exactmetrics_skip_tracking":false,"_exactmetrics_sitenote_active":false,"_exactmetrics_sitenote_note":"","_exactmetrics_sitenote_category":0,"jetpack_post_was_ever_published":false,"_jetpack_newsletter_access":"","_jetpack_dont_email_post_to_subs":false,"_jetpack_newsletter_tier_id":0,"_jetpack_memberships_contains_paywalled_content":false,"_jetpack_memberships_contains_paid_content":false,"footnotes":"","jetpack_publicize_message":"","jetpack_publicize_feature_enabled":true,"jetpack_social_post_already_shared":true,"jetpack_social_options":{"image_generator_settings":{"template":"highway","enabled":false},"version":2}},"categories":[1],"tags":[],"class_list":["post-37230","post","type-post","status-publish","format-standard","hentry","category-notas"],"jetpack_publicize_connections":[],"jetpack_sharing_enabled":true,"jetpack_featured_media_url":"","jetpack_shortlink":"https:\/\/wp.me\/p7wKYW-9Gu","jetpack-related-posts":[],"_links":{"self":[{"href":"http:\/\/blogdalucianaoliveira.com.br\/blog\/wp-json\/wp\/v2\/posts\/37230","targetHints":{"allow":["GET"]}}],"collection":[{"href":"http:\/\/blogdalucianaoliveira.com.br\/blog\/wp-json\/wp\/v2\/posts"}],"about":[{"href":"http:\/\/blogdalucianaoliveira.com.br\/blog\/wp-json\/wp\/v2\/types\/post"}],"author":[{"embeddable":true,"href":"http:\/\/blogdalucianaoliveira.com.br\/blog\/wp-json\/wp\/v2\/users\/1"}],"replies":[{"embeddable":true,"href":"http:\/\/blogdalucianaoliveira.com.br\/blog\/wp-json\/wp\/v2\/comments?post=37230"}],"version-history":[{"count":2,"href":"http:\/\/blogdalucianaoliveira.com.br\/blog\/wp-json\/wp\/v2\/posts\/37230\/revisions"}],"predecessor-version":[{"id":37233,"href":"http:\/\/blogdalucianaoliveira.com.br\/blog\/wp-json\/wp\/v2\/posts\/37230\/revisions\/37233"}],"wp:attachment":[{"href":"http:\/\/blogdalucianaoliveira.com.br\/blog\/wp-json\/wp\/v2\/media?parent=37230"}],"wp:term":[{"taxonomy":"category","embeddable":true,"href":"http:\/\/blogdalucianaoliveira.com.br\/blog\/wp-json\/wp\/v2\/categories?post=37230"},{"taxonomy":"post_tag","embeddable":true,"href":"http:\/\/blogdalucianaoliveira.com.br\/blog\/wp-json\/wp\/v2\/tags?post=37230"}],"curies":[{"name":"wp","href":"https:\/\/api.w.org\/{rel}","templated":true}]}}