{"id":37234,"date":"2025-08-10T18:34:59","date_gmt":"2025-08-10T22:34:59","guid":{"rendered":"https:\/\/blogdalucianaoliveira.com.br\/blog\/?p=37234"},"modified":"2025-08-10T18:34:59","modified_gmt":"2025-08-10T22:34:59","slug":"lula-anuncia-pacote-de-investimentos-em-rondonia-e-e-recebido-com-entusiasmo-pela-deputada-claudia-de-jesus-e-pela-militancia-petista","status":"publish","type":"post","link":"http:\/\/blogdalucianaoliveira.com.br\/blog\/2025\/08\/10\/lula-anuncia-pacote-de-investimentos-em-rondonia-e-e-recebido-com-entusiasmo-pela-deputada-claudia-de-jesus-e-pela-militancia-petista\/","title":{"rendered":"Lula anuncia pacote de investimentos em Rond\u00f4nia e \u00e9 recebido com entusiasmo pela deputada Cl\u00e1udia de Jesus e pela milit\u00e2ncia petista"},"content":{"rendered":"<p><img data-recalc-dims=\"1\" loading=\"lazy\" decoding=\"async\" data-attachment-id=\"37235\" data-permalink=\"http:\/\/blogdalucianaoliveira.com.br\/blog\/2025\/08\/10\/lula-anuncia-pacote-de-investimentos-em-rondonia-e-e-recebido-com-entusiasmo-pela-deputada-claudia-de-jesus-e-pela-militancia-petista\/50af0569-0833-48a2-ba24-7a8b172515d3\/\" data-orig-file=\"https:\/\/i0.wp.com\/blogdalucianaoliveira.com.br\/blog\/wp-content\/uploads\/2025\/08\/50AF0569-0833-48A2-BA24-7A8B172515D3.jpeg?fit=1095%2C640\" data-orig-size=\"1095,640\" data-comments-opened=\"0\" data-image-meta=\"{&quot;aperture&quot;:&quot;0&quot;,&quot;credit&quot;:&quot;&quot;,&quot;camera&quot;:&quot;&quot;,&quot;caption&quot;:&quot;&quot;,&quot;created_timestamp&quot;:&quot;0&quot;,&quot;copyright&quot;:&quot;&quot;,&quot;focal_length&quot;:&quot;0&quot;,&quot;iso&quot;:&quot;0&quot;,&quot;shutter_speed&quot;:&quot;0&quot;,&quot;title&quot;:&quot;&quot;,&quot;orientation&quot;:&quot;1&quot;}\" data-image-title=\"50AF0569-0833-48A2-BA24-7A8B172515D3\" data-image-description=\"\" data-image-caption=\"\" data-medium-file=\"https:\/\/i0.wp.com\/blogdalucianaoliveira.com.br\/blog\/wp-content\/uploads\/2025\/08\/50AF0569-0833-48A2-BA24-7A8B172515D3.jpeg?fit=300%2C175\" data-large-file=\"https:\/\/i0.wp.com\/blogdalucianaoliveira.com.br\/blog\/wp-content\/uploads\/2025\/08\/50AF0569-0833-48A2-BA24-7A8B172515D3.jpeg?fit=600%2C351\" class=\"alignnone size-medium wp-image-37235\" src=\"https:\/\/i0.wp.com\/blogdalucianaoliveira.com.br\/blog\/wp-content\/uploads\/2025\/08\/50AF0569-0833-48A2-BA24-7A8B172515D3.jpeg?resize=300%2C175\" alt=\"\" width=\"300\" height=\"175\" srcset=\"https:\/\/i0.wp.com\/blogdalucianaoliveira.com.br\/blog\/wp-content\/uploads\/2025\/08\/50AF0569-0833-48A2-BA24-7A8B172515D3.jpeg?resize=300%2C175 300w, https:\/\/i0.wp.com\/blogdalucianaoliveira.com.br\/blog\/wp-content\/uploads\/2025\/08\/50AF0569-0833-48A2-BA24-7A8B172515D3.jpeg?resize=1024%2C599 1024w, https:\/\/i0.wp.com\/blogdalucianaoliveira.com.br\/blog\/wp-content\/uploads\/2025\/08\/50AF0569-0833-48A2-BA24-7A8B172515D3.jpeg?resize=768%2C449 768w, https:\/\/i0.wp.com\/blogdalucianaoliveira.com.br\/blog\/wp-content\/uploads\/2025\/08\/50AF0569-0833-48A2-BA24-7A8B172515D3.jpeg?resize=513%2C300 513w, https:\/\/i0.wp.com\/blogdalucianaoliveira.com.br\/blog\/wp-content\/uploads\/2025\/08\/50AF0569-0833-48A2-BA24-7A8B172515D3.jpeg?w=1095 1095w\" sizes=\"auto, (max-width: 300px) 100vw, 300px\" \/><br \/>\n<i>Com aportes federais in\u00e9ditos no estado, a deputada enfatiza a import\u00e2ncia da agenda e celebra os progressos em educa\u00e7\u00e3o, infraestrutura e energia<\/i><!--more--><\/p>\n<p>Em cerim\u00f4nia realizada nesta sexta-feira (8), no Teatro Estadual Pal\u00e1cio das Artes, o presidente Luiz In\u00e1cio Lula da Silva anunciou um abrangente pacote de investimentos para o desenvolvimento social, econ\u00f4mico e ambiental de Rond\u00f4nia.<\/p>\n<p>A deputada estadual Cl\u00e1udia de Jesus, presente no evento, parabenizou o presidente Lula pela retomada de investimentos estrat\u00e9gicos no estado, como a constru\u00e7\u00e3o da ponte binacional sobre o Rio Mamor\u00e9, a implanta\u00e7\u00e3o do primeiro Hospital Universit\u00e1rio da Unir, a\u00e7\u00f5es voltadas \u00e0 educa\u00e7\u00e3o, infraestrutura, energia e reforma agr\u00e1ria.<\/p>\n<div class=\"yiv4084677540gmail-separator\"><a href=\"https:\/\/blogger.googleusercontent.com\/img\/b\/R29vZ2xl\/AVvXsEid42ollTo7AZ4PNj84oj2WEEA7ciI9ZfQWX16bsxSHEAp-Na3Rn3JRY6biFplwQXdZ0vP8MGr4C5-TJyg1Dk2M75nimQI_hHdB-RFSLpkGFZydnylCW0OJ_vsYJ6SqTlXZVzuGSW1GlcZJ0C0iBolQH6BuHvJUXIIA1PX7FY3eCOjat5z1zDVWaOrrFtY\/s799\/Lula-rondonia-1.jpg\" target=\"_blank\" rel=\"nofollow noopener noreferrer\"><img decoding=\"async\" src=\"https:\/\/ecp.yusercontent.com\/mail?url=https%3A%2F%2Fblogger.googleusercontent.com%2Fimg%2Fb%2FR29vZ2xl%2FAVvXsEid42ollTo7AZ4PNj84oj2WEEA7ciI9ZfQWX16bsxSHEAp-Na3Rn3JRY6biFplwQXdZ0vP8MGr4C5-TJyg1Dk2M75nimQI_hHdB-RFSLpkGFZydnylCW0OJ_vsYJ6SqTlXZVzuGSW1GlcZJ0C0iBolQH6BuHvJUXIIA1PX7FY3eCOjat5z1zDVWaOrrFtY%2Fs16000%2FLula-rondonia-1.jpg&amp;t=1754757332&amp;ymreqid=7d517b7e-2aed-7ea0-21eb-940017010a00&amp;sig=0sd9qZKSDkEZKPXMVZ_qoQ--~D\" border=\"0\" data-hasonload2=\"true\" \/><\/a><\/div>\n<div>Foto \u2013 Ricardo Stuckert-Semcom<\/div>\n<div class=\"yiv4084677540gmail-separator\"><\/div>\n<p>Cl\u00e1udia tamb\u00e9m enalteceu o engajamento da milit\u00e2ncia local, destacando o papel fundamental da participa\u00e7\u00e3o popular no fortalecimento das pol\u00edticas anunciadas. \u201c\u00c9 com imensa satisfa\u00e7\u00e3o que vejo a presen\u00e7a ativa de nossa milit\u00e2ncia, que demonstra compromisso com a transforma\u00e7\u00e3o e o futuro de Rond\u00f4nia\u201d, afirmou a parlamentar.<\/p>\n<div class=\"yiv4084677540gmail-separator\"><a href=\"https:\/\/blogger.googleusercontent.com\/img\/b\/R29vZ2xl\/AVvXsEgD0CZn6UxSfRnrc_kTTh7TAKaz3kjdc0t9mCZTyvSW1zImbyIuank2LQeGDpiTQQLRSOuDOZlyhaDS3KU4ZsZfmJjDmIYkEUpJEgZ8kqgDSaZYC6l-UHrKyzRVtLj5zGVOhv3EbUP7A1OydUOOEmWjbXczFpN6qPmeFytxz-go7rg2oOSssbs7yWkSyiY\/s1600\/WhatsApp%20Image%202025-08-09%20at%2009.04.10.jpeg\" target=\"_blank\" rel=\"nofollow noopener noreferrer\"><img decoding=\"async\" src=\"https:\/\/ecp.yusercontent.com\/mail?url=https%3A%2F%2Fblogger.googleusercontent.com%2Fimg%2Fb%2FR29vZ2xl%2FAVvXsEgD0CZn6UxSfRnrc_kTTh7TAKaz3kjdc0t9mCZTyvSW1zImbyIuank2LQeGDpiTQQLRSOuDOZlyhaDS3KU4ZsZfmJjDmIYkEUpJEgZ8kqgDSaZYC6l-UHrKyzRVtLj5zGVOhv3EbUP7A1OydUOOEmWjbXczFpN6qPmeFytxz-go7rg2oOSssbs7yWkSyiY%2Fs16000%2FWhatsApp%2520Image%25202025-08-09%2520at%252009.04.10.jpeg&amp;t=1754757332&amp;ymreqid=7d517b7e-2aed-7ea0-21eb-940017010a00&amp;sig=wvcaRo8zIW457u.PNinjSw--~D\" border=\"0\" data-hasonload2=\"true\" \/><\/a><\/div>\n<p>Durante a cerim\u00f4nia, o presidente Lula ressaltou a satisfa\u00e7\u00e3o de retornar ao estado, citando a necessidade de reconstru\u00e7\u00e3o do que havia sido desmantelado. Foram destacadas iniciativas como t\u00edtulos de terra, o programa Luz para Todos, e a promessa de retorno para inaugura\u00e7\u00e3o do hospital universit\u00e1rio.<\/p>\n<p>Entre as obras anunciadas, destacam-se:<\/p>\n<p>\u2022A ponte binacional sobre o Rio Mamor\u00e9, or\u00e7ada em R$ 421 milh\u00f5es, que ligar\u00e1 Guajar\u00e1-Mirim (RO) \u00e0 Bol\u00edvia.<\/p>\n<p>\u2022O Hospital Universit\u00e1rio da Unir \u00e9 resultado de coopera\u00e7\u00e3o t\u00e9cnica com a Universidade Federal de Rond\u00f4nia, Ebserh e prefeitura de Porto Velho.<\/p>\n<p>\u2022Investimentos de R$ 276 milh\u00f5es em educa\u00e7\u00e3o via Novo PAC, al\u00e9m de a\u00e7\u00f5es como a Cl\u00ednica Veterin\u00e1ria da Unir (R$ 5,9 milh\u00f5es), o Teatro Universit\u00e1rio (R$ 1,4 milh\u00e3o apenas em 2025), e a constru\u00e7\u00e3o do campus do IFRO em Buritis (R$ 25 milh\u00f5es).<\/p>\n<p>\u2022Infraestrutura: 12 creches (R$ 49 milh\u00f5es), 10 \u00f4nibus escolares (R$ 4,8 milh\u00f5es).<\/p>\n<p>\u2022Energia: 8\u00aa tranche do Luz para Todos, com R$ 173,9 milh\u00f5es para beneficiar 5.779 fam\u00edlias rurais.<\/p>\n<p>\u2022Reforma agr\u00e1ria: 120 t\u00edtulos de propriedade, regulariza\u00e7\u00e3o fundi\u00e1ria em 10 mil hectares, investimentos em cr\u00e9dito fundi\u00e1rio e instala\u00e7\u00e3o, totalizando dezenas de milh\u00f5es de reais.<\/p>\n<p>A deputada estadual Cl\u00e1udia de Jesus destacou que acompanhar\u00e1 de perto todas as etapas das obras e investimentos anunciados, fiscalizando a execu\u00e7\u00e3o e garantindo que os recursos cheguem efetivamente \u00e0 popula\u00e7\u00e3o. Segundo ela, a prioridade \u00e9 assegurar que cada projeto seja conclu\u00eddo dentro do prazo e com a qualidade necess\u00e1ria para transformar a realidade das comunidades de Rond\u00f4nia.<\/p>\n<p>Texto: Fabr\u00edcia Lopes &#8211; assessoria parlamentar<\/p>\n","protected":false},"excerpt":{"rendered":"<p>Com aportes federais in\u00e9ditos no estado, a deputada enfatiza a import\u00e2ncia da agenda e celebra os progressos em educa\u00e7\u00e3o, infraestrutura e energia<\/p>\n","protected":false},"author":1,"featured_media":0,"comment_status":"closed","ping_status":"open","sticky":false,"template":"","format":"standard","meta":{"_exactmetrics_skip_tracking":false,"_exactmetrics_sitenote_active":false,"_exactmetrics_sitenote_note":"","_exactmetrics_sitenote_category":0,"jetpack_post_was_ever_published":false,"_jetpack_newsletter_access":"","_jetpack_dont_email_post_to_subs":false,"_jetpack_newsletter_tier_id":0,"_jetpack_memberships_contains_paywalled_content":false,"_jetpack_memberships_contains_paid_content":false,"footnotes":"","jetpack_publicize_message":"","jetpack_publicize_feature_enabled":true,"jetpack_social_post_already_shared":true,"jetpack_social_options":{"image_generator_settings":{"template":"highway","enabled":false},"version":2}},"categories":[1],"tags":[],"class_list":["post-37234","post","type-post","status-publish","format-standard","hentry","category-notas"],"jetpack_publicize_connections":[],"jetpack_sharing_enabled":true,"jetpack_featured_media_url":"","jetpack_shortlink":"https:\/\/wp.me\/p7wKYW-9Gy","jetpack-related-posts":[],"_links":{"self":[{"href":"http:\/\/blogdalucianaoliveira.com.br\/blog\/wp-json\/wp\/v2\/posts\/37234","targetHints":{"allow":["GET"]}}],"collection":[{"href":"http:\/\/blogdalucianaoliveira.com.br\/blog\/wp-json\/wp\/v2\/posts"}],"about":[{"href":"http:\/\/blogdalucianaoliveira.com.br\/blog\/wp-json\/wp\/v2\/types\/post"}],"author":[{"embeddable":true,"href":"http:\/\/blogdalucianaoliveira.com.br\/blog\/wp-json\/wp\/v2\/users\/1"}],"replies":[{"embeddable":true,"href":"http:\/\/blogdalucianaoliveira.com.br\/blog\/wp-json\/wp\/v2\/comments?post=37234"}],"version-history":[{"count":1,"href":"http:\/\/blogdalucianaoliveira.com.br\/blog\/wp-json\/wp\/v2\/posts\/37234\/revisions"}],"predecessor-version":[{"id":37236,"href":"http:\/\/blogdalucianaoliveira.com.br\/blog\/wp-json\/wp\/v2\/posts\/37234\/revisions\/37236"}],"wp:attachment":[{"href":"http:\/\/blogdalucianaoliveira.com.br\/blog\/wp-json\/wp\/v2\/media?parent=37234"}],"wp:term":[{"taxonomy":"category","embeddable":true,"href":"http:\/\/blogdalucianaoliveira.com.br\/blog\/wp-json\/wp\/v2\/categories?post=37234"},{"taxonomy":"post_tag","embeddable":true,"href":"http:\/\/blogdalucianaoliveira.com.br\/blog\/wp-json\/wp\/v2\/tags?post=37234"}],"curies":[{"name":"wp","href":"https:\/\/api.w.org\/{rel}","templated":true}]}}