{"id":37237,"date":"2025-08-11T10:38:22","date_gmt":"2025-08-11T14:38:22","guid":{"rendered":"https:\/\/blogdalucianaoliveira.com.br\/blog\/?p=37237"},"modified":"2025-08-11T10:38:22","modified_gmt":"2025-08-11T14:38:22","slug":"governo-federal-ja-realizou-6-425-acoes-e-impos-r-477-milhoes-em-prejuizo-ao-garimpo-ilegal-na-terra-yanomami","status":"publish","type":"post","link":"http:\/\/blogdalucianaoliveira.com.br\/blog\/2025\/08\/11\/governo-federal-ja-realizou-6-425-acoes-e-impos-r-477-milhoes-em-prejuizo-ao-garimpo-ilegal-na-terra-yanomami\/","title":{"rendered":"Governo Federal j\u00e1 realizou 6.425 a\u00e7\u00f5es e imp\u00f4s R$ 477 milh\u00f5es em preju\u00edzo ao garimpo ilegal na Terra Yanomami"},"content":{"rendered":"<p><img data-recalc-dims=\"1\" loading=\"lazy\" decoding=\"async\" data-attachment-id=\"37238\" data-permalink=\"http:\/\/blogdalucianaoliveira.com.br\/blog\/2025\/08\/11\/governo-federal-ja-realizou-6-425-acoes-e-impos-r-477-milhoes-em-prejuizo-ao-garimpo-ilegal-na-terra-yanomami\/img_5803\/\" data-orig-file=\"https:\/\/i0.wp.com\/blogdalucianaoliveira.com.br\/blog\/wp-content\/uploads\/2025\/08\/IMG_5803.jpeg?fit=768%2C460\" data-orig-size=\"768,460\" data-comments-opened=\"0\" data-image-meta=\"{&quot;aperture&quot;:&quot;0&quot;,&quot;credit&quot;:&quot;&quot;,&quot;camera&quot;:&quot;&quot;,&quot;caption&quot;:&quot;&quot;,&quot;created_timestamp&quot;:&quot;0&quot;,&quot;copyright&quot;:&quot;&quot;,&quot;focal_length&quot;:&quot;0&quot;,&quot;iso&quot;:&quot;0&quot;,&quot;shutter_speed&quot;:&quot;0&quot;,&quot;title&quot;:&quot;&quot;,&quot;orientation&quot;:&quot;0&quot;}\" data-image-title=\"IMG_5803\" data-image-description=\"\" data-image-caption=\"\" data-medium-file=\"https:\/\/i0.wp.com\/blogdalucianaoliveira.com.br\/blog\/wp-content\/uploads\/2025\/08\/IMG_5803.jpeg?fit=300%2C180\" data-large-file=\"https:\/\/i0.wp.com\/blogdalucianaoliveira.com.br\/blog\/wp-content\/uploads\/2025\/08\/IMG_5803.jpeg?fit=600%2C359\" class=\"alignnone size-medium wp-image-37238\" src=\"https:\/\/i0.wp.com\/blogdalucianaoliveira.com.br\/blog\/wp-content\/uploads\/2025\/08\/IMG_5803.jpeg?resize=300%2C180\" alt=\"\" width=\"300\" height=\"180\" srcset=\"https:\/\/i0.wp.com\/blogdalucianaoliveira.com.br\/blog\/wp-content\/uploads\/2025\/08\/IMG_5803.jpeg?resize=300%2C180 300w, https:\/\/i0.wp.com\/blogdalucianaoliveira.com.br\/blog\/wp-content\/uploads\/2025\/08\/IMG_5803.jpeg?resize=501%2C300 501w, https:\/\/i0.wp.com\/blogdalucianaoliveira.com.br\/blog\/wp-content\/uploads\/2025\/08\/IMG_5803.jpeg?w=768 768w\" sizes=\"auto, (max-width: 300px) 100vw, 300px\" \/><\/p>\n<p>Ag\u00eancia Gov &#8211; Opera\u00e7\u00f5es estruturantes coordenadas pela Casa de Governo reduziram em 98% as \u00e1reas de garimpo ilegal na TIY \u2014 avan\u00e7o decisivo ap\u00f3s per\u00edodo de omiss\u00e3o que comprometeu a sa\u00fade e seguran\u00e7a dos povos ind\u00edgenas<!--more--><\/p>\n<p>A a\u00e7\u00e3o integrada do Governo Federal para combater o garimpo ilegal e proteger os povos ind\u00edgenas na Terra Ind\u00edgena Yanomami (TIY) vem apresentando resultados expressivos entre 2023 e 2025. Ap\u00f3s anos de neglig\u00eancia que amea\u00e7aram o territ\u00f3rio e os direitos das comunidades ind\u00edgenas, as opera\u00e7\u00f5es j\u00e1 causaram preju\u00edzos superiores a R$ 477 milh\u00f5es, com apreens\u00e3o de centenas de m\u00e1quinas, armas e destrui\u00e7\u00e3o de estruturas ilegais.<\/p>\n<p>Coordenada pela Casa Civil da Presid\u00eancia da Rep\u00fablica e criada em fevereiro de 2024, a Casa de Governo re\u00fane dezenas de \u00f3rg\u00e3os federais. Nesta segunda-feira (11), contabilizou 6.425 a\u00e7\u00f5es de combate, fiscaliza\u00e7\u00e3o e apoio humanit\u00e1rio. Na semana anterior, uma apreens\u00e3o recorde de 138 quilos de ouro perto de Boa Vista (RR) foi avaliada em R$ 82,2 milh\u00f5es, segundo cota\u00e7\u00e3o de sexta-feira (8).<\/p>\n<p>\u201cO governo Lula estabeleceu um marco hist\u00f3rico nessas a\u00e7\u00f5es integradas, garantindo sa\u00fade, di\u00e1logo e seguran\u00e7a para os povos ind\u00edgenas e a popula\u00e7\u00e3o de Roraima\u201d, afirmou a ministra dos Povos Ind\u00edgenas, Sonia Guajajara, ressaltando a import\u00e2ncia de medidas permanentes em di\u00e1logo com lideran\u00e7as ind\u00edgenas.<\/p>\n<h4><strong>Combate \u00e0 log\u00edstica do garimpo <\/strong><\/h4>\n<p>Em julho, o \u00edndice de \u00e1reas de garimpo ilegal na TIY caiu 98%. J\u00e1 foram destru\u00eddos 627 acampamentos, 207 embarca\u00e7\u00f5es, 101 balsas e 29 aeronaves, al\u00e9m de mais de 112 mil litros de diesel e 12 mil litros de gasolina inutilizados. Tamb\u00e9m foram destru\u00eddas\u00a0 59 pistas de pouso clandestinas.<\/p>\n<p>A\u00e7\u00f5es-surpresa s\u00e3o frequentes para enfraquecer as opera\u00e7\u00f5es ilegais. Em junho, a Opera\u00e7\u00e3o Asfixia totalizou mais de 220 horas de voo para identificar, apreender e destruir estruturas.<\/p>\n<p>O ministro da Casa Civil, Rui Costa, destaca: \u201cDepois de quatro anos de descaso e omiss\u00e3o (2019\u20132022), que colocaram em risco a vida e dignidade das comunidades ind\u00edgenas, nossa gest\u00e3o avan\u00e7a concretamente na prote\u00e7\u00e3o dos povos Yanomami, Ye\u2019kwana e San\u00f6ma\u201d.<\/p>\n<h4><strong>Fortalecimento da presen\u00e7a federal <\/strong><\/h4>\n<p>Novas estruturas permanentes est\u00e3o pr\u00f3ximas da inaugura\u00e7\u00e3o em Roraima, como o polo de sa\u00fade em Surucuru, o Centro de Refer\u00eancia em Direitos Humanos (CRDHYY) e o Centro de Atendimento Integrado \u00e0 Crian\u00e7a Yanomami e Ye\u2019kwana (CAICYY). Em v\u00e1rias regi\u00f5es, a retomada do plantio de culturas tradicionais indica que as comunidades est\u00e3o reconstruindo sua subsist\u00eancia.<\/p>\n<h4><strong>Contexto cr\u00edtico e hist\u00f3rico <\/strong><\/h4>\n<p>Entre 2021 e 2022, a Terra Ind\u00edgena Yanomami enfrentou uma das maiores crises desde sua demarca\u00e7\u00e3o em 1992. O garimpo ilegal avan\u00e7ou rapidamente, impactando a sa\u00fade, o meio ambiente e a seguran\u00e7a das comunidades. A redu\u00e7\u00e3o da fiscaliza\u00e7\u00e3o e a fragiliza\u00e7\u00e3o das estruturas de prote\u00e7\u00e3o agravaram a crise humanit\u00e1ria.<\/p>\n<p>Levantamentos da Hutukara Associa\u00e7\u00e3o Yanomami e da Associa\u00e7\u00e3o Wanassedume Ye\u2019kwana indicam que, at\u00e9 2020, cerca de 2.400 hectares de floresta foram degradados pelo garimpo, n\u00famero que cresceu nos anos seguintes, sobretudo nas bacias dos rios Uraricoera, Mucaja\u00ed, Catrimani e Parima. \u00c1reas como Waik\u00e1s, Kayanau e Araca\u00e7\u00e1 concentraram os maiores danos.<\/p>\n<p>O avan\u00e7o do garimpo gerou aumento nos casos de mal\u00e1ria, picos de COVID-19 em comunidades isoladas, contamina\u00e7\u00e3o por merc\u00fario, conflitos e viol\u00eancia sexual. A presen\u00e7a dos invasores afastou a fauna, dificultando a ca\u00e7a e pesca tradicionais, enquanto o merc\u00fario contaminava os rios, elevando a desnutri\u00e7\u00e3o.<\/p>\n<p>Sem a\u00e7\u00f5es articuladas, o garimpo virou uma minera\u00e7\u00e3o de m\u00e9dio porte, com infraestrutura permanente, acampamentos consolidados e explora\u00e7\u00e3o em larga escala, cen\u00e1rio semelhante ao das d\u00e9cadas de 1980 e 1990, antes da desintrus\u00e3o que permitiu a demarca\u00e7\u00e3o da TI Yanomami.<\/p>\n","protected":false},"excerpt":{"rendered":"<p>Ag\u00eancia Gov &#8211; Opera\u00e7\u00f5es estruturantes coordenadas pela Casa de Governo reduziram em 98% as \u00e1reas de garimpo ilegal na TIY \u2014 avan\u00e7o decisivo ap\u00f3s per\u00edodo de omiss\u00e3o que comprometeu a sa\u00fade e seguran\u00e7a dos povos ind\u00edgenas<\/p>\n","protected":false},"author":1,"featured_media":0,"comment_status":"closed","ping_status":"open","sticky":false,"template":"","format":"standard","meta":{"_exactmetrics_skip_tracking":false,"_exactmetrics_sitenote_active":false,"_exactmetrics_sitenote_note":"","_exactmetrics_sitenote_category":0,"jetpack_post_was_ever_published":false,"_jetpack_newsletter_access":"","_jetpack_dont_email_post_to_subs":false,"_jetpack_newsletter_tier_id":0,"_jetpack_memberships_contains_paywalled_content":false,"_jetpack_memberships_contains_paid_content":false,"footnotes":"","jetpack_publicize_message":"","jetpack_publicize_feature_enabled":true,"jetpack_social_post_already_shared":true,"jetpack_social_options":{"image_generator_settings":{"template":"highway","enabled":false},"version":2}},"categories":[1],"tags":[195,44,1058,1442],"class_list":["post-37237","post","type-post","status-publish","format-standard","hentry","category-notas","tag-garimpo","tag-governo","tag-ilegal","tag-prejuizos"],"jetpack_publicize_connections":[],"jetpack_sharing_enabled":true,"jetpack_featured_media_url":"","jetpack_shortlink":"https:\/\/wp.me\/p7wKYW-9GB","jetpack-related-posts":[],"_links":{"self":[{"href":"http:\/\/blogdalucianaoliveira.com.br\/blog\/wp-json\/wp\/v2\/posts\/37237","targetHints":{"allow":["GET"]}}],"collection":[{"href":"http:\/\/blogdalucianaoliveira.com.br\/blog\/wp-json\/wp\/v2\/posts"}],"about":[{"href":"http:\/\/blogdalucianaoliveira.com.br\/blog\/wp-json\/wp\/v2\/types\/post"}],"author":[{"embeddable":true,"href":"http:\/\/blogdalucianaoliveira.com.br\/blog\/wp-json\/wp\/v2\/users\/1"}],"replies":[{"embeddable":true,"href":"http:\/\/blogdalucianaoliveira.com.br\/blog\/wp-json\/wp\/v2\/comments?post=37237"}],"version-history":[{"count":1,"href":"http:\/\/blogdalucianaoliveira.com.br\/blog\/wp-json\/wp\/v2\/posts\/37237\/revisions"}],"predecessor-version":[{"id":37239,"href":"http:\/\/blogdalucianaoliveira.com.br\/blog\/wp-json\/wp\/v2\/posts\/37237\/revisions\/37239"}],"wp:attachment":[{"href":"http:\/\/blogdalucianaoliveira.com.br\/blog\/wp-json\/wp\/v2\/media?parent=37237"}],"wp:term":[{"taxonomy":"category","embeddable":true,"href":"http:\/\/blogdalucianaoliveira.com.br\/blog\/wp-json\/wp\/v2\/categories?post=37237"},{"taxonomy":"post_tag","embeddable":true,"href":"http:\/\/blogdalucianaoliveira.com.br\/blog\/wp-json\/wp\/v2\/tags?post=37237"}],"curies":[{"name":"wp","href":"https:\/\/api.w.org\/{rel}","templated":true}]}}