{"id":37240,"date":"2025-08-11T10:42:48","date_gmt":"2025-08-11T14:42:48","guid":{"rendered":"https:\/\/blogdalucianaoliveira.com.br\/blog\/?p=37240"},"modified":"2025-08-11T10:42:48","modified_gmt":"2025-08-11T14:42:48","slug":"recuperacao-de-areas-degradadas-pode-contar-com-r-314-bilhoes","status":"publish","type":"post","link":"http:\/\/blogdalucianaoliveira.com.br\/blog\/2025\/08\/11\/recuperacao-de-areas-degradadas-pode-contar-com-r-314-bilhoes\/","title":{"rendered":"Recupera\u00e7\u00e3o de \u00e1reas degradadas pode contar com R$ 31,4 bilh\u00f5es"},"content":{"rendered":"<p><img data-recalc-dims=\"1\" loading=\"lazy\" decoding=\"async\" data-attachment-id=\"37241\" data-permalink=\"http:\/\/blogdalucianaoliveira.com.br\/blog\/2025\/08\/11\/recuperacao-de-areas-degradadas-pode-contar-com-r-314-bilhoes\/img_5804\/\" data-orig-file=\"https:\/\/i0.wp.com\/blogdalucianaoliveira.com.br\/blog\/wp-content\/uploads\/2025\/08\/IMG_5804.webp?fit=1170%2C700\" data-orig-size=\"1170,700\" data-comments-opened=\"0\" data-image-meta=\"{&quot;aperture&quot;:&quot;0&quot;,&quot;credit&quot;:&quot;&quot;,&quot;camera&quot;:&quot;&quot;,&quot;caption&quot;:&quot;&quot;,&quot;created_timestamp&quot;:&quot;0&quot;,&quot;copyright&quot;:&quot;&quot;,&quot;focal_length&quot;:&quot;0&quot;,&quot;iso&quot;:&quot;0&quot;,&quot;shutter_speed&quot;:&quot;0&quot;,&quot;title&quot;:&quot;&quot;,&quot;orientation&quot;:&quot;0&quot;}\" data-image-title=\"IMG_5804\" data-image-description=\"\" data-image-caption=\"\" data-medium-file=\"https:\/\/i0.wp.com\/blogdalucianaoliveira.com.br\/blog\/wp-content\/uploads\/2025\/08\/IMG_5804.webp?fit=300%2C179\" data-large-file=\"https:\/\/i0.wp.com\/blogdalucianaoliveira.com.br\/blog\/wp-content\/uploads\/2025\/08\/IMG_5804.webp?fit=600%2C359\" class=\"alignnone size-medium wp-image-37241\" src=\"https:\/\/i0.wp.com\/blogdalucianaoliveira.com.br\/blog\/wp-content\/uploads\/2025\/08\/IMG_5804.webp?resize=300%2C179\" alt=\"\" width=\"300\" height=\"179\" srcset=\"https:\/\/i0.wp.com\/blogdalucianaoliveira.com.br\/blog\/wp-content\/uploads\/2025\/08\/IMG_5804.webp?resize=300%2C179 300w, https:\/\/i0.wp.com\/blogdalucianaoliveira.com.br\/blog\/wp-content\/uploads\/2025\/08\/IMG_5804.webp?resize=1024%2C613 1024w, https:\/\/i0.wp.com\/blogdalucianaoliveira.com.br\/blog\/wp-content\/uploads\/2025\/08\/IMG_5804.webp?resize=768%2C459 768w, https:\/\/i0.wp.com\/blogdalucianaoliveira.com.br\/blog\/wp-content\/uploads\/2025\/08\/IMG_5804.webp?resize=501%2C300 501w, https:\/\/i0.wp.com\/blogdalucianaoliveira.com.br\/blog\/wp-content\/uploads\/2025\/08\/IMG_5804.webp?w=1170 1170w\" sizes=\"auto, (max-width: 300px) 100vw, 300px\" \/><\/p>\n<p>Dinheiro vem do Programa Eco Invest Brasil<!--more-->Ag\u00eancia Brasil &#8211; Cerca de 1,5 milh\u00e3o de hectares degradados em todo o pa\u00eds poder\u00e3o ser recuperados at\u00e9 2027 com o dinheiro aportado por 11 institui\u00e7\u00f5es financeiras no segundo leil\u00e3o do Programa Eco Invest Brasil. As institui\u00e7\u00f5es aportaram R$ 17,3 bilh\u00f5es em recursos catalisadores, que poder\u00e3o destravar at\u00e9 R$ 31,4 bilh\u00f5es em investimentos totais, p\u00fablicos e privados.<img data-recalc-dims=\"1\" decoding=\"async\" src=\"https:\/\/i0.wp.com\/agenciabrasil.ebc.com.br\/ebc.png?w=600&#038;ssl=1\" \/><img data-recalc-dims=\"1\" decoding=\"async\" src=\"https:\/\/i0.wp.com\/agenciabrasil.ebc.com.br\/ebc.gif?w=600&#038;ssl=1\" \/><\/p>\n<p>O Tesouro Nacional divulgou nesta semana o resultado do segundo leil\u00e3o do programa, lan\u00e7ado no ano passado, e que pretende mobilizar capital privado para projetos sustent\u00e1veis. O Eco Invest Brasil integra o <a href=\"https:\/\/agenciabrasil.ebc.com.br\/economia\/noticia\/2023-12\/entenda-o-plano-de-transformacao-ecologica-lancado-na-cop28\" target=\"_blank\" rel=\"noopener\">Plano de Transforma\u00e7\u00e3o Ecol\u00f3gica<\/a>, lan\u00e7ado em 2023.<\/p>\n<p>Por meio do capital catal\u00edtico, o governo e institui\u00e7\u00f5es financeiras privadas aportam recursos de forma filantr\u00f3pica, com maior toler\u00e2ncia a risco, que levam em conta o retorno social dos projetos. Esse dinheiro consegue alavancar recursos para investimentos convencionais, regidos pela l\u00f3gica do mercado.<\/p>\n<p><strong>Segundo o Tesouro, dos R$ 17,3 bilh\u00f5es levantados no leil\u00e3o, R$ 16,5 bilh\u00f5es vieram da linha p\u00fablica de capital catal\u00edtico do Eco Invest.<\/strong><\/p>\n<h2>Edital<\/h2>\n<p>Com o edital lan\u00e7ado em abril, o <a href=\"https:\/\/agenciabrasil.ebc.com.br\/meio-ambiente\/noticia\/2025-04\/governo-lanca-2o-leilao-voltado-para-recuperacao-de-areas-degradadas\" target=\"_blank\" rel=\"noopener\">segundo leil\u00e3o do Eco Invest Brasil<\/a> tem como objetivo mobilizar recursos para recuperar cerca de 1,5 milh\u00e3o de hectares de terras degradadas nos biomas da Mata Atl\u00e2ntica, do Cerrado, da Caatinga, do Pampa, do Pantanal e da Amaz\u00f4nia. A Floresta Amaz\u00f4nica foi inclu\u00edda no segundo leil\u00e3o no fim de junho.<\/p>\n<p>Ap\u00f3s duas prorroga\u00e7\u00f5es de prazo, as propostas foram enviadas at\u00e9 21 de julho. Os projetos tiveram de seguir crit\u00e9rios ambientais rigorosos, incluindo a recupera\u00e7\u00e3o do solo e a preserva\u00e7\u00e3o da fauna e da flora.<\/p>\n<p>Cada lance foi avaliado com base no n\u00edvel de alavancagem proposto e no volume de hectares a serem recuperados, com exig\u00eancia de valor m\u00ednimo de R$ 100 milh\u00f5es. <strong>Os recursos levantados ser\u00e3o usados pelo Programa Caminho Verde Brasil, do Minist\u00e9rio da Agricultura e Pecu\u00e1ria, e pelo Plano Nacional de Recupera\u00e7\u00e3o de Vegeta\u00e7\u00e3o Nativa (Planaveg), coordenado pelo Minist\u00e9rio do Meio Ambiente e Mudan\u00e7a do Clima.<\/strong><\/p>\n<h2>Desenvolvimento sustent\u00e1vel<\/h2>\n<p>O leil\u00e3o teve o apoio t\u00e9cnico do Banco Interamericano de Desenvolvimento (BID), que ajudou a estruturar as linhas de cr\u00e9dito clim\u00e1tico do programa, e da Embaixada do Reino Unido no Brasil, que promoveu solu\u00e7\u00f5es financeiras que combinem a atra\u00e7\u00e3o de capital privado com impacto socioambiental positivo.<\/p>\n<p><strong>Segundo o BID, a \u00e1rea recuperada ser\u00e1 equivalente a quase tr\u00eas vezes o tamanho do Distrito Federal, podendo gerar mais de 170 mil empregos.<\/strong><\/p>\n<p>Os recursos mobilizados ser\u00e3o destinados a produtores rurais, cooperativas agropecu\u00e1rias e empresas ligadas \u00e0s cadeias produtivas do agroneg\u00f3cio, como fabricantes de bioinsumos, empresas de tecnologia agr\u00edcola, frigor\u00edficos, processadoras de alimentos, usinas de biocombust\u00edveis e traders (profissionais do mercado financeiro que negociam ativos em bolsas de valores). O objetivo \u00e9 garantir que a restaura\u00e7\u00e3o ambiental venha acompanhada de inclus\u00e3o social e produtiva.<\/p>\n<p>Entre as exig\u00eancias do programa destacam-se o monitoramento cont\u00ednuo do impacto ambiental, incluindo a medi\u00e7\u00e3o das emiss\u00f5es de gases de efeito estufa, al\u00e9m da an\u00e1lise peri\u00f3dica do \u00edndice de qualidade do solo e da amplia\u00e7\u00e3o da cobertura vegetal permanente. As institui\u00e7\u00f5es financeiras participantes tamb\u00e9m dever\u00e3o destinar pelo menos 50% da carteira de investimentos para a produ\u00e7\u00e3o de alimentos, com destaque para prote\u00edna animal e lavouras. A recupera\u00e7\u00e3o da Caatinga tamb\u00e9m ser\u00e1 priorizada.<\/p>\n<h2>Primeiro leil\u00e3o<\/h2>\n<p><strong>Homologado em novembro de 2024, o primeiro leil\u00e3o do Eco Invest Brasil atraiu R$ 6,81 bilh\u00f5es de capital p\u00fablico catal\u00edtico do Tesouro Nacional.<\/strong> Os bancos est\u00e3o buscando R$ 37,55 bilh\u00f5es em capital privado para os projetos, num potencial de investimentos total de R$ 44,36 bilh\u00f5es.<\/p>\n<p><strong>Segundo o Tesouro Nacional, cerca de 50% dos recursos do primeiro leil\u00e3o ser\u00e3o destinados \u00e0 transi\u00e7\u00e3o energ\u00e9tica, com destaque para biocombust\u00edveis, transporte p\u00fablico sustent\u00e1vel e efici\u00eancia energ\u00e9tica, totalizando R$ 21,8 bilh\u00f5es.<\/strong> Outros setores financiados s\u00e3o economia circular (R$ 12,9 bilh\u00f5es), bioeconomia (R$ 5,3 bilh\u00f5es) e infraestrutura e adapta\u00e7\u00e3o \u00e0s mudan\u00e7as clim\u00e1ticas (R$ 4,3 bilh\u00f5es).<\/p>\n<p><strong>* Colaborou Elaine Patricia Cruz, de S\u00e3o Paulo<\/strong><\/p>\n","protected":false},"excerpt":{"rendered":"<p>Dinheiro vem do Programa Eco Invest Brasil<\/p>\n","protected":false},"author":1,"featured_media":0,"comment_status":"closed","ping_status":"open","sticky":false,"template":"","format":"standard","meta":{"_exactmetrics_skip_tracking":false,"_exactmetrics_sitenote_active":false,"_exactmetrics_sitenote_note":"","_exactmetrics_sitenote_category":0,"jetpack_post_was_ever_published":false,"_jetpack_newsletter_access":"","_jetpack_dont_email_post_to_subs":false,"_jetpack_newsletter_tier_id":0,"_jetpack_memberships_contains_paywalled_content":false,"_jetpack_memberships_contains_paid_content":false,"footnotes":"","jetpack_publicize_message":"","jetpack_publicize_feature_enabled":true,"jetpack_social_post_already_shared":true,"jetpack_social_options":{"image_generator_settings":{"template":"highway","enabled":false},"version":2}},"categories":[1],"tags":[1443,1440,956],"class_list":["post-37240","post","type-post","status-publish","format-standard","hentry","category-notas","tag-areas","tag-degradacao","tag-recuperacao"],"jetpack_publicize_connections":[],"jetpack_sharing_enabled":true,"jetpack_featured_media_url":"","jetpack_shortlink":"https:\/\/wp.me\/p7wKYW-9GE","jetpack-related-posts":[],"_links":{"self":[{"href":"http:\/\/blogdalucianaoliveira.com.br\/blog\/wp-json\/wp\/v2\/posts\/37240","targetHints":{"allow":["GET"]}}],"collection":[{"href":"http:\/\/blogdalucianaoliveira.com.br\/blog\/wp-json\/wp\/v2\/posts"}],"about":[{"href":"http:\/\/blogdalucianaoliveira.com.br\/blog\/wp-json\/wp\/v2\/types\/post"}],"author":[{"embeddable":true,"href":"http:\/\/blogdalucianaoliveira.com.br\/blog\/wp-json\/wp\/v2\/users\/1"}],"replies":[{"embeddable":true,"href":"http:\/\/blogdalucianaoliveira.com.br\/blog\/wp-json\/wp\/v2\/comments?post=37240"}],"version-history":[{"count":1,"href":"http:\/\/blogdalucianaoliveira.com.br\/blog\/wp-json\/wp\/v2\/posts\/37240\/revisions"}],"predecessor-version":[{"id":37242,"href":"http:\/\/blogdalucianaoliveira.com.br\/blog\/wp-json\/wp\/v2\/posts\/37240\/revisions\/37242"}],"wp:attachment":[{"href":"http:\/\/blogdalucianaoliveira.com.br\/blog\/wp-json\/wp\/v2\/media?parent=37240"}],"wp:term":[{"taxonomy":"category","embeddable":true,"href":"http:\/\/blogdalucianaoliveira.com.br\/blog\/wp-json\/wp\/v2\/categories?post=37240"},{"taxonomy":"post_tag","embeddable":true,"href":"http:\/\/blogdalucianaoliveira.com.br\/blog\/wp-json\/wp\/v2\/tags?post=37240"}],"curies":[{"name":"wp","href":"https:\/\/api.w.org\/{rel}","templated":true}]}}