{"id":37243,"date":"2025-08-11T10:59:02","date_gmt":"2025-08-11T14:59:02","guid":{"rendered":"https:\/\/blogdalucianaoliveira.com.br\/blog\/?p=37243"},"modified":"2025-08-11T10:59:02","modified_gmt":"2025-08-11T14:59:02","slug":"obras-da-ponte-binacional-entre-brasil-e-bolivia-comecam-apos-mais-de-um-seculo-de-espera","status":"publish","type":"post","link":"http:\/\/blogdalucianaoliveira.com.br\/blog\/2025\/08\/11\/obras-da-ponte-binacional-entre-brasil-e-bolivia-comecam-apos-mais-de-um-seculo-de-espera\/","title":{"rendered":"Obras da ponte binacional entre Brasil e Bol\u00edvia come\u00e7am ap\u00f3s mais de um s\u00e9culo de espera"},"content":{"rendered":"<p><img data-recalc-dims=\"1\" loading=\"lazy\" decoding=\"async\" data-attachment-id=\"37244\" data-permalink=\"http:\/\/blogdalucianaoliveira.com.br\/blog\/2025\/08\/11\/obras-da-ponte-binacional-entre-brasil-e-bolivia-comecam-apos-mais-de-um-seculo-de-espera\/img_5805\/\" data-orig-file=\"https:\/\/i0.wp.com\/blogdalucianaoliveira.com.br\/blog\/wp-content\/uploads\/2025\/08\/IMG_5805.jpeg?fit=1020%2C602\" data-orig-size=\"1020,602\" data-comments-opened=\"0\" data-image-meta=\"{&quot;aperture&quot;:&quot;0&quot;,&quot;credit&quot;:&quot;&quot;,&quot;camera&quot;:&quot;&quot;,&quot;caption&quot;:&quot;&quot;,&quot;created_timestamp&quot;:&quot;0&quot;,&quot;copyright&quot;:&quot;&quot;,&quot;focal_length&quot;:&quot;0&quot;,&quot;iso&quot;:&quot;0&quot;,&quot;shutter_speed&quot;:&quot;0&quot;,&quot;title&quot;:&quot;&quot;,&quot;orientation&quot;:&quot;0&quot;}\" data-image-title=\"IMG_5805\" data-image-description=\"\" data-image-caption=\"\" data-medium-file=\"https:\/\/i0.wp.com\/blogdalucianaoliveira.com.br\/blog\/wp-content\/uploads\/2025\/08\/IMG_5805.jpeg?fit=300%2C177\" data-large-file=\"https:\/\/i0.wp.com\/blogdalucianaoliveira.com.br\/blog\/wp-content\/uploads\/2025\/08\/IMG_5805.jpeg?fit=600%2C354\" class=\"alignnone size-medium wp-image-37244\" src=\"https:\/\/i0.wp.com\/blogdalucianaoliveira.com.br\/blog\/wp-content\/uploads\/2025\/08\/IMG_5805.jpeg?resize=300%2C177\" alt=\"\" width=\"300\" height=\"177\" srcset=\"https:\/\/i0.wp.com\/blogdalucianaoliveira.com.br\/blog\/wp-content\/uploads\/2025\/08\/IMG_5805.jpeg?resize=300%2C177 300w, https:\/\/i0.wp.com\/blogdalucianaoliveira.com.br\/blog\/wp-content\/uploads\/2025\/08\/IMG_5805.jpeg?resize=768%2C453 768w, https:\/\/i0.wp.com\/blogdalucianaoliveira.com.br\/blog\/wp-content\/uploads\/2025\/08\/IMG_5805.jpeg?resize=508%2C300 508w, https:\/\/i0.wp.com\/blogdalucianaoliveira.com.br\/blog\/wp-content\/uploads\/2025\/08\/IMG_5805.jpeg?w=1020 1020w\" sizes=\"auto, (max-width: 300px) 100vw, 300px\" \/><\/p>\n<p>Jornal Panorama &#8211; Ap\u00f3s mais de um s\u00e9culo de espera, a promessa feita pelo Tratado de Petr\u00f3polis, em 1903, finalmente est\u00e1 se tornando realidade.<!--more--><\/p>\n<p>Na \u00faltima sexta-feira (8), foi assinada a ordem de servi\u00e7o para o in\u00edcio das obras da ponte binacional que ligar\u00e1 as cidades de Guajar\u00e1-Mirim, em Rond\u00f4nia, e Guayaramer\u00edn, no departamento boliviano de Beni. O ato foi realizado pelo presidente Luiz In\u00e1cio Lula da Silva e pelo ministro dos Transportes, Renan Filho.<\/p>\n<p>O projeto da ponte, que deve ser conclu\u00eddo em at\u00e9 tr\u00eas anos, receber\u00e1 um investimento de R$ 421,398 milh\u00f5es do Governo Federal. A obra beneficiar\u00e1 cerca de 180 mil pessoas que vivem na fronteira entre Brasil e Bol\u00edvia. A estimativa inclui n\u00e3o apenas os moradores das cidades diretamente conectadas pela travessia, mas tamb\u00e9m as popula\u00e7\u00f5es dos distritos vizinhos, trabalhadores em circula\u00e7\u00e3o e \u00e1reas conectadas pelas BRs 425 e 421.<\/p>\n<p><img data-recalc-dims=\"1\" loading=\"lazy\" decoding=\"async\" data-attachment-id=\"37245\" data-permalink=\"http:\/\/blogdalucianaoliveira.com.br\/blog\/2025\/08\/11\/obras-da-ponte-binacional-entre-brasil-e-bolivia-comecam-apos-mais-de-um-seculo-de-espera\/img_5806\/\" data-orig-file=\"https:\/\/i0.wp.com\/blogdalucianaoliveira.com.br\/blog\/wp-content\/uploads\/2025\/08\/IMG_5806.jpeg?fit=945%2C1216\" data-orig-size=\"945,1216\" data-comments-opened=\"0\" data-image-meta=\"{&quot;aperture&quot;:&quot;0&quot;,&quot;credit&quot;:&quot;&quot;,&quot;camera&quot;:&quot;&quot;,&quot;caption&quot;:&quot;&quot;,&quot;created_timestamp&quot;:&quot;0&quot;,&quot;copyright&quot;:&quot;&quot;,&quot;focal_length&quot;:&quot;0&quot;,&quot;iso&quot;:&quot;0&quot;,&quot;shutter_speed&quot;:&quot;0&quot;,&quot;title&quot;:&quot;&quot;,&quot;orientation&quot;:&quot;1&quot;}\" data-image-title=\"IMG_5806\" data-image-description=\"\" data-image-caption=\"\" data-medium-file=\"https:\/\/i0.wp.com\/blogdalucianaoliveira.com.br\/blog\/wp-content\/uploads\/2025\/08\/IMG_5806.jpeg?fit=233%2C300\" data-large-file=\"https:\/\/i0.wp.com\/blogdalucianaoliveira.com.br\/blog\/wp-content\/uploads\/2025\/08\/IMG_5806.jpeg?fit=600%2C772\" class=\"size-medium wp-image-37245 alignleft\" src=\"https:\/\/i0.wp.com\/blogdalucianaoliveira.com.br\/blog\/wp-content\/uploads\/2025\/08\/IMG_5806.jpeg?resize=233%2C300\" alt=\"\" width=\"233\" height=\"300\" srcset=\"https:\/\/i0.wp.com\/blogdalucianaoliveira.com.br\/blog\/wp-content\/uploads\/2025\/08\/IMG_5806.jpeg?resize=233%2C300 233w, https:\/\/i0.wp.com\/blogdalucianaoliveira.com.br\/blog\/wp-content\/uploads\/2025\/08\/IMG_5806.jpeg?resize=796%2C1024 796w, https:\/\/i0.wp.com\/blogdalucianaoliveira.com.br\/blog\/wp-content\/uploads\/2025\/08\/IMG_5806.jpeg?resize=768%2C988 768w, https:\/\/i0.wp.com\/blogdalucianaoliveira.com.br\/blog\/wp-content\/uploads\/2025\/08\/IMG_5806.jpeg?w=945 945w\" sizes=\"auto, (max-width: 233px) 100vw, 233px\" \/><\/p>\n<p>Durante a cerim\u00f4nia, o presidente Lula destacou a import\u00e2ncia da obra, afirmando que o governo n\u00e3o se limita a realizar projetos, mas busca transformar a vida das pessoas. \u201cRetorno a Rond\u00f4nia ap\u00f3s dois anos e meio e tenho orgulho de que trouxemos obras que marcar\u00e3o o futuro, como esta ponte\u201d, afirmou. \u201cGovernar n\u00e3o \u00e9 apenas fazer obras, \u00e9 transformar a vida das pessoas.\u201d<\/p>\n<p>Renan Filho, por sua vez, ressaltou que o fim da espera de mais de 100 anos simboliza a concretiza\u00e7\u00e3o de um compromisso. \u201cO tempo da espera acabou. Desde 1903, essa ponte era aguardada. Quando o Governo Federal retomou esse compromisso e incluiu a obra no Novo PAC, ficou claro que ela deixaria de ser promessa para se tornar realidade\u201d, afirmou. Ele tamb\u00e9m frisou o car\u00e1ter integrador da obra: \u201cEnquanto alguns constroem muros, separam pessoas e criam barreiras, n\u00f3s trabalhamos para construir pontes, promover a integra\u00e7\u00e3o com os pa\u00edses vizinhos e melhorar a vida de quem mais precisa.\u201d<\/p>\n<p>A import\u00e2ncia da ponte foi refor\u00e7ada pelo presidente da Bol\u00edvia, Luis Arce, que tamb\u00e9m participou da cerim\u00f4nia. Ele destacou que a obra vai al\u00e9m da infraestrutura, representando um s\u00edmbolo da integra\u00e7\u00e3o e da irmandade entre os dois pa\u00edses. \u201cEsta obra vai muito al\u00e9m da infraestrutura; \u00e9 um s\u00edmbolo da integra\u00e7\u00e3o e da irmandade entre nossos povos, fortalecendo nossas rela\u00e7\u00f5es e o interc\u00e2mbio comercial\u201d, afirmou Arce. Ele ainda ressaltou que a ponte ser\u00e1 uma importante conquista para o desenvolvimento do norte boliviano e um presente para o bicenten\u00e1rio da independ\u00eancia da Bol\u00edvia.<\/p>\n<p>Atualmente, a travessia entre Brasil e Bol\u00edvia \u00e9 feita por balsas que cruzam o rio Mamor\u00e9. Roberta Alessandra, uma estudante brasileira que viaja diariamente entre os dois pa\u00edses para estudar medicina na Bol\u00edvia, relatou as dificuldades da travessia. \u201cTem alunos que ficam at\u00e9 a noite e precisam voltar para casa, o que \u00e9 perigoso por causa do rio. Ainda tem o tempo de espera, o barco s\u00f3 sai quando juntam umas dez pessoas, ent\u00e3o demora mais\u201d, contou. Ela acredita que a ponte trar\u00e1 grandes melhorias: \u201cSe tivesse a ponte, facilitaria muito, porque a\u00ed a pessoa poderia vir de bicicleta, carro, moto. Melhoraria demais a vida dos estudantes.\u201d<\/p>\n<p>Com a constru\u00e7\u00e3o da ponte, espera-se uma maior fluidez no transporte entre as duas na\u00e7\u00f5es, al\u00e9m de um fortalecimento das rela\u00e7\u00f5es econ\u00f4micas e sociais, tornando-se um marco para a integra\u00e7\u00e3o regional.<\/p>\n","protected":false},"excerpt":{"rendered":"<p>Jornal Panorama &#8211; Ap\u00f3s mais de um s\u00e9culo de espera, a promessa feita pelo Tratado de Petr\u00f3polis, em 1903, finalmente est\u00e1 se tornando realidade.<\/p>\n","protected":false},"author":1,"featured_media":0,"comment_status":"closed","ping_status":"open","sticky":false,"template":"","format":"standard","meta":{"_exactmetrics_skip_tracking":false,"_exactmetrics_sitenote_active":false,"_exactmetrics_sitenote_note":"","_exactmetrics_sitenote_category":0,"jetpack_post_was_ever_published":false,"_jetpack_newsletter_access":"","_jetpack_dont_email_post_to_subs":false,"_jetpack_newsletter_tier_id":0,"_jetpack_memberships_contains_paywalled_content":false,"_jetpack_memberships_contains_paid_content":false,"footnotes":"","jetpack_publicize_message":"","jetpack_publicize_feature_enabled":true,"jetpack_social_post_already_shared":true,"jetpack_social_options":{"image_generator_settings":{"template":"highway","enabled":false},"version":2}},"categories":[1],"tags":[1429,378,1430],"class_list":["post-37243","post","type-post","status-publish","format-standard","hentry","category-notas","tag-deputada-claudia-de-jesus","tag-guajara-mirim","tag-ponte-binacional"],"jetpack_publicize_connections":[],"jetpack_sharing_enabled":true,"jetpack_featured_media_url":"","jetpack_shortlink":"https:\/\/wp.me\/p7wKYW-9GH","jetpack-related-posts":[],"_links":{"self":[{"href":"http:\/\/blogdalucianaoliveira.com.br\/blog\/wp-json\/wp\/v2\/posts\/37243","targetHints":{"allow":["GET"]}}],"collection":[{"href":"http:\/\/blogdalucianaoliveira.com.br\/blog\/wp-json\/wp\/v2\/posts"}],"about":[{"href":"http:\/\/blogdalucianaoliveira.com.br\/blog\/wp-json\/wp\/v2\/types\/post"}],"author":[{"embeddable":true,"href":"http:\/\/blogdalucianaoliveira.com.br\/blog\/wp-json\/wp\/v2\/users\/1"}],"replies":[{"embeddable":true,"href":"http:\/\/blogdalucianaoliveira.com.br\/blog\/wp-json\/wp\/v2\/comments?post=37243"}],"version-history":[{"count":1,"href":"http:\/\/blogdalucianaoliveira.com.br\/blog\/wp-json\/wp\/v2\/posts\/37243\/revisions"}],"predecessor-version":[{"id":37246,"href":"http:\/\/blogdalucianaoliveira.com.br\/blog\/wp-json\/wp\/v2\/posts\/37243\/revisions\/37246"}],"wp:attachment":[{"href":"http:\/\/blogdalucianaoliveira.com.br\/blog\/wp-json\/wp\/v2\/media?parent=37243"}],"wp:term":[{"taxonomy":"category","embeddable":true,"href":"http:\/\/blogdalucianaoliveira.com.br\/blog\/wp-json\/wp\/v2\/categories?post=37243"},{"taxonomy":"post_tag","embeddable":true,"href":"http:\/\/blogdalucianaoliveira.com.br\/blog\/wp-json\/wp\/v2\/tags?post=37243"}],"curies":[{"name":"wp","href":"https:\/\/api.w.org\/{rel}","templated":true}]}}