{"id":37247,"date":"2025-08-12T13:40:55","date_gmt":"2025-08-12T17:40:55","guid":{"rendered":"https:\/\/blogdalucianaoliveira.com.br\/blog\/?p=37247"},"modified":"2025-08-12T13:43:33","modified_gmt":"2025-08-12T17:43:33","slug":"claudia-de-jesus-cobra-do-governo-acoes-para-tirar-do-papel-o-programa-jovem-empreendedor-rural","status":"publish","type":"post","link":"http:\/\/blogdalucianaoliveira.com.br\/blog\/2025\/08\/12\/claudia-de-jesus-cobra-do-governo-acoes-para-tirar-do-papel-o-programa-jovem-empreendedor-rural\/","title":{"rendered":"Cl\u00e1udia de Jesus cobra do governo a\u00e7\u00f5es para tirar do papel o Programa Jovem Empreendedor Rural"},"content":{"rendered":"<p><img data-recalc-dims=\"1\" loading=\"lazy\" decoding=\"async\" data-attachment-id=\"37250\" data-permalink=\"http:\/\/blogdalucianaoliveira.com.br\/blog\/2025\/08\/12\/claudia-de-jesus-cobra-do-governo-acoes-para-tirar-do-papel-o-programa-jovem-empreendedor-rural\/img_5834-3\/\" data-orig-file=\"https:\/\/i0.wp.com\/blogdalucianaoliveira.com.br\/blog\/wp-content\/uploads\/2025\/08\/IMG_5834-1-scaled.jpeg?fit=2560%2C1704\" data-orig-size=\"2560,1704\" data-comments-opened=\"0\" data-image-meta=\"{&quot;aperture&quot;:&quot;0&quot;,&quot;credit&quot;:&quot;&quot;,&quot;camera&quot;:&quot;&quot;,&quot;caption&quot;:&quot;&quot;,&quot;created_timestamp&quot;:&quot;0&quot;,&quot;copyright&quot;:&quot;&quot;,&quot;focal_length&quot;:&quot;0&quot;,&quot;iso&quot;:&quot;0&quot;,&quot;shutter_speed&quot;:&quot;0&quot;,&quot;title&quot;:&quot;&quot;,&quot;orientation&quot;:&quot;1&quot;}\" data-image-title=\"IMG_5834\" data-image-description=\"\" data-image-caption=\"\" data-medium-file=\"https:\/\/i0.wp.com\/blogdalucianaoliveira.com.br\/blog\/wp-content\/uploads\/2025\/08\/IMG_5834-1-scaled.jpeg?fit=300%2C200\" data-large-file=\"https:\/\/i0.wp.com\/blogdalucianaoliveira.com.br\/blog\/wp-content\/uploads\/2025\/08\/IMG_5834-1-scaled.jpeg?fit=600%2C400\" class=\"alignnone size-medium wp-image-37250\" src=\"https:\/\/i0.wp.com\/blogdalucianaoliveira.com.br\/blog\/wp-content\/uploads\/2025\/08\/IMG_5834-1.jpeg?resize=300%2C200\" alt=\"\" width=\"300\" height=\"200\" srcset=\"https:\/\/i0.wp.com\/blogdalucianaoliveira.com.br\/blog\/wp-content\/uploads\/2025\/08\/IMG_5834-1-scaled.jpeg?resize=300%2C200 300w, https:\/\/i0.wp.com\/blogdalucianaoliveira.com.br\/blog\/wp-content\/uploads\/2025\/08\/IMG_5834-1-scaled.jpeg?resize=1024%2C682 1024w, https:\/\/i0.wp.com\/blogdalucianaoliveira.com.br\/blog\/wp-content\/uploads\/2025\/08\/IMG_5834-1-scaled.jpeg?resize=768%2C511 768w, https:\/\/i0.wp.com\/blogdalucianaoliveira.com.br\/blog\/wp-content\/uploads\/2025\/08\/IMG_5834-1-scaled.jpeg?resize=1536%2C1023 1536w, https:\/\/i0.wp.com\/blogdalucianaoliveira.com.br\/blog\/wp-content\/uploads\/2025\/08\/IMG_5834-1-scaled.jpeg?resize=2048%2C1364 2048w, https:\/\/i0.wp.com\/blogdalucianaoliveira.com.br\/blog\/wp-content\/uploads\/2025\/08\/IMG_5834-1-scaled.jpeg?resize=451%2C300 451w, https:\/\/i0.wp.com\/blogdalucianaoliveira.com.br\/blog\/wp-content\/uploads\/2025\/08\/IMG_5834-1-scaled.jpeg?w=1200 1200w, https:\/\/i0.wp.com\/blogdalucianaoliveira.com.br\/blog\/wp-content\/uploads\/2025\/08\/IMG_5834-1-scaled.jpeg?w=1800 1800w\" sizes=\"auto, (max-width: 300px) 100vw, 300px\" \/><\/p>\n<p>Parlamentar solicita informa\u00e7\u00f5es sobre a efetiva implementa\u00e7\u00e3o de lei que garante apoio a jovens agricultores.<!--more--><\/p>\n<p>O Programa Estadual Jovem Empreendedor Rural, institu\u00eddo pela Lei n\u00ba 5.952\/2025, ainda n\u00e3o saiu do papel em Rond\u00f4nia. Preocupada com a falta de a\u00e7\u00f5es e de transpar\u00eancia por parte do Governo do Estado, a deputada estadual Cl\u00e1udia de Jesus (PT) apresentou um requerimento cobrando informa\u00e7\u00f5es detalhadas sobre a implementa\u00e7\u00e3o da pol\u00edtica p\u00fablica.<\/p>\n<p>\u201c\u00c9 inadmiss\u00edvel que uma pol\u00edtica p\u00fablica t\u00e3o estrat\u00e9gica para os jovens do campo esteja sendo ignorada. A juventude rural precisa de oportunidades concretas para se formar, produzir e permanecer com dignidade na agricultura familiar. O governo precisa dar respostas e agir\u201d, afirmou Cl\u00e1udia.<\/p>\n<p>O pedido foi encaminhado \u00e0 Secretaria de Estado da Agricultura (Seagri) e \u00e0 Secretaria de Juventude, Cultura, Esporte e Lazer (Sejucel). A deputada quer saber, por exemplo, se a lei foi regulamentada, quais secretarias est\u00e3o respons\u00e1veis pela sua execu\u00e7\u00e3o e se j\u00e1 existem a\u00e7\u00f5es voltadas \u00e0 capacita\u00e7\u00e3o t\u00e9cnica, educa\u00e7\u00e3o empreendedora, acesso a cr\u00e9dito e inclus\u00e3o de jovens em comunidades tradicionais ou ind\u00edgenas.<\/p>\n<p>Entre os pontos levantados no requerimento est\u00e3o tamb\u00e9m a exist\u00eancia de planejamento para difus\u00e3o de tecnologias no campo, a\u00e7\u00f5es voltadas \u00e0 sucess\u00e3o familiar na agricultura, parcerias com prefeituras e a previs\u00e3o or\u00e7ament\u00e1ria para custear o programa ainda este ano.<\/p>\n<p>O Programa Estadual Jovem Empreendedor Rural foi criado para incentivar a perman\u00eancia do jovem no campo por meio de forma\u00e7\u00e3o empreendedora, apoio t\u00e9cnico, acesso a cr\u00e9dito e est\u00edmulo \u00e0 lideran\u00e7a rural, contribuindo com o desenvolvimento sustent\u00e1vel da agricultura familiar em Rond\u00f4nia.<\/p>\n<p>Clique e veja o requerimento:<\/p>\n<p><a href=\"https:\/\/sapl.al.ro.leg.br\/media\/sapl\/public\/materialegislativa\/2025\/48704\/req_2314-25.pdf\" target=\"_blank\" rel=\"nofollow noopener noreferrer\">https:\/\/sapl.al.ro.leg.br\/media\/sapl\/public\/materialegislativa\/2025\/48704\/req_2314-25.pdf<\/a><\/p>\n<p>Texto: Cristiane Abreu &#8211; Assessoria parlamentar.<br \/>\nFoto: Fabr\u00edcia Lopes &#8211; Assessoria parlamentar.<\/p>\n","protected":false},"excerpt":{"rendered":"<p>Parlamentar solicita informa\u00e7\u00f5es sobre a efetiva implementa\u00e7\u00e3o de lei que garante apoio a jovens agricultores.<\/p>\n","protected":false},"author":1,"featured_media":0,"comment_status":"closed","ping_status":"open","sticky":false,"template":"","format":"standard","meta":{"_exactmetrics_skip_tracking":false,"_exactmetrics_sitenote_active":false,"_exactmetrics_sitenote_note":"","_exactmetrics_sitenote_category":0,"jetpack_post_was_ever_published":false,"_jetpack_newsletter_access":"","_jetpack_dont_email_post_to_subs":false,"_jetpack_newsletter_tier_id":0,"_jetpack_memberships_contains_paywalled_content":false,"_jetpack_memberships_contains_paid_content":false,"footnotes":"","jetpack_publicize_message":"","jetpack_publicize_feature_enabled":true,"jetpack_social_post_already_shared":true,"jetpack_social_options":{"image_generator_settings":{"template":"highway","enabled":false},"version":2}},"categories":[1],"tags":[1429,1445,1444,1446],"class_list":["post-37247","post","type-post","status-publish","format-standard","hentry","category-notas","tag-deputada-claudia-de-jesus","tag-empreendedor","tag-jovem","tag-rural"],"jetpack_publicize_connections":[],"jetpack_sharing_enabled":true,"jetpack_featured_media_url":"","jetpack_shortlink":"https:\/\/wp.me\/p7wKYW-9GL","jetpack-related-posts":[],"_links":{"self":[{"href":"http:\/\/blogdalucianaoliveira.com.br\/blog\/wp-json\/wp\/v2\/posts\/37247","targetHints":{"allow":["GET"]}}],"collection":[{"href":"http:\/\/blogdalucianaoliveira.com.br\/blog\/wp-json\/wp\/v2\/posts"}],"about":[{"href":"http:\/\/blogdalucianaoliveira.com.br\/blog\/wp-json\/wp\/v2\/types\/post"}],"author":[{"embeddable":true,"href":"http:\/\/blogdalucianaoliveira.com.br\/blog\/wp-json\/wp\/v2\/users\/1"}],"replies":[{"embeddable":true,"href":"http:\/\/blogdalucianaoliveira.com.br\/blog\/wp-json\/wp\/v2\/comments?post=37247"}],"version-history":[{"count":3,"href":"http:\/\/blogdalucianaoliveira.com.br\/blog\/wp-json\/wp\/v2\/posts\/37247\/revisions"}],"predecessor-version":[{"id":37252,"href":"http:\/\/blogdalucianaoliveira.com.br\/blog\/wp-json\/wp\/v2\/posts\/37247\/revisions\/37252"}],"wp:attachment":[{"href":"http:\/\/blogdalucianaoliveira.com.br\/blog\/wp-json\/wp\/v2\/media?parent=37247"}],"wp:term":[{"taxonomy":"category","embeddable":true,"href":"http:\/\/blogdalucianaoliveira.com.br\/blog\/wp-json\/wp\/v2\/categories?post=37247"},{"taxonomy":"post_tag","embeddable":true,"href":"http:\/\/blogdalucianaoliveira.com.br\/blog\/wp-json\/wp\/v2\/tags?post=37247"}],"curies":[{"name":"wp","href":"https:\/\/api.w.org\/{rel}","templated":true}]}}