{"id":37253,"date":"2025-08-12T13:58:46","date_gmt":"2025-08-12T17:58:46","guid":{"rendered":"https:\/\/blogdalucianaoliveira.com.br\/blog\/?p=37253"},"modified":"2025-08-12T13:58:59","modified_gmt":"2025-08-12T17:58:59","slug":"simbolo-de-luta-quem-foi-margarida-alves-e-por-que-sindicalista-e-homenageada-no-dia-dos-direitos-humanos","status":"publish","type":"post","link":"http:\/\/blogdalucianaoliveira.com.br\/blog\/2025\/08\/12\/simbolo-de-luta-quem-foi-margarida-alves-e-por-que-sindicalista-e-homenageada-no-dia-dos-direitos-humanos\/","title":{"rendered":"S\u00edmbolo de luta: quem foi Margarida Alves e por que sindicalista \u00e9 homenageada no Dia dos Direitos Humanos"},"content":{"rendered":"<p><img data-recalc-dims=\"1\" loading=\"lazy\" decoding=\"async\" data-attachment-id=\"37254\" data-permalink=\"http:\/\/blogdalucianaoliveira.com.br\/blog\/2025\/08\/12\/simbolo-de-luta-quem-foi-margarida-alves-e-por-que-sindicalista-e-homenageada-no-dia-dos-direitos-humanos\/img_5836\/\" data-orig-file=\"https:\/\/i0.wp.com\/blogdalucianaoliveira.com.br\/blog\/wp-content\/uploads\/2025\/08\/IMG_5836.jpeg?fit=660%2C419\" data-orig-size=\"660,419\" data-comments-opened=\"0\" data-image-meta=\"{&quot;aperture&quot;:&quot;0&quot;,&quot;credit&quot;:&quot;&quot;,&quot;camera&quot;:&quot;&quot;,&quot;caption&quot;:&quot;&quot;,&quot;created_timestamp&quot;:&quot;0&quot;,&quot;copyright&quot;:&quot;&quot;,&quot;focal_length&quot;:&quot;0&quot;,&quot;iso&quot;:&quot;0&quot;,&quot;shutter_speed&quot;:&quot;0&quot;,&quot;title&quot;:&quot;&quot;,&quot;orientation&quot;:&quot;0&quot;}\" data-image-title=\"IMG_5836\" data-image-description=\"\" data-image-caption=\"\" data-medium-file=\"https:\/\/i0.wp.com\/blogdalucianaoliveira.com.br\/blog\/wp-content\/uploads\/2025\/08\/IMG_5836.jpeg?fit=300%2C190\" data-large-file=\"https:\/\/i0.wp.com\/blogdalucianaoliveira.com.br\/blog\/wp-content\/uploads\/2025\/08\/IMG_5836.jpeg?fit=600%2C381\" class=\"alignnone size-medium wp-image-37254\" src=\"https:\/\/i0.wp.com\/blogdalucianaoliveira.com.br\/blog\/wp-content\/uploads\/2025\/08\/IMG_5836.jpeg?resize=300%2C190\" alt=\"\" width=\"300\" height=\"190\" srcset=\"https:\/\/i0.wp.com\/blogdalucianaoliveira.com.br\/blog\/wp-content\/uploads\/2025\/08\/IMG_5836.jpeg?resize=300%2C190 300w, https:\/\/i0.wp.com\/blogdalucianaoliveira.com.br\/blog\/wp-content\/uploads\/2025\/08\/IMG_5836.jpeg?resize=473%2C300 473w, https:\/\/i0.wp.com\/blogdalucianaoliveira.com.br\/blog\/wp-content\/uploads\/2025\/08\/IMG_5836.jpeg?w=660 660w\" sizes=\"auto, (max-width: 300px) 100vw, 300px\" \/><\/p>\n<p>Brasil de Fato &#8211; Primeira mulher a ocupar a presid\u00eancia de um sindicato rural, com uma trajet\u00f3ria marcada pela defesa intransigente dos direitos dos trabalhadores e das trabalhadoras do campo, <a href=\"https:\/\/www.brasildefato.com.br\/2025\/08\/05\/margarida-alves-lider-sindical-e-camponesa-completaria-92-anos-nesta-terca-5\/\" target=\"_blank\" rel=\"noopener noreferrer\">Margarida Maria Alves<\/a> foi brutalmente assassinada h\u00e1 42 anos, no dia 12 de agosto 1983, em Alagoa Grande, na Para\u00edba, onde tamb\u00e9m nasceu e desenvolveu sua atua\u00e7\u00e3o pol\u00edtica e sindical. <!--more--><\/p>\n<p>Inspirada no m\u00e9todo e nas <a href=\"https:\/\/www.brasildefato.com.br\/2021\/09\/19\/ha-cem-anos-nascia-paulo-freire-conheca-a-trajetoria-do-patrono-da-educacao-brasileira\/\" target=\"_blank\" rel=\"noopener noreferrer\">ideias de Paulo Freire<\/a>, ela tamb\u00e9m foi respons\u00e1vel pela alfabetiza\u00e7\u00e3o e forma\u00e7\u00e3o de diversos camponeses. Foi tamb\u00e9m expoente na defesa dos direitos das mulheres e da juventude, abrindo portas para que estes viessem a ocupar espa\u00e7os de poder. Foi justamente pelo papel cumprido por Margarida que ela foi executada a tiros em frente a sua casa, na presen\u00e7a do marido e do filho.<\/p>\n<p>Mas seu legado segue vivo e inspira milhares de lutadores e lutadoras. Desde 2012, 12 de agosto \u00e9 o Dia Nacional dos Direitos Humanos e uma das maiores e mais tradicionais mobiliza\u00e7\u00f5es da classe trabalhadora brasileira leva o seu nome, a Marcha das Margaridas.<\/p>\n<p>Em entrevista ao <a href=\"https:\/\/www.brasildefato.com.br\/programas\/bem-viver\/\" target=\"_blank\" rel=\"noopener noreferrer\"><em>Conversa Bem Viver<\/em><\/a>, a sindicalista Melissa Vieira, secret\u00e1ria de mulheres trabalhadoras rurais da Confedera\u00e7\u00e3o Nacional dos Trabalhadores na Agricultura (Contag), explica a import\u00e2ncia de Margarida Alves e de sua hist\u00f3ria de luta.<\/p>\n<p>\u201cMargarida Alves foi assassinada por defender a vida, por defender o homem e a mulher do campo. Era mulher, m\u00e3e e sindicalista, que fez grandes batalhas contra os latifundi\u00e1rios e conquistou grandes avan\u00e7os\u201d, relembra.<\/p>\n<p>Vieira tamb\u00e9m discute sobre as potencialidades e desafios da organiza\u00e7\u00e3o sindical no campo e avalia a postura do terceiro governo de Luiz In\u00e1cio Lula da Silva (PT) em rela\u00e7\u00e3o \u00e0s pautas dos trabalhadores rurais.<\/p>\n<p>\u201cE eu acho que Margarida Alves diria para o presidente Lula que avan\u00e7amos, mas precisamos avan\u00e7ar mais. Porque precisamos de mais gente com terra e com qualidade de vida no campo, porque somos n\u00f3s que produzimos e temos condi\u00e7\u00f5es de tirar o Brasil de vez da fome\u201d, destaca.<\/p>\n<h4 class=\"wp-block-heading\">Confira a entrevista completa:<\/h4>\n<p><strong>Brasil de Fato: Quem foi Margarida Alves?<\/strong><\/p>\n<p><strong>Melissa Vieira<\/strong>: Foi uma grande mulher que inspirou outras mulheres a estarem nos espa\u00e7os de poder e de decis\u00e3o, por ser a primeira mulher presidenta de um sindicato de trabalhadores rurais no Brasil.<\/p>\n<p>Era mulher, m\u00e3e e sindicalista, que fez grandes batalhas contra os latifundi\u00e1rios, em Alagoa Grande, que defendeu a mulher e o homem do campo e conquistou grandes avan\u00e7os.<\/p>\n<p>Ela quebrou as barreiras de que o sindicato n\u00e3o \u00e9 um lugar para mulheres. Eu, quando entrei no movimento sindical, ouvia muito falar de Margarida Alves e de sua hist\u00f3ria, sobre o quanto ela fez pelos assalariados rurais e na luta contra o trabalho escravo.<\/p>\n<p>Ela tamb\u00e9m esteve muito presente na luta pela participa\u00e7\u00e3o das mulheres e da juventude no campo e nas pol\u00edticas p\u00fablicas. Sempre esteve \u00e0 frente nos palanques fazendo luta pela popula\u00e7\u00e3o do campo, das \u00e1guas e das florestas.<\/p>\n<p><strong>Como foi fundada a Marcha das Margaridas, no ano 2000, 17 anos ap\u00f3s o assassinato de Margarida Alves?<\/strong><\/p>\n<p>A luta de Margarida Alves tamb\u00e9m inspirou as mulheres da Contag. Ela era presidente do sindicato, mas muitas vezes o movimento sindical n\u00e3o era um lugar pensado para as mulheres. Ficamos um grande per\u00edodo sem ter uma mulher como secret\u00e1ria de mulheres na Contag, por exemplo.<\/p>\n<p>Com a luta e a inspira\u00e7\u00e3o daquelas que vieram antes, foram feitos v\u00e1rios di\u00e1logos sobre a import\u00e2ncia de ter uma marcha que lutasse pelos direitos das mulheres do campo, das \u00e1guas e das florestas. E a inspira\u00e7\u00e3o em Margarida Alves vem justamente por ser a primeira mulher a presidir o sindicato.<\/p>\n<p>Al\u00e9m da inspira\u00e7\u00e3o, \u00e9 tamb\u00e9m momento de demonstrar que Margarida Alves foi assassinada por defender a vida, por defender o homem e a mulher do campo. Ent\u00e3o, ao mesmo tempo, foi como uma inspira\u00e7\u00e3o, mas tamb\u00e9m foi como luta, pautando que os assassinos de Margarida Maria Alves fossem presos.<\/p>\n<p>N\u00f3s conhecemos a nossa hist\u00f3ria e sabemos que muitos de n\u00f3s \u2014 sindicalistas, militantes de movimentos sociais, defensores dos direitos humanos e defensores do meio ambiente \u2014 <a href=\"https:\/\/www.brasildefato.com.br\/2025\/08\/12\/em-2-anos-55-defensores-de-direitos-humanos-foram-mortos-diz-estudo\/\" target=\"_blank\" rel=\"noopener noreferrer\">s\u00e3o assassinados na luta<\/a>, mas os respons\u00e1veis n\u00e3o s\u00e3o descobertos. Temos o exemplo da pr\u00f3pria companheira Marielle Franco tamb\u00e9m. Os culpados ficam impunes.<\/p>\n<p>Ent\u00e3o, a marcha tamb\u00e9m era um momento de <a href=\"https:\/\/www.brasildefato.com.br\/2022\/08\/25\/camara-de-campina-grande-pb-aprova-lei-que-homenageia-mandante-da-morte-de-margarida-alves\/\" target=\"_blank\" rel=\"noopener noreferrer\">den\u00fancia dos mandantes do crime<\/a> que matou Margarida Alves.<\/p>\n<p>A pol\u00edtica anti-sindical tamb\u00e9m cresceu muito nos \u00faltimos anos, desde o <a href=\"https:\/\/www.brasildefato.com.br\/2023\/01\/10\/tudo-comecou-em-2016-com-o-golpe-contra-dilma-rousseff\/\" target=\"_blank\" rel=\"noopener noreferrer\">golpe de 2016<\/a>. Existe uma narrativa de que o sindicato n\u00e3o serve para nada e isso tem inclusive chegado ao campo e influenciado os nossos trabalhadores e trabalhadoras.\u00a0Precisamos desmistificar essa ideia, porque o sindicato \u00e9 um espa\u00e7o de direito e de luta, como fazia Margarida Alves.<\/p>\n<p><strong>Quais s\u00e3o as dificuldades e potencialidades atuais para mobilizar os trabalhadores e trabalhadoras do campo?<\/strong><\/p>\n<p>Eu vou come\u00e7ar falando sobre as potencialidades, com o exemplo do sistema Contag. Temos mais 61 anos de hist\u00f3ria, marcados por grandes mobiliza\u00e7\u00f5es. \u00c9 um sistema que re\u00fane 27 federa\u00e7\u00f5es e os sindicatos.<\/p>\n<p>Uma dessas grandes mobiliza\u00e7\u00f5es \u00e9 o Grito da Terra Brasil, que mobiliza milhares de pessoas nas ruas de Bras\u00edlia. N\u00f3s tamb\u00e9m temos os festivais nacionais de juventude, que discutem, por exemplo, a quest\u00e3o da sucess\u00e3o rural, al\u00e9m da nossa grandiosa Marcha das Margaridas, que acontece a cada quatro anos e, <a href=\"https:\/\/www.brasildefato.com.br\/2023\/08\/16\/com-100-mil-agricultoras-em-brasilia-marcha-das-margaridas-cobra-acesso-a-terra-e-combate-a-violencia\/\" target=\"_blank\" rel=\"noopener noreferrer\">em 2023, teve a sua s\u00e9tima edi\u00e7\u00e3o<\/a>.<\/p>\n<p>Essas mobiliza\u00e7\u00f5es constroem narrativas para que as pessoas vejam a potencialidade do movimento sindical, que n\u00e3o \u00e9 s\u00f3 sobre o trabalho de base, mas tamb\u00e9m \u00e9 reivindica\u00e7\u00e3o de pol\u00edticas p\u00fablicas, como o [Programa Nacional de Fortalecimento da Agricultura Familiar] Pronaf, o cr\u00e9dito fundi\u00e1rio, o direito \u00e0 terra e a reforma agr\u00e1ria.<\/p>\n<p>Nossas mobiliza\u00e7\u00f5es sempre foram reivindicat\u00f3rias. Sempre dizemos porque marchamos, vamos at\u00e9 a Esplanada dos Minist\u00e9rios, sentamos com ministros e com os presidentes. \u00c9 para reivindicar acesso \u00e0s pol\u00edticas p\u00fablicas e dignidade no campo, com escola, sa\u00fade e sustentabilidade, de forma que a gente possa viver no campo com todos os direitos que s\u00e3o nossos.<\/p>\n<p>\u00c9 muito desafiador falar hoje, por exemplo, de <a href=\"https:\/\/www.brasildefato.com.br\/2025\/05\/29\/camara-federal-aprova-projeto-que-estimula-permanencia-da-juventude-no-meio-rural\/\" target=\"_blank\" rel=\"noopener noreferrer\">perman\u00eancia e de sucess\u00e3o rural<\/a>. Mas n\u00e3o tem como falar sobre sindicalismo no campo sem falar de sucess\u00e3o rural, porque sabemos que o campo est\u00e1 envelhecendo e muitos dos nossos buscam fazer faculdade, por exemplo, e nem sempre h\u00e1 incentivo da fam\u00edlia. Pelo contr\u00e1rio, os pais querem que os filhos tenham um estudo, mas muitas vezes pol\u00edticas p\u00fablicas n\u00e3o chegam na ponta. A faculdade n\u00e3o chega no assentamento. A sa\u00fade n\u00e3o chega no assentamento.<\/p>\n<p>Muitas vezes, essas \u00e1reas rurais ficam a 70 ou 80 quil\u00f4metros de dist\u00e2ncia da cidade e o jovem precisa se deslocar v\u00e1rias vezes para poder fazer a sua faculdade. Temos o desafio de conseguir que as pol\u00edticas p\u00fablicas cheguem na ponta e o sindicato \u00e9 quem reivindica essas pol\u00edticas p\u00fablicas.<\/p>\n<p>Infelizmente, com o movimento do \u201cagropop, agrotudo\u201d, nossos jovens, e at\u00e9 mesmo os mais velhos, que s\u00e3o agricultores familiares, se veem como parte do agroneg\u00f3cio, como grandes latifundi\u00e1rios. E isso faz parte de um projeto pol\u00edtico. \u00c9 muito desafiador hoje fazer e ser sindicalista no Brasil.<\/p>\n<p>Mas, ao mesmo tempo, enquanto uma mulher jovem, de 25 anos, sendo a primeira mulher jovem a assumir a secretaria de mulheres da Contag, eu vejo a luz no fim do t\u00fanel. Eu nasci no ber\u00e7o do movimento sindical, da agricultura familiar, ouvindo falar de Margarida Alves. Eu acredito muito que n\u00e3o \u00e9 imposs\u00edvel fazer o sindicalismo no Brasil.<\/p>\n<p>\u00c9 dif\u00edcil, mas n\u00e3o \u00e9 imposs\u00edvel, porque a luta continua e as pol\u00edticas p\u00fablicas precisam acontecer. Precisamos ter dignidade no campo e, se a gente n\u00e3o fizer sindicalismo, n\u00e3o vai ter quem lute por esses direitos. Se n\u00e3o nos organizarmos, n\u00f3s perdemos. Isso ficou muito claro na gest\u00e3o de Jair Bolsonaro (PL), quando perdemos v\u00e1rias pol\u00edticas porque est\u00e1vamos desorganizados, mesmo tendo feito a maior Marcha das Margaridas.<\/p>\n<p>Lutando, a gente avan\u00e7ou. Se esquecemos que s\u00f3 avan\u00e7amos quando estamos juntos, nos enfraquecemos. \u00c9 melhor morrer na luta do que morrer de fome, como dizia Margarida Alves. Mesmo com os desafios, lembramos das potencialidades e que somos n\u00f3s que levamos 100 mil mulheres \u00e0s ruas de Bras\u00edlia lutando pelo direito de ter acesso \u00e0 \u00e1gua, \u00e0 terra, de poder plantar, de poder comercializar a sua produ\u00e7\u00e3o.<\/p>\n<p><strong>Como voc\u00ea avalia o terceiro governo Lula (PT) em rela\u00e7\u00e3o \u00e0s demandas das trabalhadoras rurais? O que voc\u00ea acha que Margarida Alves diria ao presidente?<\/strong><\/p>\n<p>O governo Lula tem um compromisso com as Margaridas e com as mulheres do campo, das \u00e1guas e das florestas. Desde quando entregamos a pauta da Marcha das Margaridas de 2023, tivemos v\u00e1rias respostas.<\/p>\n<p>Entre elas, podemos destacar os quintais produtivos, que est\u00e3o sendo executados nos estados, com toda a dificuldade, mas est\u00e3o acontecendo. N\u00f3s tamb\u00e9m tivemos a quest\u00e3o do Plano Safra, com v\u00e1rias respostas relacionadas com a nossa pauta. Ent\u00e3o, n\u00f3s estamos avan\u00e7ando. Tamb\u00e9m tem a documenta\u00e7\u00e3o das trabalhadoras, que \u00e9 uma a\u00e7\u00e3o tamb\u00e9m da Marcha das Margaridas.<\/p>\n<p>O governo tem, sim, o interesse de atender as Margaridas e n\u00f3s tamb\u00e9m estamos tendo um di\u00e1logo muito bom com o Minist\u00e9rio das Mulheres. S\u00e3o respostas avan\u00e7adas, e n\u00f3s vamos\u00a0 continuar com as negocia\u00e7\u00f5es, porque a marcha acaba, mas o processo de negocia\u00e7\u00e3o da pauta continua.<\/p>\n<p>N\u00f3s temos a Jornada das Margaridas, que acontece todos os anos, onde elaboramos uma nova pauta. Neste ano, novamente, sentaremos com o governo para analisar aquilo que foi e aquilo que ainda n\u00e3o foi atendido, e o que ainda pode ser atendido.\u00a0 Muitas das nossas pautas ainda v\u00e3o ser atendidas.<\/p>\n<p>N\u00f3s entendemos que a quest\u00e3o or\u00e7ament\u00e1ria, hoje, no governo, tem sido muito desafiadora. Eu acho que Margarida Alves diria para o presidente Lula que avan\u00e7amos, mas precisamos avan\u00e7ar mais. Porque precisamos de mais gente com terra e com qualidade de vida no campo, porque somos n\u00f3s que produzimos e temos condi\u00e7\u00f5es de tirar o Brasil de vez da fome.<\/p>\n<p><a href=\"https:\/\/www.brasildefato.com.br\/2025\/07\/28\/pela-segunda-vez-sob-gestao-do-pt-brasil-deixa-mapa-da-fome\/\" target=\"_blank\" rel=\"noopener noreferrer\">O pa\u00eds sai do Mapa da Fome<\/a> porque n\u00f3s, agricultores e agricultoras familiares, colocamos a m\u00e3o na terra, plantamos, colhemos e comercializamos.<\/p>\n<p>Entendemos o problema or\u00e7ament\u00e1rio, mas n\u00e3o podemos ficar s\u00f3 nos problemas or\u00e7ament\u00e1rios. Precisamos avan\u00e7ar, porque, se n\u00f3s queremos soberania alimentar e outros avan\u00e7os, precisamos avan\u00e7ar em conjunto.<\/p>\n<p>Tamb\u00e9m somos n\u00f3s que mitigamos os efeitos das mudan\u00e7as clim\u00e1ticas, que cuidamos da \u00e1gua e da terra. Queremos continuar no campo, mas queremos continuar com dignidade, com pol\u00edticas p\u00fablicas, com saneamento b\u00e1sico, com os nossos filhos e as nossas filhas com direito \u00e0 educa\u00e7\u00e3o.<\/p>\n<p>Para isso, n\u00f3s precisamos sempre andar juntos e eu tenho certeza\u00a0 que\u00a0 Lula tem um olhar para a agricultura familiar. Ele tem um olhar de algu\u00e9m que j\u00e1 passou fome, que conhece a hist\u00f3ria do sindicalismo, das mulheres e do povo do campo, das \u00e1guas e das florestas.<\/p>\n<h4 class=\"wp-block-heading\">Conversa Bem Viver<\/h4>\n<p>Em diferentes hor\u00e1rios, de segunda a sexta-feira, o programa \u00e9 transmitido na R\u00e1dio Super de Sorocaba (SP); R\u00e1dio Palermo (SP); R\u00e1dio Cantareira (SP); R\u00e1dio Interativa, de Senador Alexandre Costa (MA); R\u00e1dio Comunit\u00e1ria Malhada do Jatob\u00e1, de S\u00e3o Jo\u00e3o do Piau\u00ed (PI); R\u00e1dio Terra Livre (MST), de Abelardo Luz (SC); R\u00e1dio Timbira, de S\u00e3o Lu\u00eds (MA); R\u00e1dio Terra Livre de Hulha Negra (RN), R\u00e1dio Camponesa, em Itapeva (SP), R\u00e1dio Onda FM, de Novo Cruzeiro (MG), R\u00e1dio Pife, de Bras\u00edlia (DF), R\u00e1dio Cidade, de Jo\u00e3o Pessoa (PB), R\u00e1dio Palermo (SP), R\u00e1dio Torres Cidade (RS); R\u00e1dio Cantareira (SP); R\u00e1dio Keraz; Web R\u00e1dio Studio F; R\u00e1dio Seguros MA; R\u00e1dio Igua\u00e7u FM; R\u00e1dio Unidade Digital ; R\u00e1dio Cidade Classic HIts; Playlisten; R\u00e1dio Cidade; Web R\u00e1dio Apocalipse; R\u00e1dio; Alternativa Sul FM; Alberto dos Anjos; R\u00e1dio Voz da Cidade; R\u00e1dio Nativa FM; R\u00e1dio News 77; Web R\u00e1dio L\u00edder Baixio; R\u00e1dio Super Nova; R\u00e1dio Ribeirinha Libertadora; Uruguaiana FM; Serra Azul FM; Folha 390; R\u00e1dio Chapada FM; Rbn; Web R\u00e1dio Mombassom; Fog\u00e3o 24 Horas; Web R\u00e1dio Brisa; R\u00e1dio Palermo; R\u00e1dio Web Esta\u00e7\u00e3o Mirim; R\u00e1dio L\u00edder; Nova Gera\u00e7\u00e3o; Ana Terra FM; R\u00e1dio Metropolitana de Piracicaba; R\u00e1dio Alternativa FM; R\u00e1dio Web Torres Cidade; Objetiva Cast; DMnews Web R\u00e1dio; Criativa Web R\u00e1dio; R\u00e1dio Not\u00edcias; Topmix Digital MS; R\u00e1dio Oriental Sul; Mogiana Web; R\u00e1dio Atalaia FM Rio; R\u00e1dio Vila Mix; Web R\u00e1dio Palmeira; Web R\u00e1dio Travessia; R\u00e1dio Millennium; R\u00e1dio EsportesNet; R\u00e1dio Altura FM; Web R\u00e1dio Cidade; R\u00e1dio Viva a Vida; R\u00e1dio Regional Vale FM; R\u00e1dio Gerasom; Coruja Web; Vale do Tempo; Servo do Rei; R\u00e1dio Best Sound; R\u00e1dio Lagoa Azul; R\u00e1dio Show Livre; Web R\u00e1dio Sintonizando os Cora\u00e7\u00f5es; R\u00e1dio Campos Belos; R\u00e1dio Mundial; Clic R\u00e1dio Porto Alegre; Web R\u00e1dio Rosana; R\u00e1dio Cidade Light; Uni\u00e3o FM; R\u00e1dio Araras FM; R\u00e1dios Educadora e Transam\u00e9rica; R\u00e1dio Jer\u00f4nimo; Web R\u00e1dio Imaculado Cora\u00e7\u00e3o; Rede L\u00edder Web; R\u00e1dio Club; Rede dos Trabalhadores; Angelu\u2019Song; Web R\u00e1dio Nacional; R\u00e1dio SINTSEPANSA; Luz News; Montanha R\u00e1dio; Rede Vida Brasil; R\u00e1dio Broto FM; R\u00e1dio Campestre; R\u00e1dio Prof\u00e9tica Gospel; Chip i7 FM; R\u00e1dio Breganejo; R\u00e1dio Web Live; Ldnews; R\u00e1dio Clube Campos Novos; R\u00e1dio Terra Viva; R\u00e1dio interativa; Cristofm.net; R\u00e1dio Master Net; R\u00e1dio Barreto Web; Radio RockChat; R\u00e1dio Happiness; Mex FM; Voadeira R\u00e1dio Web; Lully FM; Web R\u00e1dionin; R\u00e1dio Intera\u00e7\u00e3o; Web R\u00e1dio Engeforest; Web R\u00e1dio Pentecoste; Web R\u00e1dio Liverock; Web R\u00e1dio Fatos; R\u00e1dio Augusto Barbosa Online; Super FM; R\u00e1dio Intera\u00e7\u00e3o Arcoverde; R\u00e1dio; Independ\u00eancia Recife; R\u00e1dio Cidadania FM; Web R\u00e1dio 102; Web R\u00e1dio Fonte da Vida; R\u00e1dio Web Studio P; S\u00e3o Jos\u00e9 Web R\u00e1dio \u2013 Prados (MG); Webr\u00e1dio Cultura de Santa Maria; Web R\u00e1dio Universo Livre; R\u00e1dio Villa; R\u00e1dio Farol FM; Viva FM; R\u00e1dio Interativa de Jequitinhonha; Estilo \u2013 WebR\u00e1dio; Rede Nova Sat FM; R\u00e1dio Comunit\u00e1ria Impacto 87,9FM; Web R\u00e1dio DNA Brasil; Nova onda FM; Cabn; Leal FM; R\u00e1dio Itapetininga; R\u00e1dio Vidas; Primeflashits; R\u00e1dio Deus Vivo; R\u00e1dio Cuieiras FM; R\u00e1dio Comunit\u00e1ria Tupancy; Sete News; Moreno R\u00e1dio Web; R\u00e1dio Web Esperan\u00e7a; Vila Boa FM; Novataweb; Rural FM Web; Bela Vista Web; R\u00e1dio Senzala; R\u00e1dio Pagu; R\u00e1dio Santidade; M\u2019ysa; Criativa FM de Capit\u00f3lio; R\u00e1dio Nordeste da Bahia; R\u00e1dio Central; R\u00e1dio VHV; Cultura1 Web R\u00e1dio; R\u00e1dio da Rua; Web Music; Piedade FM; R\u00e1dio 94 FM Itarar\u00e9; R\u00e1dio Luna Rio; Mar Azul FM; R\u00e1dio Web Piau\u00ed; Savic; Web R\u00e1dio Link; EG Link; Web R\u00e1dio Brasil Sertaneja; Web R\u00e1dio Sindviarios\/CUT.<\/p>\n<p>O programa de r\u00e1dio <em>Bem Viver<\/em> vai ao ar de segunda a sexta-feira, \u00e0s 7h, na <strong>R\u00e1dio Brasil de Fato<\/strong>. A sintonia \u00e9 98,9 FM na Grande S\u00e3o Paulo. A vers\u00e3o em v\u00eddeo \u00e9 semanal e vai ao ar aos s\u00e1bados a partir das 13h30 no YouTube do <strong>Brasil de Fato<\/strong> e TVs retransmissoras.<\/p>\n<p>Assim como os demais conte\u00fados, o <strong>Brasil de Fato<\/strong> disponibiliza o programa Bem Viver de forma gratuita para r\u00e1dios comunit\u00e1rias, r\u00e1dios-poste e outras emissoras que manifestarem interesse em veicular o conte\u00fado. Para ser inclu\u00eddo na nossa lista de distribui\u00e7\u00e3o, entre em contato por meio do <a href=\"https:\/\/www.brasildefato.com.br\/radioagencia\/seja-parceiro\/\" target=\"_blank\" rel=\"noopener noreferrer\">formul\u00e1rio<\/a>.<\/p>\n<div class=\"jeg_meta_post_footer\">\n<div class=\"jeg_meta_editors\">Editado por: Geisa Marques<\/div>\n<\/div>\n","protected":false},"excerpt":{"rendered":"<p>Brasil de Fato &#8211; Primeira mulher a ocupar a presid\u00eancia de um sindicato rural, com uma trajet\u00f3ria marcada pela defesa intransigente dos direitos dos trabalhadores e das trabalhadoras do campo, Margarida Maria Alves foi brutalmente assassinada h\u00e1 42 anos, no dia 12 de agosto 1983, em Alagoa Grande, na Para\u00edba, onde tamb\u00e9m nasceu e desenvolveu&#8230;<a class=\"more-link\" href=\"http:\/\/blogdalucianaoliveira.com.br\/blog\/2025\/08\/12\/simbolo-de-luta-quem-foi-margarida-alves-e-por-que-sindicalista-e-homenageada-no-dia-dos-direitos-humanos\/\">Continue a leitura <span class=\"meta-nav\">&raquo;<\/span><\/a><\/p>\n","protected":false},"author":1,"featured_media":0,"comment_status":"closed","ping_status":"open","sticky":false,"template":"","format":"standard","meta":{"_exactmetrics_skip_tracking":false,"_exactmetrics_sitenote_active":false,"_exactmetrics_sitenote_note":"","_exactmetrics_sitenote_category":0,"jetpack_post_was_ever_published":false,"_jetpack_newsletter_access":"","_jetpack_dont_email_post_to_subs":false,"_jetpack_newsletter_tier_id":0,"_jetpack_memberships_contains_paywalled_content":false,"_jetpack_memberships_contains_paid_content":false,"footnotes":"","jetpack_publicize_message":"","jetpack_publicize_feature_enabled":true,"jetpack_social_post_already_shared":true,"jetpack_social_options":{"image_generator_settings":{"template":"highway","enabled":false},"version":2}},"categories":[1],"tags":[317,1447],"class_list":["post-37253","post","type-post","status-publish","format-standard","hentry","category-notas","tag-direitos-humanos","tag-margarida-alves"],"jetpack_publicize_connections":[],"jetpack_sharing_enabled":true,"jetpack_featured_media_url":"","jetpack_shortlink":"https:\/\/wp.me\/p7wKYW-9GR","jetpack-related-posts":[],"_links":{"self":[{"href":"http:\/\/blogdalucianaoliveira.com.br\/blog\/wp-json\/wp\/v2\/posts\/37253","targetHints":{"allow":["GET"]}}],"collection":[{"href":"http:\/\/blogdalucianaoliveira.com.br\/blog\/wp-json\/wp\/v2\/posts"}],"about":[{"href":"http:\/\/blogdalucianaoliveira.com.br\/blog\/wp-json\/wp\/v2\/types\/post"}],"author":[{"embeddable":true,"href":"http:\/\/blogdalucianaoliveira.com.br\/blog\/wp-json\/wp\/v2\/users\/1"}],"replies":[{"embeddable":true,"href":"http:\/\/blogdalucianaoliveira.com.br\/blog\/wp-json\/wp\/v2\/comments?post=37253"}],"version-history":[{"count":1,"href":"http:\/\/blogdalucianaoliveira.com.br\/blog\/wp-json\/wp\/v2\/posts\/37253\/revisions"}],"predecessor-version":[{"id":37255,"href":"http:\/\/blogdalucianaoliveira.com.br\/blog\/wp-json\/wp\/v2\/posts\/37253\/revisions\/37255"}],"wp:attachment":[{"href":"http:\/\/blogdalucianaoliveira.com.br\/blog\/wp-json\/wp\/v2\/media?parent=37253"}],"wp:term":[{"taxonomy":"category","embeddable":true,"href":"http:\/\/blogdalucianaoliveira.com.br\/blog\/wp-json\/wp\/v2\/categories?post=37253"},{"taxonomy":"post_tag","embeddable":true,"href":"http:\/\/blogdalucianaoliveira.com.br\/blog\/wp-json\/wp\/v2\/tags?post=37253"}],"curies":[{"name":"wp","href":"https:\/\/api.w.org\/{rel}","templated":true}]}}