{"id":37256,"date":"2025-08-12T22:22:57","date_gmt":"2025-08-13T02:22:57","guid":{"rendered":"https:\/\/blogdalucianaoliveira.com.br\/blog\/?p=37256"},"modified":"2025-08-12T22:22:57","modified_gmt":"2025-08-13T02:22:57","slug":"jovem-indigena-brasileira-selecionada-para-assessorar-lider-da-onu-sobre-clima","status":"publish","type":"post","link":"http:\/\/blogdalucianaoliveira.com.br\/blog\/2025\/08\/12\/jovem-indigena-brasileira-selecionada-para-assessorar-lider-da-onu-sobre-clima\/","title":{"rendered":"Jovem ind\u00edgena brasileira selecionada para assessorar l\u00edder da ONU sobre clima"},"content":{"rendered":"<p><img data-recalc-dims=\"1\" loading=\"lazy\" decoding=\"async\" data-attachment-id=\"37257\" data-permalink=\"http:\/\/blogdalucianaoliveira.com.br\/blog\/2025\/08\/12\/jovem-indigena-brasileira-selecionada-para-assessorar-lider-da-onu-sobre-clima\/img_5875\/\" data-orig-file=\"https:\/\/i0.wp.com\/blogdalucianaoliveira.com.br\/blog\/wp-content\/uploads\/2025\/08\/IMG_5875.jpeg?fit=350%2C235\" data-orig-size=\"350,235\" data-comments-opened=\"0\" data-image-meta=\"{&quot;aperture&quot;:&quot;0&quot;,&quot;credit&quot;:&quot;&quot;,&quot;camera&quot;:&quot;&quot;,&quot;caption&quot;:&quot;&quot;,&quot;created_timestamp&quot;:&quot;0&quot;,&quot;copyright&quot;:&quot;&quot;,&quot;focal_length&quot;:&quot;0&quot;,&quot;iso&quot;:&quot;0&quot;,&quot;shutter_speed&quot;:&quot;0&quot;,&quot;title&quot;:&quot;&quot;,&quot;orientation&quot;:&quot;0&quot;}\" data-image-title=\"IMG_5875\" data-image-description=\"\" data-image-caption=\"\" data-medium-file=\"https:\/\/i0.wp.com\/blogdalucianaoliveira.com.br\/blog\/wp-content\/uploads\/2025\/08\/IMG_5875.jpeg?fit=300%2C201\" data-large-file=\"https:\/\/i0.wp.com\/blogdalucianaoliveira.com.br\/blog\/wp-content\/uploads\/2025\/08\/IMG_5875.jpeg?fit=350%2C235\" class=\"alignnone size-medium wp-image-37257\" src=\"https:\/\/i0.wp.com\/blogdalucianaoliveira.com.br\/blog\/wp-content\/uploads\/2025\/08\/IMG_5875.jpeg?resize=300%2C201\" alt=\"\" width=\"300\" height=\"201\" srcset=\"https:\/\/i0.wp.com\/blogdalucianaoliveira.com.br\/blog\/wp-content\/uploads\/2025\/08\/IMG_5875.jpeg?resize=300%2C201 300w, https:\/\/i0.wp.com\/blogdalucianaoliveira.com.br\/blog\/wp-content\/uploads\/2025\/08\/IMG_5875.jpeg?w=350 350w\" sizes=\"auto, (max-width: 300px) 100vw, 300px\" \/><\/p>\n<p>Txai Suru\u00ed foi anunciada como membra do grupo consultivo do secret\u00e1rio-geral; ela apoiar\u00e1 elabora\u00e7\u00e3o de recomenda\u00e7\u00f5es concretas para acelerar resposta global \u00e0 crise clim\u00e1tica; ativista \u00e9 fundadora do movimento da Juventude Ind\u00edgena de Rond\u00f4nia.<!--more-->ONU &#8211; A ativista brasileira Txai Suru\u00ed est\u00e1 entre os 14 jovens que integram o terceiro Grupo Consultivo da Juventude sobre Mudan\u00e7as Clim\u00e1ticas do secret\u00e1rio-geral da ONU, Ant\u00f3nio Guterres.<\/p>\n<p>O an\u00fancio foi feito nesta ter\u00e7a-feira, Dia Internacional da Juventude.<\/p>\n<h2><strong>Jovem lideran\u00e7a ind\u00edgena<\/strong><\/h2>\n<p>O grupo consultivo elabora recomenda\u00e7\u00f5es concretas para apoiar as Na\u00e7\u00f5es Unidas no enfrentamento da crise clim\u00e1tica.<\/p>\n<p>Txai Suru\u00ed pertence ao povo Paiter Suru\u00ed e fundou o movimento da Juventude Ind\u00edgena de Rond\u00f4nia. Ela coordena a Associa\u00e7\u00e3o de Defesa Etnoambiental Kanind\u00e9, que atua h\u00e1 mais de 30 anos na prote\u00e7\u00e3o territorial e seguran\u00e7a alimentar de comunidades ind\u00edgenas.<\/p>\n<p>A jovem ativista participou de diversos f\u00f3runs internacionais, incluindo uma palestra na <a class=\"ext\" title=\"(opens in a new window)\" href=\"https:\/\/www.youtube.com\/watch?v=ajhFkYd80PE\" target=\"_blank\" rel=\"noopener noreferrer\" data-extlink=\"\">abertura<\/a> da 26\u00aa Confer\u00eancia das Na\u00e7\u00f5es Unidas sobre Mudan\u00e7a Clim\u00e1tica, COP26, em Glasgow, na Esc\u00f3cia.<\/p>\n<h2><strong>Novos planos nacionais<\/strong><\/h2>\n<p>Este ano \u00e9 considerado crucial para a a\u00e7\u00e3o clim\u00e1tica, pois marca o d\u00e9cimo anivers\u00e1rio do Acordo de Paris. Al\u00e9m disso, 2025 \u00e9 o prazo para que todos os pa\u00edses apresentem novos planos clim\u00e1ticos nacionais, ou contribui\u00e7\u00f5es nacionalmente determinadas, NDCs.<\/p>\n<p>As\u00a0 medidas devem apoiar a meta de limitar o aumento da tempertaura global a 1,5C\u00b0.<\/p>\n<p>Convocado no \u00e2mbito da estrat\u00e9gia Juventude 2030 da ONU e da Nossa Agenda Comum, o Grupo Consultivo da Juventude serve como um mecanismo vital para o secret\u00e1rio-geral se envolver diretamente com os jovens em quest\u00f5es relacionadas ao clima.<\/p>\n<p>Conhe\u00e7a os crit\u00e9rios de sele\u00e7\u00e3o dos membros <a href=\"https:\/\/www.un.org\/sites\/un2.un.org\/files\/united_nations_youth_action_group_on_climate_change_selection_criteria.pdf\">aqui\u00a0<\/a>.<\/p>\n","protected":false},"excerpt":{"rendered":"<p>Txai Suru\u00ed foi anunciada como membra do grupo consultivo do secret\u00e1rio-geral; ela apoiar\u00e1 elabora\u00e7\u00e3o de recomenda\u00e7\u00f5es concretas para acelerar resposta global \u00e0 crise clim\u00e1tica; ativista \u00e9 fundadora do movimento da Juventude Ind\u00edgena de Rond\u00f4nia.<\/p>\n","protected":false},"author":1,"featured_media":0,"comment_status":"closed","ping_status":"open","sticky":false,"template":"","format":"standard","meta":{"_exactmetrics_skip_tracking":false,"_exactmetrics_sitenote_active":false,"_exactmetrics_sitenote_note":"","_exactmetrics_sitenote_category":0,"jetpack_post_was_ever_published":false,"_jetpack_newsletter_access":"","_jetpack_dont_email_post_to_subs":false,"_jetpack_newsletter_tier_id":0,"_jetpack_memberships_contains_paywalled_content":false,"_jetpack_memberships_contains_paid_content":false,"footnotes":"","jetpack_publicize_message":"","jetpack_publicize_feature_enabled":true,"jetpack_social_post_already_shared":true,"jetpack_social_options":{"image_generator_settings":{"template":"highway","enabled":false},"version":2}},"categories":[1],"tags":[173,628],"class_list":["post-37256","post","type-post","status-publish","format-standard","hentry","category-notas","tag-onu","tag-txai-surui"],"jetpack_publicize_connections":[],"jetpack_sharing_enabled":true,"jetpack_featured_media_url":"","jetpack_shortlink":"https:\/\/wp.me\/p7wKYW-9GU","jetpack-related-posts":[],"_links":{"self":[{"href":"http:\/\/blogdalucianaoliveira.com.br\/blog\/wp-json\/wp\/v2\/posts\/37256","targetHints":{"allow":["GET"]}}],"collection":[{"href":"http:\/\/blogdalucianaoliveira.com.br\/blog\/wp-json\/wp\/v2\/posts"}],"about":[{"href":"http:\/\/blogdalucianaoliveira.com.br\/blog\/wp-json\/wp\/v2\/types\/post"}],"author":[{"embeddable":true,"href":"http:\/\/blogdalucianaoliveira.com.br\/blog\/wp-json\/wp\/v2\/users\/1"}],"replies":[{"embeddable":true,"href":"http:\/\/blogdalucianaoliveira.com.br\/blog\/wp-json\/wp\/v2\/comments?post=37256"}],"version-history":[{"count":1,"href":"http:\/\/blogdalucianaoliveira.com.br\/blog\/wp-json\/wp\/v2\/posts\/37256\/revisions"}],"predecessor-version":[{"id":37258,"href":"http:\/\/blogdalucianaoliveira.com.br\/blog\/wp-json\/wp\/v2\/posts\/37256\/revisions\/37258"}],"wp:attachment":[{"href":"http:\/\/blogdalucianaoliveira.com.br\/blog\/wp-json\/wp\/v2\/media?parent=37256"}],"wp:term":[{"taxonomy":"category","embeddable":true,"href":"http:\/\/blogdalucianaoliveira.com.br\/blog\/wp-json\/wp\/v2\/categories?post=37256"},{"taxonomy":"post_tag","embeddable":true,"href":"http:\/\/blogdalucianaoliveira.com.br\/blog\/wp-json\/wp\/v2\/tags?post=37256"}],"curies":[{"name":"wp","href":"https:\/\/api.w.org\/{rel}","templated":true}]}}