{"id":37260,"date":"2025-08-13T09:33:39","date_gmt":"2025-08-13T13:33:39","guid":{"rendered":"https:\/\/blogdalucianaoliveira.com.br\/blog\/?p=37260"},"modified":"2025-08-13T09:33:39","modified_gmt":"2025-08-13T13:33:39","slug":"lula-anuncia-mp-para-mitigar-efeitos-de-tarifas-vamos-cuidar-dos-trabalhadores-e-das-empresas","status":"publish","type":"post","link":"http:\/\/blogdalucianaoliveira.com.br\/blog\/2025\/08\/13\/lula-anuncia-mp-para-mitigar-efeitos-de-tarifas-vamos-cuidar-dos-trabalhadores-e-das-empresas\/","title":{"rendered":"Lula anuncia MP para mitigar efeitos de tarifas: \u201cVamos cuidar dos trabalhadores e das empresas\u201d"},"content":{"rendered":"<div><img data-recalc-dims=\"1\" loading=\"lazy\" decoding=\"async\" data-attachment-id=\"37261\" data-permalink=\"http:\/\/blogdalucianaoliveira.com.br\/blog\/2025\/08\/13\/lula-anuncia-mp-para-mitigar-efeitos-de-tarifas-vamos-cuidar-dos-trabalhadores-e-das-empresas\/img_5878-2\/\" data-orig-file=\"https:\/\/i0.wp.com\/blogdalucianaoliveira.com.br\/blog\/wp-content\/uploads\/2025\/08\/IMG_5878.jpeg?fit=768%2C512\" data-orig-size=\"768,512\" data-comments-opened=\"0\" data-image-meta=\"{&quot;aperture&quot;:&quot;0&quot;,&quot;credit&quot;:&quot;&quot;,&quot;camera&quot;:&quot;&quot;,&quot;caption&quot;:&quot;&quot;,&quot;created_timestamp&quot;:&quot;0&quot;,&quot;copyright&quot;:&quot;&quot;,&quot;focal_length&quot;:&quot;0&quot;,&quot;iso&quot;:&quot;0&quot;,&quot;shutter_speed&quot;:&quot;0&quot;,&quot;title&quot;:&quot;&quot;,&quot;orientation&quot;:&quot;0&quot;}\" data-image-title=\"IMG_5878\" data-image-description=\"\" data-image-caption=\"\" data-medium-file=\"https:\/\/i0.wp.com\/blogdalucianaoliveira.com.br\/blog\/wp-content\/uploads\/2025\/08\/IMG_5878.jpeg?fit=300%2C200\" data-large-file=\"https:\/\/i0.wp.com\/blogdalucianaoliveira.com.br\/blog\/wp-content\/uploads\/2025\/08\/IMG_5878.jpeg?fit=600%2C400\" class=\"alignnone size-medium wp-image-37261\" src=\"https:\/\/i0.wp.com\/blogdalucianaoliveira.com.br\/blog\/wp-content\/uploads\/2025\/08\/IMG_5878.jpeg?resize=300%2C200\" alt=\"\" width=\"300\" height=\"200\" srcset=\"https:\/\/i0.wp.com\/blogdalucianaoliveira.com.br\/blog\/wp-content\/uploads\/2025\/08\/IMG_5878.jpeg?resize=300%2C200 300w, https:\/\/i0.wp.com\/blogdalucianaoliveira.com.br\/blog\/wp-content\/uploads\/2025\/08\/IMG_5878.jpeg?resize=450%2C300 450w, https:\/\/i0.wp.com\/blogdalucianaoliveira.com.br\/blog\/wp-content\/uploads\/2025\/08\/IMG_5878.jpeg?w=768 768w\" sizes=\"auto, (max-width: 300px) 100vw, 300px\" \/><\/div>\n<div class=\"documentDescription\">\nEm entrevista \u00e0 BandNews FM, presidente antecipa que a MP Brasil Soberano, que ser\u00e1 detalhada nesta quarta, cria linha de cr\u00e9dito de R$ 30 bilh\u00f5es para ajudar atingidos pela taxa\u00e7\u00e3o dos produtos pelos Estados Unidos<\/div>\n<p><!--more--><\/p>\n<p>Canal Gov &#8211; O presidente Luiz In\u00e1cio Lula da Silva afirmou nesta ter\u00e7a-feira, 12 de agosto, em entrevista \u00e0 BandNews FM, que assina nesta quarta-feira, 13 de agosto, a Medida Provis\u00f3ria Brasil Soberano. O texto cria uma linha de cr\u00e9dito no valor de R$ 30 bilh\u00f5es com foco em empresas que tiveram preju\u00edzo com as recentes medidas anunciadas pelos Estados Unidos, de taxar em 50% as exporta\u00e7\u00f5es brasileiras. O chamado \u201ctarifa\u00e7o\u201d entrou em vigor no \u00faltimo dia 6 de agosto.<\/p>\n<blockquote class=\"pullquote\"><p>Ningu\u00e9m vai ficar desamparado neste pa\u00eds por causa das medidas tomadas pelo presidente Trump. Vamos cuidar dos trabalhadores dessas empresas e, tamb\u00e9m, procurar outros mercados para elas<br \/>\n<em>LUIZ IN\u00c1CIO LULA DA SILVA<\/em><br \/>\n<em>Presidente da Rep\u00fablica<\/em><\/p><\/blockquote>\n<p>Na entrevista ao programa <em>O \u00c9 da Coisa<\/em>, apresentado pelo jornalista Reinaldo Azevedo, Lula falou sobre outras medidas do Governo Federal para combater os efeitos da taxa\u00e7\u00e3o. Al\u00e9m da linha de cr\u00e9dito, o plano de conting\u00eancia inclui, ainda, as compras governamentais. Nessa modalidade, o Governo adquire produtos que seriam exportados, em especial g\u00eaneros aliment\u00edcios, para aproveit\u00e1-los em programas sociais. Outra vertente antecipada pelo presidente \u00e9 a \u00eanfase na abertura de novos mercados pelo mundo para os produtos nacionais.<\/p>\n<p><strong>CUIDADO &#8211;<\/strong> Segundo o presidente, o valor para a linha de cr\u00e9dito pode ser apenas um come\u00e7o. Dependendo da necessidade, recursos adicionais podem ser investidos. \u201cA medida \u00e9 extremamente importante para mostrar que ningu\u00e9m vai ficar desamparado neste pa\u00eds por causa das medidas tomadas pelo presidente Trump. Vamos cuidar dos trabalhadores dessas empresas e, tamb\u00e9m, procurar outros mercados para elas\u201d, ressaltou.<\/p>\n<p><strong>PEQUENAS EMPRESAS &#8211;<\/strong> De acordo com o presidente, o objetivo das medidas \u00e9 ajudar, sobretudo, as pequenas empresas que exportam, por exemplo, til\u00e1pia, mel, frutas e outros produtos, como m\u00e1quinas. O Governo Federal j\u00e1 afirmara, anteriormente, que as empresas brasileiras que t\u00eam maior depend\u00eancia do mercado norte-americano para as vendas ter\u00e3o aten\u00e7\u00e3o especial.<\/p>\n<p><strong>INCENTIVO &#8211;<\/strong> O Governo Federal tamb\u00e9m est\u00e1 enviando listas com produtos que os empres\u00e1rios brasileiros vendem para os Estados Unidos a outros pa\u00edses. \u201cNingu\u00e9m larga a m\u00e3o de ningu\u00e9m. Eu quero ajudar, quero tentar ver as rela\u00e7\u00f5es que temos com todos os pa\u00edses, o que a gente compra, o que a gente vende. Precisamos ajudar os empres\u00e1rios a abrir novos mercados e, tamb\u00e9m, incentivar os empres\u00e1rios a brigar pelos mercados. N\u00e3o d\u00e1 para deixar barato a taxa\u00e7\u00e3o imposta. H\u00e1 leis nos Estados Unidos e os nossos empres\u00e1rios podem abrir processo, podem brigar por seus direitos, l\u00e1, tamb\u00e9m\u201d, ressaltou.<\/p>\n<p><strong>OMC &#8211;<\/strong> Outra frente do Governo Federal relatada por Lula na entrevista \u00e9 o padr\u00e3o j\u00e1 utilizado de recorrer \u00e0 Organiza\u00e7\u00e3o Mundial do Com\u00e9rcio (OMC) contra a taxa\u00e7\u00e3o dos Estados Unidos. \u201cEstamos pensando na aplica\u00e7\u00e3o da Lei da Reciprocidade, o que podemos fazer a respeito. N\u00e3o queremos ficar dizendo que vamos fazer bravata. N\u00f3s vamos medir as consequ\u00eancias para o povo brasileiro e para a rela\u00e7\u00e3o com os Estados Unidos a cada momento que a gente tiver de tomar uma decis\u00e3o. Afinal, temos uma rela\u00e7\u00e3o hist\u00f3rica e muito profunda de 201 anos. E queremos manter uma rela\u00e7\u00e3o como temos com todo mundo: civilizada, ordeira, em que a gente possa sentar e discutir diverg\u00eancias.\u201d<\/p>\n<p><strong>NEGOCIA\u00c7\u00c3O &#8211;<\/strong> \u201cAs grandes empresas t\u00eam mais poder de resist\u00eancia, mas vamos garantir a sobreviv\u00eancia das empresas brasileiras. Houve um tempo em que nosso com\u00e9rcio exterior dependia 25% dos Estados Unidos. Hoje, s\u00e3o 12%. Eu continuo preparado para negociar. N\u00e3o sei qual a experi\u00eancia de negocia\u00e7\u00e3o do presidente Trump, mas desde 1968 eu negocio com patr\u00e3o, nas f\u00e1bricas. \u00c0s vezes eu ganhava, \u00e0s vezes perdia, \u00e0s vezes empatava, mas o importante \u00e9 sentar numa mesa e negociar\u201d, definiu.<\/p>\n","protected":false},"excerpt":{"rendered":"<p>Em entrevista \u00e0 BandNews FM, presidente antecipa que a MP Brasil Soberano, que ser\u00e1 detalhada nesta quarta, cria linha de cr\u00e9dito de R$ 30 bilh\u00f5es para ajudar atingidos pela taxa\u00e7\u00e3o dos produtos pelos Estados Unidos<\/p>\n","protected":false},"author":1,"featured_media":0,"comment_status":"closed","ping_status":"open","sticky":false,"template":"","format":"standard","meta":{"_exactmetrics_skip_tracking":false,"_exactmetrics_sitenote_active":false,"_exactmetrics_sitenote_note":"","_exactmetrics_sitenote_category":0,"jetpack_post_was_ever_published":false,"_jetpack_newsletter_access":"","_jetpack_dont_email_post_to_subs":false,"_jetpack_newsletter_tier_id":0,"_jetpack_memberships_contains_paywalled_content":false,"_jetpack_memberships_contains_paid_content":false,"footnotes":"","jetpack_publicize_message":"","jetpack_publicize_feature_enabled":true,"jetpack_social_post_already_shared":true,"jetpack_social_options":{"image_generator_settings":{"template":"highway","enabled":false},"version":2}},"categories":[1],"tags":[1450,78,1449,1298],"class_list":["post-37260","post","type-post","status-publish","format-standard","hentry","category-notas","tag-empresarios","tag-lula","tag-socorro","tag-tarifaco"],"jetpack_publicize_connections":[],"jetpack_sharing_enabled":true,"jetpack_featured_media_url":"","jetpack_shortlink":"https:\/\/wp.me\/p7wKYW-9GY","jetpack-related-posts":[],"_links":{"self":[{"href":"http:\/\/blogdalucianaoliveira.com.br\/blog\/wp-json\/wp\/v2\/posts\/37260","targetHints":{"allow":["GET"]}}],"collection":[{"href":"http:\/\/blogdalucianaoliveira.com.br\/blog\/wp-json\/wp\/v2\/posts"}],"about":[{"href":"http:\/\/blogdalucianaoliveira.com.br\/blog\/wp-json\/wp\/v2\/types\/post"}],"author":[{"embeddable":true,"href":"http:\/\/blogdalucianaoliveira.com.br\/blog\/wp-json\/wp\/v2\/users\/1"}],"replies":[{"embeddable":true,"href":"http:\/\/blogdalucianaoliveira.com.br\/blog\/wp-json\/wp\/v2\/comments?post=37260"}],"version-history":[{"count":1,"href":"http:\/\/blogdalucianaoliveira.com.br\/blog\/wp-json\/wp\/v2\/posts\/37260\/revisions"}],"predecessor-version":[{"id":37262,"href":"http:\/\/blogdalucianaoliveira.com.br\/blog\/wp-json\/wp\/v2\/posts\/37260\/revisions\/37262"}],"wp:attachment":[{"href":"http:\/\/blogdalucianaoliveira.com.br\/blog\/wp-json\/wp\/v2\/media?parent=37260"}],"wp:term":[{"taxonomy":"category","embeddable":true,"href":"http:\/\/blogdalucianaoliveira.com.br\/blog\/wp-json\/wp\/v2\/categories?post=37260"},{"taxonomy":"post_tag","embeddable":true,"href":"http:\/\/blogdalucianaoliveira.com.br\/blog\/wp-json\/wp\/v2\/tags?post=37260"}],"curies":[{"name":"wp","href":"https:\/\/api.w.org\/{rel}","templated":true}]}}