{"id":37266,"date":"2025-08-13T11:23:57","date_gmt":"2025-08-13T15:23:57","guid":{"rendered":"https:\/\/blogdalucianaoliveira.com.br\/blog\/?p=37266"},"modified":"2025-08-13T11:23:57","modified_gmt":"2025-08-13T15:23:57","slug":"claudia-de-jesus-apoia-greve-da-educacao-em-rondonia-e-defende-dialogo-imediato-com-o-governo","status":"publish","type":"post","link":"http:\/\/blogdalucianaoliveira.com.br\/blog\/2025\/08\/13\/claudia-de-jesus-apoia-greve-da-educacao-em-rondonia-e-defende-dialogo-imediato-com-o-governo\/","title":{"rendered":"Cl\u00e1udia de Jesus apoia greve da educa\u00e7\u00e3o em Rond\u00f4nia e defende di\u00e1logo imediato com o governo"},"content":{"rendered":"<p>&nbsp;<\/p>\n<p dir=\"ltr\"><img data-recalc-dims=\"1\" loading=\"lazy\" decoding=\"async\" data-attachment-id=\"37267\" data-permalink=\"http:\/\/blogdalucianaoliveira.com.br\/blog\/2025\/08\/13\/claudia-de-jesus-apoia-greve-da-educacao-em-rondonia-e-defende-dialogo-imediato-com-o-governo\/img_5882\/\" data-orig-file=\"https:\/\/i0.wp.com\/blogdalucianaoliveira.com.br\/blog\/wp-content\/uploads\/2025\/08\/IMG_5882.jpeg?fit=1620%2C1080\" data-orig-size=\"1620,1080\" data-comments-opened=\"0\" data-image-meta=\"{&quot;aperture&quot;:&quot;5&quot;,&quot;credit&quot;:&quot;&quot;,&quot;camera&quot;:&quot;Canon EOS Rebel SL3&quot;,&quot;caption&quot;:&quot;&quot;,&quot;created_timestamp&quot;:&quot;1755013412&quot;,&quot;copyright&quot;:&quot;&quot;,&quot;focal_length&quot;:&quot;29&quot;,&quot;iso&quot;:&quot;3200&quot;,&quot;shutter_speed&quot;:&quot;0.016666666666667&quot;,&quot;title&quot;:&quot;&quot;,&quot;orientation&quot;:&quot;1&quot;}\" data-image-title=\"IMG_5882\" data-image-description=\"\" data-image-caption=\"\" data-medium-file=\"https:\/\/i0.wp.com\/blogdalucianaoliveira.com.br\/blog\/wp-content\/uploads\/2025\/08\/IMG_5882.jpeg?fit=300%2C200\" data-large-file=\"https:\/\/i0.wp.com\/blogdalucianaoliveira.com.br\/blog\/wp-content\/uploads\/2025\/08\/IMG_5882.jpeg?fit=600%2C400\" class=\"alignnone size-medium wp-image-37267\" src=\"https:\/\/i0.wp.com\/blogdalucianaoliveira.com.br\/blog\/wp-content\/uploads\/2025\/08\/IMG_5882.jpeg?resize=300%2C200\" alt=\"\" width=\"300\" height=\"200\" srcset=\"https:\/\/i0.wp.com\/blogdalucianaoliveira.com.br\/blog\/wp-content\/uploads\/2025\/08\/IMG_5882.jpeg?resize=300%2C200 300w, https:\/\/i0.wp.com\/blogdalucianaoliveira.com.br\/blog\/wp-content\/uploads\/2025\/08\/IMG_5882.jpeg?resize=1024%2C683 1024w, https:\/\/i0.wp.com\/blogdalucianaoliveira.com.br\/blog\/wp-content\/uploads\/2025\/08\/IMG_5882.jpeg?resize=768%2C512 768w, https:\/\/i0.wp.com\/blogdalucianaoliveira.com.br\/blog\/wp-content\/uploads\/2025\/08\/IMG_5882.jpeg?resize=1536%2C1024 1536w, https:\/\/i0.wp.com\/blogdalucianaoliveira.com.br\/blog\/wp-content\/uploads\/2025\/08\/IMG_5882.jpeg?resize=450%2C300 450w, https:\/\/i0.wp.com\/blogdalucianaoliveira.com.br\/blog\/wp-content\/uploads\/2025\/08\/IMG_5882.jpeg?w=1620 1620w, https:\/\/i0.wp.com\/blogdalucianaoliveira.com.br\/blog\/wp-content\/uploads\/2025\/08\/IMG_5882.jpeg?w=1200 1200w\" sizes=\"auto, (max-width: 300px) 100vw, 300px\" \/><\/p>\n<p dir=\"ltr\">\n<p dir=\"ltr\">Parlamentar se reuniu com trabalhadores para receber pauta de reivindica\u00e7\u00f5es e buscar solu\u00e7\u00f5es que garantam o retorno das aulas na rede estadual<!--more-->A deputada estadual Cl\u00e1udia de Jesus (PT) manifestou, nesta ter\u00e7a-feira, seu apoio \u00e0 greve dos trabalhadores da educa\u00e7\u00e3o em Rond\u00f4nia, classificando o movimento como leg\u00edtimo e justo. A parlamentar esteve reunida com representantes da categoria para ouvir as reivindica\u00e7\u00f5es e receber a pauta oficial de demandas.<\/p>\n<p dir=\"ltr\">Entre os principais pontos apresentados pelos profissionais est\u00e3o a realiza\u00e7\u00e3o urgente de concurso p\u00fablico para suprir o d\u00e9ficit no quadro de servidores, reajuste no vale-alimenta\u00e7\u00e3o e no vale-transporte, al\u00e9m da implementa\u00e7\u00e3o de progress\u00f5es justas para as titularidades.<\/p>\n<p dir=\"ltr\">Durante o encontro, realizado na Assembleia Legislativa, Cl\u00e1udia destacou que o direito \u00e0 greve \u00e9 um instrumento democr\u00e1tico de luta, historicamente respons\u00e1vel por conquistas importantes para a classe trabalhadora. Segundo ela, a paralisa\u00e7\u00e3o dos profissionais da educa\u00e7\u00e3o demonstra a necessidade urgente de avan\u00e7os nas condi\u00e7\u00f5es de trabalho e na valoriza\u00e7\u00e3o da categoria.<\/p>\n<p dir=\"ltr\"><img data-recalc-dims=\"1\" loading=\"lazy\" decoding=\"async\" data-attachment-id=\"37268\" data-permalink=\"http:\/\/blogdalucianaoliveira.com.br\/blog\/2025\/08\/13\/claudia-de-jesus-apoia-greve-da-educacao-em-rondonia-e-defende-dialogo-imediato-com-o-governo\/img_5883\/\" data-orig-file=\"https:\/\/i0.wp.com\/blogdalucianaoliveira.com.br\/blog\/wp-content\/uploads\/2025\/08\/IMG_5883.jpeg?fit=1620%2C1080\" data-orig-size=\"1620,1080\" data-comments-opened=\"0\" data-image-meta=\"{&quot;aperture&quot;:&quot;5.6&quot;,&quot;credit&quot;:&quot;&quot;,&quot;camera&quot;:&quot;Canon EOS Rebel SL3&quot;,&quot;caption&quot;:&quot;&quot;,&quot;created_timestamp&quot;:&quot;1755013208&quot;,&quot;copyright&quot;:&quot;&quot;,&quot;focal_length&quot;:&quot;55&quot;,&quot;iso&quot;:&quot;6400&quot;,&quot;shutter_speed&quot;:&quot;0.0125&quot;,&quot;title&quot;:&quot;&quot;,&quot;orientation&quot;:&quot;1&quot;}\" data-image-title=\"IMG_5883\" data-image-description=\"\" data-image-caption=\"\" data-medium-file=\"https:\/\/i0.wp.com\/blogdalucianaoliveira.com.br\/blog\/wp-content\/uploads\/2025\/08\/IMG_5883.jpeg?fit=300%2C200\" data-large-file=\"https:\/\/i0.wp.com\/blogdalucianaoliveira.com.br\/blog\/wp-content\/uploads\/2025\/08\/IMG_5883.jpeg?fit=600%2C400\" class=\"alignnone size-medium wp-image-37268\" src=\"https:\/\/i0.wp.com\/blogdalucianaoliveira.com.br\/blog\/wp-content\/uploads\/2025\/08\/IMG_5883.jpeg?resize=300%2C200\" alt=\"\" width=\"300\" height=\"200\" srcset=\"https:\/\/i0.wp.com\/blogdalucianaoliveira.com.br\/blog\/wp-content\/uploads\/2025\/08\/IMG_5883.jpeg?resize=300%2C200 300w, https:\/\/i0.wp.com\/blogdalucianaoliveira.com.br\/blog\/wp-content\/uploads\/2025\/08\/IMG_5883.jpeg?resize=1024%2C683 1024w, https:\/\/i0.wp.com\/blogdalucianaoliveira.com.br\/blog\/wp-content\/uploads\/2025\/08\/IMG_5883.jpeg?resize=768%2C512 768w, https:\/\/i0.wp.com\/blogdalucianaoliveira.com.br\/blog\/wp-content\/uploads\/2025\/08\/IMG_5883.jpeg?resize=1536%2C1024 1536w, https:\/\/i0.wp.com\/blogdalucianaoliveira.com.br\/blog\/wp-content\/uploads\/2025\/08\/IMG_5883.jpeg?resize=450%2C300 450w, https:\/\/i0.wp.com\/blogdalucianaoliveira.com.br\/blog\/wp-content\/uploads\/2025\/08\/IMG_5883.jpeg?w=1620 1620w, https:\/\/i0.wp.com\/blogdalucianaoliveira.com.br\/blog\/wp-content\/uploads\/2025\/08\/IMG_5883.jpeg?w=1200 1200w\" sizes=\"auto, (max-width: 300px) 100vw, 300px\" \/><\/p>\n<p dir=\"ltr\">\u00a0\u201cReconhe\u00e7o a import\u00e2ncia e a legitimidade dessa mobiliza\u00e7\u00e3o. A educa\u00e7\u00e3o \u00e9 a base para o desenvolvimento do nosso estado e n\u00e3o podemos admitir que professores e demais servidores da \u00e1rea continuem sendo desvalorizados. Estarei buscando junto ao governo solu\u00e7\u00f5es para atender \u00e0s reivindica\u00e7\u00f5es, de forma que possamos garantir o retorno de 100% das aulas na rede p\u00fablica estadual\u201d afirmou a deputada.<\/p>\n<p dir=\"ltr\">Cl\u00e1udia de Jesus adiantou que j\u00e1 est\u00e1 protocolando of\u00edcios para somar for\u00e7as \u00e0 causa. A parlamentar refor\u00e7ou seu compromisso de acompanhar o andamento das tratativas e manter di\u00e1logo constante com os trabalhadores at\u00e9 que um acordo seja alcan\u00e7ado.<\/p>\n<p dir=\"ltr\">Liderada pelo Sindicato dos Trabalhadores em Educa\u00e7\u00e3o no Estado de Rond\u00f4nia &#8211; SINTERO, a greve da educa\u00e7\u00e3o em Rond\u00f4nia segue mobilizando escolas em diversas cidades do estado, com ades\u00e3o de professores e servidores administrativos. Enquanto isso, estudantes aguardam o desfecho das negocia\u00e7\u00f5es para o retorno integral das atividades.<\/p>\n<p dir=\"ltr\">texto e foto: Fabr\u00edcia Lopes<\/p>\n","protected":false},"excerpt":{"rendered":"<p>&nbsp; Parlamentar se reuniu com trabalhadores para receber pauta de reivindica\u00e7\u00f5es e buscar solu\u00e7\u00f5es que garantam o retorno das aulas na rede estadual<\/p>\n","protected":false},"author":1,"featured_media":0,"comment_status":"closed","ping_status":"open","sticky":false,"template":"","format":"standard","meta":{"_exactmetrics_skip_tracking":false,"_exactmetrics_sitenote_active":false,"_exactmetrics_sitenote_note":"","_exactmetrics_sitenote_category":0,"jetpack_post_was_ever_published":false,"_jetpack_newsletter_access":"","_jetpack_dont_email_post_to_subs":false,"_jetpack_newsletter_tier_id":0,"_jetpack_memberships_contains_paywalled_content":false,"_jetpack_memberships_contains_paid_content":false,"footnotes":"","jetpack_publicize_message":"","jetpack_publicize_feature_enabled":true,"jetpack_social_post_already_shared":true,"jetpack_social_options":{"image_generator_settings":{"template":"highway","enabled":false},"version":2}},"categories":[1],"tags":[1429,158,1451],"class_list":["post-37266","post","type-post","status-publish","format-standard","hentry","category-notas","tag-deputada-claudia-de-jesus","tag-educacao","tag-greve"],"jetpack_publicize_connections":[],"jetpack_sharing_enabled":true,"jetpack_featured_media_url":"","jetpack_shortlink":"https:\/\/wp.me\/p7wKYW-9H4","jetpack-related-posts":[],"_links":{"self":[{"href":"http:\/\/blogdalucianaoliveira.com.br\/blog\/wp-json\/wp\/v2\/posts\/37266","targetHints":{"allow":["GET"]}}],"collection":[{"href":"http:\/\/blogdalucianaoliveira.com.br\/blog\/wp-json\/wp\/v2\/posts"}],"about":[{"href":"http:\/\/blogdalucianaoliveira.com.br\/blog\/wp-json\/wp\/v2\/types\/post"}],"author":[{"embeddable":true,"href":"http:\/\/blogdalucianaoliveira.com.br\/blog\/wp-json\/wp\/v2\/users\/1"}],"replies":[{"embeddable":true,"href":"http:\/\/blogdalucianaoliveira.com.br\/blog\/wp-json\/wp\/v2\/comments?post=37266"}],"version-history":[{"count":1,"href":"http:\/\/blogdalucianaoliveira.com.br\/blog\/wp-json\/wp\/v2\/posts\/37266\/revisions"}],"predecessor-version":[{"id":37269,"href":"http:\/\/blogdalucianaoliveira.com.br\/blog\/wp-json\/wp\/v2\/posts\/37266\/revisions\/37269"}],"wp:attachment":[{"href":"http:\/\/blogdalucianaoliveira.com.br\/blog\/wp-json\/wp\/v2\/media?parent=37266"}],"wp:term":[{"taxonomy":"category","embeddable":true,"href":"http:\/\/blogdalucianaoliveira.com.br\/blog\/wp-json\/wp\/v2\/categories?post=37266"},{"taxonomy":"post_tag","embeddable":true,"href":"http:\/\/blogdalucianaoliveira.com.br\/blog\/wp-json\/wp\/v2\/tags?post=37266"}],"curies":[{"name":"wp","href":"https:\/\/api.w.org\/{rel}","templated":true}]}}