{"id":37270,"date":"2025-08-13T18:12:17","date_gmt":"2025-08-13T22:12:17","guid":{"rendered":"https:\/\/blogdalucianaoliveira.com.br\/blog\/?p=37270"},"modified":"2025-08-13T18:12:17","modified_gmt":"2025-08-13T22:12:17","slug":"saiba-quais-sao-as-medidas-do-plano-brasil-soberano","status":"publish","type":"post","link":"http:\/\/blogdalucianaoliveira.com.br\/blog\/2025\/08\/13\/saiba-quais-sao-as-medidas-do-plano-brasil-soberano\/","title":{"rendered":"Saiba quais s\u00e3o as medidas do Plano Brasil Soberano"},"content":{"rendered":"<p><img data-recalc-dims=\"1\" loading=\"lazy\" decoding=\"async\" data-attachment-id=\"37271\" data-permalink=\"http:\/\/blogdalucianaoliveira.com.br\/blog\/2025\/08\/13\/saiba-quais-sao-as-medidas-do-plano-brasil-soberano\/img_5902\/\" data-orig-file=\"https:\/\/i0.wp.com\/blogdalucianaoliveira.com.br\/blog\/wp-content\/uploads\/2025\/08\/IMG_5902.webp?fit=1170%2C700\" data-orig-size=\"1170,700\" data-comments-opened=\"0\" data-image-meta=\"{&quot;aperture&quot;:&quot;0&quot;,&quot;credit&quot;:&quot;&quot;,&quot;camera&quot;:&quot;&quot;,&quot;caption&quot;:&quot;&quot;,&quot;created_timestamp&quot;:&quot;0&quot;,&quot;copyright&quot;:&quot;&quot;,&quot;focal_length&quot;:&quot;0&quot;,&quot;iso&quot;:&quot;0&quot;,&quot;shutter_speed&quot;:&quot;0&quot;,&quot;title&quot;:&quot;&quot;,&quot;orientation&quot;:&quot;0&quot;}\" data-image-title=\"IMG_5902\" data-image-description=\"\" data-image-caption=\"\" data-medium-file=\"https:\/\/i0.wp.com\/blogdalucianaoliveira.com.br\/blog\/wp-content\/uploads\/2025\/08\/IMG_5902.webp?fit=300%2C179\" data-large-file=\"https:\/\/i0.wp.com\/blogdalucianaoliveira.com.br\/blog\/wp-content\/uploads\/2025\/08\/IMG_5902.webp?fit=600%2C359\" class=\"alignnone size-medium wp-image-37271\" src=\"https:\/\/i0.wp.com\/blogdalucianaoliveira.com.br\/blog\/wp-content\/uploads\/2025\/08\/IMG_5902.webp?resize=300%2C179\" alt=\"\" width=\"300\" height=\"179\" srcset=\"https:\/\/i0.wp.com\/blogdalucianaoliveira.com.br\/blog\/wp-content\/uploads\/2025\/08\/IMG_5902.webp?resize=300%2C179 300w, https:\/\/i0.wp.com\/blogdalucianaoliveira.com.br\/blog\/wp-content\/uploads\/2025\/08\/IMG_5902.webp?resize=1024%2C613 1024w, https:\/\/i0.wp.com\/blogdalucianaoliveira.com.br\/blog\/wp-content\/uploads\/2025\/08\/IMG_5902.webp?resize=768%2C459 768w, https:\/\/i0.wp.com\/blogdalucianaoliveira.com.br\/blog\/wp-content\/uploads\/2025\/08\/IMG_5902.webp?resize=501%2C300 501w, https:\/\/i0.wp.com\/blogdalucianaoliveira.com.br\/blog\/wp-content\/uploads\/2025\/08\/IMG_5902.webp?w=1170 1170w\" sizes=\"auto, (max-width: 300px) 100vw, 300px\" \/><\/p>\n<p>Ag\u00eancia Brasil, por PEDRO PEDUZZI &#8211;\u00a0O governo federal anunciou nesta quarta-feira (13) a medida provis\u00f3ria (MP) que <strong>re\u00fane\u00a0medidas de apoio\u00a0\u00e0s empresas, aos exportadores e trabalhadores afetados pelas sobretaxas impostas pelos Estados Unidos<\/strong> contra os produtos brasileiros.<img data-recalc-dims=\"1\" decoding=\"async\" src=\"https:\/\/i0.wp.com\/agenciabrasil.ebc.com.br\/ebc.png?w=600&#038;ssl=1\" \/><img data-recalc-dims=\"1\" decoding=\"async\" src=\"https:\/\/i0.wp.com\/agenciabrasil.ebc.com.br\/ebc.gif?w=600&#038;ssl=1\" \/><!--more--><\/p>\n<p><strong>Chamada de Plano Brasil Soberano<\/strong>, <strong>a\u00a0MP foi publicada hoje em <a href=\"https:\/\/pesquisa.in.gov.br\/imprensa\/jsp\/visualiza\/index.jsp?jornal=600&amp;pagina=1&amp;data=13\/08\/2025&amp;totalArquivos=3\" target=\"_blank\" rel=\"noopener\">edi\u00e7\u00e3o extra do<em> Di\u00e1rio Oficial da Uni\u00e3o<\/em><\/a><\/strong>.<\/p>\n<p>De acordo com a Presid\u00eancia da\u00a0Rep\u00fablica, <strong>o plano tem\u00a0tr\u00eas eixos: <\/strong><\/p>\n<ul>\n<li><strong>fortalecimento do setor produtivo; <\/strong><\/li>\n<li><strong>prote\u00e7\u00e3o aos trabalhadores; e <\/strong><\/li>\n<li><strong>diplomacia comercial e multilateralismo<\/strong>.<\/li>\n<\/ul>\n<p>Entre as principais medidas previstas\u00a0est\u00e3o\u00a0linhas de cr\u00e9dito.\u00a0<a href=\"https:\/\/agenciabrasil.ebc.com.br\/economia\/noticia\/2025-08\/governo-anuncia-r-30-bi-em-credito-para-setores-afetados-por-tarifaco\" target=\"_blank\" rel=\"noopener\">Apenas do Fundo Garantidor de Exporta\u00e7\u00f5es ser\u00e3o R$ 30 bilh\u00f5es<\/a>, conforme anunciado pelo\u00a0presidente Luiz In\u00e1cio Lula da Silva.<\/p>\n<p>Os recursos ser\u00e3o usados como\u00a0funding\u00a0para a concess\u00e3o de cr\u00e9dito com taxas acess\u00edveis e, tamb\u00e9m, para ampliar as linhas de financiamento \u00e0s exporta\u00e7\u00f5es.<\/p>\n<p>A MP define quem ter\u00e1 prioridade\u00a0para a obter os\u00a0cr\u00e9ditos.\u00a0<strong>Empresas mais afetadas ter\u00e3o prefer\u00eancia, levando em conta a depend\u00eancia do faturamento em rela\u00e7\u00e3o \u00e0s exporta\u00e7\u00f5es para os EUA; tipo de produto; e o porte de empres<\/strong>a.<\/p>\n<p>No caso das <strong>pequenas e m\u00e9dias empresas, elas tamb\u00e9m poder\u00e3o recorrer a fundos garantidores para acessar o cr\u00e9dito<\/strong>.<\/p>\n<p>O governo ressalta que<strong> o acesso \u00e0s linhas estar\u00e1 condicionado \u00e0 manuten\u00e7\u00e3o dos\u00a0empregos<\/strong>.<\/p>\n<p>Est\u00e3o previstos, tamb\u00e9m, aportes de R$ 4,5 bilh\u00f5es em fundos garantidores; e R$ 5 bilh\u00f5es em cr\u00e9dito pelo novo Regime Especial de Reintegra\u00e7\u00e3o de Valores Tribut\u00e1rios (Novo Reintegra).<\/p>\n<h2>&gt;&gt; Veja medidas do Plano Brasil Soberano:<\/h2>\n<h2>Fundos<\/h2>\n<p>No caso dos fundos garantidores, <strong>est\u00e3o previstos\u00a0aportes adicionais de R$ 1,5 bilh\u00e3o no Fundo Garantidor do Com\u00e9rcio Exterior (FGCE); de R$ 2 bilh\u00f5es no Fundo Garantidor para Investimentos (FGI), do Banco Nacional de Desenvolvimento Econ\u00f4mico e Social (BNDES); e R$ 1 bilh\u00e3o no Fundo de Garantia de Opera\u00e7\u00f5es (FGO), do Banco do Brasil, voltados prioritariamente para\u00a0pequenos e m\u00e9dios exportadore<\/strong>s.<\/p>\n<h2>Suspens\u00e3o e adiamento\u00a0de tributos<\/h2>\n<p>Outra medida \u00e9 a <strong>suspens\u00e3o de pagamento de tributos para empresas exportadoras<\/strong>; e o <strong>aumento do percentual de restitui\u00e7\u00e3o de tributos federais<\/strong>, a empresas afetadas, via Novo Reintegra \u2013 Regime Especial de Reintegra\u00e7\u00e3o de Valores Tribut\u00e1rios. Trata-se de\u00a0um incentivo fiscal que permite \u00e0s empresas recuperar parte dos impostos indiretos incidentes sobre a cadeia produtiva dos\u00a0produtos exportados.<\/p>\n<p>O <strong>Reintegra devolve, aos exportadores brasileiros, parte dos tributos pagos ao longo da cadeia produtiva<\/strong>, na forma de cr\u00e9dito tribut\u00e1rio. Dessa forma, ajuda as empresas a reduzirem custos e melhorar a competitividade no mercado externo.<\/p>\n<p>De acordo com o governo, atualmente, empresas de grande e m\u00e9dio porte (de industrializados) t\u00eam al\u00edquota de 0,1%. As micro e pequenas t\u00eam retorno de aproximadamente 3% da al\u00edquota, por meio do programa Acredita Exporta\u00e7\u00e3o.<\/p>\n<blockquote><p>\u201cA medida aumenta em at\u00e9 3 pontos percentuais o benef\u00edcio para empresas cujas exporta\u00e7\u00f5es de produtos industrializados foram prejudicadas por medidas tarif\u00e1rias unilaterais. Ou seja, para continuarem competitivas no mercado norte-americano, grandes e m\u00e9dias empresas passam a contar com at\u00e9 3,1% de al\u00edquota, e as micro e pequenas, com at\u00e9 6%\u201d, complementou.<\/p><\/blockquote>\n<p>A equipe econ\u00f4mica estima que o impacto do Reintegra seja de at\u00e9 R$ 5 bilh\u00f5es ao longo do prazo previsto, que vai at\u00e9 dezembro de 2026.<\/p>\n<p>A MP autoriza a<strong> Receita Federal a adiar por dois meses a cobran\u00e7a de impostos para as empresas mais impactadas\u00a0pelo tarifa\u00e7o<\/strong>.<\/p>\n<h2>Compras p\u00fablicas<\/h2>\n<p><strong>\u00d3rg\u00e3os p\u00fablicos ainda ter\u00e3o facilidade para as\u00a0compras de alimentos para escolas e\u00a0hospitais<\/strong>. A medida \u00e9 uma\u00a0forma de apoio a produtores rurais e agroind\u00fastrias que tenham deixado de exportar por causa da taxa\u00e7\u00e3o.<\/p>\n<blockquote><p>\u201cDe forma extraordin\u00e1ria, por ato infralegal, Uni\u00e3o, estados e munic\u00edpios poder\u00e3o fazer compras para seus programas de alimenta\u00e7\u00e3o (para merenda escolar, hospitais etc) por meio de procedimento simplificado e m\u00e9dia de pre\u00e7o de mercado, garantidos a transpar\u00eancia e o controle dos processos\u201d, detalha o Planalto.<\/p><\/blockquote>\n<p>A <strong>medida vale \u201capenas para produtos afetados pelas sobretaxas unilaterais\u201d<\/strong>.<\/p>\n<h2>Sistema de exporta\u00e7\u00e3o<\/h2>\n<p>A fim de facilitar a exporta\u00e7\u00e3o, a MP <strong>amplia\u00a0as regras da garantia \u00e0 exporta\u00e7\u00e3o, instrumento que protege o exportador contra riscos como inadimpl\u00eancia ou cancelamento de contratos<\/strong>.<\/p>\n<p>A a\u00e7\u00e3o\u00a0tem\u00a0foco em \u201cempresas exportadoras de m\u00e9dia e alta intensidade tecnol\u00f3gica e investimentos produtivos em economia verde\u201d.<\/p>\n<p>Al\u00e9m disso, o plano permitir\u00e1 que bancos e seguradoras utilizem essa garantia em mais tipos de opera\u00e7\u00f5es; e prev\u00ea mecanismos de compartilhamento de risco entre governo e setor privado, \u201cutilizando o Fundo Garantidor do Com\u00e9rcio Exterior (FGCE) como mecanismo de primeiras perdas, aumentando o acesso a cr\u00e9dito e reduzindo custos\u201d.<\/p>\n<h2>Drawback<\/h2>\n<p>O governo ir\u00e1 tamb\u00e9m\u00a0<strong>prorrogar\u00a0prazos do regime de drawback<\/strong>, recurso que<strong> possibilita a suspens\u00e3o de tributos incidentes sobre insumos importados para utiliza\u00e7\u00e3o em produto exportado<\/strong>.<\/p>\n<p>O prazo para que as empresas consigam exportar as mercadorias que tiveram insumos beneficiados pelo regime ser\u00e1 prorrogado.<\/p>\n<blockquote><p>\u201cEsses produtos poder\u00e3o ser exportados para os EUA ou para outros destinos. Com isso, elas n\u00e3o ter\u00e3o que pagar multa e juros se n\u00e3o conseguirem exportar aos EUA no prazo originalmente previsto\u201d, justifica.<\/p><\/blockquote>\n<p>Segundo a MP, a medida vale para as empresas que contrataram exporta\u00e7\u00f5es para o mercado dos Estados Unidos, com entrega at\u00e9 o final de 2025.<\/p>\n<p>\u201cDos US$ 40 bilh\u00f5es exportados em 2024 para os Estados Unidos, US$ 10,5 bilh\u00f5es foram realizados via regime de drawback\u201d, informou o governo.<\/p>\n<p>A prorroga\u00e7\u00e3o, conforme o governo, n\u00e3o tem impacto fiscal, apenas posterga o prazo para cumprimento dos compromissos de exporta\u00e7\u00e3o assumidos.<\/p>\n<h2>Prote\u00e7\u00e3o ao trabalhador<\/h2>\n<p>Com o objetivo de evitar\u00a0demiss\u00f5es em raz\u00e3o do tarifa\u00e7o,\u00a0o Plano Brasil Soberano<strong> cria a C\u00e2mara Nacional de Acompanhamento do Emprego para monitorar o n\u00edvel de emprego nas empresas e nas cadeias produtivas<\/strong>.<\/p>\n<p>Por meio dela, ter\u00e1 condi\u00e7\u00f5es de fiscalizar obriga\u00e7\u00f5es, benef\u00edcios e acordos trabalhistas, al\u00e9m de propor a\u00e7\u00f5es voltadas \u00e0 preserva\u00e7\u00e3o e manuten\u00e7\u00e3o dos postos de trabalho.<\/p>\n<p>A MP prev\u00ea que essa c\u00e2mara funcionar\u00e1 em n\u00edvel nacional e regional, via C\u00e2maras Regionais nas Superintend\u00eancias Regionais do Trabalho.<\/p>\n<p>A c\u00e2mara ir\u00e1\u00a0acompanhar diagn\u00f3sticos, estudos e informa\u00e7\u00f5es relativas ao n\u00edvel de emprego nas empresas e subsetores afetados.\u00a0E\u00a0v\u00e3o monitorar obriga\u00e7\u00f5es, benef\u00edcios e repercuss\u00f5es nas folhas de pagamento decorrentes de acordos para preservar empregos e mitigar os efeitos das tarifas.<\/p>\n<p>Ela vai tamb\u00e9m fiscalizar o cumprimento das obriga\u00e7\u00f5es acordadas e a manuten\u00e7\u00e3o dos empregos por meio da Inspe\u00e7\u00e3o do Trabalho, bem como\u00a0promover negocia\u00e7\u00e3o coletiva e media\u00e7\u00e3o de conflitos para manter o emprego.<\/p>\n<h2>Diplomacia comercial e multilateralismo<\/h2>\n<p>Do ponto de vista do com\u00e9rcio internacional, visando<strong> ampliar e diversificar mercados, o plano busca reduzir a depend\u00eancia das exporta\u00e7\u00f5es brasileiras\u00a0aos Estados Unidos<\/strong>.<\/p>\n<p>Nesse sentido, mant\u00e9m a estrat\u00e9gia brasileira de avan\u00e7ar nas negocia\u00e7\u00f5es de acordos que abrem novas oportunidades para empresas nacionais.<\/p>\n<p>Foi o caso das negocia\u00e7\u00f5es j\u00e1 conclu\u00eddas com a Uni\u00e3o Europeia e com a Associa\u00e7\u00e3o Europeia de Livre Com\u00e9rcio (EFTA). Est\u00e3o ainda em negocia\u00e7\u00e3o acordos com Emirados \u00c1rabes Unidos e Canad\u00e1; e di\u00e1logos t\u00eam avan\u00e7ado com \u00cdndia e Vietn\u00e3.<\/p>\n<h2>Objetivo<\/h2>\n<p>O governo federal realizou\u00a039 reuni\u00f5es com cerca de 400 representantes de empresas e\/ou entidades privadas, federa\u00e7\u00f5es de ind\u00fastrias, governadores e segmentos como manufatura, agro, tecnologia, minera\u00e7\u00e3o, big techs, ind\u00fastria da sa\u00fade, alimenta\u00e7\u00e3o, cal\u00e7adista, moveleira, entre outros, bem como empresas norte-americanas para elaborar o plano.<\/p>\n<p>\u201cCom o Plano Brasil Soberano, o governo federal n\u00e3o est\u00e1 apenas reagindo a uma amea\u00e7a imediata: est\u00e1 reconstruindo e fortalecendo o sistema nacional de financiamento e seguro \u00e0 exporta\u00e7\u00e3o, para que o pa\u00eds seja mais competitivo e menos vulner\u00e1vel a esse tipo de medida no futuro\u201d, afirma texto do Planalto.<\/p>\n<p><em>Mat\u00e9ria alterada\u00a0\u00e0s 17h\u00a0para informar sobre a publica\u00e7\u00e3o da MP em edi\u00e7\u00e3o extra do Di\u00e1rio Oficial da Uni\u00e3o.<\/em><\/p>\n<div class=\"noticias-relacionadas rel-position rowflex\"><\/div>\n","protected":false},"excerpt":{"rendered":"<p>Ag\u00eancia Brasil, por PEDRO PEDUZZI &#8211;\u00a0O governo federal anunciou nesta quarta-feira (13) a medida provis\u00f3ria (MP) que re\u00fane\u00a0medidas de apoio\u00a0\u00e0s empresas, aos exportadores e trabalhadores afetados pelas sobretaxas impostas pelos Estados Unidos contra os produtos brasileiros.<\/p>\n","protected":false},"author":1,"featured_media":0,"comment_status":"closed","ping_status":"open","sticky":false,"template":"","format":"standard","meta":{"_exactmetrics_skip_tracking":false,"_exactmetrics_sitenote_active":false,"_exactmetrics_sitenote_note":"","_exactmetrics_sitenote_category":0,"jetpack_post_was_ever_published":false,"_jetpack_newsletter_access":"","_jetpack_dont_email_post_to_subs":false,"_jetpack_newsletter_tier_id":0,"_jetpack_memberships_contains_paywalled_content":false,"_jetpack_memberships_contains_paid_content":false,"footnotes":"","jetpack_publicize_message":"","jetpack_publicize_feature_enabled":true,"jetpack_social_post_already_shared":true,"jetpack_social_options":{"image_generator_settings":{"template":"highway","enabled":false},"version":2}},"categories":[1],"tags":[78,1452,1298],"class_list":["post-37270","post","type-post","status-publish","format-standard","hentry","category-notas","tag-lula","tag-plano-brasil-soberano","tag-tarifaco"],"jetpack_publicize_connections":[],"jetpack_sharing_enabled":true,"jetpack_featured_media_url":"","jetpack_shortlink":"https:\/\/wp.me\/p7wKYW-9H8","jetpack-related-posts":[],"_links":{"self":[{"href":"http:\/\/blogdalucianaoliveira.com.br\/blog\/wp-json\/wp\/v2\/posts\/37270","targetHints":{"allow":["GET"]}}],"collection":[{"href":"http:\/\/blogdalucianaoliveira.com.br\/blog\/wp-json\/wp\/v2\/posts"}],"about":[{"href":"http:\/\/blogdalucianaoliveira.com.br\/blog\/wp-json\/wp\/v2\/types\/post"}],"author":[{"embeddable":true,"href":"http:\/\/blogdalucianaoliveira.com.br\/blog\/wp-json\/wp\/v2\/users\/1"}],"replies":[{"embeddable":true,"href":"http:\/\/blogdalucianaoliveira.com.br\/blog\/wp-json\/wp\/v2\/comments?post=37270"}],"version-history":[{"count":1,"href":"http:\/\/blogdalucianaoliveira.com.br\/blog\/wp-json\/wp\/v2\/posts\/37270\/revisions"}],"predecessor-version":[{"id":37272,"href":"http:\/\/blogdalucianaoliveira.com.br\/blog\/wp-json\/wp\/v2\/posts\/37270\/revisions\/37272"}],"wp:attachment":[{"href":"http:\/\/blogdalucianaoliveira.com.br\/blog\/wp-json\/wp\/v2\/media?parent=37270"}],"wp:term":[{"taxonomy":"category","embeddable":true,"href":"http:\/\/blogdalucianaoliveira.com.br\/blog\/wp-json\/wp\/v2\/categories?post=37270"},{"taxonomy":"post_tag","embeddable":true,"href":"http:\/\/blogdalucianaoliveira.com.br\/blog\/wp-json\/wp\/v2\/tags?post=37270"}],"curies":[{"name":"wp","href":"https:\/\/api.w.org\/{rel}","templated":true}]}}