{"id":37273,"date":"2025-08-14T12:09:23","date_gmt":"2025-08-14T16:09:23","guid":{"rendered":"https:\/\/blogdalucianaoliveira.com.br\/blog\/?p=37273"},"modified":"2025-08-14T12:09:23","modified_gmt":"2025-08-14T16:09:23","slug":"em-resposta-a-tarifaco-governo-federal-vai-comprar-alimentos-que-seriam-vendidos-aos-eua","status":"publish","type":"post","link":"http:\/\/blogdalucianaoliveira.com.br\/blog\/2025\/08\/14\/em-resposta-a-tarifaco-governo-federal-vai-comprar-alimentos-que-seriam-vendidos-aos-eua\/","title":{"rendered":"Em resposta a tarifa\u00e7o, governo federal vai comprar alimentos que seriam vendidos aos EUA"},"content":{"rendered":"<p><img data-recalc-dims=\"1\" loading=\"lazy\" decoding=\"async\" data-attachment-id=\"37274\" data-permalink=\"http:\/\/blogdalucianaoliveira.com.br\/blog\/2025\/08\/14\/em-resposta-a-tarifaco-governo-federal-vai-comprar-alimentos-que-seriam-vendidos-aos-eua\/img_5908-2\/\" data-orig-file=\"https:\/\/i0.wp.com\/blogdalucianaoliveira.com.br\/blog\/wp-content\/uploads\/2025\/08\/IMG_5908.webp?fit=1140%2C815\" data-orig-size=\"1140,815\" data-comments-opened=\"0\" data-image-meta=\"{&quot;aperture&quot;:&quot;0&quot;,&quot;credit&quot;:&quot;&quot;,&quot;camera&quot;:&quot;&quot;,&quot;caption&quot;:&quot;&quot;,&quot;created_timestamp&quot;:&quot;0&quot;,&quot;copyright&quot;:&quot;&quot;,&quot;focal_length&quot;:&quot;0&quot;,&quot;iso&quot;:&quot;0&quot;,&quot;shutter_speed&quot;:&quot;0&quot;,&quot;title&quot;:&quot;&quot;,&quot;orientation&quot;:&quot;0&quot;}\" data-image-title=\"IMG_5908\" data-image-description=\"\" data-image-caption=\"\" data-medium-file=\"https:\/\/i0.wp.com\/blogdalucianaoliveira.com.br\/blog\/wp-content\/uploads\/2025\/08\/IMG_5908.webp?fit=300%2C214\" data-large-file=\"https:\/\/i0.wp.com\/blogdalucianaoliveira.com.br\/blog\/wp-content\/uploads\/2025\/08\/IMG_5908.webp?fit=600%2C429\" class=\"alignnone size-medium wp-image-37274\" src=\"https:\/\/i0.wp.com\/blogdalucianaoliveira.com.br\/blog\/wp-content\/uploads\/2025\/08\/IMG_5908.webp?resize=300%2C214\" alt=\"\" width=\"300\" height=\"214\" srcset=\"https:\/\/i0.wp.com\/blogdalucianaoliveira.com.br\/blog\/wp-content\/uploads\/2025\/08\/IMG_5908.webp?resize=300%2C214 300w, https:\/\/i0.wp.com\/blogdalucianaoliveira.com.br\/blog\/wp-content\/uploads\/2025\/08\/IMG_5908.webp?resize=1024%2C732 1024w, https:\/\/i0.wp.com\/blogdalucianaoliveira.com.br\/blog\/wp-content\/uploads\/2025\/08\/IMG_5908.webp?resize=768%2C549 768w, https:\/\/i0.wp.com\/blogdalucianaoliveira.com.br\/blog\/wp-content\/uploads\/2025\/08\/IMG_5908.webp?resize=420%2C300 420w, https:\/\/i0.wp.com\/blogdalucianaoliveira.com.br\/blog\/wp-content\/uploads\/2025\/08\/IMG_5908.webp?w=1140 1140w\" sizes=\"auto, (max-width: 300px) 100vw, 300px\" \/><\/p>\n<h2 class=\"jeg_post_subtitle\">Plano Brasil Soberano prev\u00ea medidas para atender aos pequenos agricultores impactados pela tarifa de 50%<\/h2>\n<p><!--more--><span style=\"-webkit-tap-highlight-color: rgba(0, 0, 0, 0);\">Brasil de Fato &#8211; <\/span>O Plano Brasil Soberano, anunciado pelo presidente <a href=\"https:\/\/www.brasildefato.com.br\/2025\/08\/13\/nosso-time-e-bom-de-briga-diz-lula-em-anuncio-de-medidas-de-enfrentamento-ao-tarifaco\/\" target=\"_blank\" rel=\"noopener noreferrer\">Luiz In\u00e1cio Lula da Silva (PT)<\/a> nesta quarta-feira (13), prev\u00ea a compra p\u00fablica de alimentos perec\u00edveis que n\u00e3o puderam ser exportados ao mercado estadunidense. A <a href=\"https:\/\/www.brasildefato.com.br\/2025\/08\/13\/lula-anuncia-credito-de-r-30-bilhoes-para-enfrentar-tarifaco-de-trump-confira-medidas\/\" target=\"_blank\" rel=\"noopener noreferrer\">Medida Provis\u00f3ria (MP) traz medidas de enfrentamento aos impactos das tarifas de 50%<\/a> impostas pelo governo dos Estados Unidos aos produtos brasileiros.<\/p>\n<p>\u201cIsso vai permitir que esses produtos perec\u00edveis que iam para exporta\u00e7\u00e3o sejam absorvidos no nosso mercado interno e v\u00e1 alimentar as nossas crian\u00e7as por meio da merenda escolar e vai tamb\u00e9m para as compras institucionais. Essa \u00e9 uma das frentes\u201d, destacou a ministra em exerc\u00edcio do Desenvolvimento Agr\u00e1rio e Agricultura Familiar (MDA), Fernanda Machiaveli, ao <strong>Brasil de Fato<\/strong>.<\/p>\n<div class=\"jeg_ad jeg_ad_article jnews_content_inline_ads  \">\n<div class=\"ads-wrapper align-center \">\n<div class=\"ads_shortcode\">\n<div class=\"ads-region-container\" data-slot=\"artigos-leaderboard-incontent-1-mobile\" data-region=\"br\" data-slot-name=\"artigos-leaderboard-incontent-1-mobile-br\">\n<div id=\"div-gpt-ad-artigos-mobile_rectangle_mobile_1\" class=\"ad-slot\"><\/div>\n<\/div>\n<\/div>\n<\/div>\n<\/div>\n<p>Machiaveli lembrou que muitos agricultores familiares est\u00e3o inseridos nas cadeias exportadoras, a exemplo dos produtores de frutas, pescados, a\u00e7a\u00ed, castanhas e mel. Por isso, destacou a ministra, as medidas apresentadas ser\u00e3o fundamentais para auxiliar a pequena agricultura a enfrentar a crise.<\/p>\n<p>\u201cOutra frente\u201d, seguiu ela, \u201c\u00e9 que n\u00f3s estamos retomando o programa de forma\u00e7\u00e3o de estoques, que \u00e9 justamente para dar apoio para as cooperativas que iriam exportar, mas tamb\u00e9m para as demais, para que elas possam justamente ter um capital de giro, fazer o carregamento de estoques e esperar esse momento para conseguir direcionar seus produtos para outros mercados, seja interno, seja externo.\u201d<\/p>\n<div class=\"jeg_ad jeg_ad_article jnews_content_inline_2_ads  \">\n<div class=\"ads-wrapper align-center \">\n<div class=\"ads_shortcode\">\n<div class=\"ads-region-container\" data-slot=\"artigos-leaderboard-incontent-2-mobile\" data-region=\"br\" data-slot-name=\"artigos-leaderboard-incontent-2-mobile-br\">\n<div id=\"div-gpt-ad-artigos-mobile_rectangle_mobile_2\" class=\"ad-slot\"><\/div>\n<\/div>\n<\/div>\n<\/div>\n<\/div>\n<p>A secret\u00e1ria-executiva do MDA ressaltou que h\u00e1 ainda outra frente de atua\u00e7\u00e3o, liderada pelo ministro da pasta, Paulo Teixeira, para o redirecionamento dos mercados para os produtos brasileiros que envolvem os pequenos agricultores.<\/p>\n<p>\u201cO a\u00e7a\u00ed, as nossas frutas, os pescados, est\u00e3o muito direcionados para os Estados Unidos, e agora, a gente est\u00e1 fazendo um esfor\u00e7o para pactuar com outros compradores. O ministro Paulo Teixeira est\u00e1 hoje no Jap\u00e3o fazendo isso. E dessa forma, a gente vai amparar a agricultura familiar\u201d, disse Machiaveli.<\/p>\n<div class=\"jeg_ad jeg_ad_article jnews_content_inline_3_ads  \">\n<div class=\"ads-wrapper align-center \">\n<div class=\"ads_shortcode\">\n<div class=\"ads-region-container\" data-slot=\"artigos-leaderboard-incontent-3-mobile\" data-region=\"br\" data-slot-name=\"artigos-leaderboard-incontent-3-mobile-br\">\n<div id=\"div-gpt-ad-artigos-mobile_rectangle_mobile_3\" class=\"ad-slot\"><\/div>\n<\/div>\n<\/div>\n<\/div>\n<\/div>\n<figure class=\"wp-block-image size-large\"><img data-recalc-dims=\"1\" loading=\"lazy\" decoding=\"async\" class=\"wp-image-735164 lazy loaded\" src=\"https:\/\/i0.wp.com\/assets.brasildefato.com.br\/2025\/08\/bdf-20250813-205221-566546-1024x683.jpg?resize=600%2C400&#038;ssl=1\" sizes=\"auto, (max-width: 1024px) 100vw, 1024px\" srcset=\"https:\/\/assets.brasildefato.com.br\/2025\/08\/bdf-20250813-205221-566546-300x200.jpg 300w, https:\/\/assets.brasildefato.com.br\/2025\/08\/bdf-20250813-205221-566546-1024x683.jpg 1024w, https:\/\/assets.brasildefato.com.br\/2025\/08\/bdf-20250813-205221-566546-768x512.jpg 768w, https:\/\/assets.brasildefato.com.br\/2025\/08\/bdf-20250813-205221-566546-1536x1024.jpg 1536w, https:\/\/assets.brasildefato.com.br\/2025\/08\/bdf-20250813-205221-566546-2048x1365.jpg 2048w, https:\/\/assets.brasildefato.com.br\/2025\/08\/bdf-20250813-205221-566546-750x536.jpg 750w, https:\/\/assets.brasildefato.com.br\/2025\/08\/bdf-20250813-205221-566546-1140x815.jpg 1140w, https:\/\/assets.brasildefato.com.br\/2025\/08\/bdf-20250813-205221-566546-600x400.jpg 600w\" alt=\"\" width=\"600\" height=\"400\" data-src=\"https:\/\/assets.brasildefato.com.br\/2025\/08\/bdf-20250813-205221-566546-1024x683.jpg\" data-srcset=\"https:\/\/assets.brasildefato.com.br\/2025\/08\/bdf-20250813-205221-566546-300x200.jpg 300w, https:\/\/assets.brasildefato.com.br\/2025\/08\/bdf-20250813-205221-566546-1024x683.jpg 1024w, https:\/\/assets.brasildefato.com.br\/2025\/08\/bdf-20250813-205221-566546-768x512.jpg 768w, https:\/\/assets.brasildefato.com.br\/2025\/08\/bdf-20250813-205221-566546-1536x1024.jpg 1536w, https:\/\/assets.brasildefato.com.br\/2025\/08\/bdf-20250813-205221-566546-2048x1365.jpg 2048w, https:\/\/assets.brasildefato.com.br\/2025\/08\/bdf-20250813-205221-566546-750x536.jpg 750w, https:\/\/assets.brasildefato.com.br\/2025\/08\/bdf-20250813-205221-566546-1140x815.jpg 1140w, https:\/\/assets.brasildefato.com.br\/2025\/08\/bdf-20250813-205221-566546-600x400.jpg 600w\" data-sizes=\"(max-width: 1024px) 100vw, 1024px\" data-pin-no-hover=\"true\" data-was-processed=\"true\" \/><figcaption class=\"wp-element-caption\">Fernanda Machiaveli, secret\u00e1ria-executiva do Minist\u00e9rio do Desenvolvimento Agr\u00e1rio e Agricultura Familiar. Foto: Fernando Fraz\u00e3o\/Ag\u00eancia Brasil<\/figcaption><\/figure>\n<p>A ministra em exerc\u00edcio avalia que, embora seja injusta a decis\u00e3o do governo dos Estados Unidos, com efeitos significativos \u00e0 economia do pa\u00eds, internamente, o governo saber\u00e1 reverter os impactos para estabilizar os pre\u00e7os e \u201calimentar ainda melhor\u201d o povo brasileiro.<\/p>\n<p>\u201cN\u00f3s j\u00e1 est\u00e1vamos num esfor\u00e7o de conseguir direcionar mais alimentos para o mercado interno, trabalhar com abastecimento alimentar, garantir um alimento de qualidade. E nesse contexto, muito provavelmente, os pre\u00e7os aqui v\u00e3o ficar est\u00e1veis, e a gente vai conseguir garantir que o nosso povo se alimente ainda melhor\u201d, destacou.<\/p>\n<p>Segundo a equipe econ\u00f4mica do governo, nos pr\u00f3ximos dias, ainda ser\u00e3o detalhados os crit\u00e9rios para a compra p\u00fablica de alimentos das empresas exportadoras afetadas pelo tarifa\u00e7o.<\/p>\n<div class=\"jeg_meta_post_footer\">\n<div class=\"jeg_meta_editors\">Editado por: Martina Medina<\/div>\n<\/div>\n","protected":false},"excerpt":{"rendered":"<p>Plano Brasil Soberano prev\u00ea medidas para atender aos pequenos agricultores impactados pela tarifa de 50%<\/p>\n","protected":false},"author":1,"featured_media":0,"comment_status":"closed","ping_status":"open","sticky":false,"template":"","format":"standard","meta":{"_exactmetrics_skip_tracking":false,"_exactmetrics_sitenote_active":false,"_exactmetrics_sitenote_note":"","_exactmetrics_sitenote_category":0,"jetpack_post_was_ever_published":false,"_jetpack_newsletter_access":"","_jetpack_dont_email_post_to_subs":false,"_jetpack_newsletter_tier_id":0,"_jetpack_memberships_contains_paywalled_content":false,"_jetpack_memberships_contains_paid_content":false,"footnotes":"","jetpack_publicize_message":"","jetpack_publicize_feature_enabled":true,"jetpack_social_post_already_shared":true,"jetpack_social_options":{"image_generator_settings":{"template":"highway","enabled":false},"version":2}},"categories":[1],"tags":[652,1452,1298],"class_list":["post-37273","post","type-post","status-publish","format-standard","hentry","category-notas","tag-alimentos","tag-plano-brasil-soberano","tag-tarifaco"],"jetpack_publicize_connections":[],"jetpack_sharing_enabled":true,"jetpack_featured_media_url":"","jetpack_shortlink":"https:\/\/wp.me\/p7wKYW-9Hb","jetpack-related-posts":[],"_links":{"self":[{"href":"http:\/\/blogdalucianaoliveira.com.br\/blog\/wp-json\/wp\/v2\/posts\/37273","targetHints":{"allow":["GET"]}}],"collection":[{"href":"http:\/\/blogdalucianaoliveira.com.br\/blog\/wp-json\/wp\/v2\/posts"}],"about":[{"href":"http:\/\/blogdalucianaoliveira.com.br\/blog\/wp-json\/wp\/v2\/types\/post"}],"author":[{"embeddable":true,"href":"http:\/\/blogdalucianaoliveira.com.br\/blog\/wp-json\/wp\/v2\/users\/1"}],"replies":[{"embeddable":true,"href":"http:\/\/blogdalucianaoliveira.com.br\/blog\/wp-json\/wp\/v2\/comments?post=37273"}],"version-history":[{"count":1,"href":"http:\/\/blogdalucianaoliveira.com.br\/blog\/wp-json\/wp\/v2\/posts\/37273\/revisions"}],"predecessor-version":[{"id":37275,"href":"http:\/\/blogdalucianaoliveira.com.br\/blog\/wp-json\/wp\/v2\/posts\/37273\/revisions\/37275"}],"wp:attachment":[{"href":"http:\/\/blogdalucianaoliveira.com.br\/blog\/wp-json\/wp\/v2\/media?parent=37273"}],"wp:term":[{"taxonomy":"category","embeddable":true,"href":"http:\/\/blogdalucianaoliveira.com.br\/blog\/wp-json\/wp\/v2\/categories?post=37273"},{"taxonomy":"post_tag","embeddable":true,"href":"http:\/\/blogdalucianaoliveira.com.br\/blog\/wp-json\/wp\/v2\/tags?post=37273"}],"curies":[{"name":"wp","href":"https:\/\/api.w.org\/{rel}","templated":true}]}}