{"id":37277,"date":"2025-08-14T12:45:36","date_gmt":"2025-08-14T16:45:36","guid":{"rendered":"https:\/\/blogdalucianaoliveira.com.br\/blog\/?p=37277"},"modified":"2025-08-14T12:45:36","modified_gmt":"2025-08-14T16:45:36","slug":"maioria-dos-brasileiros-apoia-prisao-de-bolsonaro-e-atuacao-de-moraes-aponta-datafolha","status":"publish","type":"post","link":"http:\/\/blogdalucianaoliveira.com.br\/blog\/2025\/08\/14\/maioria-dos-brasileiros-apoia-prisao-de-bolsonaro-e-atuacao-de-moraes-aponta-datafolha\/","title":{"rendered":"Maioria dos brasileiros apoia pris\u00e3o de Bolsonaro e atua\u00e7\u00e3o de Moraes, aponta Datafolha"},"content":{"rendered":"<p><img data-recalc-dims=\"1\" loading=\"lazy\" decoding=\"async\" data-attachment-id=\"37278\" data-permalink=\"http:\/\/blogdalucianaoliveira.com.br\/blog\/2025\/08\/14\/maioria-dos-brasileiros-apoia-prisao-de-bolsonaro-e-atuacao-de-moraes-aponta-datafolha\/img_5911\/\" data-orig-file=\"https:\/\/i0.wp.com\/blogdalucianaoliveira.com.br\/blog\/wp-content\/uploads\/2025\/08\/IMG_5911.webp?fit=500%2C240\" data-orig-size=\"500,240\" data-comments-opened=\"0\" data-image-meta=\"{&quot;aperture&quot;:&quot;0&quot;,&quot;credit&quot;:&quot;&quot;,&quot;camera&quot;:&quot;&quot;,&quot;caption&quot;:&quot;&quot;,&quot;created_timestamp&quot;:&quot;0&quot;,&quot;copyright&quot;:&quot;&quot;,&quot;focal_length&quot;:&quot;0&quot;,&quot;iso&quot;:&quot;0&quot;,&quot;shutter_speed&quot;:&quot;0&quot;,&quot;title&quot;:&quot;&quot;,&quot;orientation&quot;:&quot;0&quot;}\" data-image-title=\"IMG_5911\" data-image-description=\"\" data-image-caption=\"\" data-medium-file=\"https:\/\/i0.wp.com\/blogdalucianaoliveira.com.br\/blog\/wp-content\/uploads\/2025\/08\/IMG_5911.webp?fit=300%2C144\" data-large-file=\"https:\/\/i0.wp.com\/blogdalucianaoliveira.com.br\/blog\/wp-content\/uploads\/2025\/08\/IMG_5911.webp?fit=500%2C240\" class=\"alignnone size-medium wp-image-37278\" src=\"https:\/\/i0.wp.com\/blogdalucianaoliveira.com.br\/blog\/wp-content\/uploads\/2025\/08\/IMG_5911.webp?resize=300%2C144\" alt=\"\" width=\"300\" height=\"144\" srcset=\"https:\/\/i0.wp.com\/blogdalucianaoliveira.com.br\/blog\/wp-content\/uploads\/2025\/08\/IMG_5911.webp?resize=300%2C144 300w, https:\/\/i0.wp.com\/blogdalucianaoliveira.com.br\/blog\/wp-content\/uploads\/2025\/08\/IMG_5911.webp?w=500 500w\" sizes=\"auto, (max-width: 300px) 100vw, 300px\" \/><\/p>\n<h2 class=\"article__lead\">Levantamento mostra que 51% concordam com pris\u00e3o domiciliar de Bolsonaro e 53% avaliam que Moraes age dentro da lei<\/h2>\n<p><!--more--><\/p>\n<p><b>247 &#8211; <\/b>A decis\u00e3o do ministro Alexandre de Moraes, do Supremo Tribunal Federal (STF), de colocar Jair Bolsonaro (PL) em pris\u00e3o domiciliar \u00e9 apoiada por 51% da popula\u00e7\u00e3o brasileira. \u00c9 o que revela a nova pesquisa Datafolha, divulgada nesta quinta-feira (14) pela <a href=\"https:\/\/www1.folha.uol.com.br\/poder\/2025\/08\/datafolha-51-aprovam-prisao-domiciliar-de-bolsonaro-e-53-acoes-de-moraes.shtml\" target=\"_blank\" rel=\"noopener noreferrer\">Folha de S. Paulo<\/a>, que tamb\u00e9m indica que 53% dos entrevistados acreditam que Moraes tem agido dentro dos limites da lei.<\/p>\n<p>O instituto ouviu 2.002 pessoas com mais de 16 anos em 113 munic\u00edpios do pa\u00eds, entre os dias 11 e 12 de agosto. A margem de erro da pesquisa \u00e9 de dois pontos percentuais, para mais ou para menos.<\/p>\n<div>\n<div id=\"notsy_container_228656299\" class=\"B24_VIDEO  marginBottom30 marginTop30\" data-notsy-container-index=\"3\" data-notsy-mapped-container=\"1\"><\/div>\n<\/div>\n<p>A pris\u00e3o domiciliar foi determinada em 4 de agosto, ap\u00f3s Moraes entender que Bolsonaro violou uma das medidas cautelares impostas anteriormente \u2014 a de n\u00e3o utilizar redes sociais de terceiros. O ex-presidente participou por v\u00eddeo de um ato pol\u00edtico em sua defesa, o que levou \u00e0 nova san\u00e7\u00e3o judicial.<\/p>\n<p>Bolsonaro \u00e9 investigado por tentativa de golpe de Estado para se manter no poder ap\u00f3s a derrota para Luiz In\u00e1cio Lula da Silva (PT) nas elei\u00e7\u00f5es de 2022. O julgamento do caso no STF deve come\u00e7ar em setembro. Nesta quarta-feira (13), sua defesa apresentou as alega\u00e7\u00f5es finais no processo.<\/p>\n<p>Segundo o Datafolha, a pris\u00e3o teve grande repercuss\u00e3o: 87% dos entrevistados disseram ter tomado conhecimento da medida. Destes, 30% se consideram bem informados, 42% mais ou menos informados e 15% pouco informados. Outros 4% n\u00e3o souberam opinar e 3% se disseram indiferentes \u00e0 quest\u00e3o.<\/p>\n<p>Apesar da maioria favor\u00e1vel, 42% dos entrevistados afirmaram discordar da decis\u00e3o de Moraes. As opini\u00f5es variam por faixa et\u00e1ria e regi\u00e3o. Entre jovens de 16 a 24 anos, o apoio \u00e0 pris\u00e3o domiciliar chega a 60%, embora a margem de erro nesse grupo seja maior, de at\u00e9 seis pontos percentuais. No Sul do pa\u00eds, tradicional reduto bolsonarista, a maioria (51%) v\u00ea a pris\u00e3o como injusta, enquanto 43% concordam com a medida \u2014 diferen\u00e7a que tamb\u00e9m est\u00e1 dentro da margem de erro regional.<\/p>\n<p>A percep\u00e7\u00e3o de que o Judici\u00e1rio persegue Bolsonaro ainda divide os brasileiros. Para 43%, o ex-presidente \u00e9 tratado de forma mais severa do que outros pol\u00edticos. J\u00e1 37% acham que ele \u00e9 tratado de maneira igual, e 13% acreditam que \u00e9 tratado com mais benevol\u00eancia. Outros 7% n\u00e3o responderam.<\/p>\n<p>Sobre a conduta do ministro Alexandre de Moraes, 53% consideram que ele age conforme a lei. No entanto, 39% veem suas decis\u00f5es como motivadas por persegui\u00e7\u00e3o pol\u00edtica a Bolsonaro.<\/p>\n<p>Nos Estados Unidos, o caso ganhou repercuss\u00e3o com o apoio de Donald Trump, que lidera uma campanha de solidariedade a Bolsonaro. O presidente americano puniu o Brasil com aumento de tarifas de importa\u00e7\u00e3o, cancelou o visto de Moraes e outros ministros do STF e incluiu o relator do caso do golpe em uma lista de san\u00e7\u00f5es econ\u00f4micas com base na Lei Magnitsky \u2014 acusando Moraes de violar direitos humanos.<\/p>\n<p>A divis\u00e3o atual de opini\u00f5es lembra o cen\u00e1rio de 2018, quando Lula foi preso. Naquela ocasi\u00e3o, 54% dos entrevistados consideraram a pris\u00e3o justa, enquanto 40% discordaram. A diferen\u00e7a est\u00e1 no contexto: o petista foi condenado em segunda inst\u00e2ncia, crit\u00e9rio necess\u00e1rio \u00e0 \u00e9poca para o cumprimento da pena. Lula passou 580 dias preso at\u00e9 a mudan\u00e7a da regra e a anula\u00e7\u00e3o do processo.<\/p>\n<p>O Datafolha tamb\u00e9m havia aferido, em julho, a disposi\u00e7\u00e3o dos brasileiros diante de uma poss\u00edvel pris\u00e3o de Bolsonaro por tentativa de golpe. Naquele momento, 48% eram favor\u00e1veis \u00e0 pris\u00e3o, contra 46% contr\u00e1rios \u2014 e 51% diziam n\u00e3o acreditar que ela realmente ocorreria.<\/p>\n<p>J\u00e1 as medidas cautelares impostas por Moraes antes da pris\u00e3o domiciliar tinham o apoio de 55% da popula\u00e7\u00e3o. Elas foram adotadas ap\u00f3s o ministro apontar risco de fuga de Bolsonaro, em meio ao in\u00edcio de mobiliza\u00e7\u00f5es internacionais contra o STF e em favor do ex-presidente.<\/p>\n","protected":false},"excerpt":{"rendered":"<p>Levantamento mostra que 51% concordam com pris\u00e3o domiciliar de Bolsonaro e 53% avaliam que Moraes age dentro da lei<\/p>\n","protected":false},"author":1,"featured_media":0,"comment_status":"closed","ping_status":"open","sticky":false,"template":"","format":"standard","meta":{"_exactmetrics_skip_tracking":false,"_exactmetrics_sitenote_active":false,"_exactmetrics_sitenote_note":"","_exactmetrics_sitenote_category":0,"jetpack_post_was_ever_published":false,"_jetpack_newsletter_access":"","_jetpack_dont_email_post_to_subs":false,"_jetpack_newsletter_tier_id":0,"_jetpack_memberships_contains_paywalled_content":false,"_jetpack_memberships_contains_paid_content":false,"footnotes":"","jetpack_publicize_message":"","jetpack_publicize_feature_enabled":true,"jetpack_social_post_already_shared":true,"jetpack_social_options":{"image_generator_settings":{"template":"highway","enabled":false},"version":2}},"categories":[1],"tags":[899,53,168],"class_list":["post-37277","post","type-post","status-publish","format-standard","hentry","category-notas","tag-alexandre-de-moraes","tag-bolsonaro","tag-datafolha"],"jetpack_publicize_connections":[],"jetpack_sharing_enabled":true,"jetpack_featured_media_url":"","jetpack_shortlink":"https:\/\/wp.me\/p7wKYW-9Hf","jetpack-related-posts":[],"_links":{"self":[{"href":"http:\/\/blogdalucianaoliveira.com.br\/blog\/wp-json\/wp\/v2\/posts\/37277","targetHints":{"allow":["GET"]}}],"collection":[{"href":"http:\/\/blogdalucianaoliveira.com.br\/blog\/wp-json\/wp\/v2\/posts"}],"about":[{"href":"http:\/\/blogdalucianaoliveira.com.br\/blog\/wp-json\/wp\/v2\/types\/post"}],"author":[{"embeddable":true,"href":"http:\/\/blogdalucianaoliveira.com.br\/blog\/wp-json\/wp\/v2\/users\/1"}],"replies":[{"embeddable":true,"href":"http:\/\/blogdalucianaoliveira.com.br\/blog\/wp-json\/wp\/v2\/comments?post=37277"}],"version-history":[{"count":1,"href":"http:\/\/blogdalucianaoliveira.com.br\/blog\/wp-json\/wp\/v2\/posts\/37277\/revisions"}],"predecessor-version":[{"id":37279,"href":"http:\/\/blogdalucianaoliveira.com.br\/blog\/wp-json\/wp\/v2\/posts\/37277\/revisions\/37279"}],"wp:attachment":[{"href":"http:\/\/blogdalucianaoliveira.com.br\/blog\/wp-json\/wp\/v2\/media?parent=37277"}],"wp:term":[{"taxonomy":"category","embeddable":true,"href":"http:\/\/blogdalucianaoliveira.com.br\/blog\/wp-json\/wp\/v2\/categories?post=37277"},{"taxonomy":"post_tag","embeddable":true,"href":"http:\/\/blogdalucianaoliveira.com.br\/blog\/wp-json\/wp\/v2\/tags?post=37277"}],"curies":[{"name":"wp","href":"https:\/\/api.w.org\/{rel}","templated":true}]}}