{"id":37280,"date":"2025-08-14T15:34:36","date_gmt":"2025-08-14T19:34:36","guid":{"rendered":"https:\/\/blogdalucianaoliveira.com.br\/blog\/?p=37280"},"modified":"2025-08-14T15:34:36","modified_gmt":"2025-08-14T19:34:36","slug":"deputado-bolsonarista-apresentou-emenda-feita-por-lobista-da-meta-para-afrouxar-lei-que-protege-criancas-na-internet","status":"publish","type":"post","link":"http:\/\/blogdalucianaoliveira.com.br\/blog\/2025\/08\/14\/deputado-bolsonarista-apresentou-emenda-feita-por-lobista-da-meta-para-afrouxar-lei-que-protege-criancas-na-internet\/","title":{"rendered":"DEPUTADO BOLSONARISTA APRESENTOU EMENDA FEITA POR LOBISTA DA META PARA AFROUXAR LEI QUE PROTEGE CRIAN\u00c7AS NA INTERNET"},"content":{"rendered":"<p><img data-recalc-dims=\"1\" loading=\"lazy\" decoding=\"async\" data-attachment-id=\"37281\" data-permalink=\"http:\/\/blogdalucianaoliveira.com.br\/blog\/2025\/08\/14\/deputado-bolsonarista-apresentou-emenda-feita-por-lobista-da-meta-para-afrouxar-lei-que-protege-criancas-na-internet\/img_5919\/\" data-orig-file=\"https:\/\/i0.wp.com\/blogdalucianaoliveira.com.br\/blog\/wp-content\/uploads\/2025\/08\/IMG_5919.webp?fit=720%2C405\" data-orig-size=\"720,405\" data-comments-opened=\"0\" data-image-meta=\"{&quot;aperture&quot;:&quot;0&quot;,&quot;credit&quot;:&quot;&quot;,&quot;camera&quot;:&quot;&quot;,&quot;caption&quot;:&quot;&quot;,&quot;created_timestamp&quot;:&quot;0&quot;,&quot;copyright&quot;:&quot;&quot;,&quot;focal_length&quot;:&quot;0&quot;,&quot;iso&quot;:&quot;0&quot;,&quot;shutter_speed&quot;:&quot;0&quot;,&quot;title&quot;:&quot;&quot;,&quot;orientation&quot;:&quot;0&quot;}\" data-image-title=\"IMG_5919\" data-image-description=\"\" data-image-caption=\"\" data-medium-file=\"https:\/\/i0.wp.com\/blogdalucianaoliveira.com.br\/blog\/wp-content\/uploads\/2025\/08\/IMG_5919.webp?fit=300%2C169\" data-large-file=\"https:\/\/i0.wp.com\/blogdalucianaoliveira.com.br\/blog\/wp-content\/uploads\/2025\/08\/IMG_5919.webp?fit=600%2C338\" class=\"alignnone size-medium wp-image-37281\" src=\"https:\/\/i0.wp.com\/blogdalucianaoliveira.com.br\/blog\/wp-content\/uploads\/2025\/08\/IMG_5919.webp?resize=300%2C169\" alt=\"\" width=\"300\" height=\"169\" srcset=\"https:\/\/i0.wp.com\/blogdalucianaoliveira.com.br\/blog\/wp-content\/uploads\/2025\/08\/IMG_5919.webp?resize=300%2C169 300w, https:\/\/i0.wp.com\/blogdalucianaoliveira.com.br\/blog\/wp-content\/uploads\/2025\/08\/IMG_5919.webp?resize=533%2C300 533w, https:\/\/i0.wp.com\/blogdalucianaoliveira.com.br\/blog\/wp-content\/uploads\/2025\/08\/IMG_5919.webp?w=720 720w\" sizes=\"auto, (max-width: 300px) 100vw, 300px\" \/><\/p>\n<p>Proposta que reduz responsabilidade das big techs foi oficializada por Fernando M\u00e1ximo, do Uni\u00e3o Brasil, mas metadados revelam que verdadeiro autor \u00e9 executivo da Meta.<!--more--><\/p>\n<p>The Intercept, por Tatiana Dias \u00a0&#8211; <u>UM LOBISTA DA META NO BRASIL<\/u> \u00e9 o verdadeiro autor de uma emenda apresentada pelo deputado Fernando M\u00e1ximo, do Uni\u00e3o Brasil de Rond\u00f4nia, que buscou afrouxar o projeto de lei que visa proteger crian\u00e7as e adolescentes na internet. O rastro deixado pelo executivo escancara a alian\u00e7a entre as big techs e a extrema direita no Congresso para diminuir a responsabiliza\u00e7\u00e3o das plataformas.<\/p>\n<p>Os metadados dos arquivos disponibilizados no site da C\u00e2mara revelam que, das quatro emendas apresentadas por M\u00e1ximo \u2013 todas a favor dos interesses das big techs \u2013, duas foram criadas diretamente por Marconi Borges Machado, executivo que ocupa desde 2017 o cargo de gerente de pol\u00edticas p\u00fablicas na Meta.<\/p>\n<figure class=\"wp-block-image size-large is-resized\"><img data-recalc-dims=\"1\" loading=\"lazy\" decoding=\"async\" class=\"wp-image-439566 entered lazyloaded\" src=\"https:\/\/i0.wp.com\/uploads.intercept.com.br\/2025\/08\/metadados-meta-1024x429.jpg?resize=600%2C251&#038;ssl=1\" sizes=\"auto, (max-width: 1024px) 100vw, 1024px\" srcset=\"https:\/\/www.intercept.com.br\/wp-content\/plugins\/seox-image-magick\/imagick_convert.php?width=300&amp;height=126&amp;format=webp&amp;quality=91&amp;imagick=uploads.intercept.com.br\/2025\/08\/metadados-meta-300x126.jpg 300w, https:\/\/www.intercept.com.br\/wp-content\/plugins\/seox-image-magick\/imagick_convert.php?width=1024&amp;height=429&amp;format=webp&amp;quality=91&amp;imagick=uploads.intercept.com.br\/2025\/08\/metadados-meta-1024x429.jpg 1024w, https:\/\/www.intercept.com.br\/wp-content\/plugins\/seox-image-magick\/imagick_convert.php?width=768&amp;height=322&amp;format=webp&amp;quality=91&amp;imagick=uploads.intercept.com.br\/2025\/08\/metadados-meta-768x322.jpg 768w, https:\/\/www.intercept.com.br\/wp-content\/plugins\/seox-image-magick\/imagick_convert.php?width=1264&amp;height=530&amp;format=webp&amp;quality=91&amp;imagick=uploads.intercept.com.br\/2025\/08\/metadados-meta.jpg 1264w\" alt=\"\" width=\"600\" height=\"251\" data-lazy-srcset=\"https:\/\/www.intercept.com.br\/wp-content\/plugins\/seox-image-magick\/imagick_convert.php?width=300&amp;height=126&amp;format=webp&amp;quality=91&amp;imagick=uploads.intercept.com.br\/2025\/08\/metadados-meta-300x126.jpg 300w, https:\/\/www.intercept.com.br\/wp-content\/plugins\/seox-image-magick\/imagick_convert.php?width=1024&amp;height=429&amp;format=webp&amp;quality=91&amp;imagick=uploads.intercept.com.br\/2025\/08\/metadados-meta-1024x429.jpg 1024w, https:\/\/www.intercept.com.br\/wp-content\/plugins\/seox-image-magick\/imagick_convert.php?width=768&amp;height=322&amp;format=webp&amp;quality=91&amp;imagick=uploads.intercept.com.br\/2025\/08\/metadados-meta-768x322.jpg 768w, https:\/\/www.intercept.com.br\/wp-content\/plugins\/seox-image-magick\/imagick_convert.php?width=1264&amp;height=530&amp;format=webp&amp;quality=91&amp;imagick=uploads.intercept.com.br\/2025\/08\/metadados-meta.jpg 1264w\" data-lazy-sizes=\"(max-width: 1024px) 100vw, 1024px\" data-lazy-src=\"https:\/\/i0.wp.com\/uploads.intercept.com.br\/2025\/08\/metadados-meta-1024x429.jpg?ssl=1\" data-ll-status=\"loaded\" \/><figcaption class=\"wp-element-caption\">Metadados de arquivos de duas emendas t\u00eam assinatura digital de Marconi Borges Machado (Foto: Reprodu\u00e7\u00e3o)<\/figcaption><\/figure>\n<p>Bolsonarista, Fernando M\u00e1ximo n\u00e3o tem uma atua\u00e7\u00e3o expressiva na \u00e1rea de tecnologia. Em suas redes sociais, o deputado se concentra na \u00e1rea de pessoas com defici\u00eancia, com posts intercalados com apoio a Israel e a Bolsonaro.<\/p>\n<p>J\u00e1 Marconi Machado, em seu perfil no LinkedIn, afirma que conduz pesquisas e monitora legisla\u00e7\u00f5es e acontecimentos no governo federal que podem afetar a organiza\u00e7\u00e3o, al\u00e9m de coordenar \u201cesfor\u00e7os legislativos\u201d.<\/p>\n<p><a href=\"https:\/\/www.camara.leg.br\/proposicoesWeb\/prop_mostrarintegra?codteor=2886480&amp;filename=EMC+20\/2025+CCOM+%3D%3E+PL+2628\/2022\">Uma das emendas<\/a> de autoria do lobista tentou livrar as grandes plataformas da obriga\u00e7\u00e3o de disponibilizar relat\u00f3rios sobre modera\u00e7\u00e3o de conte\u00fado. A justificativa foi que \u201cnem toda a modera\u00e7\u00e3o se d\u00e1 em raz\u00e3o de conduta que possa ter causado dano a menores\u201d, e a exig\u00eancia criaria um\u00a0 \u201c\u00f4nus sem a necess\u00e1ria contrapartida e benef\u00edcio\u201d.<\/p>\n<p>A <a href=\"https:\/\/www.camara.leg.br\/proposicoesWeb\/prop_mostrarintegra?codteor=2886483&amp;filename=EMC+21\/2025+CCOM+%3D%3E+PL+2628\/2022\">segunda<\/a> sugeriu excluir a possibilidade de aplicar multas e san\u00e7\u00f5es criminais \u00e0s plataformas. Nenhuma delas est\u00e1 identificada como sendo de autoria de um representante da Meta.\u00a0As emendas acabaram rejeitadas pelo relator, deputado Jadyel Alencar, do Republicanos do Piau\u00ed, no <a href=\"https:\/\/www.camara.leg.br\/proposicoesWeb\/prop_mostrarintegra?codteor=2970493&amp;filename=Parecer-CCOM-2025-08-12\">substitutivo apresentado pela Comiss\u00e3o de Comunica\u00e7\u00e3o<\/a> na ter\u00e7a-feira, 12.<\/p>\n<p>O texto final, no entanto, incluiu um inciso que acabou livrando as empresas da \u201cexig\u00eancia de consolida\u00e7\u00e3o estat\u00edstica e envio semestral de relat\u00f3rios de modera\u00e7\u00e3o e den\u00fancias\u201d \u2013 o relator n\u00e3o explicou a origem ou motivo de ter inclu\u00eddo este trecho no projeto.<\/p>\n<p>O PL 2628, apresentado em 2022 pelo senador Alessandro Vieira, do MDB de Sergipe, visa criar uma s\u00e9rie de regras para plataformas digitais protegerem crian\u00e7as e adolescentes: provid\u00eancias para mitigar explora\u00e7\u00e3o sexual e bullying, restri\u00e7\u00e3o de tempo de uso e medidas para controle dos pais, al\u00e9m de penalidades, limite de coleta de dados pessoais e outras medidas.<\/p>\n<p>Agora, com a repercuss\u00e3o do v\u00eddeo do influenciador Felca sobre adultiza\u00e7\u00e3o de crian\u00e7as, a sociedade tem feito press\u00e3o pelo projeto, que pode ser <a href=\"https:\/\/www.cnnbrasil.com.br\/blogs\/jussara-soares\/politica\/motta-quer-votar-projeto-contra-adultizacao-nas-redes-na-proxima-semana\/\">votado na pr\u00f3xima semana<\/a>.<\/p>\n<h4 id=\"h-pressao-de-big-techs-derruba-dever-de-cuidado\" class=\"wp-block-heading\">Press\u00e3o de big techs derruba \u2018dever de cuidado\u2019<\/h4>\n<p>O PL 2628 foi <a href=\"https:\/\/www25.senado.leg.br\/web\/atividade\/materias\/-\/materia\/154901\">aprovado pelo Senado no final de 2024<\/a>, com apoio de diversas entidades de prote\u00e7\u00e3o \u00e0 inf\u00e2ncia, e<a href=\"https:\/\/www.camara.leg.br\/noticias\/1180595-PROJETO-PREVE-REGRAS-PARA-PROTECAO-DE-CRIANCAS-E-ADOLESCENTES-EM-AMBIENTES-DIGITAIS\">enviado \u00e0 C\u00e2mara dos Deputados<\/a>.\u00a0 Foi l\u00e1 que, em abril de 2025, come\u00e7ou uma opera\u00e7\u00e3o da extrema direita para tornar o projeto mais alinhado com os interesses das big techs. Foram 38 emendas \u2013 31 de autoria de deputados de PL, Uni\u00e3o Brasil e Novo \u2013 para flexibilizar o projeto. Parte delas foi acatada no novo relat\u00f3rio.<\/p>\n<p>A maior vit\u00f3ria para as big techs foi conseguir derrubar, na vers\u00e3o final do projeto, um ponto central: o \u201cdever de cuidado\u201d \u2013 ou seja, o dever das empresas de adotar medidas ativas para proteger, mitigar danos e impedir crimes em suas plataformas.<\/p>\n<p>Um dos autores das emendas que sugeriram a derrubada da obriga\u00e7\u00e3o foi justamente Fernando M\u00e1ximo \u2013 o arquivo oficial dessa emenda, entretanto, n\u00e3o tinha a assinatura do lobista da Meta nos metadados.<\/p>\n<figure class=\"wp-block-image size-full\"><img data-recalc-dims=\"1\" loading=\"lazy\" decoding=\"async\" class=\"wp-image-439562 entered lazyloaded\" src=\"https:\/\/i0.wp.com\/uploads.intercept.com.br\/2025\/08\/maximo_bolsonaro.png?resize=537%2C403&#038;ssl=1\" sizes=\"auto, (max-width: 537px) 100vw, 537px\" srcset=\"https:\/\/www.intercept.com.br\/wp-content\/plugins\/seox-image-magick\/imagick_convert.php?width=300&amp;height=225&amp;format=webp&amp;quality=91&amp;imagick=uploads.intercept.com.br\/2025\/08\/maximo_bolsonaro-300x225.png 300w, https:\/\/www.intercept.com.br\/wp-content\/plugins\/seox-image-magick\/imagick_convert.php?width=537&amp;height=403&amp;format=webp&amp;quality=91&amp;imagick=uploads.intercept.com.br\/2025\/08\/maximo_bolsonaro.png 537w\" alt=\"\" width=\"537\" height=\"403\" data-lazy-srcset=\"https:\/\/www.intercept.com.br\/wp-content\/plugins\/seox-image-magick\/imagick_convert.php?width=300&amp;height=225&amp;format=webp&amp;quality=91&amp;imagick=uploads.intercept.com.br\/2025\/08\/maximo_bolsonaro-300x225.png 300w, https:\/\/www.intercept.com.br\/wp-content\/plugins\/seox-image-magick\/imagick_convert.php?width=537&amp;height=403&amp;format=webp&amp;quality=91&amp;imagick=uploads.intercept.com.br\/2025\/08\/maximo_bolsonaro.png 537w\" data-lazy-sizes=\"(max-width: 537px) 100vw, 537px\" data-lazy-src=\"https:\/\/i0.wp.com\/uploads.intercept.com.br\/2025\/08\/maximo_bolsonaro.png?ssl=1\" data-ll-status=\"loaded\" \/><figcaption class=\"wp-element-caption\">Fernando M\u00e1ximo j\u00e1 subiu no palanque ao lado de Jair Bolsonaro (Foto: Instagram\/Reprodu\u00e7\u00e3o)<\/figcaption><\/figure>\n<p>O conceito de \u201cdever de cuidado\u201d, inspirado na legisla\u00e7\u00e3o europeia, que \u00e9 mais protetiva, foi introduzido no Brasil no PL 2630, projeto que foi enterrado em 2023 depois de um agressivo <a href=\"https:\/\/www.intercept.com.br\/2023\/05\/08\/pl-das-fake-news-big-techs-tem-maior-lobby-do-mundo\/\">lobby das big techs<\/a>. Combater o \u201cdever de cuidado\u201d \u00e9 uma briga transnacional das gigantes de tecnologia, que tamb\u00e9m tentam frear uma <a href=\"https:\/\/time.com\/7288539\/kids-online-safety-act-status-what-to-know\/\">proposta parecida<\/a> que tramita nos EUA, o <em>Kids Online Safety Act<\/em>.<\/p>\n<p>Por aqui, na vers\u00e3o aprovada no Senado do PL 2628, esse conceito voltou a aparecer \u2013 e derrubar essa obriga\u00e7\u00e3o era tema priorit\u00e1rio das equipes de pol\u00edticas p\u00fablicas das big tech. Deu certo.<\/p>\n<p>Na nova vers\u00e3o do projeto 2628 na C\u00e2mara, o<a href=\"https:\/\/g1.globo.com\/politica\/blog\/andreia-sadi\/post\/2025\/08\/12\/relatorio-de-pl-sobre-criancas-nas-redes-tira-dever-de-cuidado-mas-inclui-proibicao-de-pornografia-e-bets.ghtml\"> termo foi suprimido<\/a>. No lugar de \u201cdever de cuidado\u201d, o que entrou foram deveres de \u201cpreven\u00e7\u00e3o, de prote\u00e7\u00e3o, de informa\u00e7\u00e3o e de seguran\u00e7a\u201d, com ado\u00e7\u00e3o de mecanismos que \u201cpossibilitem \u00e0 fam\u00edlia e aos respons\u00e1veis prevenir o acesso e o uso inadequado por crian\u00e7as e adolescentes\u201d.<\/p>\n<p>Ou seja, livra as big techs da responsabilidade ativa, que poderia incluir, por exemplo, a contrata\u00e7\u00e3o de equipes dedicadas para o tema, e joga a responsabiliza\u00e7\u00e3o para os usu\u00e1rios.<\/p>\n<figure class=\"wp-block-image size-full is-resized\"><img data-recalc-dims=\"1\" loading=\"lazy\" decoding=\"async\" class=\"wp-image-439564 entered lazyloaded\" src=\"https:\/\/i0.wp.com\/uploads.intercept.com.br\/2025\/08\/meta-devercuidado.jpg?resize=600%2C421&#038;ssl=1\" sizes=\"auto, (max-width: 911px) 100vw, 911px\" srcset=\"https:\/\/www.intercept.com.br\/wp-content\/plugins\/seox-image-magick\/imagick_convert.php?width=300&amp;height=210&amp;format=webp&amp;quality=91&amp;imagick=uploads.intercept.com.br\/2025\/08\/meta-devercuidado-300x210.jpg 300w, https:\/\/www.intercept.com.br\/wp-content\/plugins\/seox-image-magick\/imagick_convert.php?width=768&amp;height=539&amp;format=webp&amp;quality=91&amp;imagick=uploads.intercept.com.br\/2025\/08\/meta-devercuidado-768x539.jpg 768w, https:\/\/www.intercept.com.br\/wp-content\/plugins\/seox-image-magick\/imagick_convert.php?width=911&amp;height=639&amp;format=webp&amp;quality=91&amp;imagick=uploads.intercept.com.br\/2025\/08\/meta-devercuidado.jpg 911w\" alt=\"\" width=\"600\" height=\"421\" data-lazy-srcset=\"https:\/\/www.intercept.com.br\/wp-content\/plugins\/seox-image-magick\/imagick_convert.php?width=300&amp;height=210&amp;format=webp&amp;quality=91&amp;imagick=uploads.intercept.com.br\/2025\/08\/meta-devercuidado-300x210.jpg 300w, https:\/\/www.intercept.com.br\/wp-content\/plugins\/seox-image-magick\/imagick_convert.php?width=768&amp;height=539&amp;format=webp&amp;quality=91&amp;imagick=uploads.intercept.com.br\/2025\/08\/meta-devercuidado-768x539.jpg 768w, https:\/\/www.intercept.com.br\/wp-content\/plugins\/seox-image-magick\/imagick_convert.php?width=911&amp;height=639&amp;format=webp&amp;quality=91&amp;imagick=uploads.intercept.com.br\/2025\/08\/meta-devercuidado.jpg 911w\" data-lazy-sizes=\"(max-width: 911px) 100vw, 911px\" data-lazy-src=\"https:\/\/i0.wp.com\/uploads.intercept.com.br\/2025\/08\/meta-devercuidado.jpg?ssl=1\" data-ll-status=\"loaded\" \/><figcaption class=\"wp-element-caption\">Justificativa do relator para supress\u00e3o do \u201cdever de cuidado\u201d: para ele, regra criaria \u201cexig\u00eancias desproporcionais \u00e0s plataformas\u201d e \u201cinseguran\u00e7a jur\u00eddica\u201d (Foto: Reprodu\u00e7\u00e3o)\u00a0<\/figcaption><\/figure>\n<p>O relator da Comiss\u00e3o de Comunica\u00e7\u00e3o fez quest\u00e3o de registrar em seu relat\u00f3rio que a mudan\u00e7a ocorreu a pedido de Google, Meta e de duas emendas, incluindo a de Fernando M\u00e1ximo.<\/p>\n<p>Na avalia\u00e7\u00e3o de Rafael Zanatta, diretor da Associa\u00e7\u00e3o Data Privacy Brasil de Pesquisa, a mudan\u00e7a deixa a lei menos rigorosa e diminui as obriga\u00e7\u00f5es das big techs. \u201cSe voc\u00ea tem o conceito de \u2018dever de cuidado\u2019, h\u00e1 um par\u00e2metro um pouco mais duro de um dever de conduta que, se descumprido, cria o il\u00edcito\u201d, explica.<\/p>\n<p>Ao <strong>Intercept Brasil<\/strong>, a Meta tratou com absoluta normalidade o fato de ter sido autora das emendas apresentadas pelo deputado. \u201cA contribui\u00e7\u00e3o da Meta e de outras partes interessadas no debate sobre o PL 2628 na C\u00e2mara dos Deputados \u00e9 de conhecimento p\u00fablico\u201d, disse a empresa.<\/p>\n<p>\u201cAssim como no caso de sugest\u00f5es feitas por outras empresas, organiza\u00e7\u00f5es da sociedade civil, \u00f3rg\u00e3os do governo e especialistas, as propostas apresentadas pela Meta e acatadas no texto est\u00e3o registradas no parecer do relator\u201d, afirmou a Meta, em nota.<\/p>\n<p>Apesar de ter as digitais de seu gerente de pol\u00edticas p\u00fablicas em um documento assinado por um deputado federal, a empresa n\u00e3o comentou se seus lobistas costumam redigir projetos de parlamentares brasileiros, tampouco deu detalhes de sua rela\u00e7\u00e3o com M\u00e1ximo.<\/p>\n<p>O deputado, por sua vez, tamb\u00e9m n\u00e3o explicou porque apresentou exatamente o documento criado pelo executivo da Meta. Disse apenas que recebe e avalia contribui\u00e7\u00f5es t\u00e9cnicas de muitos setores e que muitos projetos de sua autoria \u201csaem de conversas\u201d com entidades. \u201cMinha miss\u00e3o n\u00e3o \u00e9 representar a defesa de nenhum interesse espec\u00edfico\u201d, afirmou.<\/p>\n<p>Em rela\u00e7\u00e3o ao PL 2628, Fernando M\u00e1ximo disse que tem como preocupa\u00e7\u00e3o priorit\u00e1ria \u201cproteger nossas crian\u00e7as e adolescentes\u201d, mas pontuou ter atuado para \u201cgarantir seguran\u00e7a jur\u00eddica, n\u00e3o criar burocracia desnecess\u00e1ria, evitar a censura e preservar a liberdade de express\u00e3o\u201d, ecoando o posicionamento das big techs.<\/p>\n<h4 id=\"h-extrema-direita-atuou-em-bloco-para-projeto-aliviar-big-techs\" class=\"wp-block-heading\">Extrema direita atuou em bloco para projeto aliviar big techs<\/h4>\n<p>Desde que o influenciador Felipe Bressanim, o Felca, publicou o v\u00eddeo \u201cAdultiza\u00e7\u00e3o\u201d, que tem 30 milh\u00f5es de visualiza\u00e7\u00f5es no YouTube e quase 200 milh\u00f5es no Instagram, os congressistas passaram a adotar o tema como prioridade.<\/p>\n<p>O presidente da C\u00e2mara, Hugo Motta, do Republicanos da Para\u00edba, afirmou que deve levar o tema para vota\u00e7\u00e3o ainda em agosto. J\u00e1 <a href=\"https:\/\/nucleo.jor.br\/interativos\/2025-08-12-efeito-felca-gera-ao-menos-35-novos-projetos-de-lei-sobre-abuso-infantil-no-congresso\/\">pipocaram mais de 30 novos projetos de lei <\/a>sobre o tema na casa.<\/p>\n<p>Os senadores Damares Alves, do Republicanos do Distrito Federal, e Jaime Bagattoli, do PL de Rond\u00f4nia, propuseram at\u00e9 abrir uma CPI para investigar o tema.<\/p>\n<p>O v\u00eddeo de Felca exp\u00f5e como atuam influenciadores que conquistam likes e lucram com monetiza\u00e7\u00e3o de conte\u00fados sexualizados de crian\u00e7as e adolescentes. As plataformas, al\u00e9m de lucrarem com a monetiza\u00e7\u00e3o, tamb\u00e9m atuam recomendando esses tipo de conte\u00fado, impulsionando uma rede de pedofilia que atua \u00e0s claras nas redes sociais.<\/p>\n<p>Poucos dias antes, o <a href=\"https:\/\/www.intercept.com.br\/2025\/07\/28\/youtube-lucra-com-exposicao-de-criancas-e-adolescentes\/\">Intercept mostrou como atua uma dessas redes<\/a>, que fatura milh\u00f5es de reais por ano com uma esp\u00e9cie de \u2018reality show\u2019 de crian\u00e7as. O Google, respons\u00e1vel pelo YouTube, se esquivou da responsabilidade: nos enviou uma nota gen\u00e9rica e disse que aplicou \u201cstrikes e restri\u00e7\u00e3o de idade\u201d. O canal segue no ar.<\/p>\n<p>A responsabiliza\u00e7\u00e3o das empresas \u00e9 um debate essencial e n\u00e3o pode ser deixada de lado ao se discutir a prote\u00e7\u00e3o de crian\u00e7as e adolescentes na internet. Mas a extrema direita, em coro com os ideais de \u2018liberdade de express\u00e3o\u2019 a qualquer custo das big techs, prefere recorrer a solu\u00e7\u00f5es simplistas e populistas, sem atingir o cora\u00e7\u00e3o do problema.<\/p>\n<p>Marcel Van Hattem, do Novo do Rio Grande do Sul, agora veio a p\u00fablico pedir uma audi\u00eancia p\u00fablica para apurar as \u201cgrav\u00edssimas den\u00fancias\u201d sobre explora\u00e7\u00e3o e compartilhamento de pornografia infantil na internet.<\/p>\n<p>Mas ele mesmo prop\u00f4s emendas ao PL 2628 que, na pr\u00e1tica, livram as big techs da responsabiliza\u00e7\u00e3o.<\/p>\n<p>Em uma delas, sugeriu eximir as empresas do dever de gerenciar riscos e avaliar conte\u00fado conforme faixa et\u00e1ria. Tamb\u00e9m prop\u00f4s livrar as big techs da obriga\u00e7\u00e3o de terem sistemas para impedir que menores encontrem conte\u00fado ilegal ou nocivo.<\/p>\n<figure class=\"wp-block-image size-large\"><img data-recalc-dims=\"1\" loading=\"lazy\" decoding=\"async\" class=\"wp-image-439563 entered lazyloaded\" src=\"https:\/\/i0.wp.com\/uploads.intercept.com.br\/2025\/08\/sugestoes-vanhattem-1024x350.jpg?resize=600%2C205&#038;ssl=1\" sizes=\"auto, (max-width: 1024px) 100vw, 1024px\" srcset=\"https:\/\/www.intercept.com.br\/wp-content\/plugins\/seox-image-magick\/imagick_convert.php?width=300&amp;height=103&amp;format=webp&amp;quality=91&amp;imagick=uploads.intercept.com.br\/2025\/08\/sugestoes-vanhattem-300x103.jpg 300w, https:\/\/www.intercept.com.br\/wp-content\/plugins\/seox-image-magick\/imagick_convert.php?width=1024&amp;height=350&amp;format=webp&amp;quality=91&amp;imagick=uploads.intercept.com.br\/2025\/08\/sugestoes-vanhattem-1024x350.jpg 1024w, https:\/\/www.intercept.com.br\/wp-content\/plugins\/seox-image-magick\/imagick_convert.php?width=768&amp;height=263&amp;format=webp&amp;quality=91&amp;imagick=uploads.intercept.com.br\/2025\/08\/sugestoes-vanhattem-768x263.jpg 768w, https:\/\/www.intercept.com.br\/wp-content\/plugins\/seox-image-magick\/imagick_convert.php?width=1325&amp;height=453&amp;format=webp&amp;quality=91&amp;imagick=uploads.intercept.com.br\/2025\/08\/sugestoes-vanhattem.jpg 1325w\" alt=\"\" width=\"600\" height=\"205\" data-lazy-srcset=\"https:\/\/www.intercept.com.br\/wp-content\/plugins\/seox-image-magick\/imagick_convert.php?width=300&amp;height=103&amp;format=webp&amp;quality=91&amp;imagick=uploads.intercept.com.br\/2025\/08\/sugestoes-vanhattem-300x103.jpg 300w, https:\/\/www.intercept.com.br\/wp-content\/plugins\/seox-image-magick\/imagick_convert.php?width=1024&amp;height=350&amp;format=webp&amp;quality=91&amp;imagick=uploads.intercept.com.br\/2025\/08\/sugestoes-vanhattem-1024x350.jpg 1024w, https:\/\/www.intercept.com.br\/wp-content\/plugins\/seox-image-magick\/imagick_convert.php?width=768&amp;height=263&amp;format=webp&amp;quality=91&amp;imagick=uploads.intercept.com.br\/2025\/08\/sugestoes-vanhattem-768x263.jpg 768w, https:\/\/www.intercept.com.br\/wp-content\/plugins\/seox-image-magick\/imagick_convert.php?width=1325&amp;height=453&amp;format=webp&amp;quality=91&amp;imagick=uploads.intercept.com.br\/2025\/08\/sugestoes-vanhattem.jpg 1325w\" data-lazy-sizes=\"(max-width: 1024px) 100vw, 1024px\" data-lazy-src=\"https:\/\/i0.wp.com\/uploads.intercept.com.br\/2025\/08\/sugestoes-vanhattem-1024x350.jpg?ssl=1\" data-ll-status=\"loaded\" \/><figcaption class=\"wp-element-caption\">Sugest\u00f5es de Marcel Van Hattem no novo relat\u00f3rio do projeto aliviam a barra das big techs (Foto: Reprodu\u00e7\u00e3o)<\/figcaption><\/figure>\n<p>Outro deputado da extrema direita, M\u00e1rio Frias, do PL de S\u00e3o Paulo, apresentou uma emenda que sugeriu mudar o artigo de servi\u00e7os que \u201cpossam ser utilizados\u201d para servi\u00e7os \u201cde acesso prov\u00e1vel\u201d por crian\u00e7as e adolescentes \u2013 na pr\u00e1tica, fez com que as empresas n\u00e3o fossem mais respons\u00e1veis por impedir o uso de suas plataformas por esse p\u00fablico.<\/p>\n<p>Outra altera\u00e7\u00e3o proposta por ele foi suprimir o trecho que obrigava as empresas a prevenir e mitigar o acesso a conte\u00fados com \u201cpadr\u00f5es de uso que indiquem ou incentivem comportamentos semelhantes ao v\u00edcio ou transtornos de sa\u00fade mental como ansiedade, depress\u00e3o, transtornos alimentares, transtornos relacionados ao uso de subst\u00e2ncias qu\u00edmicas e comportamentos suicidas em rela\u00e7\u00e3o a crian\u00e7as e adolescentes\u201d.<\/p>\n<p>Para Frias, esse trecho era \u201cexcessivamente vago ou subjetivo\u201d e poderia gerar \u201cinseguran\u00e7a jur\u00eddica\u201d \u2013 o discurso padr\u00e3o das big tech quando a regula\u00e7\u00e3o aperta.<\/p>\n<p>O deputado Paulo Bilynskyj, do PL paulista, tamb\u00e9m apresentou v\u00e1rias emendas ao projeto. Em uma delas, sugeriu que as plataformas s\u00f3 poderiam ser obrigadas a removerem conte\u00fado ap\u00f3s a notifica\u00e7\u00e3o da v\u00edtima ou seu representante, e n\u00e3o ap\u00f3s aviso de qualquer pessoa identificada \u2013 na pr\u00e1tica, dificultando essa comunica\u00e7\u00e3o.<\/p>\n<p>Outra sugest\u00e3o de Bilynskyj foi sugerir que s\u00f3 provedores de servi\u00e7os direcionados a crian\u00e7as e adolescentes seriam obrigados a reportar \u00e0s autoridades conte\u00fados sobre abuso infantil.<\/p>\n","protected":false},"excerpt":{"rendered":"<p>Proposta que reduz responsabilidade das big techs foi oficializada por Fernando M\u00e1ximo, do Uni\u00e3o Brasil, mas metadados revelam que verdadeiro autor \u00e9 executivo da Meta.<\/p>\n","protected":false},"author":1,"featured_media":0,"comment_status":"closed","ping_status":"open","sticky":false,"template":"","format":"standard","meta":{"_exactmetrics_skip_tracking":false,"_exactmetrics_sitenote_active":false,"_exactmetrics_sitenote_note":"","_exactmetrics_sitenote_category":0,"jetpack_post_was_ever_published":false,"_jetpack_newsletter_access":"","_jetpack_dont_email_post_to_subs":false,"_jetpack_newsletter_tier_id":0,"_jetpack_memberships_contains_paywalled_content":false,"_jetpack_memberships_contains_paid_content":false,"footnotes":"","jetpack_publicize_message":"","jetpack_publicize_feature_enabled":true,"jetpack_social_post_already_shared":true,"jetpack_social_options":{"image_generator_settings":{"template":"highway","enabled":false},"version":2}},"categories":[1],"tags":[1454,1455,1453],"class_list":["post-37280","post","type-post","status-publish","format-standard","hentry","category-notas","tag-big-techs","tag-emenda","tag-fernando-maximo"],"jetpack_publicize_connections":[],"jetpack_sharing_enabled":true,"jetpack_featured_media_url":"","jetpack_shortlink":"https:\/\/wp.me\/p7wKYW-9Hi","jetpack-related-posts":[],"_links":{"self":[{"href":"http:\/\/blogdalucianaoliveira.com.br\/blog\/wp-json\/wp\/v2\/posts\/37280","targetHints":{"allow":["GET"]}}],"collection":[{"href":"http:\/\/blogdalucianaoliveira.com.br\/blog\/wp-json\/wp\/v2\/posts"}],"about":[{"href":"http:\/\/blogdalucianaoliveira.com.br\/blog\/wp-json\/wp\/v2\/types\/post"}],"author":[{"embeddable":true,"href":"http:\/\/blogdalucianaoliveira.com.br\/blog\/wp-json\/wp\/v2\/users\/1"}],"replies":[{"embeddable":true,"href":"http:\/\/blogdalucianaoliveira.com.br\/blog\/wp-json\/wp\/v2\/comments?post=37280"}],"version-history":[{"count":1,"href":"http:\/\/blogdalucianaoliveira.com.br\/blog\/wp-json\/wp\/v2\/posts\/37280\/revisions"}],"predecessor-version":[{"id":37282,"href":"http:\/\/blogdalucianaoliveira.com.br\/blog\/wp-json\/wp\/v2\/posts\/37280\/revisions\/37282"}],"wp:attachment":[{"href":"http:\/\/blogdalucianaoliveira.com.br\/blog\/wp-json\/wp\/v2\/media?parent=37280"}],"wp:term":[{"taxonomy":"category","embeddable":true,"href":"http:\/\/blogdalucianaoliveira.com.br\/blog\/wp-json\/wp\/v2\/categories?post=37280"},{"taxonomy":"post_tag","embeddable":true,"href":"http:\/\/blogdalucianaoliveira.com.br\/blog\/wp-json\/wp\/v2\/tags?post=37280"}],"curies":[{"name":"wp","href":"https:\/\/api.w.org\/{rel}","templated":true}]}}