{"id":37285,"date":"2025-08-15T12:01:08","date_gmt":"2025-08-15T16:01:08","guid":{"rendered":"https:\/\/blogdalucianaoliveira.com.br\/blog\/?p=37285"},"modified":"2025-08-15T12:01:08","modified_gmt":"2025-08-15T16:01:08","slug":"claudia-de-jesus-investe-r-200-mil-em-maquinarios-para-associacoes-rurais-de-machadinho","status":"publish","type":"post","link":"http:\/\/blogdalucianaoliveira.com.br\/blog\/2025\/08\/15\/claudia-de-jesus-investe-r-200-mil-em-maquinarios-para-associacoes-rurais-de-machadinho\/","title":{"rendered":"Cl\u00e1udia de Jesus investe R$ 200 mil em maquin\u00e1rios para associa\u00e7\u00f5es rurais de Machadinho"},"content":{"rendered":"<p><img data-recalc-dims=\"1\" loading=\"lazy\" decoding=\"async\" data-attachment-id=\"37286\" data-permalink=\"http:\/\/blogdalucianaoliveira.com.br\/blog\/2025\/08\/15\/claudia-de-jesus-investe-r-200-mil-em-maquinarios-para-associacoes-rurais-de-machadinho\/img_5965-2\/\" data-orig-file=\"https:\/\/i0.wp.com\/blogdalucianaoliveira.com.br\/blog\/wp-content\/uploads\/2025\/08\/IMG_5965.jpeg?fit=1620%2C1080\" data-orig-size=\"1620,1080\" data-comments-opened=\"0\" data-image-meta=\"{&quot;aperture&quot;:&quot;4&quot;,&quot;credit&quot;:&quot;&quot;,&quot;camera&quot;:&quot;Canon EOS Rebel SL3&quot;,&quot;caption&quot;:&quot;&quot;,&quot;created_timestamp&quot;:&quot;1755193569&quot;,&quot;copyright&quot;:&quot;&quot;,&quot;focal_length&quot;:&quot;18&quot;,&quot;iso&quot;:&quot;125&quot;,&quot;shutter_speed&quot;:&quot;0.016666666666667&quot;,&quot;title&quot;:&quot;&quot;,&quot;orientation&quot;:&quot;1&quot;}\" data-image-title=\"IMG_5965\" data-image-description=\"\" data-image-caption=\"\" data-medium-file=\"https:\/\/i0.wp.com\/blogdalucianaoliveira.com.br\/blog\/wp-content\/uploads\/2025\/08\/IMG_5965.jpeg?fit=300%2C200\" data-large-file=\"https:\/\/i0.wp.com\/blogdalucianaoliveira.com.br\/blog\/wp-content\/uploads\/2025\/08\/IMG_5965.jpeg?fit=600%2C400\" class=\"alignnone size-medium wp-image-37286\" src=\"https:\/\/i0.wp.com\/blogdalucianaoliveira.com.br\/blog\/wp-content\/uploads\/2025\/08\/IMG_5965.jpeg?resize=300%2C200\" alt=\"\" width=\"300\" height=\"200\" srcset=\"https:\/\/i0.wp.com\/blogdalucianaoliveira.com.br\/blog\/wp-content\/uploads\/2025\/08\/IMG_5965.jpeg?resize=300%2C200 300w, https:\/\/i0.wp.com\/blogdalucianaoliveira.com.br\/blog\/wp-content\/uploads\/2025\/08\/IMG_5965.jpeg?resize=1024%2C683 1024w, https:\/\/i0.wp.com\/blogdalucianaoliveira.com.br\/blog\/wp-content\/uploads\/2025\/08\/IMG_5965.jpeg?resize=768%2C512 768w, https:\/\/i0.wp.com\/blogdalucianaoliveira.com.br\/blog\/wp-content\/uploads\/2025\/08\/IMG_5965.jpeg?resize=1536%2C1024 1536w, https:\/\/i0.wp.com\/blogdalucianaoliveira.com.br\/blog\/wp-content\/uploads\/2025\/08\/IMG_5965.jpeg?resize=450%2C300 450w, https:\/\/i0.wp.com\/blogdalucianaoliveira.com.br\/blog\/wp-content\/uploads\/2025\/08\/IMG_5965.jpeg?w=1620 1620w, https:\/\/i0.wp.com\/blogdalucianaoliveira.com.br\/blog\/wp-content\/uploads\/2025\/08\/IMG_5965.jpeg?w=1200 1200w\" sizes=\"auto, (max-width: 300px) 100vw, 300px\" \/><\/p>\n<div><i>Equipamentos v\u00e3o fortalecer a produ\u00e7\u00e3o agr\u00edcola e melhorar as condi\u00e7\u00f5es de trabalho no campo.<\/i><\/div>\n<p><!--more--><\/p>\n<div>Da assessoria &#8211; A deputada estadual Cl\u00e1udia de Jesus (PT) participou, nesta \u00faltima quinta-feira (14), da entrega de equipamentos agr\u00edcolas a tr\u00eas associa\u00e7\u00f5es de produtores rurais em Machadinho do Oeste, totalizando R$ 200 mil em investimentos por meio de emendas parlamentares.<\/div>\n<div>\n\u201cNosso compromisso \u00e9 apoiar quem produz. Esses equipamentos representam mais dignidade para o trabalhador rural e mais desenvolvimento para nossas comunidades\u201d, destacou a deputada Cl\u00e1udia de Jesus.<\/div>\n<div>\nPela manh\u00e3, Cl\u00e1udia esteve na sede da Associa\u00e7\u00e3o dos Produtores e Produtoras Rurais do P.A Lajes (Aprolajes), que recebeu uma grade niveladora, um pulverizador e uma concha hidr\u00e1ulica, adquiridos com recursos no valor de R$ 86 mil.<\/div>\n<div>\n\u00c0 tarde, foi a vez da Associa\u00e7\u00e3o de Pequenos Produtores Rurais da Comunidade do Rio Preto (Asprucorp), contemplada com uma plantadeira no valor de R$ 55 mil, e da Associa\u00e7\u00e3o dos Produtores Rurais da Linha MA 43 (Cedro Rosa), que recebeu uma grade niveladora, um espalhador de calc\u00e1rio e um socador de solo, no valor de R$ 59 mil.<\/div>\n","protected":false},"excerpt":{"rendered":"<p>Equipamentos v\u00e3o fortalecer a produ\u00e7\u00e3o agr\u00edcola e melhorar as condi\u00e7\u00f5es de trabalho no campo.<\/p>\n","protected":false},"author":1,"featured_media":0,"comment_status":"closed","ping_status":"open","sticky":false,"template":"","format":"standard","meta":{"_exactmetrics_skip_tracking":false,"_exactmetrics_sitenote_active":false,"_exactmetrics_sitenote_note":"","_exactmetrics_sitenote_category":0,"jetpack_post_was_ever_published":false,"_jetpack_newsletter_access":"","_jetpack_dont_email_post_to_subs":false,"_jetpack_newsletter_tier_id":0,"_jetpack_memberships_contains_paywalled_content":false,"_jetpack_memberships_contains_paid_content":false,"footnotes":"","jetpack_publicize_message":"","jetpack_publicize_feature_enabled":true,"jetpack_social_post_already_shared":true,"jetpack_social_options":{"image_generator_settings":{"template":"highway","enabled":false},"version":2}},"categories":[1],"tags":[1429,1456,711],"class_list":["post-37285","post","type-post","status-publish","format-standard","hentry","category-notas","tag-deputada-claudia-de-jesus","tag-equipamentos","tag-machadinho-do-oeste"],"jetpack_publicize_connections":[],"jetpack_sharing_enabled":true,"jetpack_featured_media_url":"","jetpack_shortlink":"https:\/\/wp.me\/p7wKYW-9Hn","jetpack-related-posts":[],"_links":{"self":[{"href":"http:\/\/blogdalucianaoliveira.com.br\/blog\/wp-json\/wp\/v2\/posts\/37285","targetHints":{"allow":["GET"]}}],"collection":[{"href":"http:\/\/blogdalucianaoliveira.com.br\/blog\/wp-json\/wp\/v2\/posts"}],"about":[{"href":"http:\/\/blogdalucianaoliveira.com.br\/blog\/wp-json\/wp\/v2\/types\/post"}],"author":[{"embeddable":true,"href":"http:\/\/blogdalucianaoliveira.com.br\/blog\/wp-json\/wp\/v2\/users\/1"}],"replies":[{"embeddable":true,"href":"http:\/\/blogdalucianaoliveira.com.br\/blog\/wp-json\/wp\/v2\/comments?post=37285"}],"version-history":[{"count":1,"href":"http:\/\/blogdalucianaoliveira.com.br\/blog\/wp-json\/wp\/v2\/posts\/37285\/revisions"}],"predecessor-version":[{"id":37287,"href":"http:\/\/blogdalucianaoliveira.com.br\/blog\/wp-json\/wp\/v2\/posts\/37285\/revisions\/37287"}],"wp:attachment":[{"href":"http:\/\/blogdalucianaoliveira.com.br\/blog\/wp-json\/wp\/v2\/media?parent=37285"}],"wp:term":[{"taxonomy":"category","embeddable":true,"href":"http:\/\/blogdalucianaoliveira.com.br\/blog\/wp-json\/wp\/v2\/categories?post=37285"},{"taxonomy":"post_tag","embeddable":true,"href":"http:\/\/blogdalucianaoliveira.com.br\/blog\/wp-json\/wp\/v2\/tags?post=37285"}],"curies":[{"name":"wp","href":"https:\/\/api.w.org\/{rel}","templated":true}]}}