{"id":37288,"date":"2025-08-15T12:10:30","date_gmt":"2025-08-15T16:10:30","guid":{"rendered":"https:\/\/blogdalucianaoliveira.com.br\/blog\/?p=37288"},"modified":"2025-08-15T12:10:30","modified_gmt":"2025-08-15T16:10:30","slug":"julgamento-de-bolsonaro-e-mais-sete-por-tentativa-de-golpe-comeca-no-dia-2-de-setembro","status":"publish","type":"post","link":"http:\/\/blogdalucianaoliveira.com.br\/blog\/2025\/08\/15\/julgamento-de-bolsonaro-e-mais-sete-por-tentativa-de-golpe-comeca-no-dia-2-de-setembro\/","title":{"rendered":"Julgamento de Bolsonaro e mais sete por tentativa de golpe come\u00e7a no dia 2 de setembro"},"content":{"rendered":"<p><img data-recalc-dims=\"1\" loading=\"lazy\" decoding=\"async\" data-attachment-id=\"37289\" data-permalink=\"http:\/\/blogdalucianaoliveira.com.br\/blog\/2025\/08\/15\/julgamento-de-bolsonaro-e-mais-sete-por-tentativa-de-golpe-comeca-no-dia-2-de-setembro\/img_5966\/\" data-orig-file=\"https:\/\/i0.wp.com\/blogdalucianaoliveira.com.br\/blog\/wp-content\/uploads\/2025\/08\/IMG_5966.webp?fit=2048%2C1366\" data-orig-size=\"2048,1366\" data-comments-opened=\"0\" data-image-meta=\"{&quot;aperture&quot;:&quot;0&quot;,&quot;credit&quot;:&quot;&quot;,&quot;camera&quot;:&quot;&quot;,&quot;caption&quot;:&quot;&quot;,&quot;created_timestamp&quot;:&quot;0&quot;,&quot;copyright&quot;:&quot;&quot;,&quot;focal_length&quot;:&quot;0&quot;,&quot;iso&quot;:&quot;0&quot;,&quot;shutter_speed&quot;:&quot;0&quot;,&quot;title&quot;:&quot;&quot;,&quot;orientation&quot;:&quot;0&quot;}\" data-image-title=\"IMG_5966\" data-image-description=\"\" data-image-caption=\"\" data-medium-file=\"https:\/\/i0.wp.com\/blogdalucianaoliveira.com.br\/blog\/wp-content\/uploads\/2025\/08\/IMG_5966.webp?fit=300%2C200\" data-large-file=\"https:\/\/i0.wp.com\/blogdalucianaoliveira.com.br\/blog\/wp-content\/uploads\/2025\/08\/IMG_5966.webp?fit=600%2C400\" class=\"alignnone size-medium wp-image-37289\" src=\"https:\/\/i0.wp.com\/blogdalucianaoliveira.com.br\/blog\/wp-content\/uploads\/2025\/08\/IMG_5966.webp?resize=300%2C200\" alt=\"\" width=\"300\" height=\"200\" srcset=\"https:\/\/i0.wp.com\/blogdalucianaoliveira.com.br\/blog\/wp-content\/uploads\/2025\/08\/IMG_5966.webp?resize=300%2C200 300w, https:\/\/i0.wp.com\/blogdalucianaoliveira.com.br\/blog\/wp-content\/uploads\/2025\/08\/IMG_5966.webp?resize=1024%2C683 1024w, https:\/\/i0.wp.com\/blogdalucianaoliveira.com.br\/blog\/wp-content\/uploads\/2025\/08\/IMG_5966.webp?resize=768%2C512 768w, https:\/\/i0.wp.com\/blogdalucianaoliveira.com.br\/blog\/wp-content\/uploads\/2025\/08\/IMG_5966.webp?resize=1536%2C1025 1536w, https:\/\/i0.wp.com\/blogdalucianaoliveira.com.br\/blog\/wp-content\/uploads\/2025\/08\/IMG_5966.webp?resize=450%2C300 450w, https:\/\/i0.wp.com\/blogdalucianaoliveira.com.br\/blog\/wp-content\/uploads\/2025\/08\/IMG_5966.webp?w=2048 2048w, https:\/\/i0.wp.com\/blogdalucianaoliveira.com.br\/blog\/wp-content\/uploads\/2025\/08\/IMG_5966.webp?w=1200 1200w, https:\/\/i0.wp.com\/blogdalucianaoliveira.com.br\/blog\/wp-content\/uploads\/2025\/08\/IMG_5966.webp?w=1800 1800w\" sizes=\"auto, (max-width: 300px) 100vw, 300px\" \/><\/p>\n<h2 class=\"jeg_post_subtitle\">Haver\u00e1 sess\u00f5es extraordin\u00e1rias entre os dias 2 e 12 de setembro na Primeira Turma do STF<\/h2>\n<p><!--more--><\/p>\n<p>Brasil de Fato &#8211; Est\u00e1 marcado para o dia 2 de setembro o in\u00edcio do julgamento da a\u00e7\u00e3o penal que apura a tentativa de golpe de Estado no Brasil, envolvendo o chamado \u201cn\u00facleo crucial\u201d da trama, que tem como r\u00e9us o ex-presidente <a href=\"https:\/\/www.brasildefato.com.br\/2025\/08\/14\/alegacoes-finais-expectativa-e-de-condenacao-de-bolsonaro-pelo-8-de-janeiro-diz-cientista-politico\/\" target=\"_blank\" rel=\"noopener noreferrer\">Jair Bolsonaro (PL)<\/a>, ex-ministros e generais do Ex\u00e9rcito brasileiro. O an\u00fancio foi feito nesta sexta-feira (15) pelo gabinete do ministro do Supremo Tribunal Federal (STF) Cristiano Zanin, que preside a Primeira Turma da Corte, onde o caso ser\u00e1 julgado. Ser\u00e3o marcadas sess\u00f5es extraordin\u00e1rias entre o dia 2 e o dia 12 de setembro.<\/p>\n<p>Na \u00faltima quarta-feira (13) as defesas entregaram suas alega\u00e7\u00f5es finais, e j\u00e1 na quinta (14), o ministro<a href=\"https:\/\/www.brasildefato.com.br\/2025\/08\/15\/trama-golpista-moraes-pede-data-para-julgamento-de-bolsonaro-e-mais-7\/\" target=\"_blank\" rel=\"noopener noreferrer\"> Alexandre de Moraes<\/a>, relator da a\u00e7\u00e3o penal, sinalizou ao presidente da Primeira Turma que j\u00e1 teria seu voto pronto para ser apresentado aos demais ministros, e solicitando a data do julgamento, que foi definida no come\u00e7o desta tarde.<\/p>\n<div class=\"jeg_ad jeg_ad_article jnews_content_inline_ads  \">\n<div class=\"ads-wrapper align-center \">\n<div class=\"ads_shortcode\">\n<div class=\"ads-region-container\" data-slot=\"artigos-leaderboard-incontent-1-mobile\" data-region=\"br\" data-slot-name=\"artigos-leaderboard-incontent-1-mobile-br\">\n<div id=\"div-gpt-ad-artigos-mobile_rectangle_mobile_1\" class=\"ad-slot\"><\/div>\n<\/div>\n<\/div>\n<\/div>\n<\/div>\n<h4 class=\"wp-block-heading\">Quem \u00e9 quem<\/h4>\n<p>Veja quem s\u00e3o os r\u00e9us do \u201cn\u00facleo crucial\u201d da trama golpista<\/p>\n<ul class=\"wp-block-list\">\n<li>Jair Bolsonaro \u2013 ex-presidente da Rep\u00fablica;<\/li>\n<li>Alexandre Ramagem \u2013 ex-diretor da Ag\u00eancia Brasileira de Intelig\u00eancia (Abin);<\/li>\n<li>Almir Garnier \u2013 ex-comandante da Marinha;<\/li>\n<li>Anderson Torres \u2013 ex-ministro da Justi\u00e7a e ex-secret\u00e1rio de Seguran\u00e7a do Distrito Federal;<\/li>\n<li>Augusto Heleno \u2013 ex-ministro do Gabinete de Seguran\u00e7a Institucional;<\/li>\n<li>Paulo S\u00e9rgio Nogueira (general), ex-ministro da Defesa;<\/li>\n<li>Walter Braga Netto \u2013 ex-ministro de Bolsonaro e candidato a vice na chapa de 2022.<\/li>\n<li>Mauro Cid (tenente-coronel), ex-ajudante de ordens de Jair Bolsonaro<\/li>\n<\/ul>\n<figure class=\"wp-block-image size-large\"><img data-recalc-dims=\"1\" loading=\"lazy\" decoding=\"async\" class=\"wp-image-736019 lazy loaded\" src=\"https:\/\/i0.wp.com\/assets.brasildefato.com.br\/2025\/08\/bdf-20250815-152722-a087c6-1024x683.png?resize=600%2C400&#038;ssl=1\" sizes=\"auto, (max-width: 1024px) 100vw, 1024px\" srcset=\"https:\/\/assets.brasildefato.com.br\/2025\/08\/bdf-20250815-152722-a087c6-300x200.png 300w, https:\/\/assets.brasildefato.com.br\/2025\/08\/bdf-20250815-152722-a087c6-1024x683.png 1024w, https:\/\/assets.brasildefato.com.br\/2025\/08\/bdf-20250815-152722-a087c6-768x512.png 768w, https:\/\/assets.brasildefato.com.br\/2025\/08\/bdf-20250815-152722-a087c6-1536x1024.png 1536w, https:\/\/assets.brasildefato.com.br\/2025\/08\/bdf-20250815-152722-a087c6-750x536.png 750w, https:\/\/assets.brasildefato.com.br\/2025\/08\/bdf-20250815-152722-a087c6-1140x815.png 1140w, https:\/\/assets.brasildefato.com.br\/2025\/08\/bdf-20250815-152722-a087c6-600x400.png 600w, https:\/\/assets.brasildefato.com.br\/2025\/08\/bdf-20250815-152722-a087c6.png 2048w\" alt=\"\" width=\"600\" height=\"400\" data-src=\"https:\/\/assets.brasildefato.com.br\/2025\/08\/bdf-20250815-152722-a087c6-1024x683.png\" data-srcset=\"https:\/\/assets.brasildefato.com.br\/2025\/08\/bdf-20250815-152722-a087c6-300x200.png 300w, https:\/\/assets.brasildefato.com.br\/2025\/08\/bdf-20250815-152722-a087c6-1024x683.png 1024w, https:\/\/assets.brasildefato.com.br\/2025\/08\/bdf-20250815-152722-a087c6-768x512.png 768w, https:\/\/assets.brasildefato.com.br\/2025\/08\/bdf-20250815-152722-a087c6-1536x1024.png 1536w, https:\/\/assets.brasildefato.com.br\/2025\/08\/bdf-20250815-152722-a087c6-750x536.png 750w, https:\/\/assets.brasildefato.com.br\/2025\/08\/bdf-20250815-152722-a087c6-1140x815.png 1140w, https:\/\/assets.brasildefato.com.br\/2025\/08\/bdf-20250815-152722-a087c6-600x400.png 600w, https:\/\/assets.brasildefato.com.br\/2025\/08\/bdf-20250815-152722-a087c6.png 2048w\" data-sizes=\"(max-width: 1024px) 100vw, 1024px\" data-pin-no-hover=\"true\" data-was-processed=\"true\" \/><figcaption class=\"wp-element-caption\">R\u00e9us, acusados de fazerem parte do \u201cn\u00facleo crucial\u201d da trama golpista, segundo acusa\u00e7\u00e3o da Procuradoria Geral da Rep\u00fablica (PGR). Fotos: Ton Molina e Antonio Augusto\/STF<\/figcaption><\/figure>\n<p>Eles respondem pelos crimes de organiza\u00e7\u00e3o criminosa armada, tentativa de aboli\u00e7\u00e3o violenta do Estado Democr\u00e1tico de Direito, golpe de Estado, dano qualificado pela viol\u00eancia e grave amea\u00e7a e deteriora\u00e7\u00e3o de patrim\u00f4nio tombado, exceto o deputado federal Alexandre Ramagem (PL-RJ) que n\u00e3o responder\u00e1 pelos dois \u00faltimos crimes, porque j\u00e1 havia tomado posse no Congresso Nacional em 8 de janeiro de 2023.<\/p>\n<div class=\"jeg_ad jeg_ad_article jnews_content_inline_2_ads  \">\n<div class=\"ads-wrapper align-center \">\n<div class=\"ads_shortcode\">\n<div class=\"ads-region-container\" data-slot=\"artigos-leaderboard-incontent-2-mobile\" data-region=\"br\" data-slot-name=\"artigos-leaderboard-incontent-2-mobile-br\">\n<div id=\"div-gpt-ad-artigos-mobile_rectangle_mobile_2\" class=\"ad-slot\"><\/div>\n<\/div>\n<\/div>\n<\/div>\n<\/div>\n<p>Al\u00e9m do presidente da Primeira Turma, Cristiano Zanin, e do relator da a\u00e7\u00e3o penal Alexandre de Moraes, comp\u00f5e o colegiado do julgamento os ministros Fl\u00e1vio Dino, Luiz Fux e Carmen L\u00facia.<\/p>\n<figure class=\"wp-block-image size-large\"><img data-recalc-dims=\"1\" loading=\"lazy\" decoding=\"async\" class=\"wp-image-736021 lazy loaded\" src=\"https:\/\/i0.wp.com\/assets.brasildefato.com.br\/2025\/08\/bdf-20250815-152805-5e9bbc-1024x683.png?resize=600%2C400&#038;ssl=1\" sizes=\"auto, (max-width: 1024px) 100vw, 1024px\" srcset=\"https:\/\/assets.brasildefato.com.br\/2025\/08\/bdf-20250815-152805-5e9bbc-300x200.png 300w, https:\/\/assets.brasildefato.com.br\/2025\/08\/bdf-20250815-152805-5e9bbc-1024x683.png 1024w, https:\/\/assets.brasildefato.com.br\/2025\/08\/bdf-20250815-152805-5e9bbc-768x512.png 768w, https:\/\/assets.brasildefato.com.br\/2025\/08\/bdf-20250815-152805-5e9bbc-1536x1024.png 1536w, https:\/\/assets.brasildefato.com.br\/2025\/08\/bdf-20250815-152805-5e9bbc-750x536.png 750w, https:\/\/assets.brasildefato.com.br\/2025\/08\/bdf-20250815-152805-5e9bbc-1140x815.png 1140w, https:\/\/assets.brasildefato.com.br\/2025\/08\/bdf-20250815-152805-5e9bbc-600x400.png 600w, https:\/\/assets.brasildefato.com.br\/2025\/08\/bdf-20250815-152805-5e9bbc.png 2048w\" alt=\"\" width=\"600\" height=\"400\" data-src=\"https:\/\/assets.brasildefato.com.br\/2025\/08\/bdf-20250815-152805-5e9bbc-1024x683.png\" data-srcset=\"https:\/\/assets.brasildefato.com.br\/2025\/08\/bdf-20250815-152805-5e9bbc-300x200.png 300w, https:\/\/assets.brasildefato.com.br\/2025\/08\/bdf-20250815-152805-5e9bbc-1024x683.png 1024w, https:\/\/assets.brasildefato.com.br\/2025\/08\/bdf-20250815-152805-5e9bbc-768x512.png 768w, https:\/\/assets.brasildefato.com.br\/2025\/08\/bdf-20250815-152805-5e9bbc-1536x1024.png 1536w, https:\/\/assets.brasildefato.com.br\/2025\/08\/bdf-20250815-152805-5e9bbc-750x536.png 750w, https:\/\/assets.brasildefato.com.br\/2025\/08\/bdf-20250815-152805-5e9bbc-1140x815.png 1140w, https:\/\/assets.brasildefato.com.br\/2025\/08\/bdf-20250815-152805-5e9bbc-600x400.png 600w, https:\/\/assets.brasildefato.com.br\/2025\/08\/bdf-20250815-152805-5e9bbc.png 2048w\" data-sizes=\"(max-width: 1024px) 100vw, 1024px\" data-pin-no-hover=\"true\" data-was-processed=\"true\" \/><figcaption class=\"wp-element-caption\">Ministros da Primeira Turma do STF. Fotos: Fellipe Sampaio (Zanin), Ton Molina (Moraes), Rosinei Coutinho (Dino e C. L\u00facia) e Antonio Augusto (Fux)\/STF<\/figcaption><\/figure>\n<div class=\"jeg_meta_post_footer\">\n<div class=\"jeg_meta_editors\">Editado por: Rodrigo Dur\u00e3o Coelho<\/div>\n<\/div>\n","protected":false},"excerpt":{"rendered":"<p>Haver\u00e1 sess\u00f5es extraordin\u00e1rias entre os dias 2 e 12 de setembro na Primeira Turma do STF<\/p>\n","protected":false},"author":1,"featured_media":0,"comment_status":"closed","ping_status":"open","sticky":false,"template":"","format":"standard","meta":{"_exactmetrics_skip_tracking":false,"_exactmetrics_sitenote_active":false,"_exactmetrics_sitenote_note":"","_exactmetrics_sitenote_category":0,"jetpack_post_was_ever_published":false,"_jetpack_newsletter_access":"","_jetpack_dont_email_post_to_subs":false,"_jetpack_newsletter_tier_id":0,"_jetpack_memberships_contains_paywalled_content":false,"_jetpack_memberships_contains_paid_content":false,"footnotes":"","jetpack_publicize_message":"","jetpack_publicize_feature_enabled":true,"jetpack_social_post_already_shared":true,"jetpack_social_options":{"image_generator_settings":{"template":"highway","enabled":false},"version":2}},"categories":[1],"tags":[53,902,1457],"class_list":["post-37288","post","type-post","status-publish","format-standard","hentry","category-notas","tag-bolsonaro","tag-julgamento","tag-reus"],"jetpack_publicize_connections":[],"jetpack_sharing_enabled":true,"jetpack_featured_media_url":"","jetpack_shortlink":"https:\/\/wp.me\/p7wKYW-9Hq","jetpack-related-posts":[],"_links":{"self":[{"href":"http:\/\/blogdalucianaoliveira.com.br\/blog\/wp-json\/wp\/v2\/posts\/37288","targetHints":{"allow":["GET"]}}],"collection":[{"href":"http:\/\/blogdalucianaoliveira.com.br\/blog\/wp-json\/wp\/v2\/posts"}],"about":[{"href":"http:\/\/blogdalucianaoliveira.com.br\/blog\/wp-json\/wp\/v2\/types\/post"}],"author":[{"embeddable":true,"href":"http:\/\/blogdalucianaoliveira.com.br\/blog\/wp-json\/wp\/v2\/users\/1"}],"replies":[{"embeddable":true,"href":"http:\/\/blogdalucianaoliveira.com.br\/blog\/wp-json\/wp\/v2\/comments?post=37288"}],"version-history":[{"count":1,"href":"http:\/\/blogdalucianaoliveira.com.br\/blog\/wp-json\/wp\/v2\/posts\/37288\/revisions"}],"predecessor-version":[{"id":37290,"href":"http:\/\/blogdalucianaoliveira.com.br\/blog\/wp-json\/wp\/v2\/posts\/37288\/revisions\/37290"}],"wp:attachment":[{"href":"http:\/\/blogdalucianaoliveira.com.br\/blog\/wp-json\/wp\/v2\/media?parent=37288"}],"wp:term":[{"taxonomy":"category","embeddable":true,"href":"http:\/\/blogdalucianaoliveira.com.br\/blog\/wp-json\/wp\/v2\/categories?post=37288"},{"taxonomy":"post_tag","embeddable":true,"href":"http:\/\/blogdalucianaoliveira.com.br\/blog\/wp-json\/wp\/v2\/tags?post=37288"}],"curies":[{"name":"wp","href":"https:\/\/api.w.org\/{rel}","templated":true}]}}