{"id":37291,"date":"2025-08-15T12:49:07","date_gmt":"2025-08-15T16:49:07","guid":{"rendered":"https:\/\/blogdalucianaoliveira.com.br\/blog\/?p=37291"},"modified":"2025-08-15T12:49:07","modified_gmt":"2025-08-15T16:49:07","slug":"desemprego-cai-em-18-estados-no-segundo-trimestre","status":"publish","type":"post","link":"http:\/\/blogdalucianaoliveira.com.br\/blog\/2025\/08\/15\/desemprego-cai-em-18-estados-no-segundo-trimestre\/","title":{"rendered":"Desemprego cai em 18 estados no segundo trimestre"},"content":{"rendered":"<p><img data-recalc-dims=\"1\" loading=\"lazy\" decoding=\"async\" data-attachment-id=\"37292\" data-permalink=\"http:\/\/blogdalucianaoliveira.com.br\/blog\/2025\/08\/15\/desemprego-cai-em-18-estados-no-segundo-trimestre\/img_5969\/\" data-orig-file=\"https:\/\/i0.wp.com\/blogdalucianaoliveira.com.br\/blog\/wp-content\/uploads\/2025\/08\/IMG_5969.webp?fit=1170%2C700\" data-orig-size=\"1170,700\" data-comments-opened=\"0\" data-image-meta=\"{&quot;aperture&quot;:&quot;0&quot;,&quot;credit&quot;:&quot;&quot;,&quot;camera&quot;:&quot;&quot;,&quot;caption&quot;:&quot;&quot;,&quot;created_timestamp&quot;:&quot;0&quot;,&quot;copyright&quot;:&quot;&quot;,&quot;focal_length&quot;:&quot;0&quot;,&quot;iso&quot;:&quot;0&quot;,&quot;shutter_speed&quot;:&quot;0&quot;,&quot;title&quot;:&quot;&quot;,&quot;orientation&quot;:&quot;0&quot;}\" data-image-title=\"IMG_5969\" data-image-description=\"\" data-image-caption=\"\" data-medium-file=\"https:\/\/i0.wp.com\/blogdalucianaoliveira.com.br\/blog\/wp-content\/uploads\/2025\/08\/IMG_5969.webp?fit=300%2C179\" data-large-file=\"https:\/\/i0.wp.com\/blogdalucianaoliveira.com.br\/blog\/wp-content\/uploads\/2025\/08\/IMG_5969.webp?fit=600%2C359\" class=\"alignnone size-medium wp-image-37292\" src=\"https:\/\/i0.wp.com\/blogdalucianaoliveira.com.br\/blog\/wp-content\/uploads\/2025\/08\/IMG_5969.webp?resize=300%2C179\" alt=\"\" width=\"300\" height=\"179\" srcset=\"https:\/\/i0.wp.com\/blogdalucianaoliveira.com.br\/blog\/wp-content\/uploads\/2025\/08\/IMG_5969.webp?resize=300%2C179 300w, https:\/\/i0.wp.com\/blogdalucianaoliveira.com.br\/blog\/wp-content\/uploads\/2025\/08\/IMG_5969.webp?resize=1024%2C613 1024w, https:\/\/i0.wp.com\/blogdalucianaoliveira.com.br\/blog\/wp-content\/uploads\/2025\/08\/IMG_5969.webp?resize=768%2C459 768w, https:\/\/i0.wp.com\/blogdalucianaoliveira.com.br\/blog\/wp-content\/uploads\/2025\/08\/IMG_5969.webp?resize=501%2C300 501w, https:\/\/i0.wp.com\/blogdalucianaoliveira.com.br\/blog\/wp-content\/uploads\/2025\/08\/IMG_5969.webp?w=1170 1170w\" sizes=\"auto, (max-width: 300px) 100vw, 300px\" \/><\/p>\n<p>M\u00e9dia do pa\u00eds tamb\u00e9m \u00e9 a mais baixa j\u00e1 registrada<!--more--><\/p>\n<p>Ag\u00eancia Brasil &#8211; A taxa de desocupa\u00e7\u00e3o do pa\u00eds no segundo trimestre de 2025 caiu em 18 das 27 unidades da federa\u00e7\u00e3o e ficou est\u00e1vel nas outras nove na compara\u00e7\u00e3o com o primeiro trimestre. A taxa m\u00e9dia chegou a 5,8%, a menor da s\u00e9rie iniciada em 2012.<img data-recalc-dims=\"1\" decoding=\"async\" src=\"https:\/\/i0.wp.com\/agenciabrasil.ebc.com.br\/ebc.png?w=600&#038;ssl=1\" \/><img data-recalc-dims=\"1\" decoding=\"async\" src=\"https:\/\/i0.wp.com\/agenciabrasil.ebc.com.br\/ebc.gif?w=600&#038;ssl=1\" \/><\/p>\n<p><strong>As maiores taxas foram registradas em Pernambuco (10,4%), Bahia (9,1%) e Distrito Federal (8,7%); enquanto as menores foram em Santa Catarina (2,2%), Rond\u00f4nia (2,3%) e Mato Grosso (2,8%).<\/strong><\/p>\n<p>Os dados s\u00e3o da Pesquisa Nacional por Amostra de Domic\u00edlios Cont\u00ednua (PNAD Cont\u00ednua) Trimestral divulgada hoje (15) pelo IBGE.<\/p>\n<p><strong>Das 27 unidades da federa\u00e7\u00e3o, 12 atingiram no segundo trimestre o menor n\u00edvel de desemprego j\u00e1 registrado pela s\u00e9rie hist\u00f3rica.<\/strong><\/p>\n<p>Os estados com as m\u00ednimas hist\u00f3ricas de desemprego s\u00e3o: Amap\u00e1 (6,9%), Rio Grande do Norte (7,5%), Para\u00edba (7%), Alagoas (7,5%), Sergipe (8,1%), Bahia (9,1%), Minas Gerais (4%), Esp\u00edrito Santo (3,1%), S\u00e3o Paulo (5,1%), Santa Catarina (2,2%), Rio Grande do Sul (4,3%) e Mato Grosso do Sul (2,9%).<\/p>\n<p><strong>O IBGE j\u00e1 havia divulgado que a <a href=\"https:\/\/agenciabrasil.ebc.com.br\/economia\/noticia\/2025-07\/ibge-taxa-de-desemprego-cai-para-5%2C8%25-a-menor-ja-registrada\" target=\"_blank\" rel=\"noopener\">m\u00e9dia nacional tamb\u00e9m \u00e9 a menor<\/a> j\u00e1 registrada, 5,8%.<\/strong><\/p>\n<h2>Metodologia<\/h2>\n<p>A pesquisa do IBGE apura o comportamento no mercado de trabalho para pessoas com 14 anos ou mais e leva em conta todas as formas de ocupa\u00e7\u00e3o, seja emprego com ou sem carteira assinada, tempor\u00e1rio e por conta pr\u00f3pria, por exemplo. S\u00f3 \u00e9 considerada desocupada a pessoa que efetivamente procura emprego. S\u00e3o visitados 211 mil domic\u00edlios em todos os estados e no Distrito Federal.<\/p>\n","protected":false},"excerpt":{"rendered":"<p>M\u00e9dia do pa\u00eds tamb\u00e9m \u00e9 a mais baixa j\u00e1 registrada<\/p>\n","protected":false},"author":1,"featured_media":0,"comment_status":"closed","ping_status":"open","sticky":false,"template":"","format":"standard","meta":{"_exactmetrics_skip_tracking":false,"_exactmetrics_sitenote_active":false,"_exactmetrics_sitenote_note":"","_exactmetrics_sitenote_category":0,"jetpack_post_was_ever_published":false,"_jetpack_newsletter_access":"","_jetpack_dont_email_post_to_subs":false,"_jetpack_newsletter_tier_id":0,"_jetpack_memberships_contains_paywalled_content":false,"_jetpack_memberships_contains_paid_content":false,"footnotes":"","jetpack_publicize_message":"","jetpack_publicize_feature_enabled":true,"jetpack_social_post_already_shared":true,"jetpack_social_options":{"image_generator_settings":{"template":"highway","enabled":false},"version":2}},"categories":[1],"tags":[249,78,433],"class_list":["post-37291","post","type-post","status-publish","format-standard","hentry","category-notas","tag-desemprego","tag-lula","tag-queda"],"jetpack_publicize_connections":[],"jetpack_sharing_enabled":true,"jetpack_featured_media_url":"","jetpack_shortlink":"https:\/\/wp.me\/p7wKYW-9Ht","jetpack-related-posts":[],"_links":{"self":[{"href":"http:\/\/blogdalucianaoliveira.com.br\/blog\/wp-json\/wp\/v2\/posts\/37291","targetHints":{"allow":["GET"]}}],"collection":[{"href":"http:\/\/blogdalucianaoliveira.com.br\/blog\/wp-json\/wp\/v2\/posts"}],"about":[{"href":"http:\/\/blogdalucianaoliveira.com.br\/blog\/wp-json\/wp\/v2\/types\/post"}],"author":[{"embeddable":true,"href":"http:\/\/blogdalucianaoliveira.com.br\/blog\/wp-json\/wp\/v2\/users\/1"}],"replies":[{"embeddable":true,"href":"http:\/\/blogdalucianaoliveira.com.br\/blog\/wp-json\/wp\/v2\/comments?post=37291"}],"version-history":[{"count":1,"href":"http:\/\/blogdalucianaoliveira.com.br\/blog\/wp-json\/wp\/v2\/posts\/37291\/revisions"}],"predecessor-version":[{"id":37293,"href":"http:\/\/blogdalucianaoliveira.com.br\/blog\/wp-json\/wp\/v2\/posts\/37291\/revisions\/37293"}],"wp:attachment":[{"href":"http:\/\/blogdalucianaoliveira.com.br\/blog\/wp-json\/wp\/v2\/media?parent=37291"}],"wp:term":[{"taxonomy":"category","embeddable":true,"href":"http:\/\/blogdalucianaoliveira.com.br\/blog\/wp-json\/wp\/v2\/categories?post=37291"},{"taxonomy":"post_tag","embeddable":true,"href":"http:\/\/blogdalucianaoliveira.com.br\/blog\/wp-json\/wp\/v2\/tags?post=37291"}],"curies":[{"name":"wp","href":"https:\/\/api.w.org\/{rel}","templated":true}]}}