{"id":37294,"date":"2025-08-16T13:34:16","date_gmt":"2025-08-16T17:34:16","guid":{"rendered":"https:\/\/blogdalucianaoliveira.com.br\/blog\/?p=37294"},"modified":"2025-08-16T13:34:16","modified_gmt":"2025-08-16T17:34:16","slug":"boulos-aciona-pgr-contra-deputado-bolsonarista-acusado-de-se-aliar-as-big-techs","status":"publish","type":"post","link":"http:\/\/blogdalucianaoliveira.com.br\/blog\/2025\/08\/16\/boulos-aciona-pgr-contra-deputado-bolsonarista-acusado-de-se-aliar-as-big-techs\/","title":{"rendered":"Boulos aciona PGR contra deputado bolsonarista acusado de se aliar \u00e0s Big Techs"},"content":{"rendered":"<p><img data-recalc-dims=\"1\" loading=\"lazy\" decoding=\"async\" data-attachment-id=\"37295\" data-permalink=\"http:\/\/blogdalucianaoliveira.com.br\/blog\/2025\/08\/16\/boulos-aciona-pgr-contra-deputado-bolsonarista-acusado-de-se-aliar-as-big-techs\/img_5992\/\" data-orig-file=\"https:\/\/i0.wp.com\/blogdalucianaoliveira.com.br\/blog\/wp-content\/uploads\/2025\/08\/IMG_5992.jpeg?fit=420%2C259\" data-orig-size=\"420,259\" data-comments-opened=\"0\" data-image-meta=\"{&quot;aperture&quot;:&quot;0&quot;,&quot;credit&quot;:&quot;&quot;,&quot;camera&quot;:&quot;&quot;,&quot;caption&quot;:&quot;&quot;,&quot;created_timestamp&quot;:&quot;0&quot;,&quot;copyright&quot;:&quot;&quot;,&quot;focal_length&quot;:&quot;0&quot;,&quot;iso&quot;:&quot;0&quot;,&quot;shutter_speed&quot;:&quot;0&quot;,&quot;title&quot;:&quot;&quot;,&quot;orientation&quot;:&quot;0&quot;}\" data-image-title=\"IMG_5992\" data-image-description=\"\" data-image-caption=\"\" data-medium-file=\"https:\/\/i0.wp.com\/blogdalucianaoliveira.com.br\/blog\/wp-content\/uploads\/2025\/08\/IMG_5992.jpeg?fit=300%2C185\" data-large-file=\"https:\/\/i0.wp.com\/blogdalucianaoliveira.com.br\/blog\/wp-content\/uploads\/2025\/08\/IMG_5992.jpeg?fit=420%2C259\" class=\"alignnone size-medium wp-image-37295\" src=\"https:\/\/i0.wp.com\/blogdalucianaoliveira.com.br\/blog\/wp-content\/uploads\/2025\/08\/IMG_5992.jpeg?resize=300%2C185\" alt=\"\" width=\"300\" height=\"185\" srcset=\"https:\/\/i0.wp.com\/blogdalucianaoliveira.com.br\/blog\/wp-content\/uploads\/2025\/08\/IMG_5992.jpeg?resize=300%2C185 300w, https:\/\/i0.wp.com\/blogdalucianaoliveira.com.br\/blog\/wp-content\/uploads\/2025\/08\/IMG_5992.jpeg?w=420 420w\" sizes=\"auto, (max-width: 300px) 100vw, 300px\" \/><\/p>\n<h2 class=\"bajada\">Situa\u00e7\u00e3o destaca ainda mais o lobby das Big Techs no Congresso Nacional, que tentam barrar a regula\u00e7\u00e3o das redes sociais<\/h2>\n<p><!--more-->Revista f\u00f3rum &#8211; O deputado federal Guilherme Boulos (PSOL-SP) acionou a Procuradoria-Geral da Rep\u00fablica (PGR) contra o deputado Fernando M\u00e1ximo (Uni\u00e3o-RO), aliado do ex-presidente Jair Bolsonaro (PL), nesta sexta-feira (15). O documento acusa o parlamentar de um poss\u00edvel conluio com a Meta, empresa controladora do Facebook, Instagram e WhatsApp.<\/p>\n<p><img data-recalc-dims=\"1\" loading=\"lazy\" decoding=\"async\" data-attachment-id=\"37296\" data-permalink=\"http:\/\/blogdalucianaoliveira.com.br\/blog\/2025\/08\/16\/boulos-aciona-pgr-contra-deputado-bolsonarista-acusado-de-se-aliar-as-big-techs\/img_5993\/\" data-orig-file=\"https:\/\/i0.wp.com\/blogdalucianaoliveira.com.br\/blog\/wp-content\/uploads\/2025\/08\/IMG_5993.webp?fit=425%2C230\" data-orig-size=\"425,230\" data-comments-opened=\"0\" data-image-meta=\"{&quot;aperture&quot;:&quot;0&quot;,&quot;credit&quot;:&quot;&quot;,&quot;camera&quot;:&quot;&quot;,&quot;caption&quot;:&quot;&quot;,&quot;created_timestamp&quot;:&quot;0&quot;,&quot;copyright&quot;:&quot;&quot;,&quot;focal_length&quot;:&quot;0&quot;,&quot;iso&quot;:&quot;0&quot;,&quot;shutter_speed&quot;:&quot;0&quot;,&quot;title&quot;:&quot;&quot;,&quot;orientation&quot;:&quot;0&quot;}\" data-image-title=\"IMG_5993\" data-image-description=\"\" data-image-caption=\"\" data-medium-file=\"https:\/\/i0.wp.com\/blogdalucianaoliveira.com.br\/blog\/wp-content\/uploads\/2025\/08\/IMG_5993.webp?fit=300%2C162\" data-large-file=\"https:\/\/i0.wp.com\/blogdalucianaoliveira.com.br\/blog\/wp-content\/uploads\/2025\/08\/IMG_5993.webp?fit=425%2C230\" class=\"alignnone size-medium wp-image-37296 aligncenter\" src=\"https:\/\/i0.wp.com\/blogdalucianaoliveira.com.br\/blog\/wp-content\/uploads\/2025\/08\/IMG_5993.webp?resize=300%2C162\" alt=\"\" width=\"300\" height=\"162\" srcset=\"https:\/\/i0.wp.com\/blogdalucianaoliveira.com.br\/blog\/wp-content\/uploads\/2025\/08\/IMG_5993.webp?resize=300%2C162 300w, https:\/\/i0.wp.com\/blogdalucianaoliveira.com.br\/blog\/wp-content\/uploads\/2025\/08\/IMG_5993.webp?w=425 425w\" sizes=\"auto, (max-width: 300px) 100vw, 300px\" \/><\/p>\n<blockquote><p>\u201cEsse \u00e9 um exemplo simb\u00f3lico de como o poder econ\u00f4mico das big techs corrompe o sistema pol\u00edtico\u201d, afirmou o psolista. \u201cEm meio \u00e0 discuss\u00e3o important\u00edssima sobre adultiza\u00e7\u00e3o nas redes, precisamos fazer valer as necessidades da sociedade brasileira, e n\u00e3o de meia d\u00fazia de bilion\u00e1rios norte-americanos\u201d, completou Boulos.<\/p><\/blockquote>\n<p>M\u00e1ximo teria atuado para favorecer a empresa do bilion\u00e1rio estadunidense\u00a0Mark Zuckerberg, dono da meta, durante a tramita\u00e7\u00e3o do Projeto de Lei 2628\/2022, que estabelece regras para proteger crian\u00e7as e adolescentes nas redes sociais. O bolsonarista apresentou duas emendas que afrouxam o texto e retiram obriga\u00e7\u00f5es e penalidades \u00e0s Big Techs.<\/p>\n<p>A representa\u00e7\u00e3o sustenta que a conduta de M\u00e1ximo pode configurar o crime previsto no artigo 321 do C\u00f3digo Penal, que pune o patroc\u00ednio de interesses privados perante a administra\u00e7\u00e3o p\u00fablica valendo-se do cargo.<\/p>\n<p>A den\u00fancia se baseia na reportagem do The Intercept Brasil, que revelou que as altera\u00e7\u00f5es n\u00e3o foram escritas pelo pr\u00f3prio deputado, mas pelo\u00a0gerente de pol\u00edticas p\u00fablicas da Meta, Marconi Borges Machado. A autoria foi descoberta a partir da an\u00e1lise dos metadados dos arquivos enviados ao site da C\u00e2mara dos Deputados.<\/p>\n","protected":false},"excerpt":{"rendered":"<p>Situa\u00e7\u00e3o destaca ainda mais o lobby das Big Techs no Congresso Nacional, que tentam barrar a regula\u00e7\u00e3o das redes sociais<\/p>\n","protected":false},"author":1,"featured_media":0,"comment_status":"closed","ping_status":"open","sticky":false,"template":"","format":"standard","meta":{"_exactmetrics_skip_tracking":false,"_exactmetrics_sitenote_active":false,"_exactmetrics_sitenote_note":"","_exactmetrics_sitenote_category":0,"jetpack_post_was_ever_published":false,"_jetpack_newsletter_access":"","_jetpack_dont_email_post_to_subs":false,"_jetpack_newsletter_tier_id":0,"_jetpack_memberships_contains_paywalled_content":false,"_jetpack_memberships_contains_paid_content":false,"footnotes":"","jetpack_publicize_message":"","jetpack_publicize_feature_enabled":true,"jetpack_social_post_already_shared":true,"jetpack_social_options":{"image_generator_settings":{"template":"highway","enabled":false},"version":2}},"categories":[1],"tags":[1454,274,1453],"class_list":["post-37294","post","type-post","status-publish","format-standard","hentry","category-notas","tag-big-techs","tag-boulos","tag-fernando-maximo"],"jetpack_publicize_connections":[],"jetpack_sharing_enabled":true,"jetpack_featured_media_url":"","jetpack_shortlink":"https:\/\/wp.me\/p7wKYW-9Hw","jetpack-related-posts":[],"_links":{"self":[{"href":"http:\/\/blogdalucianaoliveira.com.br\/blog\/wp-json\/wp\/v2\/posts\/37294","targetHints":{"allow":["GET"]}}],"collection":[{"href":"http:\/\/blogdalucianaoliveira.com.br\/blog\/wp-json\/wp\/v2\/posts"}],"about":[{"href":"http:\/\/blogdalucianaoliveira.com.br\/blog\/wp-json\/wp\/v2\/types\/post"}],"author":[{"embeddable":true,"href":"http:\/\/blogdalucianaoliveira.com.br\/blog\/wp-json\/wp\/v2\/users\/1"}],"replies":[{"embeddable":true,"href":"http:\/\/blogdalucianaoliveira.com.br\/blog\/wp-json\/wp\/v2\/comments?post=37294"}],"version-history":[{"count":1,"href":"http:\/\/blogdalucianaoliveira.com.br\/blog\/wp-json\/wp\/v2\/posts\/37294\/revisions"}],"predecessor-version":[{"id":37297,"href":"http:\/\/blogdalucianaoliveira.com.br\/blog\/wp-json\/wp\/v2\/posts\/37294\/revisions\/37297"}],"wp:attachment":[{"href":"http:\/\/blogdalucianaoliveira.com.br\/blog\/wp-json\/wp\/v2\/media?parent=37294"}],"wp:term":[{"taxonomy":"category","embeddable":true,"href":"http:\/\/blogdalucianaoliveira.com.br\/blog\/wp-json\/wp\/v2\/categories?post=37294"},{"taxonomy":"post_tag","embeddable":true,"href":"http:\/\/blogdalucianaoliveira.com.br\/blog\/wp-json\/wp\/v2\/tags?post=37294"}],"curies":[{"name":"wp","href":"https:\/\/api.w.org\/{rel}","templated":true}]}}