{"id":37298,"date":"2025-08-18T10:36:11","date_gmt":"2025-08-18T14:36:11","guid":{"rendered":"https:\/\/blogdalucianaoliveira.com.br\/blog\/?p=37298"},"modified":"2025-08-18T10:36:11","modified_gmt":"2025-08-18T14:36:11","slug":"caminhada-esperanca-mobiliza-militancia-em-ariquemes-e-constroi-novos-rumos-para-a-politica-em-rondonia","status":"publish","type":"post","link":"http:\/\/blogdalucianaoliveira.com.br\/blog\/2025\/08\/18\/caminhada-esperanca-mobiliza-militancia-em-ariquemes-e-constroi-novos-rumos-para-a-politica-em-rondonia\/","title":{"rendered":"Caminhada Esperan\u00e7a mobiliza milit\u00e2ncia em Ariquemes e constr\u00f3i novos rumos para a pol\u00edtica em Rond\u00f4nia"},"content":{"rendered":"<p><img data-recalc-dims=\"1\" loading=\"lazy\" decoding=\"async\" data-attachment-id=\"37299\" data-permalink=\"http:\/\/blogdalucianaoliveira.com.br\/blog\/2025\/08\/18\/caminhada-esperanca-mobiliza-militancia-em-ariquemes-e-constroi-novos-rumos-para-a-politica-em-rondonia\/img_6010\/\" data-orig-file=\"https:\/\/i0.wp.com\/blogdalucianaoliveira.com.br\/blog\/wp-content\/uploads\/2025\/08\/IMG_6010.jpeg?fit=1620%2C1080\" data-orig-size=\"1620,1080\" data-comments-opened=\"0\" data-image-meta=\"{&quot;aperture&quot;:&quot;0&quot;,&quot;credit&quot;:&quot;&quot;,&quot;camera&quot;:&quot;&quot;,&quot;caption&quot;:&quot;&quot;,&quot;created_timestamp&quot;:&quot;0&quot;,&quot;copyright&quot;:&quot;&quot;,&quot;focal_length&quot;:&quot;0&quot;,&quot;iso&quot;:&quot;0&quot;,&quot;shutter_speed&quot;:&quot;0&quot;,&quot;title&quot;:&quot;&quot;,&quot;orientation&quot;:&quot;1&quot;}\" data-image-title=\"IMG_6010\" data-image-description=\"\" data-image-caption=\"\" data-medium-file=\"https:\/\/i0.wp.com\/blogdalucianaoliveira.com.br\/blog\/wp-content\/uploads\/2025\/08\/IMG_6010.jpeg?fit=300%2C200\" data-large-file=\"https:\/\/i0.wp.com\/blogdalucianaoliveira.com.br\/blog\/wp-content\/uploads\/2025\/08\/IMG_6010.jpeg?fit=600%2C400\" class=\"alignnone size-medium wp-image-37299\" src=\"https:\/\/i0.wp.com\/blogdalucianaoliveira.com.br\/blog\/wp-content\/uploads\/2025\/08\/IMG_6010.jpeg?resize=300%2C200\" alt=\"\" width=\"300\" height=\"200\" srcset=\"https:\/\/i0.wp.com\/blogdalucianaoliveira.com.br\/blog\/wp-content\/uploads\/2025\/08\/IMG_6010.jpeg?resize=300%2C200 300w, https:\/\/i0.wp.com\/blogdalucianaoliveira.com.br\/blog\/wp-content\/uploads\/2025\/08\/IMG_6010.jpeg?resize=1024%2C683 1024w, https:\/\/i0.wp.com\/blogdalucianaoliveira.com.br\/blog\/wp-content\/uploads\/2025\/08\/IMG_6010.jpeg?resize=768%2C512 768w, https:\/\/i0.wp.com\/blogdalucianaoliveira.com.br\/blog\/wp-content\/uploads\/2025\/08\/IMG_6010.jpeg?resize=1536%2C1024 1536w, https:\/\/i0.wp.com\/blogdalucianaoliveira.com.br\/blog\/wp-content\/uploads\/2025\/08\/IMG_6010.jpeg?resize=450%2C300 450w, https:\/\/i0.wp.com\/blogdalucianaoliveira.com.br\/blog\/wp-content\/uploads\/2025\/08\/IMG_6010.jpeg?w=1620 1620w, https:\/\/i0.wp.com\/blogdalucianaoliveira.com.br\/blog\/wp-content\/uploads\/2025\/08\/IMG_6010.jpeg?w=1200 1200w\" sizes=\"auto, (max-width: 300px) 100vw, 300px\" \/><\/p>\n<p>Ato hist\u00f3rico reuniu lideran\u00e7as de nove partidos e contou com a presen\u00e7a de autoridades e dos direitos sociais em defesa da democracia<\/p>\n<p><!--more--><\/p>\n<p>A cidade de Ariquemes viveu, no \u00faltimo s\u00e1bado, um dos maiores atos pol\u00edticos de sua hist\u00f3ria. A Caminhada Esperan\u00e7a reuniu centenas de pessoas em uma mobiliza\u00e7\u00e3o que reafirma o compromisso popular com a democracia, os direitos sociais e a constru\u00e7\u00e3o de um futuro melhor para Rond\u00f4nia.<\/p>\n<div class=\"separator\"><a href=\"https:\/\/i0.wp.com\/blogger.googleusercontent.com\/img\/b\/R29vZ2xl\/AVvXsEj5BSp80r_xVp4tb41dJDG9ZErVTbjMwrM0jYCHMpeWsMtweEcKR7EUj-2d0qQRELruoqkcZ6tzKL0gX54b2OB8WvmkjVVHWvldhwzRB6wPq126A7ZS1JVIdBp4Uhl8X1klgh6ef_7yuFUy1ENJlFxFI4kt1O2Fl6tu8u1XZ0PksSFyCzVC32r3JfUrLT4\/s1620\/IMG_1339.JPG?ssl=1\"><img data-recalc-dims=\"1\" decoding=\"async\" src=\"https:\/\/i0.wp.com\/blogger.googleusercontent.com\/img\/b\/R29vZ2xl\/AVvXsEj5BSp80r_xVp4tb41dJDG9ZErVTbjMwrM0jYCHMpeWsMtweEcKR7EUj-2d0qQRELruoqkcZ6tzKL0gX54b2OB8WvmkjVVHWvldhwzRB6wPq126A7ZS1JVIdBp4Uhl8X1klgh6ef_7yuFUy1ENJlFxFI4kt1O2Fl6tu8u1XZ0PksSFyCzVC32r3JfUrLT4\/s16000\/IMG_1339.JPG?w=600&#038;ssl=1\" border=\"0\" data-original-height=\"1080\" data-original-width=\"1620\" \/><\/a><\/div>\n<p>&nbsp;<\/p>\n<p data-end=\"1072\" data-start=\"668\">Com a presen\u00e7a de lideran\u00e7as e militantes de nove partidos MDB, PDT, PT, Rede, PSD, PV, PCdoB e PSOL , o evento tamb\u00e9m contou com figuras pol\u00edticas j\u00e1 consolidadas no estado, como o senador Conf\u00facio Moura (MDB), o ex-senador Acir Gurgacz (PDT), o ex-deputado federal Anselmo de Jesus (PT), al\u00e9m de diversas autoridades municipais e estaduais, lideran\u00e7as sindicais, comunit\u00e1rias e movimentos sociais.<\/p>\n<div class=\"separator\"><a href=\"https:\/\/i0.wp.com\/blogger.googleusercontent.com\/img\/b\/R29vZ2xl\/AVvXsEgcDa_smqMrGqqhSMMtbLYo391S9xCcZUfJgj0IIuRDYpmGv1E34xm3T6BLfb98z8SeYlWS-cWkbNNG0-8BWYSwJ9WgN2ACPKpjk9PhFDxvkQziXOCCIIJGMaeuzlvjBQY23xdoVq1Mlmt7jYetwpmcBPV378xRC93kEo802BAfkY6389ucmOwLlLSuZEY\/s1600\/WhatsApp%2520Image%25202025-08-18%2520at%252009.51.55.jpeg?ssl=1\"><img data-recalc-dims=\"1\" decoding=\"async\" src=\"https:\/\/i0.wp.com\/blogger.googleusercontent.com\/img\/b\/R29vZ2xl\/AVvXsEgcDa_smqMrGqqhSMMtbLYo391S9xCcZUfJgj0IIuRDYpmGv1E34xm3T6BLfb98z8SeYlWS-cWkbNNG0-8BWYSwJ9WgN2ACPKpjk9PhFDxvkQziXOCCIIJGMaeuzlvjBQY23xdoVq1Mlmt7jYetwpmcBPV378xRC93kEo802BAfkY6389ucmOwLlLSuZEY\/s16000\/WhatsApp%2520Image%25202025-08-18%2520at%252009.51.55.jpeg?w=600&#038;ssl=1\" border=\"0\" data-original-height=\"1066\" data-original-width=\"1600\" \/><\/a><\/div>\n<p>A deputada estadual Cl\u00e1udia de Jesus (PT) participou ativamente do evento, dialogou com a milit\u00e2ncia e refor\u00e7ou sua defesa de pol\u00edticas p\u00fablicas que atendam trabalhadores, a juventude e as popula\u00e7\u00f5es mais vulner\u00e1veis. \u201cA esperan\u00e7a \u00e9 o que nos move. Aqui em Ariquemes mostramos que Rond\u00f4nia quer avan\u00e7ar, com uni\u00e3o e coragem para enfrentar os desafios. Este ato \u00e9 hist\u00f3rico e prova que o povo est\u00e1 pronto para construir novos caminhos\u201d, afirmou a parlamentar.<\/p>\n<div class=\"separator\"><a href=\"https:\/\/i0.wp.com\/blogger.googleusercontent.com\/img\/b\/R29vZ2xl\/AVvXsEj9OuwaD35Bhjpymdljyi0m5R-H6vwoJt10rKaC6BOBE7lRcCe4F0Kg_M2YxVeVMjoDQpS4fB5o19AAlvYDxY0zhbNRmlbkDUgTWui3C-i2L2WOc-6p5QBW9zBziwSxyatAdLRUQLKu_0U3K_GnoFPD7c9RFLYxo7DyeySd4izRpEBfz0-vnqY2MCajAuQ\/s1620\/IMG_1337.JPG?ssl=1\"><img data-recalc-dims=\"1\" decoding=\"async\" src=\"https:\/\/i0.wp.com\/blogger.googleusercontent.com\/img\/b\/R29vZ2xl\/AVvXsEj9OuwaD35Bhjpymdljyi0m5R-H6vwoJt10rKaC6BOBE7lRcCe4F0Kg_M2YxVeVMjoDQpS4fB5o19AAlvYDxY0zhbNRmlbkDUgTWui3C-i2L2WOc-6p5QBW9zBziwSxyatAdLRUQLKu_0U3K_GnoFPD7c9RFLYxo7DyeySd4izRpEBfz0-vnqY2MCajAuQ\/s16000\/IMG_1337.JPG?w=600&#038;ssl=1\" border=\"0\" data-original-height=\"1080\" data-original-width=\"1620\" \/><\/a><\/div>\n<p>O clima de uni\u00e3o e entusiasmo marcou o ato, que evidenciou a for\u00e7a da milit\u00e2ncia e a import\u00e2ncia da mobiliza\u00e7\u00e3o popular na constru\u00e7\u00e3o de uma Rond\u00f4nia mais justa, inclusiva e democr\u00e1tica.<\/p>\n<div class=\"separator\"><a href=\"https:\/\/i0.wp.com\/blogger.googleusercontent.com\/img\/b\/R29vZ2xl\/AVvXsEhCx4rWY0URqp6E47BHeLTYjQjnN8d2xBYbGcmSMwgZv-DpYYm7zW54wsgg-JRgAGjks8MxMfsBc2aD7d4ryL3TDU_3eUARboZDw6obzDdw7wRI1cOt2p2WAqmzmfrvY8ihiu5OUBoPZfPjf4t9d1pG4WHexG5wb-fjshmr8Ch3aWBJE4Fy2Wnq4AiWzfE\/s1620\/IMG_1350.JPG?ssl=1\"><img data-recalc-dims=\"1\" decoding=\"async\" src=\"https:\/\/i0.wp.com\/blogger.googleusercontent.com\/img\/b\/R29vZ2xl\/AVvXsEhCx4rWY0URqp6E47BHeLTYjQjnN8d2xBYbGcmSMwgZv-DpYYm7zW54wsgg-JRgAGjks8MxMfsBc2aD7d4ryL3TDU_3eUARboZDw6obzDdw7wRI1cOt2p2WAqmzmfrvY8ihiu5OUBoPZfPjf4t9d1pG4WHexG5wb-fjshmr8Ch3aWBJE4Fy2Wnq4AiWzfE\/s16000\/IMG_1350.JPG?w=600&#038;ssl=1\" border=\"0\" data-original-height=\"1080\" data-original-width=\"1620\" \/><\/a><\/div>\n<p>&nbsp;<\/p>\n<p data-end=\"1724\" data-start=\"1536\">Texto e foto: Fabr\u00edcia Lopes &#8211; Assessoria parlamentar<\/p>\n","protected":false},"excerpt":{"rendered":"<p>Ato hist\u00f3rico reuniu lideran\u00e7as de nove partidos e contou com a presen\u00e7a de autoridades e dos direitos sociais em defesa da democracia<\/p>\n","protected":false},"author":1,"featured_media":0,"comment_status":"closed","ping_status":"open","sticky":false,"template":"","format":"standard","meta":{"_exactmetrics_skip_tracking":false,"_exactmetrics_sitenote_active":false,"_exactmetrics_sitenote_note":"","_exactmetrics_sitenote_category":0,"jetpack_post_was_ever_published":false,"_jetpack_newsletter_access":"","_jetpack_dont_email_post_to_subs":false,"_jetpack_newsletter_tier_id":0,"_jetpack_memberships_contains_paywalled_content":false,"_jetpack_memberships_contains_paid_content":false,"footnotes":"","jetpack_publicize_message":"","jetpack_publicize_feature_enabled":true,"jetpack_social_post_already_shared":true,"jetpack_social_options":{"image_generator_settings":{"template":"highway","enabled":false},"version":2}},"categories":[1],"tags":[644,1458,1429],"class_list":["post-37298","post","type-post","status-publish","format-standard","hentry","category-notas","tag-ariquemes","tag-caminhada-da-esperanca","tag-deputada-claudia-de-jesus"],"jetpack_publicize_connections":[],"jetpack_sharing_enabled":true,"jetpack_featured_media_url":"","jetpack_shortlink":"https:\/\/wp.me\/p7wKYW-9HA","jetpack-related-posts":[],"_links":{"self":[{"href":"http:\/\/blogdalucianaoliveira.com.br\/blog\/wp-json\/wp\/v2\/posts\/37298","targetHints":{"allow":["GET"]}}],"collection":[{"href":"http:\/\/blogdalucianaoliveira.com.br\/blog\/wp-json\/wp\/v2\/posts"}],"about":[{"href":"http:\/\/blogdalucianaoliveira.com.br\/blog\/wp-json\/wp\/v2\/types\/post"}],"author":[{"embeddable":true,"href":"http:\/\/blogdalucianaoliveira.com.br\/blog\/wp-json\/wp\/v2\/users\/1"}],"replies":[{"embeddable":true,"href":"http:\/\/blogdalucianaoliveira.com.br\/blog\/wp-json\/wp\/v2\/comments?post=37298"}],"version-history":[{"count":1,"href":"http:\/\/blogdalucianaoliveira.com.br\/blog\/wp-json\/wp\/v2\/posts\/37298\/revisions"}],"predecessor-version":[{"id":37300,"href":"http:\/\/blogdalucianaoliveira.com.br\/blog\/wp-json\/wp\/v2\/posts\/37298\/revisions\/37300"}],"wp:attachment":[{"href":"http:\/\/blogdalucianaoliveira.com.br\/blog\/wp-json\/wp\/v2\/media?parent=37298"}],"wp:term":[{"taxonomy":"category","embeddable":true,"href":"http:\/\/blogdalucianaoliveira.com.br\/blog\/wp-json\/wp\/v2\/categories?post=37298"},{"taxonomy":"post_tag","embeddable":true,"href":"http:\/\/blogdalucianaoliveira.com.br\/blog\/wp-json\/wp\/v2\/tags?post=37298"}],"curies":[{"name":"wp","href":"https:\/\/api.w.org\/{rel}","templated":true}]}}