{"id":37301,"date":"2025-08-19T10:17:25","date_gmt":"2025-08-19T14:17:25","guid":{"rendered":"https:\/\/blogdalucianaoliveira.com.br\/blog\/?p=37301"},"modified":"2025-08-19T10:17:25","modified_gmt":"2025-08-19T14:17:25","slug":"governo-federal-aciona-meta-contra-robos-que-simulam-conversas-eroticas-com-criancas","status":"publish","type":"post","link":"http:\/\/blogdalucianaoliveira.com.br\/blog\/2025\/08\/19\/governo-federal-aciona-meta-contra-robos-que-simulam-conversas-eroticas-com-criancas\/","title":{"rendered":"Governo federal aciona Meta contra rob\u00f4s que simulam conversas er\u00f3ticas com crian\u00e7as"},"content":{"rendered":"<p><img data-recalc-dims=\"1\" loading=\"lazy\" decoding=\"async\" data-attachment-id=\"37302\" data-permalink=\"http:\/\/blogdalucianaoliveira.com.br\/blog\/2025\/08\/19\/governo-federal-aciona-meta-contra-robos-que-simulam-conversas-eroticas-com-criancas\/img_6041\/\" data-orig-file=\"https:\/\/i0.wp.com\/blogdalucianaoliveira.com.br\/blog\/wp-content\/uploads\/2025\/08\/IMG_6041.jpeg?fit=300%2C168\" data-orig-size=\"300,168\" data-comments-opened=\"0\" data-image-meta=\"{&quot;aperture&quot;:&quot;0&quot;,&quot;credit&quot;:&quot;&quot;,&quot;camera&quot;:&quot;&quot;,&quot;caption&quot;:&quot;&quot;,&quot;created_timestamp&quot;:&quot;0&quot;,&quot;copyright&quot;:&quot;&quot;,&quot;focal_length&quot;:&quot;0&quot;,&quot;iso&quot;:&quot;0&quot;,&quot;shutter_speed&quot;:&quot;0&quot;,&quot;title&quot;:&quot;&quot;,&quot;orientation&quot;:&quot;0&quot;}\" data-image-title=\"IMG_6041\" data-image-description=\"\" data-image-caption=\"\" data-medium-file=\"https:\/\/i0.wp.com\/blogdalucianaoliveira.com.br\/blog\/wp-content\/uploads\/2025\/08\/IMG_6041.jpeg?fit=300%2C168\" data-large-file=\"https:\/\/i0.wp.com\/blogdalucianaoliveira.com.br\/blog\/wp-content\/uploads\/2025\/08\/IMG_6041.jpeg?fit=300%2C168\" class=\"alignnone size-full wp-image-37302\" src=\"https:\/\/i0.wp.com\/blogdalucianaoliveira.com.br\/blog\/wp-content\/uploads\/2025\/08\/IMG_6041.jpeg?resize=300%2C168\" alt=\"\" width=\"300\" height=\"168\" \/><\/p>\n<h2 class=\"jeg_post_subtitle\">AGU cobra exclus\u00e3o de IA infantilizada com teor sexual e pede medidas de prote\u00e7\u00e3o nas redes da empresa<\/h2>\n<p><!--more--><\/p>\n<p>A Advocacia-Geral da Uni\u00e3o (AGU) acionou a <a href=\"https:\/\/www.brasildefato.com.br\/2025\/01\/07\/meta-anuncia-fim-de-ferramentas-de-checagem-de-fatos-e-se-alia-a-ideais-de-extrema-direita\/\" target=\"_blank\" rel=\"noopener noreferrer\">empresa Meta<\/a>, respons\u00e1vel por plataformas como Facebook, Instagram e WhatsApp, para que sejam removidos rob\u00f4s de <a href=\"https:\/\/www.brasildefato.com.br\/2025\/06\/12\/a-inteligencia-artificial-ja-e-regulada-so-que-nao-por-voce\/\" target=\"_blank\" rel=\"noopener noreferrer\">intelig\u00eancia artificial<\/a> que promovem conversas com conte\u00fado sexual utilizando linguagem e apar\u00eancia infantil. A medida ocorre por meio de notifica\u00e7\u00e3o extrajudicial enviada nesta segunda-feira (18) pela Procuradoria Nacional da Uni\u00e3o de Defesa da Democracia (PNDD).<\/p>\n<p>Os rob\u00f4s em quest\u00e3o foram criados por usu\u00e1rios da ferramenta Meta AI Studio, que permite o desenvolvimento de <em>chatbots<\/em> capazes de simular di\u00e1logos com internautas. Segundo a AGU, esses perfis virtuais utilizam recursos da intelig\u00eancia artificial para manter intera\u00e7\u00f5es com teor sexual, mesmo quando apresentam caracter\u00edsticas infantis.<\/p>\n<div class=\"jeg_ad jeg_ad_article jnews_content_inline_ads  \">\n<div class=\"ads-wrapper align-center \">\n<div class=\"ads_shortcode\">\n<div class=\"ads-region-container\" data-slot=\"artigos-leaderboard-incontent-1-mobile\" data-region=\"br\" data-slot-name=\"artigos-leaderboard-incontent-1-mobile-br\">\n<div id=\"div-gpt-ad-artigos-mobile_rectangle_mobile_1\" class=\"ad-slot\"><\/div>\n<\/div>\n<\/div>\n<\/div>\n<\/div>\n<p>No documento enviado \u00e0 Meta, o \u00f3rg\u00e3o do governo federal exige a imediata indisponibiliza\u00e7\u00e3o dos rob\u00f4s com esse perfil e cobra explica\u00e7\u00f5es sobre as medidas adotadas pela empresa para proteger crian\u00e7as e adolescentes nas suas plataformas. O texto menciona a aus\u00eancia de filtros et\u00e1rios eficazes para impedir que pessoas entre 13 e 18 anos acessem conte\u00fados inadequados.<\/p>\n<p>A a\u00e7\u00e3o da AGU foi motivada por reportagens que demonstraram como<em>chatbots <\/em>com linguagem infantil estavam aptos a manter conversas de cunho sexual. A Secretaria de Comunica\u00e7\u00e3o Social da Presid\u00eancia da Rep\u00fablica (Secom) encaminhou a demanda ao \u00f3rg\u00e3o jur\u00eddico.<\/p>\n<div class=\"jeg_ad jeg_ad_article jnews_content_inline_2_ads  \">\n<div class=\"ads-wrapper align-center \">\n<div class=\"ads_shortcode\">\n<div class=\"ads-region-container\" data-slot=\"artigos-leaderboard-incontent-2-mobile\" data-region=\"br\" data-slot-name=\"artigos-leaderboard-incontent-2-mobile-br\">\n<div id=\"div-gpt-ad-artigos-mobile_rectangle_mobile_2\" class=\"ad-slot\"><\/div>\n<\/div>\n<\/div>\n<\/div>\n<\/div>\n<p>A AGU tamb\u00e9m cita decis\u00e3o recente do Supremo Tribunal Federal (STF) sobre o <a href=\"https:\/\/www.brasildefato.com.br\/2025\/06\/02\/julgamento-do-marco-civil-da-internet-e-decisivo-para-liberdade-de-expressao-avalia-advogada\/\" target=\"_blank\" rel=\"noopener noreferrer\">Marco Civil da Internet<\/a>. Segundo a interpreta\u00e7\u00e3o do STF, empresas podem ser responsabilizadas judicialmente quando, mesmo cientes da presen\u00e7a de conte\u00fados il\u00edcitos, n\u00e3o os removem de forma imediata.<\/p>\n<p>\u201cTais chatbots t\u00eam potencialidade de alcan\u00e7ar um p\u00fablico cada vez mais amplo nas plataformas digitais, especialmente nas redes sociais da Meta, ampliando de forma exponencial o risco do contato de menores de idade com material sexualmente sugestivo e potencialmente criminoso\u201d, afirma a AGU no documento.<\/p>\n<div class=\"jeg_ad jeg_ad_article jnews_content_inline_3_ads  \">\n<div class=\"ads-wrapper align-center \">\n<div class=\"ads_shortcode\">\n<div class=\"ads-region-container\" data-slot=\"artigos-leaderboard-incontent-3-mobile\" data-region=\"br\" data-slot-name=\"artigos-leaderboard-incontent-3-mobile-br\">\n<div id=\"div-gpt-ad-artigos-mobile_rectangle_mobile_3\" class=\"ad-slot\"><\/div>\n<\/div>\n<\/div>\n<\/div>\n<\/div>\n<h4 class=\"wp-block-heading\">Repercuss\u00e3o nacional acende alerta sobre erotiza\u00e7\u00e3o infantil nas redes<\/h4>\n<p>A atua\u00e7\u00e3o da AGU ocorre em meio \u00e0 mobiliza\u00e7\u00e3o nacional em torno do tema da sexualiza\u00e7\u00e3o infantil em ambientes digitais. O debate foi impulsionado ap\u00f3s a publica\u00e7\u00e3o de um <a href=\"https:\/\/www.brasildefato.com.br\/2025\/08\/12\/felca-mostra-os-danos-graves-da-sexualizacao-infantil-e-papel-das-big-techs-na-difusao-desses-conteudos-dizem-especialistas\/\" target=\"_blank\" rel=\"noopener noreferrer\">v\u00eddeo do influenciador digital Felipe Bressanim, conhecido como Felca<\/a>, que denunciou casos de explora\u00e7\u00e3o infantil e exposi\u00e7\u00e3o de crian\u00e7as em conte\u00fados de conota\u00e7\u00e3o sexual nas redes sociais.<\/p>\n<p>A repercuss\u00e3o fez com que o tema <a href=\"https:\/\/www.brasildefato.com.br\/2025\/08\/13\/adultizacao-infantil-e-erotizacao-da-sociedade-de-consumo-o-alerta-que-veio-das-redes\/\" target=\"_blank\" rel=\"noopener noreferrer\">ganhasse espa\u00e7o no Congresso Nacional<\/a>, onde tramitam projetos para regulamentar a atua\u00e7\u00e3o das plataformas digitais e garantir a prote\u00e7\u00e3o de menores.<\/p>\n<p>Segundo defensores da causa, o conte\u00fado que circula na internet sem controle adequado compromete o desenvolvimento ps\u00edquico e emocional das crian\u00e7as, al\u00e9m de alimentar redes criminosas. Um dos casos citados no v\u00eddeo \u2013 o reality show promovido pelo influenciador Hytalo Santos com adolescentes \u2013 est\u00e1 sob investiga\u00e7\u00e3o do Minist\u00e9rio P\u00fablico da Para\u00edba.<\/p>\n<p>A Meta ainda n\u00e3o se posicionou oficialmente sobre o pedido da AGU at\u00e9 o fechamento desta mat\u00e9ria.<\/p>\n<div class=\"jeg_meta_post_footer\">\n<div class=\"jeg_meta_editors\">Editado por: Martina Medina<\/div>\n<\/div>\n","protected":false},"excerpt":{"rendered":"<p>AGU cobra exclus\u00e3o de IA infantilizada com teor sexual e pede medidas de prote\u00e7\u00e3o nas redes da empresa<\/p>\n","protected":false},"author":1,"featured_media":0,"comment_status":"closed","ping_status":"open","sticky":false,"template":"","format":"standard","meta":{"_exactmetrics_skip_tracking":false,"_exactmetrics_sitenote_active":false,"_exactmetrics_sitenote_note":"","_exactmetrics_sitenote_category":0,"jetpack_post_was_ever_published":false,"_jetpack_newsletter_access":"","_jetpack_dont_email_post_to_subs":false,"_jetpack_newsletter_tier_id":0,"_jetpack_memberships_contains_paywalled_content":false,"_jetpack_memberships_contains_paid_content":false,"footnotes":"","jetpack_publicize_message":"","jetpack_publicize_feature_enabled":true,"jetpack_social_post_already_shared":true,"jetpack_social_options":{"image_generator_settings":{"template":"highway","enabled":false},"version":2}},"categories":[1],"tags":[1242,1233,1459],"class_list":["post-37301","post","type-post","status-publish","format-standard","hentry","category-notas","tag-agu","tag-meta","tag-robos"],"jetpack_publicize_connections":[],"jetpack_sharing_enabled":true,"jetpack_featured_media_url":"","jetpack_shortlink":"https:\/\/wp.me\/p7wKYW-9HD","jetpack-related-posts":[],"_links":{"self":[{"href":"http:\/\/blogdalucianaoliveira.com.br\/blog\/wp-json\/wp\/v2\/posts\/37301","targetHints":{"allow":["GET"]}}],"collection":[{"href":"http:\/\/blogdalucianaoliveira.com.br\/blog\/wp-json\/wp\/v2\/posts"}],"about":[{"href":"http:\/\/blogdalucianaoliveira.com.br\/blog\/wp-json\/wp\/v2\/types\/post"}],"author":[{"embeddable":true,"href":"http:\/\/blogdalucianaoliveira.com.br\/blog\/wp-json\/wp\/v2\/users\/1"}],"replies":[{"embeddable":true,"href":"http:\/\/blogdalucianaoliveira.com.br\/blog\/wp-json\/wp\/v2\/comments?post=37301"}],"version-history":[{"count":1,"href":"http:\/\/blogdalucianaoliveira.com.br\/blog\/wp-json\/wp\/v2\/posts\/37301\/revisions"}],"predecessor-version":[{"id":37303,"href":"http:\/\/blogdalucianaoliveira.com.br\/blog\/wp-json\/wp\/v2\/posts\/37301\/revisions\/37303"}],"wp:attachment":[{"href":"http:\/\/blogdalucianaoliveira.com.br\/blog\/wp-json\/wp\/v2\/media?parent=37301"}],"wp:term":[{"taxonomy":"category","embeddable":true,"href":"http:\/\/blogdalucianaoliveira.com.br\/blog\/wp-json\/wp\/v2\/categories?post=37301"},{"taxonomy":"post_tag","embeddable":true,"href":"http:\/\/blogdalucianaoliveira.com.br\/blog\/wp-json\/wp\/v2\/tags?post=37301"}],"curies":[{"name":"wp","href":"https:\/\/api.w.org\/{rel}","templated":true}]}}