{"id":37304,"date":"2025-08-19T10:25:54","date_gmt":"2025-08-19T14:25:54","guid":{"rendered":"https:\/\/blogdalucianaoliveira.com.br\/blog\/?p=37304"},"modified":"2025-08-19T10:25:54","modified_gmt":"2025-08-19T14:25:54","slug":"claudia-de-jesus-entrega-trator-para-agricultores-da-linha-128-em-ji-parana","status":"publish","type":"post","link":"http:\/\/blogdalucianaoliveira.com.br\/blog\/2025\/08\/19\/claudia-de-jesus-entrega-trator-para-agricultores-da-linha-128-em-ji-parana\/","title":{"rendered":"Cl\u00e1udia de Jesus entrega trator para agricultores da Linha 128 em Ji-Paran\u00e1"},"content":{"rendered":"<p><img data-recalc-dims=\"1\" loading=\"lazy\" decoding=\"async\" data-attachment-id=\"37299\" data-permalink=\"http:\/\/blogdalucianaoliveira.com.br\/blog\/2025\/08\/18\/caminhada-esperanca-mobiliza-militancia-em-ariquemes-e-constroi-novos-rumos-para-a-politica-em-rondonia\/img_6010\/\" data-orig-file=\"https:\/\/i0.wp.com\/blogdalucianaoliveira.com.br\/blog\/wp-content\/uploads\/2025\/08\/IMG_6010.jpeg?fit=1620%2C1080\" data-orig-size=\"1620,1080\" data-comments-opened=\"0\" data-image-meta=\"{&quot;aperture&quot;:&quot;0&quot;,&quot;credit&quot;:&quot;&quot;,&quot;camera&quot;:&quot;&quot;,&quot;caption&quot;:&quot;&quot;,&quot;created_timestamp&quot;:&quot;0&quot;,&quot;copyright&quot;:&quot;&quot;,&quot;focal_length&quot;:&quot;0&quot;,&quot;iso&quot;:&quot;0&quot;,&quot;shutter_speed&quot;:&quot;0&quot;,&quot;title&quot;:&quot;&quot;,&quot;orientation&quot;:&quot;1&quot;}\" data-image-title=\"IMG_6010\" data-image-description=\"\" data-image-caption=\"\" data-medium-file=\"https:\/\/i0.wp.com\/blogdalucianaoliveira.com.br\/blog\/wp-content\/uploads\/2025\/08\/IMG_6010.jpeg?fit=300%2C200\" data-large-file=\"https:\/\/i0.wp.com\/blogdalucianaoliveira.com.br\/blog\/wp-content\/uploads\/2025\/08\/IMG_6010.jpeg?fit=600%2C400\" class=\"alignnone size-medium wp-image-37299\" src=\"https:\/\/i0.wp.com\/blogdalucianaoliveira.com.br\/blog\/wp-content\/uploads\/2025\/08\/IMG_6010.jpeg?resize=300%2C200\" alt=\"\" width=\"300\" height=\"200\" srcset=\"https:\/\/i0.wp.com\/blogdalucianaoliveira.com.br\/blog\/wp-content\/uploads\/2025\/08\/IMG_6010.jpeg?resize=300%2C200 300w, https:\/\/i0.wp.com\/blogdalucianaoliveira.com.br\/blog\/wp-content\/uploads\/2025\/08\/IMG_6010.jpeg?resize=1024%2C683 1024w, https:\/\/i0.wp.com\/blogdalucianaoliveira.com.br\/blog\/wp-content\/uploads\/2025\/08\/IMG_6010.jpeg?resize=768%2C512 768w, https:\/\/i0.wp.com\/blogdalucianaoliveira.com.br\/blog\/wp-content\/uploads\/2025\/08\/IMG_6010.jpeg?resize=1536%2C1024 1536w, https:\/\/i0.wp.com\/blogdalucianaoliveira.com.br\/blog\/wp-content\/uploads\/2025\/08\/IMG_6010.jpeg?resize=450%2C300 450w, https:\/\/i0.wp.com\/blogdalucianaoliveira.com.br\/blog\/wp-content\/uploads\/2025\/08\/IMG_6010.jpeg?w=1620 1620w, https:\/\/i0.wp.com\/blogdalucianaoliveira.com.br\/blog\/wp-content\/uploads\/2025\/08\/IMG_6010.jpeg?w=1200 1200w\" sizes=\"auto, (max-width: 300px) 100vw, 300px\" \/><\/p>\n<div>\n<div class=\"yiv9302904117gmail-post-description-container\"><span style=\"color: #000000; font-family: times new roman, serif;\">Investimento fortalece a produ\u00e7\u00e3o rural e garante melhores condi\u00e7\u00f5es de trabalho no campo.<\/span><\/div>\n<\/div>\n<p><!--more--><span style=\"color: #000000; font-family: 'times new roman', serif;\">No \u00faltimo s\u00e1bado (16), a deputada estadual Cl\u00e1udia de Jesus (PT) esteve em Ji-Paran\u00e1 para participar da entrega de um trator da marca New Holland \u00e0 Associa\u00e7\u00e3o dos Produtores Rurais Flor do Amazonas (Aproflora), localizada na Linha 128.<\/span><\/p>\n<div>\n<p><span style=\"color: #000000; font-family: times new roman, serif;\">O equipamento foi adquirido por meio de emenda parlamentar destinada pela deputada, com objetivo de apoiar a agricultura familiar e impulsionar a produ\u00e7\u00e3o no campo. Durante a entrega, Cl\u00e1udia de Jesus destacou a import\u00e2ncia de investimentos que chegam diretamente \u00e0s comunidades rurais. \u201cEsse trator \u00e9 mais do que uma m\u00e1quina, \u00e9 um instrumento que garante dignidade, produtividade e autonomia para o trabalhador e a trabalhadora do campo\u201d, afirmou.\u00a0<\/span><\/p>\n<p><span style=\"color: #000000; font-family: times new roman, serif;\">A deputada estadual Cl\u00e1udia de Jesus tem se destacado como uma defensora incans\u00e1vel da agricultura familiar em todo o estado de Rond\u00f4nia, compreendendo que esse setor \u00e9 a base da economia regional, respons\u00e1vel pela produ\u00e7\u00e3o de alimentos que chegam diariamente \u00e0 mesa das fam\u00edlias. Com emendas parlamentares, projetos de incentivo e articula\u00e7\u00e3o junto a \u00f3rg\u00e3os estaduais e federais, ela busca fortalecer o pequeno produtor, garantindo acesso a equipamentos, assist\u00eancia t\u00e9cnica, infraestrutura e pol\u00edticas p\u00fablicas que promovam dignidade e desenvolvimento no campo. Seu compromisso \u00e9 valorizar quem planta, colhe e gera trabalho, reafirmando que investir na agricultura familiar \u00e9 investir no futuro de Rond\u00f4nia.<\/span><\/p>\n<p dir=\"ltr\">Texto: Cristiane Abreu &#8211; Assessoria parlamentar.<\/p>\n<\/div>\n","protected":false},"excerpt":{"rendered":"<p>Investimento fortalece a produ\u00e7\u00e3o rural e garante melhores condi\u00e7\u00f5es de trabalho no campo.<\/p>\n","protected":false},"author":1,"featured_media":0,"comment_status":"closed","ping_status":"open","sticky":false,"template":"","format":"standard","meta":{"_exactmetrics_skip_tracking":false,"_exactmetrics_sitenote_active":false,"_exactmetrics_sitenote_note":"","_exactmetrics_sitenote_category":0,"jetpack_post_was_ever_published":false,"_jetpack_newsletter_access":"","_jetpack_dont_email_post_to_subs":false,"_jetpack_newsletter_tier_id":0,"_jetpack_memberships_contains_paywalled_content":false,"_jetpack_memberships_contains_paid_content":false,"footnotes":"","jetpack_publicize_message":"","jetpack_publicize_feature_enabled":true,"jetpack_social_post_already_shared":true,"jetpack_social_options":{"image_generator_settings":{"template":"highway","enabled":false},"version":2}},"categories":[1],"tags":[1429,1460],"class_list":["post-37304","post","type-post","status-publish","format-standard","hentry","category-notas","tag-deputada-claudia-de-jesus","tag-trator"],"jetpack_publicize_connections":[],"jetpack_sharing_enabled":true,"jetpack_featured_media_url":"","jetpack_shortlink":"https:\/\/wp.me\/p7wKYW-9HG","jetpack-related-posts":[],"_links":{"self":[{"href":"http:\/\/blogdalucianaoliveira.com.br\/blog\/wp-json\/wp\/v2\/posts\/37304","targetHints":{"allow":["GET"]}}],"collection":[{"href":"http:\/\/blogdalucianaoliveira.com.br\/blog\/wp-json\/wp\/v2\/posts"}],"about":[{"href":"http:\/\/blogdalucianaoliveira.com.br\/blog\/wp-json\/wp\/v2\/types\/post"}],"author":[{"embeddable":true,"href":"http:\/\/blogdalucianaoliveira.com.br\/blog\/wp-json\/wp\/v2\/users\/1"}],"replies":[{"embeddable":true,"href":"http:\/\/blogdalucianaoliveira.com.br\/blog\/wp-json\/wp\/v2\/comments?post=37304"}],"version-history":[{"count":1,"href":"http:\/\/blogdalucianaoliveira.com.br\/blog\/wp-json\/wp\/v2\/posts\/37304\/revisions"}],"predecessor-version":[{"id":37307,"href":"http:\/\/blogdalucianaoliveira.com.br\/blog\/wp-json\/wp\/v2\/posts\/37304\/revisions\/37307"}],"wp:attachment":[{"href":"http:\/\/blogdalucianaoliveira.com.br\/blog\/wp-json\/wp\/v2\/media?parent=37304"}],"wp:term":[{"taxonomy":"category","embeddable":true,"href":"http:\/\/blogdalucianaoliveira.com.br\/blog\/wp-json\/wp\/v2\/categories?post=37304"},{"taxonomy":"post_tag","embeddable":true,"href":"http:\/\/blogdalucianaoliveira.com.br\/blog\/wp-json\/wp\/v2\/tags?post=37304"}],"curies":[{"name":"wp","href":"https:\/\/api.w.org\/{rel}","templated":true}]}}