{"id":37315,"date":"2025-08-20T10:16:23","date_gmt":"2025-08-20T14:16:23","guid":{"rendered":"https:\/\/blogdalucianaoliveira.com.br\/blog\/?p=37315"},"modified":"2025-08-20T10:16:23","modified_gmt":"2025-08-20T14:16:23","slug":"ficar-festival-infantil-de-cinema-de-animacao-de-rondonia-2a-edicao-divulga-a-programacao-de-filmes","status":"publish","type":"post","link":"http:\/\/blogdalucianaoliveira.com.br\/blog\/2025\/08\/20\/ficar-festival-infantil-de-cinema-de-animacao-de-rondonia-2a-edicao-divulga-a-programacao-de-filmes\/","title":{"rendered":"FICAR \u2013 Festival Infantil de Cinema de Anima\u00e7\u00e3o de Rond\u00f4nia \u2013 2\u00aa Edi\u00e7\u00e3o divulga a programa\u00e7\u00e3o de filmes"},"content":{"rendered":"<p><img data-recalc-dims=\"1\" loading=\"lazy\" decoding=\"async\" data-attachment-id=\"37316\" data-permalink=\"http:\/\/blogdalucianaoliveira.com.br\/blog\/2025\/08\/20\/ficar-festival-infantil-de-cinema-de-animacao-de-rondonia-2a-edicao-divulga-a-programacao-de-filmes\/img_6071\/\" data-orig-file=\"https:\/\/i0.wp.com\/blogdalucianaoliveira.com.br\/blog\/wp-content\/uploads\/2025\/08\/IMG_6071.png?fit=1080%2C1350\" data-orig-size=\"1080,1350\" data-comments-opened=\"0\" data-image-meta=\"{&quot;aperture&quot;:&quot;0&quot;,&quot;credit&quot;:&quot;&quot;,&quot;camera&quot;:&quot;&quot;,&quot;caption&quot;:&quot;&quot;,&quot;created_timestamp&quot;:&quot;0&quot;,&quot;copyright&quot;:&quot;&quot;,&quot;focal_length&quot;:&quot;0&quot;,&quot;iso&quot;:&quot;0&quot;,&quot;shutter_speed&quot;:&quot;0&quot;,&quot;title&quot;:&quot;&quot;,&quot;orientation&quot;:&quot;0&quot;}\" data-image-title=\"IMG_6071\" data-image-description=\"\" data-image-caption=\"\" data-medium-file=\"https:\/\/i0.wp.com\/blogdalucianaoliveira.com.br\/blog\/wp-content\/uploads\/2025\/08\/IMG_6071.png?fit=240%2C300\" data-large-file=\"https:\/\/i0.wp.com\/blogdalucianaoliveira.com.br\/blog\/wp-content\/uploads\/2025\/08\/IMG_6071.png?fit=600%2C750\" class=\"size-medium wp-image-37316 alignleft\" src=\"https:\/\/i0.wp.com\/blogdalucianaoliveira.com.br\/blog\/wp-content\/uploads\/2025\/08\/IMG_6071.png?resize=240%2C300\" alt=\"\" width=\"240\" height=\"300\" srcset=\"https:\/\/i0.wp.com\/blogdalucianaoliveira.com.br\/blog\/wp-content\/uploads\/2025\/08\/IMG_6071.png?resize=240%2C300 240w, https:\/\/i0.wp.com\/blogdalucianaoliveira.com.br\/blog\/wp-content\/uploads\/2025\/08\/IMG_6071.png?resize=819%2C1024 819w, https:\/\/i0.wp.com\/blogdalucianaoliveira.com.br\/blog\/wp-content\/uploads\/2025\/08\/IMG_6071.png?resize=768%2C960 768w, https:\/\/i0.wp.com\/blogdalucianaoliveira.com.br\/blog\/wp-content\/uploads\/2025\/08\/IMG_6071.png?w=1080 1080w\" sizes=\"auto, (max-width: 240px) 100vw, 240px\" \/><\/p>\n<p>Estudantes e educadores das escolas da rede p\u00fablica de ensino das cidades de Guajar\u00e1 Mirim, Nova Mamor\u00e9 e Porto Velho, recebem, de 25 a 29 de agosto a 2\u00aa Edi\u00e7\u00e3o do Ficar &#8211; Festival Infantil de Anima\u00e7\u00e3o de Rond\u00f4nia, uma realiza\u00e7\u00e3o da Associa\u00e7\u00e3o Ambientalista Verde Vida, projeto contemplado no Edital n\u00ba 06\/2024 &#8211; SEJUCEL\/SIEC da Lei Paulo Gustavo<!--more--><\/p>\n<p>Da Assessoria &#8211; Os filmes de anima\u00e7\u00e3o foram selecionados por uma curadoria, tendo sido convidados de todas as regi\u00f5es do Brasil e escolhidos com base na diversidade, com tem\u00e1ticas voltadas a crian\u00e7as e adolescentes com o objetivo de democratizar o acesso de jovens ao cinema e fomentar a forma\u00e7\u00e3o de um olhar cr\u00edtico do mundo.<\/p>\n<p>Confira a programa\u00e7\u00e3o de anima\u00e7\u00f5es:<\/p>\n<p>Meu nome \u00e9 Maalum (2021) de Eduardo Lurnel (RJ) &#8211; 7 min 53s &#8211; Livre<\/p>\n<p>Maalum \u00e9 uma menina negra brasileira que nasce e cresce em um lar rodeado de amor e de refer\u00eancias afro centradas. Logo que Maalum sai do seio de sua casa, ela se separa com os\u00a0 desafios impostos pelos discursos e pr\u00e1ticas de uma sociedade racista.\u00a0 Assim que ela chega na escola, todos riem do seu nome. Ela n\u00e3o entende o porqu\u00ea e, com ajuda da sua fam\u00edlia, Maalum vai descobrir o significado e a tristeza se transforma em orgulho atrav\u00e9s da sua ancestralidade.<\/p>\n<p>Nazar\u00e9: do verde ao barro (2021) de Juraci J\u00fanior (RO) &#8211; 8 min &#8211; Livre<\/p>\n<p>Uma fam\u00edlia embarca em busca de uma nova vida. \u00c9 na comunidade de Nazar\u00e9 que a viagem ganha destino e onde eles constroem rela\u00e7\u00f5es de afeto, respeito e amor com a Amaz\u00f4nia. A jornada se transforma ao longo do tempo, conforme as \u00e1guas de um rio.<\/p>\n<p>Pela \u00c1gua, Sempre! (2021) de Juraci J\u00fanior e Douglas de Magalh\u00e3es (RO) &#8211; 8 min &#8211; Livre<\/p>\n<p>A gotinha Plu participa do ciclo da \u00e1gua na regi\u00e3o amaz\u00f4nica pela primeira vez. Sua trajet\u00f3ria \u00e9 uma aventura de descoberta das fun\u00e7\u00f5es da \u00e1gua e das consequ\u00eancias da a\u00e7\u00e3o humana sobre o meio ambiente.<\/p>\n<p>Pororoca (2024) de Fernanda Roque (MG) &#8211; 6 min &#8211; Livre<\/p>\n<p>Adaptado do texto \u201cA inacredit\u00e1vel hist\u00f3ria do pescador\u201d de T. Dalpra Jr., Pororoca \u00e9 fruto do amor entre a Baleia e o Peixe-boi; uma met\u00e1fora do agitado e caudaloso encontro da \u00e1gua do mar com a \u00e1gua do rio.<\/p>\n<p>Relacionamentos (2003) de Gordeff (RJ) &#8211; 5 min &#8211; Livre<\/p>\n<p>Uma abordagem animada de alguns tipos de relacionamentos.<\/p>\n<p>M\u00e3e (2014) de Gordeff (RJ) &#8211; 4 min &#8211; Livre<\/p>\n<p>Uma reflex\u00e3o sobre a vida, ilustrada e inspirada por jogadas de futebol. \u00c9 uma obra ficcional, sem qualquer v\u00ednculo documental ou com a realidade.<\/p>\n<p>Os Tr\u00eas Porquinhos (2006) de Cl\u00e1udio Roberto (RJ) &#8211; 4 min &#8211; 10 anos<\/p>\n<p>A f\u00e1bula infantil adaptada \u00e0 realidade brasileira. Quem tem medo do lobo mau?<\/p>\n<p>Planeta Fome (2025) de \u00c9dier William (RO) &#8211; 15 min &#8211; Livre<\/p>\n<p>Ivani, uma mulher negra e m\u00e3e solo, perde o emprego e junto de seu filho Lucca, um garotinho de 8 anos, s\u00e3o empurrados para a mis\u00e9ria. M\u00e3e e filho perdem tudo at\u00e9 restarem apenas um ao outro. Inspirado em eventos reais.<\/p>\n<p>Esta\u00e7\u00f5es de Florescimento (2022) de Breno Souza (MG) &#8211; 5 min &#8211; Livre<\/p>\n<p>Em um pequeno audit\u00f3rio, Primavera tem como tarefa desabrochar uma flor. Sua dificuldade em obter um resultado duradouro nesta que seria uma simples tarefa, mostra quanto cada esta\u00e7\u00e3o tem o seu papel fundamental para o equil\u00edbrio da natureza.<\/p>\n<p>Tecnosusto (2024) de Gabriel Souza Xavier (SP) &#8211; 5 min &#8211; Livre<\/p>\n<p>Um monstro metamorfo utiliza sua habilidade para assustar crian\u00e7as ao redor do mundo. Mas devido a tecnologia, as atuais crian\u00e7as n\u00e3o se distraem t\u00e3o facilmente.<\/p>\n<p>Respire (2024) de Ana Li (SP) &#8211; 4 min &#8211; Livre<\/p>\n<p>Ana vive uma rotina exaustiva enquanto lida com sintomas persistentes. Ao receber o diagn\u00f3stico de tuberculose, ela passar\u00e1 por uma avalanche de sentimentos at\u00e9 sua cura. A tuberculose \u00e9 a segunda doen\u00e7a mais mortal do mundo, segundo a OMS. &#8220;&#8221;Respire&#8221;&#8221; \u00e9 baseado em fatos reais.<\/p>\n<p>Odisseia do Xixi (2024) de Fl\u00e1via Martinelli (SP) &#8211; 5 min &#8211; Livre<\/p>\n<p>Beto entra no elevador de seu pr\u00e9dio e inicia sua Odisseia do Xixi ao passar por situa\u00e7\u00f5es inusitadas.<\/p>\n<p>O Cabeleireiro (2024) de Tales Santos (SP) &#8211; 3 min &#8211; Livre<\/p>\n<p>Bob, precisa cortar e arrumar o seu imenso cabelo, mas ao entrar no sal\u00e3o de beleza se surpreende com O Cabeleireiro.<\/p>\n<p>A Menina e a \u00c1rvore (2023) de Ara Martins (MS) &#8211; 10 min 25s &#8211; Livre<\/p>\n<p>No cora\u00e7\u00e3o do Pantanal, uma menina e seu av\u00f4 plantavam um ip\u00ea-amarelo. Entre versos do poeta Manoel de Barros e o canto dos p\u00e1ssaros, nasce uma hist\u00f3ria de afeto e esperan\u00e7a, onde a semente que toca a terra tamb\u00e9m germina no cora\u00e7\u00e3o \u2014 lembrando que cuidar da natureza \u00e9 cuidar de n\u00f3s mesmos.<\/p>\n<p>Mecha Meraki (2024) de Babi Astolfi (PR) &#8211; 4 min e 12s &#8211; Livre<\/p>\n<p>Em uma sociedade rob\u00f3tica movida pelo consumo de membros mec\u00e2nicos coloridos, um rob\u00f4 cinza e inseguro enfrenta a press\u00e3o de encontrar as pe\u00e7as perfeitas para si.<\/p>\n<p>O Cangaceiro (2012) de Marcos Buccini (RJ) &#8211; 5 min 34s &#8211; 12 anos<\/p>\n<p>O Cangaceiro, filme realizado pelos alunos de Design da UFPE, conta a hist\u00f3ria de Lampi\u00e3o. Baseado em literatura de cordel, os versos narram seus infort\u00fanios e seus amores, seu triunfo e seu decl\u00ednio, e at\u00e9 seus acordos com o capeta. A anima\u00e7\u00e3o mostra um pouco dos mitos e da fantasia que envolve o imagin\u00e1rio acerca do personagem.<\/p>\n<p>Ciranda Feiticeira (2023) de Tiago Del\u00e1cio e Lula Gonzaga (PE) &#8211; 8 min &#8211; Livre<\/p>\n<p>Janaina compartilha com sua m\u00e3e o ritual da pesca na Ilha de Itamarac\u00e1. Elas enfrentam a dor e a beleza dos ciclos da vida com sonho, poesia e m\u00fasica.<\/p>\n<p>8 Patas (2018) de Fabr\u00edcio Rabachim, Gabriel Barbosa, Pietro Nicolodi (SP) &#8211; 2 min 30s &#8211; Livre<\/p>\n<p>Ao receber uma visita inesperada, Beatriz se v\u00ea dentro de seu pior pesadelo. A apari\u00e7\u00e3o de uma pequena aranha transforma o conforto de seu lar em uma sucess\u00e3o de desventuras, que provar\u00e1 que o maior perigo a enfrentar \u00e9 o seu pr\u00f3prio medo.<\/p>\n<p>Era uma noite de S\u00e3o Jo\u00e3o (2022) de Bruna Velden (PB) &#8211; 11 min &#8211; Livre<\/p>\n<p>Dona Dorinha, uma vi\u00fava idosa que cumpre quarentena no interior do Sert\u00e3o, relembra da janela de seu sobradinho a sua hist\u00f3ria de vida atrav\u00e9s das festas juninas da cidade ao longo dos anos.<\/p>\n<p>O FICAR \u2013 Festival Infantil de Cinema de Anima\u00e7\u00e3o de Rond\u00f4nia \u2013 2\u00aa Edi\u00e7\u00e3o acontece nas escolas p\u00fablicas, com exibi\u00e7\u00e3o de filmes de anima\u00e7\u00e3o, oficina, roda de conversa e homenagem:<\/p>\n<p>Dia 25 de agosto &#8211; Guajar\u00e1 Mirim &#8211; Escola EEEMTI Simon Bol\u00edvar &#8211; exibi\u00e7\u00e3o de anima\u00e7\u00f5es nos per\u00edodos matutino e vespertino;<\/p>\n<p>Dia 26 de agosto &#8211; Nova Mamor\u00e9 &#8211; Escola EEEFM Salom\u00e3o Silva- exibi\u00e7\u00e3o de anima\u00e7\u00f5es nos per\u00edodos matutino e vespertino;<\/p>\n<p>Dia 27 de agosto &#8211; Porto Velho &#8211; Escola Oswaldo Piana &#8211; Oficina de Pixilation (matutino)\u00a0 e exibi\u00e7\u00e3o de filmes nos per\u00edodos matutino e vespertino;<\/p>\n<p>Dia 28 de agosto &#8211; Porto Velho &#8211; Escola EMEF Estela de Ara\u00fajo Compasso &#8211; exibi\u00e7\u00e3o de anima\u00e7\u00f5es nos per\u00edodos matutino e vespertino;<\/p>\n<p>Dia 29 de agosto &#8211; Porto Velho &#8211; Escola Estudo e Trabalho &#8211; Per\u00edodo Matutino &#8211; exibi\u00e7\u00e3o de anima\u00e7\u00f5es; Per\u00edodo Vespertino &#8211; Roda de Conversa com o tema \u201cSobre desafios em fazer anima\u00e7\u00e3o em Rond\u00f4nia\u201d, com os cineastas de Rond\u00f4nia Juraci J\u00fanior e \u00c9dier William e logo ap\u00f3s homenagem ao professor e cineasta de anima\u00e7\u00e3o Marcos Magalh\u00e3es.<\/p>\n<p>Siga, curta e compartilhe <a href=\"https:\/\/www.instagram.com\/ficarfestival\/\">@ficarfestival<\/a> &#8211;<\/p>\n<p>FICAR \u2013 Festival Infantil de Cinema de Anima\u00e7\u00e3o de Rond\u00f4nia \u2013 2\u00aa Edi\u00e7\u00e3o &#8211; Edital n\u00ba 06\/2024 &#8211; SEJUCEL &#8211; SIEC &#8211; Fomento para Forma\u00e7\u00e3o, Difus\u00e3o e Apoio a sala de cinema &#8211; Eixo I &#8211; Difus\u00e3o &#8211; Categoria A &#8211; Festivais de Cinema, com recursos da Lei Paulo Gustavo, com apoio do Governo do Estado de Rond\u00f4nia, FEDEC, Minist\u00e9rio da Cultura e Governo Federal. Realiza\u00e7\u00e3o: Associa\u00e7\u00e3o Ambientalista Verde Vida<\/p>\n","protected":false},"excerpt":{"rendered":"<p>Estudantes e educadores das escolas da rede p\u00fablica de ensino das cidades de Guajar\u00e1 Mirim, Nova Mamor\u00e9 e Porto Velho, recebem, de 25 a 29 de agosto a 2\u00aa Edi\u00e7\u00e3o do Ficar &#8211; Festival Infantil de Anima\u00e7\u00e3o de Rond\u00f4nia, uma realiza\u00e7\u00e3o da Associa\u00e7\u00e3o Ambientalista Verde Vida, projeto contemplado no Edital n\u00ba 06\/2024 &#8211; SEJUCEL\/SIEC da&#8230;<a class=\"more-link\" href=\"http:\/\/blogdalucianaoliveira.com.br\/blog\/2025\/08\/20\/ficar-festival-infantil-de-cinema-de-animacao-de-rondonia-2a-edicao-divulga-a-programacao-de-filmes\/\">Continue a leitura <span class=\"meta-nav\">&raquo;<\/span><\/a><\/p>\n","protected":false},"author":1,"featured_media":0,"comment_status":"closed","ping_status":"open","sticky":false,"template":"","format":"standard","meta":{"_exactmetrics_skip_tracking":false,"_exactmetrics_sitenote_active":false,"_exactmetrics_sitenote_note":"","_exactmetrics_sitenote_category":0,"jetpack_post_was_ever_published":false,"_jetpack_newsletter_access":"","_jetpack_dont_email_post_to_subs":false,"_jetpack_newsletter_tier_id":0,"_jetpack_memberships_contains_paywalled_content":false,"_jetpack_memberships_contains_paid_content":false,"footnotes":"","jetpack_publicize_message":"","jetpack_publicize_feature_enabled":true,"jetpack_social_post_already_shared":true,"jetpack_social_options":{"image_generator_settings":{"template":"highway","enabled":false},"version":2}},"categories":[1],"tags":[1464,1465,1463,378],"class_list":["post-37315","post","type-post","status-publish","format-standard","hentry","category-notas","tag-animacao","tag-escolas","tag-ficar","tag-guajara-mirim"],"jetpack_publicize_connections":[],"jetpack_sharing_enabled":true,"jetpack_featured_media_url":"","jetpack_shortlink":"https:\/\/wp.me\/p7wKYW-9HR","jetpack-related-posts":[],"_links":{"self":[{"href":"http:\/\/blogdalucianaoliveira.com.br\/blog\/wp-json\/wp\/v2\/posts\/37315","targetHints":{"allow":["GET"]}}],"collection":[{"href":"http:\/\/blogdalucianaoliveira.com.br\/blog\/wp-json\/wp\/v2\/posts"}],"about":[{"href":"http:\/\/blogdalucianaoliveira.com.br\/blog\/wp-json\/wp\/v2\/types\/post"}],"author":[{"embeddable":true,"href":"http:\/\/blogdalucianaoliveira.com.br\/blog\/wp-json\/wp\/v2\/users\/1"}],"replies":[{"embeddable":true,"href":"http:\/\/blogdalucianaoliveira.com.br\/blog\/wp-json\/wp\/v2\/comments?post=37315"}],"version-history":[{"count":1,"href":"http:\/\/blogdalucianaoliveira.com.br\/blog\/wp-json\/wp\/v2\/posts\/37315\/revisions"}],"predecessor-version":[{"id":37317,"href":"http:\/\/blogdalucianaoliveira.com.br\/blog\/wp-json\/wp\/v2\/posts\/37315\/revisions\/37317"}],"wp:attachment":[{"href":"http:\/\/blogdalucianaoliveira.com.br\/blog\/wp-json\/wp\/v2\/media?parent=37315"}],"wp:term":[{"taxonomy":"category","embeddable":true,"href":"http:\/\/blogdalucianaoliveira.com.br\/blog\/wp-json\/wp\/v2\/categories?post=37315"},{"taxonomy":"post_tag","embeddable":true,"href":"http:\/\/blogdalucianaoliveira.com.br\/blog\/wp-json\/wp\/v2\/tags?post=37315"}],"curies":[{"name":"wp","href":"https:\/\/api.w.org\/{rel}","templated":true}]}}