{"id":37318,"date":"2025-08-21T08:52:58","date_gmt":"2025-08-21T12:52:58","guid":{"rendered":"https:\/\/blogdalucianaoliveira.com.br\/blog\/?p=37318"},"modified":"2025-08-21T08:52:58","modified_gmt":"2025-08-21T12:52:58","slug":"linda-a-familia-tradicional-brasileira-brincam-internautas-apos-eduardo-xingar-o-pai","status":"publish","type":"post","link":"http:\/\/blogdalucianaoliveira.com.br\/blog\/2025\/08\/21\/linda-a-familia-tradicional-brasileira-brincam-internautas-apos-eduardo-xingar-o-pai\/","title":{"rendered":"&#8216;Linda a fam\u00edlia tradicional brasileira&#8217;, brincam internautas ap\u00f3s Eduardo xingar o pai"},"content":{"rendered":"<p><img data-recalc-dims=\"1\" loading=\"lazy\" decoding=\"async\" data-attachment-id=\"37319\" data-permalink=\"http:\/\/blogdalucianaoliveira.com.br\/blog\/2025\/08\/21\/linda-a-familia-tradicional-brasileira-brincam-internautas-apos-eduardo-xingar-o-pai\/img_6089\/\" data-orig-file=\"https:\/\/i0.wp.com\/blogdalucianaoliveira.com.br\/blog\/wp-content\/uploads\/2025\/08\/IMG_6089.jpeg?fit=768%2C512\" data-orig-size=\"768,512\" data-comments-opened=\"0\" data-image-meta=\"{&quot;aperture&quot;:&quot;0&quot;,&quot;credit&quot;:&quot;&quot;,&quot;camera&quot;:&quot;&quot;,&quot;caption&quot;:&quot;&quot;,&quot;created_timestamp&quot;:&quot;0&quot;,&quot;copyright&quot;:&quot;&quot;,&quot;focal_length&quot;:&quot;0&quot;,&quot;iso&quot;:&quot;0&quot;,&quot;shutter_speed&quot;:&quot;0&quot;,&quot;title&quot;:&quot;&quot;,&quot;orientation&quot;:&quot;0&quot;}\" data-image-title=\"IMG_6089\" data-image-description=\"\" data-image-caption=\"\" data-medium-file=\"https:\/\/i0.wp.com\/blogdalucianaoliveira.com.br\/blog\/wp-content\/uploads\/2025\/08\/IMG_6089.jpeg?fit=300%2C200\" data-large-file=\"https:\/\/i0.wp.com\/blogdalucianaoliveira.com.br\/blog\/wp-content\/uploads\/2025\/08\/IMG_6089.jpeg?fit=600%2C400\" class=\"alignnone size-medium wp-image-37319\" src=\"https:\/\/i0.wp.com\/blogdalucianaoliveira.com.br\/blog\/wp-content\/uploads\/2025\/08\/IMG_6089.jpeg?resize=300%2C200\" alt=\"\" width=\"300\" height=\"200\" srcset=\"https:\/\/i0.wp.com\/blogdalucianaoliveira.com.br\/blog\/wp-content\/uploads\/2025\/08\/IMG_6089.jpeg?resize=300%2C200 300w, https:\/\/i0.wp.com\/blogdalucianaoliveira.com.br\/blog\/wp-content\/uploads\/2025\/08\/IMG_6089.jpeg?resize=450%2C300 450w, https:\/\/i0.wp.com\/blogdalucianaoliveira.com.br\/blog\/wp-content\/uploads\/2025\/08\/IMG_6089.jpeg?w=768 768w\" sizes=\"auto, (max-width: 300px) 100vw, 300px\" \/><\/p>\n<p data-pf_style_display=\"block\" data-pf_style_visibility=\"visible\"><span class=\"text-node\">Folha de S\u00e3o Paulo &#8211; O linguajar grosseiro usado pelo <\/span><a href=\"https:\/\/www1.folha.uol.com.br\/folha-topicos\/deputado-federal\/\" data-pf_style_display=\"inline\" data-pf_style_visibility=\"visible\"><span class=\"text-node\">deputado federal<\/span><\/a><a href=\"https:\/\/www1.folha.uol.com.br\/folha-topicos\/eduardo-bolsonaro\/\" data-pf_style_display=\"inline\" data-pf_style_visibility=\"visible\"><span class=\"text-node\">Eduardo Bolsonaro<\/span><\/a><span class=\"text-node\"> (<\/span><a href=\"https:\/\/www1.folha.uol.com.br\/folha-topicos\/pl\/\" data-pf_style_display=\"inline\" data-pf_style_visibility=\"visible\"><span class=\"text-node\">PL<\/span><\/a><span class=\"text-node\">) para atacar o ex-presidente <\/span><a href=\"https:\/\/www1.folha.uol.com.br\/folha-topicos\/jair-bolsonaro\/\" data-pf_style_display=\"inline\" data-pf_style_visibility=\"visible\"><span class=\"text-node\">Jair Bolsonaro<\/span><\/a><span class=\"text-node\"> (PL) chocou usu\u00e1rios nas rede sociais e motivou piadas que comparam o di\u00e1logo entre pai e filho aos <\/span><a href=\"https:\/\/www1.folha.uol.com.br\/blogs\/hashtag\/2022\/10\/sem-considerar-origem-historica-bolsonaristas-negam-que-slogan-do-fascismo-seja-fascista.shtml\" target=\"\" rel=\"\" data-pf_style_display=\"inline\" data-pf_style_visibility=\"visible\"><span class=\"text-node\">valores crist\u00e3os de &#8220;Deus, p\u00e1tria e fam\u00edlia&#8221; defendidos pelo bolsonarismo<\/span><\/a><span class=\"text-node\">.<\/span><!--more--><\/p>\n<p data-pf_style_display=\"block\" data-pf_style_visibility=\"visible\"><a href=\"https:\/\/www1.folha.uol.com.br\/poder\/2025\/08\/eduardo-xinga-jair-bolsonaro-em-mensagens-vtnc-seu-ingrato-do-caralho.shtml\" target=\"\" rel=\"nofollow\" data-pf_style_display=\"inline\" data-pf_style_visibility=\"visible\"><span class=\"text-node\">Mensagens divulgadas pela Pol\u00edcia Federal nesta quarta-feira (20<\/span><\/a><span class=\"text-node\">) mostram Eduardo incomodado ap\u00f3s ter sido chamado de imaturo por Bolsonaro em uma entrevista. Em letras mai\u00fasculas, ele escreve: &#8220;VTNC SEU INGRATO DO CARALHO&#8217;!, usando a sigla que significa &#8220;vai tomar no c&#8230;&#8221;<\/span><\/p>\n<div data-pf_style_display=\"block\" data-pf_style_visibility=\"visible\">\n<div class=\"widget-image rs_skip\" data-pf_style_display=\"block\" data-pf_style_visibility=\"visible\">\n<figure class=\"pf-caption flex-width blockImage pf-size-full\" data-pf_style_display=\"block\" data-pf_style_visibility=\"visible\">\n<div class=\"c-image-aspect-ratio c-image-aspect-ratio--3x2\" data-pf_style_display=\"block\" data-pf_style_visibility=\"visible\"><img data-recalc-dims=\"1\" decoding=\"async\" class=\"img-responsive c-lazyload c-image-aspect-ratio__image caption-img blockImage\" src=\"https:\/\/i0.wp.com\/f.i.uol.com.br\/fotografia\/2025\/08\/20\/175573046868a652248f1e1_1755730468_3x2_md.jpg?w=100&#038;ssl=1\" alt=\"A imagem mostra uma conversa de WhatsApp entre o deputado Eduardo Bolsonaro e outros contatos. O deputado expressa descontentamento e frustra\u00e7\u00e3o em rela\u00e7\u00e3o a uma situa\u00e7\u00e3o, utilizando linguagem forte e pedindo responsabilidade. H\u00e1 mensagens destacadas em vermelho, indicando a intensidade das emo\u00e7\u00f5es. A conversa inclui uma chamada de v\u00eddeo e v\u00e1rias mensagens trocadas em diferentes hor\u00e1rios.\"  data-srcset=\" https:\/\/f.i.uol.com.br\/fotografia\/2025\/08\/20\/175573046868a652248f1e1_1755730468_3x2_th.jpg 100w,                  https:\/\/f.i.uol.com.br\/fotografia\/2025\/08\/20\/175573046868a652248f1e1_1755730468_3x2_xs.jpg 320w,                  https:\/\/f.i.uol.com.br\/fotografia\/2025\/08\/20\/175573046868a652248f1e1_1755730468_3x2_sm.jpg 480w,                  https:\/\/f.i.uol.com.br\/fotografia\/2025\/08\/20\/175573046868a652248f1e1_1755730468_3x2_md.jpg 768w,                  https:\/\/f.i.uol.com.br\/fotografia\/2025\/08\/20\/175573046868a652248f1e1_1755730468_3x2_lg.jpg 1024w,                                 \" data-sizes=\"(min-width: 1024px) 850px, 100vw\" data-pf_style_display=\"inline\" data-pf_style_visibility=\"visible\" data-pf_rect_width=\"704\" data-pf_rect_height=\"72\" \/><\/div><figcaption class=\"widget-image__subtitle\" data-pf_style_display=\"block\" data-pf_style_visibility=\"visible\"><span class=\"text-node\">Em troca de mensagens, Eduardo xinga Bolsonaro ap\u00f3s o pai cham\u00e1-lo de imaturo em entrevista &#8211; <\/span><span class=\"widget-image__credits\" data-pf_style_display=\"inline\" data-pf_style_visibility=\"visible\"><span class=\"text-node\">Reprodu\u00e7\u00e3o\/STF<\/p>\n<p><\/span><\/span><\/figcaption><\/figure>\n<\/div>\n<\/div>\n<p class=\"pf-br-replacement\"><span class=\"text-node\">E prossegue: &#8220;Me fudendo aqui! VC ainda te ajuda a se fuder a\u00ed!. (..) Se o IMATURO do seu filho de 40 anos n\u00e3o puder encontrar com os caras aqui, PORQUE VC ME JOGA PRA BAIXO, quem vai se fuder \u00e9 vc E VAI DECRETAR O RESTO DA MINHA VIDA NESTA PORRA AQUI.&#8221;<\/span><\/p>\n<p class=\"pf-br-replacement\"><span class=\"text-node\">Os di\u00e1logos fazem parte do <\/span><a href=\"https:\/\/www1.folha.uol.com.br\/poder\/2025\/08\/relatorio-da-pf-que-indiciou-bolsonaro-traz-dialogos-do-presidente-leia-a-integra.shtml\" target=\"\" rel=\"\" data-pf_style_display=\"inline\" data-pf_style_visibility=\"visible\"><span class=\"text-node\">relat\u00f3rio do PF que indiciou Eduardo e Bolsonaro<\/span><\/a><span class=\"text-node\"> por tentativa de obstru\u00e7\u00e3o das investiga\u00e7\u00f5es sobre a trama golpista. Em nota divulgada nesta noites, o deputado <\/span><a href=\"https:\/\/www1.folha.uol.com.br\/poder\/2025\/08\/eduardo-bolsonaro-diz-que-pf-aponta-crime-delirante-e-critica-vazamento-de-conversas-com-o-pai.shtml\" data-pf_style_display=\"inline\" data-pf_style_visibility=\"visible\"><span class=\"text-node\">critica o vazamento<\/span><\/a><span class=\"text-node\"> do que chamou de conversas entre pai e filho.<\/span><\/p>\n<p><span class=\"text-node\">&#8220;Que lindo o amor da fam\u00edlia tradicional brasileira&#8221;, ironizou um usu\u00e1rio no X (ex-Twitter), onde prints do di\u00e1logo viralizaram.<\/span><\/p>\n<p data-pf_style_display=\"block\" data-pf_style_visibility=\"visible\"><span class=\"text-node\">&#8220;Gratid\u00e3o por n\u00e3o ter uma fam\u00edlia Bolsonaro&#8221;, escreveu outro.<\/span><\/p>\n<p data-pf_style_display=\"block\" data-pf_style_visibility=\"visible\"><span class=\"text-node\">&#8220;Deus passa longe, p\u00e1tria eles querem destruir e a fam\u00edlia vtnc.&#8221;<\/span><\/p>\n<p data-pf_style_display=\"block\" data-pf_style_visibility=\"visible\"><span class=\"text-node\">Muitos demonstram choque com o n\u00edvel do ataque do parlamentar ao pai e a aparente hipocrisia entre a postura p\u00fablica da fam\u00edlia e seu contraste em mensagens privadas.<\/span><\/p>\n<p class=\"pf-br-replacement\"><span class=\"text-node\">O mesmo relat\u00f3rio divulgado pela PF mostra o pastor <\/span><a href=\"https:\/\/www1.folha.uol.com.br\/folha-topicos\/silas-malafaia\/\" data-pf_style_display=\"inline\" data-pf_style_visibility=\"visible\"><span class=\"text-node\">Silas Malafaia<\/span><\/a><span class=\"text-node\">, alvo de opera\u00e7\u00e3o nesta quarta, xingando Eduardo Bolsonaro em mensagens ao pai do parlamentar, Jair Bolsonaro.<\/span><\/p>\n<p class=\"pf-br-replacement\"><span class=\"text-node\">&#8220;Esse seu filho Eduardo \u00e9 um babaca&#8221;, escreveu Malafaia em 11 de julho, dois dias depois que <\/span><a href=\"https:\/\/www1.folha.uol.com.br\/folha-topicos\/donald-trump\/\" data-pf_style_display=\"inline\" data-pf_style_visibility=\"visible\"><span class=\"text-node\">Donald Trump<\/span><\/a><span class=\"text-node\"> anunciou a aplica\u00e7\u00e3o de uma sobretaxa de 50% ao Brasil, em meio a uma articula\u00e7\u00e3o de Eduardo nos EUA.<\/span><\/p>\n<p class=\"pf-br-replacement\"><span class=\"text-node\">&#8220;S\u00f3 n\u00e3o fa\u00e7o um v\u00eddeo e arrebento com ele porque por considera\u00e7\u00e3o a voc\u00ea. N\u00e3o sei se vou ter paci\u00eancia [de] ficar calado se esse idiota falar mas [mais] alguma asneira&#8221;, continuou o pastor.<\/span><\/p>\n<p><span class=\"text-node\">Internautas chamaram Malafaia de &#8220;boca suja&#8221; e criticaram a quantidade de palavr\u00f5es usadas pelo pastor, bem como sua postura como l\u00edder religioso.<\/span><\/p>\n<h2 id=\"somos-todos-malafaia\" class=\"c-news__subtitle\" data-pf_style_display=\"block\" data-pf_style_visibility=\"visible\"><span class=\"text-node\">&#8216;Somos todos Malafaia&#8217;<\/span><\/h2>\n<p data-pf_style_display=\"block\" data-pf_style_visibility=\"visible\"><span class=\"text-node\">A frase &#8220;somos todos Malafaia&#8221;, passou a ser compartilhada no X por pol\u00edticos aliados da fam\u00edlia Bolsonaro e usu\u00e1rios \u00e0 direita, ap\u00f3s a repercuss\u00e3o da opera\u00e7\u00e3o da PF da qual o pastor foi alvo. Eles afirmam ser indevida a divulga\u00e7\u00e3o de mensagens privas e injusta a inclus\u00e3o de Malafaia no inqu\u00e9rito que investiga obstru\u00e7\u00f5es nas apura\u00e7\u00f5es da trama golpista. O religioso, na vis\u00e3o deles sofre persegui\u00e7\u00e3o pol\u00edtica assim como Jair Bolsonaro. Alguns chegam a chamar a apelidar a PF de Gestapo, a pol\u00edcia pol\u00edtica do regime nazista.<\/span><\/p>\n","protected":false},"excerpt":{"rendered":"<p>Folha de S\u00e3o Paulo &#8211; O linguajar grosseiro usado pelo deputado federalEduardo Bolsonaro (PL) para atacar o ex-presidente Jair Bolsonaro (PL) chocou usu\u00e1rios nas rede sociais e motivou piadas que comparam o di\u00e1logo entre pai e filho aos valores crist\u00e3os de &#8220;Deus, p\u00e1tria e fam\u00edlia&#8221; defendidos pelo bolsonarismo.<\/p>\n","protected":false},"author":1,"featured_media":0,"comment_status":"closed","ping_status":"open","sticky":false,"template":"","format":"standard","meta":{"_exactmetrics_skip_tracking":false,"_exactmetrics_sitenote_active":false,"_exactmetrics_sitenote_note":"","_exactmetrics_sitenote_category":0,"jetpack_post_was_ever_published":false,"_jetpack_newsletter_access":"","_jetpack_dont_email_post_to_subs":false,"_jetpack_newsletter_tier_id":0,"_jetpack_memberships_contains_paywalled_content":false,"_jetpack_memberships_contains_paid_content":false,"footnotes":"","jetpack_publicize_message":"","jetpack_publicize_feature_enabled":true,"jetpack_social_post_already_shared":true,"jetpack_social_options":{"image_generator_settings":{"template":"highway","enabled":false},"version":2}},"categories":[1],"tags":[53,1467,1466],"class_list":["post-37318","post","type-post","status-publish","format-standard","hentry","category-notas","tag-bolsonaro","tag-briga","tag-familia"],"jetpack_publicize_connections":[],"jetpack_sharing_enabled":true,"jetpack_featured_media_url":"","jetpack_shortlink":"https:\/\/wp.me\/p7wKYW-9HU","jetpack-related-posts":[],"_links":{"self":[{"href":"http:\/\/blogdalucianaoliveira.com.br\/blog\/wp-json\/wp\/v2\/posts\/37318","targetHints":{"allow":["GET"]}}],"collection":[{"href":"http:\/\/blogdalucianaoliveira.com.br\/blog\/wp-json\/wp\/v2\/posts"}],"about":[{"href":"http:\/\/blogdalucianaoliveira.com.br\/blog\/wp-json\/wp\/v2\/types\/post"}],"author":[{"embeddable":true,"href":"http:\/\/blogdalucianaoliveira.com.br\/blog\/wp-json\/wp\/v2\/users\/1"}],"replies":[{"embeddable":true,"href":"http:\/\/blogdalucianaoliveira.com.br\/blog\/wp-json\/wp\/v2\/comments?post=37318"}],"version-history":[{"count":1,"href":"http:\/\/blogdalucianaoliveira.com.br\/blog\/wp-json\/wp\/v2\/posts\/37318\/revisions"}],"predecessor-version":[{"id":37320,"href":"http:\/\/blogdalucianaoliveira.com.br\/blog\/wp-json\/wp\/v2\/posts\/37318\/revisions\/37320"}],"wp:attachment":[{"href":"http:\/\/blogdalucianaoliveira.com.br\/blog\/wp-json\/wp\/v2\/media?parent=37318"}],"wp:term":[{"taxonomy":"category","embeddable":true,"href":"http:\/\/blogdalucianaoliveira.com.br\/blog\/wp-json\/wp\/v2\/categories?post=37318"},{"taxonomy":"post_tag","embeddable":true,"href":"http:\/\/blogdalucianaoliveira.com.br\/blog\/wp-json\/wp\/v2\/tags?post=37318"}],"curies":[{"name":"wp","href":"https:\/\/api.w.org\/{rel}","templated":true}]}}