{"id":37321,"date":"2025-08-21T11:31:53","date_gmt":"2025-08-21T15:31:53","guid":{"rendered":"https:\/\/blogdalucianaoliveira.com.br\/blog\/?p=37321"},"modified":"2025-08-21T11:31:53","modified_gmt":"2025-08-21T15:31:53","slug":"xingamentos-ironia-e-bronca-o-que-dialogos-revelam-sobre-nucleo-duro-de-bolsonaro","status":"publish","type":"post","link":"http:\/\/blogdalucianaoliveira.com.br\/blog\/2025\/08\/21\/xingamentos-ironia-e-bronca-o-que-dialogos-revelam-sobre-nucleo-duro-de-bolsonaro\/","title":{"rendered":"Xingamentos, ironia e bronca: o que di\u00e1logos revelam sobre n\u00facleo duro de Bolsonaro"},"content":{"rendered":"<p><img data-recalc-dims=\"1\" loading=\"lazy\" decoding=\"async\" data-attachment-id=\"37322\" data-permalink=\"http:\/\/blogdalucianaoliveira.com.br\/blog\/2025\/08\/21\/xingamentos-ironia-e-bronca-o-que-dialogos-revelam-sobre-nucleo-duro-de-bolsonaro\/img_6100\/\" data-orig-file=\"https:\/\/i0.wp.com\/blogdalucianaoliveira.com.br\/blog\/wp-content\/uploads\/2025\/08\/IMG_6100.webp?fit=800%2C449\" data-orig-size=\"800,449\" data-comments-opened=\"0\" data-image-meta=\"{&quot;aperture&quot;:&quot;0&quot;,&quot;credit&quot;:&quot;&quot;,&quot;camera&quot;:&quot;&quot;,&quot;caption&quot;:&quot;&quot;,&quot;created_timestamp&quot;:&quot;0&quot;,&quot;copyright&quot;:&quot;&quot;,&quot;focal_length&quot;:&quot;0&quot;,&quot;iso&quot;:&quot;0&quot;,&quot;shutter_speed&quot;:&quot;0&quot;,&quot;title&quot;:&quot;&quot;,&quot;orientation&quot;:&quot;0&quot;}\" data-image-title=\"IMG_6100\" data-image-description=\"\" data-image-caption=\"\" data-medium-file=\"https:\/\/i0.wp.com\/blogdalucianaoliveira.com.br\/blog\/wp-content\/uploads\/2025\/08\/IMG_6100.webp?fit=300%2C168\" data-large-file=\"https:\/\/i0.wp.com\/blogdalucianaoliveira.com.br\/blog\/wp-content\/uploads\/2025\/08\/IMG_6100.webp?fit=600%2C337\" class=\"alignnone size-medium wp-image-37322\" src=\"https:\/\/i0.wp.com\/blogdalucianaoliveira.com.br\/blog\/wp-content\/uploads\/2025\/08\/IMG_6100.webp?resize=300%2C168\" alt=\"\" width=\"300\" height=\"168\" srcset=\"https:\/\/i0.wp.com\/blogdalucianaoliveira.com.br\/blog\/wp-content\/uploads\/2025\/08\/IMG_6100.webp?resize=300%2C168 300w, https:\/\/i0.wp.com\/blogdalucianaoliveira.com.br\/blog\/wp-content\/uploads\/2025\/08\/IMG_6100.webp?resize=768%2C431 768w, https:\/\/i0.wp.com\/blogdalucianaoliveira.com.br\/blog\/wp-content\/uploads\/2025\/08\/IMG_6100.webp?resize=535%2C300 535w, https:\/\/i0.wp.com\/blogdalucianaoliveira.com.br\/blog\/wp-content\/uploads\/2025\/08\/IMG_6100.webp?w=800 800w\" sizes=\"auto, (max-width: 300px) 100vw, 300px\" \/><\/p>\n<div class=\"bbc-19j92fr ebmt73l0\" dir=\"ltr\">\n<p class=\"bbc-hhl7in e17g058b0\" dir=\"ltr\">BBC &#8211; Mensagens reproduzidas no <a class=\"focusIndicatorReducedWidth bbc-n8oauk e1p3sufg0\" href=\"https:\/\/www.bbc.com\/portuguese\/articles\/c17nvepqny1o\">relat\u00f3rio final em que a Pol\u00edcia Federal (PF) indiciou o ex-presidente Jair Bolsonaro (PL) e o seu filho Eduardo Bolsonaro (PL-SP)<\/a> revelam desentendimentos entre o ex-mandat\u00e1rio e integrantes do seu n\u00facleo mais pr\u00f3ximo.<\/p>\n<\/div>\n<p><!--more--><\/p>\n<div class=\"bbc-19j92fr ebmt73l0\" dir=\"ltr\">\n<p class=\"bbc-hhl7in e17g058b0\" dir=\"ltr\">Em uma troca de mensagens via WhatsApp, Eduardo xinga o pai devido a uma entrevista em que ele foi chamado de imaturo. &#8220;VTNC SEU INGRATO DO C******&#8217;!, escreveu o deputado federal, usando a abrevia\u00e7\u00e3o de um insulto de baixo cal\u00e3o.<\/p>\n<\/div>\n<div class=\"bbc-19j92fr ebmt73l0\" dir=\"ltr\">\n<p class=\"bbc-hhl7in e17g058b0\" dir=\"ltr\">Em outras conversas com <a class=\"focusIndicatorReducedWidth bbc-n8oauk e1p3sufg0\" href=\"https:\/\/www.bbc.com\/portuguese\/topics\/cg7267qv6q0t\">Jair Bolsonaro<\/a>, Eduardo ironiza e critica o governador de S\u00e3o Paulo, Tarc\u00edsio de Freitas (Republicanos-SP). &#8220;S\u00f3 para te deixar ciente: Tarc\u00edsio nunca te ajudou em nada no STF. Sempre esteve de bra\u00e7o cruzado vendo vc se f**** e se aquecendo para 2026&#8221;, diz uma das mensagens.<\/p>\n<\/div>\n<div class=\"bbc-19j92fr ebmt73l0\" dir=\"ltr\">\n<p class=\"bbc-hhl7in e17g058b0\" dir=\"ltr\">Alguns dos di\u00e1logos divulgados pela PF tamb\u00e9m incluem trocas de mensagens entre o ex-presidente e o pastor Silas Malafaia, <a class=\"focusIndicatorReducedWidth bbc-n8oauk e1p3sufg0\" href=\"https:\/\/www.bbc.com\/portuguese\/articles\/cwy0je80ezqo\">que foi proibido pelo Supremo Tribunal Federal (STF) de se comunicar com Bolsonaro e deixar o pa\u00eds<\/a>.<\/p>\n<p dir=\"ltr\">Em uma das conversas, Malafaia reprova um encontro realizado entre Tarc\u00edsio de Freitas e o encarregado de neg\u00f3cios Gabriel Escobar, da embaixada dos Estados Unidos no Brasil. &#8221;Se Tarc\u00edsio foi a embaixada americana a pedido seu, voc\u00ea cometeu o maior erro pol\u00edtico da sua vida&#8221;, escreve o pastor a Bolsonaro.<\/p>\n<p dir=\"ltr\">Em outro momento, faz cr\u00edticas a Eduardo Bolsonaro, a quem chama de &#8220;babaca inexperiente&#8221; e &#8220;est\u00fapido de marca maior&#8221;.<\/p>\n<div class=\"bbc-19j92fr ebmt73l0\" dir=\"ltr\">\n<p class=\"bbc-hhl7in e17g058b0\" dir=\"ltr\">Os di\u00e1logos foram obtidos nos celulares de Bolsonaro, apreendidos pela PF no curso das investiga\u00e7\u00f5es.<\/p>\n<\/div>\n<div class=\"bbc-19j92fr ebmt73l0\" dir=\"ltr\">\n<p class=\"bbc-hhl7in e17g058b0\" dir=\"ltr\">Na quarta-feira (20\/08), o ex-presidente e o deputado federal Eduardo Bolsonaro foram indiciados por coa\u00e7\u00e3o (intimida\u00e7\u00e3o) a autoridades que atuam no processo que apura uma suposta tentativa de golpe de Estado na qual Jair Bolsonaro \u00e9 r\u00e9u.<\/p>\n<\/div>\n<div class=\"bbc-19j92fr ebmt73l0\" dir=\"ltr\">\n<p class=\"bbc-hhl7in e17g058b0\" dir=\"ltr\">O indiciamento significa que, para a PF, h\u00e1 elementos para crer que pai e filho atuaram para pressionar autoridades envolvidas no curso do processo \u2014 que entrar\u00e1 na reta final a partir de setembro.<\/p>\n<\/div>\n<div class=\"bbc-19j92fr ebmt73l0\" dir=\"ltr\">\n<p class=\"bbc-hhl7in e17g058b0\" dir=\"ltr\">Para a PF, pai e filho atuaram de forma consciente para que o Brasil fosse alvo de san\u00e7\u00f5es impostas pelo governo dos Estados Unidos.<\/p>\n<\/div>\n<div class=\"bbc-19j92fr ebmt73l0\" dir=\"ltr\">\n<p class=\"bbc-hhl7in e17g058b0\" dir=\"ltr\">Confira, a seguir, alguns dos di\u00e1logos revelados no relat\u00f3rio final da pol\u00edcia.<\/p>\n<p dir=\"ltr\">Ironia e cr\u00edticas a Tarc\u00edsio<\/p>\n<div class=\"bbc-19j92fr ebmt73l0\" dir=\"ltr\">\n<p class=\"bbc-hhl7in e17g058b0\" dir=\"ltr\">trocas de mensagens revelam algumas das disputas internas no n\u00facleo mais pr\u00f3ximo ao ex-presidente Jair Bolsonaro, com cr\u00edticas profundas de Eduardo Bolsonaro ao governador de S\u00e3o Paulo e ex-ministro da Infraestrutura, Tarc\u00edsio de Freitas.<\/p>\n<\/div>\n<div class=\"bbc-19j92fr ebmt73l0\" dir=\"ltr\">\n<p class=\"bbc-hhl7in e17g058b0\" dir=\"ltr\">Conforme o relat\u00f3rio da PF, no dia 24 de junho, Bolsonaro envia para o filho, que j\u00e1 estava nos Estados Unidos, uma not\u00edcia do site Metr\u00f3poles com uma pesquisa de inten\u00e7\u00e3o de votos para 2026 e escreve: &#8220;Voc\u00ea perde para o molusco&#8221;, em refer\u00eancia a uma prevista vit\u00f3ria do presidente Luiz In\u00e1cio Lula da Silva (PT).<\/p>\n<div class=\"bbc-19j92fr ebmt73l0\" dir=\"ltr\">\n<p class=\"bbc-hhl7in e17g058b0\" dir=\"ltr\">Eduardo, ent\u00e3o, responde de forma ir\u00f4nica: &#8220;Acho melhor eu ficar de fora mesmo! Tarc\u00edsio vai levar \u00e0 frente suas bandeiras, inclusive demitindo secret\u00e1rias ligadas ao PSOL etc. E ele dialoga muito bem. Vai anistiar geral, e o STF, que sempre foi aliado nosso, n\u00e3o ser\u00e1 \u00f3bice&#8221;.<\/p>\n<\/div>\n<div class=\"bbc-19j92fr ebmt73l0\" dir=\"ltr\">\n<p class=\"bbc-hhl7in e17g058b0\" dir=\"ltr\">Em seguida, Eduardo comenta: &#8220;j\u00e1 imagino o TF (&#8230;)&#8221; (Tarc\u00edsio de Freitas) &#8220;(&#8230;) falando com o Trump sobre a China&#8221;. Logo depois, questiona o ex-presidente se ele teria conhecimento que tudo iria &#8220;cair na sua conta&#8221; e que o &#8220;futuro dos seus netos&#8221;, seria &#8220;falar ingl\u00eas mesmo&#8221;.<\/p>\n<\/div>\n<div class=\"bbc-19j92fr ebmt73l0\" dir=\"ltr\">\n<p class=\"bbc-hhl7in e17g058b0\" dir=\"ltr\">Na sequ\u00eancia Jair Bolsonaro envia, em resposta, dois \u00e1udios que n\u00e3o puderam ser recuperados na extra\u00e7\u00e3o, segundo a PF.<\/p>\n<\/div>\n<div class=\"bbc-19j92fr ebmt73l0\" dir=\"ltr\">\n<p class=\"bbc-hhl7in e17g058b0\" dir=\"ltr\">Tarc\u00edsio \u00e9 um dos principais cotados para representar o campo bolsonarista nas elei\u00e7\u00f5es de 2026, mas ele pr\u00f3prio afirma publicamente que seu plano \u00e9 disputar a reelei\u00e7\u00e3o em S\u00e3o Paulo. J\u00e1 Bolsonaro insiste que ser\u00e1 candidato, <a class=\"focusIndicatorReducedWidth bbc-n8oauk e1p3sufg0\" href=\"https:\/\/www.bbc.com\/portuguese\/articles\/c4nk4xp4x85o\">embora esteja ineleg\u00edvel devido a duas condena\u00e7\u00f5es no Tribunal Superior Eleitoral (TSE).<\/a><\/p>\n<\/div>\n<figure class=\"bbc-1qn0xuy\">\n<div class=\"bbc-1gbs0ve\"><img data-recalc-dims=\"1\" loading=\"lazy\" decoding=\"async\" class=\"bbc-139onq\" src=\"https:\/\/i0.wp.com\/ichef.bbci.co.uk\/ace\/ws\/640\/cpsprodpb\/7c63\/live\/b5d43770-7e76-11f0-a34f-318be3fb0481.png.webp?resize=600%2C400&#038;ssl=1\" sizes=\"auto, (min-width: 1008px) 760px, 100vw\" srcset=\"https:\/\/ichef.bbci.co.uk\/ace\/ws\/240\/cpsprodpb\/7c63\/live\/b5d43770-7e76-11f0-a34f-318be3fb0481.png.webp 240w, https:\/\/ichef.bbci.co.uk\/ace\/ws\/320\/cpsprodpb\/7c63\/live\/b5d43770-7e76-11f0-a34f-318be3fb0481.png.webp 320w, https:\/\/ichef.bbci.co.uk\/ace\/ws\/480\/cpsprodpb\/7c63\/live\/b5d43770-7e76-11f0-a34f-318be3fb0481.png.webp 480w, https:\/\/ichef.bbci.co.uk\/ace\/ws\/624\/cpsprodpb\/7c63\/live\/b5d43770-7e76-11f0-a34f-318be3fb0481.png.webp 624w, https:\/\/ichef.bbci.co.uk\/ace\/ws\/800\/cpsprodpb\/7c63\/live\/b5d43770-7e76-11f0-a34f-318be3fb0481.png.webp 800w\" alt=\"Captura das mensagens entre Jair Bolsonaro e Eduardo Bolsonaro reveladas pela PF\" width=\"600\" height=\"400\" \/><\/p>\n<p class=\"bbc-by8ykd\" role=\"text\"><span class=\"bbc-m04vo2\">CR\u00c9DITO, <\/span><span lang=\"en-GB\">REPRODU\u00c7\u00c3O \/ PF<\/span><\/p>\n<\/div>\n<\/figure>\n<div class=\"bbc-19j92fr ebmt73l0\" dir=\"ltr\">\n<p class=\"bbc-hhl7in e17g058b0\" dir=\"ltr\">No dia 25 de junho, Eduardo volta a se comunicar com Bolsonaro sobre o governador de S\u00e3o Paulo e envia uma foto, que a PF n\u00e3o conseguiu identificar. Ele afirma: &#8220;A narrativa do Tarc\u00edsio te sucedendo, que j\u00e1 h\u00e1 acordo para isto, est\u00e1 muito forte. Precisamos segurar isso para nos mantermos vivos aqui&#8221;.<\/p>\n<\/div>\n<div class=\"bbc-19j92fr ebmt73l0\" dir=\"ltr\">\n<p class=\"bbc-hhl7in e17g058b0\" dir=\"ltr\">Na avalia\u00e7\u00e3o dos investigadores da Pol\u00edcia Federal, a fala evidencia a &#8220;preocupa\u00e7\u00e3o&#8221; de que uma eventual escolha do governador como &#8220;sucessor de Jair Bolsonaro numa futura campanha presidencial possa atrapalhar as atividades em execu\u00e7\u00e3o nos Estados Unidos&#8221;.<\/p>\n<\/div>\n<div class=\"bbc-19j92fr ebmt73l0\" dir=\"ltr\">\n<p class=\"bbc-hhl7in e17g058b0\" dir=\"ltr\">Em resposta, o ex-presidente envia um arquivo de \u00e1udio, cujo conte\u00fado tamb\u00e9m n\u00e3o pode ser recuperado.<\/p>\n<\/div>\n<div class=\"bbc-19j92fr ebmt73l0\" dir=\"ltr\">\n<p class=\"bbc-hhl7in e17g058b0\" dir=\"ltr\">Em 11 de julho, Eduardo envia a Bolsonaro uma reportagem que cita um encontro entre o governador de S\u00e3o Paulo e o encarregado de neg\u00f3cios dos Estados Unidos na Embaixada americana em Bras\u00edlia.<\/p>\n<\/div>\n<div class=\"bbc-19j92fr ebmt73l0\" dir=\"ltr\">\n<p class=\"bbc-hhl7in e17g058b0\" dir=\"ltr\">O ex-presidente afirma que estaria com o governador naquele momento, e o deputado pede que seu pai informe a Tarc\u00edsio que &#8220;se quiser acessar a Casa Branca ele n\u00e3o conseguir\u00e1&#8221;, pois s\u00f3 quem teria acesso seriam o pr\u00f3prio deputado e o blogueiro Paulo Figueiredo. Diz: &#8220;S\u00f3 eu e Paulo Figueiredo temos acesso&#8221;.<\/p>\n<\/div>\n<div class=\"bbc-19j92fr ebmt73l0\" dir=\"ltr\">\n<p class=\"bbc-hhl7in e17g058b0\" dir=\"ltr\">&#8220;As mensagens evidenciam a preocupa\u00e7\u00e3o de Eduardo Bolsonaro em se colocar como o \u00fanico interlocutor perante o governo estadunidense, como forma de garantir o \u00eaxito das a\u00e7\u00f5es criminosas de coa\u00e7\u00e3o \u00e0s autoridades brasileiras, uma vez que, a participa\u00e7\u00e3o de outras autoridades brasileiras nas negocia\u00e7\u00f5es, visando solucionar apenas as diverg\u00eancias econ\u00f4micas, de interesse da sociedade brasileira, poderia frustrar as reais inten\u00e7\u00f5es dos investigados&#8221;, avalia a Pol\u00edcia Federal sobre o di\u00e1logo, no relat\u00f3rio.<\/p>\n<\/div>\n<figure class=\"bbc-1qn0xuy\">\n<div class=\"bbc-1gbs0ve\"><img data-recalc-dims=\"1\" loading=\"lazy\" decoding=\"async\" class=\"bbc-139onq\" src=\"https:\/\/i0.wp.com\/ichef.bbci.co.uk\/ace\/ws\/640\/cpsprodpb\/48d5\/live\/c2e9ac60-7e76-11f0-ab3e-bd52082cd0ae.png.webp?resize=600%2C678&#038;ssl=1\" sizes=\"auto, (min-width: 1008px) 760px, 100vw\" srcset=\"https:\/\/ichef.bbci.co.uk\/ace\/ws\/240\/cpsprodpb\/48d5\/live\/c2e9ac60-7e76-11f0-ab3e-bd52082cd0ae.png.webp 240w, https:\/\/ichef.bbci.co.uk\/ace\/ws\/320\/cpsprodpb\/48d5\/live\/c2e9ac60-7e76-11f0-ab3e-bd52082cd0ae.png.webp 320w, https:\/\/ichef.bbci.co.uk\/ace\/ws\/480\/cpsprodpb\/48d5\/live\/c2e9ac60-7e76-11f0-ab3e-bd52082cd0ae.png.webp 480w, https:\/\/ichef.bbci.co.uk\/ace\/ws\/617\/cpsprodpb\/48d5\/live\/c2e9ac60-7e76-11f0-ab3e-bd52082cd0ae.png.webp 617w\" alt=\"Captura das mensagens entre Jair Bolsonaro e Eduardo Bolsonaro reveladas pela PF\" width=\"600\" height=\"678\" \/><\/p>\n<p class=\"bbc-by8ykd\" role=\"text\"><span class=\"bbc-m04vo2\">CR\u00c9DITO, <\/span><span lang=\"en-GB\">REPRODU\u00c7\u00c3O\/PF<\/span><\/p>\n<\/div>\n<\/figure>\n<div class=\"bbc-19j92fr ebmt73l0\" dir=\"ltr\">\n<p class=\"bbc-hhl7in e17g058b0\" dir=\"ltr\">Ainda no mesmo dia, Eduardo Bolsonaro envia nova mensagem reiterando que a participa\u00e7\u00e3o de outra autoridade junto ao governo americano poderia inviabilizar seus esfor\u00e7os nos Estados Unidos.<\/p>\n<\/div>\n<div class=\"bbc-19j92fr ebmt73l0\" dir=\"ltr\">\n<p class=\"bbc-hhl7in e17g058b0\" dir=\"ltr\">O deputado ent\u00e3o coloca em d\u00favida a lealdade de Tarc\u00edsio, usando um palavr\u00e3o. Diz: &#8220;S\u00f3 para te deixar ciente: Tarc\u00edsio nunca te ajudou em nada no STF. Sempre esteve de bra\u00e7o cruzado vendo vc se f**** e se aquecendo para 2026&#8221;.<\/p>\n<\/div>\n<div class=\"bbc-19j92fr ebmt73l0\" dir=\"ltr\">\n<p class=\"bbc-hhl7in e17g058b0\" dir=\"ltr\">E completa: &#8220;Aqui nos EUA, tivemos que driblar a ideia plantada pelos aliados dele, de que Tarc\u00edsio = Bolsonaro, uma clara mensagem de que os EUA n\u00e3o precisariam entrar nesta briga, pois com TF [Tarc\u00edsio de Freitas] ou vc, Trump teria um aliado na presid\u00eancia do Brasil em 2027.&#8221;<\/p>\n<\/div>\n<div class=\"bbc-19j92fr ebmt73l0\" dir=\"ltr\">\n<p class=\"bbc-hhl7in e17g058b0\" dir=\"ltr\">&#8220;Agora ele quer posar de salvador da p\u00e1tria. Se o sistema enxergar no Tarc\u00edsio uma possibilidade de solu\u00e7\u00e3o, eles n\u00e3o v\u00e3o fazer o que est\u00e3o pressionados a fazer. E pode ter certeza, uma solu\u00e7\u00e3o Tarc\u00edsio passa longe de resolver o problema, vai apenas resolver a vida do pessoal da Faria Lima.&#8221;<\/p>\n<\/div>\n<div class=\"bbc-19j92fr ebmt73l0\" dir=\"ltr\">\n<h2 id=\"Xingamentos\" class=\"bbc-1lgzob2 eglt09e0\" tabindex=\"-1\">Xingamentos<\/h2>\n<\/div>\n<div class=\"bbc-19j92fr ebmt73l0\" dir=\"ltr\">\n<p class=\"bbc-hhl7in e17g058b0\" dir=\"ltr\">Em 15 de julho, Eduardo Bolsonaro inicia o di\u00e1logo com Jair Bolsonaro afirmando que n\u00e3o seria um bom dia para que seu pai concedesse uma entrevista ao jornal Poder 360, pois havia &#8220;muita coisa acontecendo&#8221;.<\/p>\n<\/div>\n<div class=\"bbc-19j92fr ebmt73l0\" dir=\"ltr\">\n<p class=\"bbc-hhl7in e17g058b0\" dir=\"ltr\">O deputado afirma ent\u00e3o que provavelmente iria at\u00e9 a Casa Branca no dia seguinte e diz ao ex-presidente que &#8220;se vc disser algo sobre EUA que n\u00e3o se encaixar com o que estamos fazendo aqui, pode enterrar algumas a\u00e7\u00f5es&#8221;.<\/p>\n<\/div>\n<div class=\"bbc-19j92fr ebmt73l0\" dir=\"ltr\">\n<p class=\"bbc-hhl7in e17g058b0\" dir=\"ltr\">Bolsonaro, em resposta, afirma que &#8220;n\u00e3o iria aprofundar nada sobre san\u00e7\u00f5es&#8221; na entrevista, e que iria &#8220;ficar na den\u00fancia&#8221;, em refer\u00eancia ao julgamento no qual \u00e9 r\u00e9u no STF.<\/p>\n<\/div>\n<div class=\"bbc-19j92fr ebmt73l0\" dir=\"ltr\">\n<p class=\"bbc-hhl7in e17g058b0\" dir=\"ltr\">O ex-presidente concedeu a entrevista no mesmo dia. Ao jornal Poder 360, disse que as tens\u00f5es entre Eduardo e Tarc\u00edsio haviam sido &#8220;pacificadas&#8221;.<\/p>\n<\/div>\n<div class=\"bbc-19j92fr ebmt73l0\" dir=\"ltr\">\n<p class=\"bbc-hhl7in e17g058b0\" dir=\"ltr\">&#8220;O Tarc\u00edsio \u00e9 governador de um estado, ele n\u00e3o \u00e9 Presidente da Rep\u00fablica. Ele tem que estar vendo o empresariado l\u00e1 de S\u00e3o Paulo, que por tabela \u00e9 todo mundo. No meu entender ele est\u00e1 fazendo o poss\u00edvel. Vai conseguir? N\u00e3o sei. Porque essas decis\u00f5es s\u00e3o pessoais do presidente Trump&#8221;, declarou na entrevista.<\/p>\n<\/div>\n<div class=\"bbc-19j92fr ebmt73l0\" dir=\"ltr\">\n<p class=\"bbc-hhl7in e17g058b0\" dir=\"ltr\">Disse ainda: &#8220;Ele (Eduardo Bolsonaro) apesar de ter feito 40 anos de idade agora, n\u00e9&#8230; ele n\u00e3o \u00e9 t\u00e3o maduro assim, vamos assim dizer, talhado para a pol\u00edtica&#8230; t\u00e1 bem. Ele acerta 90% das vezes, 9% quando meio e 1% est\u00e1 errando.&#8221;<\/p>\n<\/div>\n<figure class=\"bbc-1qn0xuy\">\n<div class=\"bbc-1gbs0ve\"><img data-recalc-dims=\"1\" loading=\"lazy\" decoding=\"async\" class=\"bbc-139onq\" src=\"https:\/\/i0.wp.com\/ichef.bbci.co.uk\/ace\/ws\/640\/cpsprodpb\/2dad\/live\/33b78df0-7e7b-11f0-83cc-c5da98c419b8.png.webp?resize=591%2C680&#038;ssl=1\" sizes=\"auto, (min-width: 1008px) 760px, 100vw\" srcset=\"https:\/\/ichef.bbci.co.uk\/ace\/ws\/240\/cpsprodpb\/2dad\/live\/33b78df0-7e7b-11f0-83cc-c5da98c419b8.png.webp 240w, https:\/\/ichef.bbci.co.uk\/ace\/ws\/320\/cpsprodpb\/2dad\/live\/33b78df0-7e7b-11f0-83cc-c5da98c419b8.png.webp 320w, https:\/\/ichef.bbci.co.uk\/ace\/ws\/480\/cpsprodpb\/2dad\/live\/33b78df0-7e7b-11f0-83cc-c5da98c419b8.png.webp 480w, https:\/\/ichef.bbci.co.uk\/ace\/ws\/591\/cpsprodpb\/2dad\/live\/33b78df0-7e7b-11f0-83cc-c5da98c419b8.png.webp 591w\" alt=\"Captura das mensagens entre Jair Bolsonaro e Eduardo Bolsonaro reveladas pela PF\" width=\"591\" height=\"680\" \/><\/p>\n<p class=\"bbc-by8ykd\" role=\"text\"><span class=\"bbc-m04vo2\">CR\u00c9DITO, <\/span><span lang=\"en-GB\">REPRODU\u00c7\u00c3O\/PF<\/span><\/p>\n<\/div>\n<\/figure>\n<div class=\"bbc-19j92fr ebmt73l0\" dir=\"ltr\">\n<p class=\"bbc-hhl7in e17g058b0\" dir=\"ltr\">Ap\u00f3s a publica\u00e7\u00e3o da entrevista, Eduardo demonstra irrita\u00e7\u00e3o com o pai pelas declara\u00e7\u00f5es, segundo a troca de mensagens divulgada pela PF.<\/p>\n<\/div>\n<div class=\"bbc-19j92fr ebmt73l0\" dir=\"ltr\">\n<p class=\"bbc-hhl7in e17g058b0\" dir=\"ltr\">&#8220;Eu ia deixar de lado a hist\u00f3ria do Tarc\u00edsio, mas gra\u00e7as aos elogios que voc\u00ea fez a mim no Poder 360 estou pensando seriamente em dar mais uma porrada nele, para ver se voc\u00ea aprende&#8221;, escreve o deputado.<\/p>\n<\/div>\n<div class=\"bbc-19j92fr ebmt73l0\" dir=\"ltr\">\n<p class=\"bbc-hhl7in e17g058b0\" dir=\"ltr\">Ele continua: &#8220;VTNC SEU INGRATO DO C******!&#8221;, usando um palavr\u00e3o. &#8220;Me f****** aqui! Vc ainda ajuda a te f**** a\u00ed!&#8221;, escreve ainda.<\/p>\n<\/div>\n<div class=\"bbc-19j92fr ebmt73l0\" dir=\"ltr\">\n<p class=\"bbc-hhl7in e17g058b0\" dir=\"ltr\">A conversa, segundo a PF, continuou com Eduardo citando termos usados pelo ex-presidente na entrevista.<\/p>\n<\/div>\n<div class=\"bbc-19j92fr ebmt73l0\" dir=\"ltr\">\n<p class=\"bbc-hhl7in e17g058b0\" dir=\"ltr\">&#8220;Se o IMATURO do seu filho de 40 anos n\u00e3o puder encontrar com os caras aqui, PORQUE VC ME JOGA PRA BAIXO, quem vai se fuder \u00e9 vc E VAI DECRETAR O RESTO DA MINHA VIDA NESTA P**** AQUI!&#8221;<\/p>\n<\/div>\n<div class=\"bbc-19j92fr ebmt73l0\" dir=\"ltr\">\n<p class=\"bbc-hhl7in e17g058b0\" dir=\"ltr\">Eduardo diz ao pai: &#8220;Tenha responsabilidade!&#8221;. Bolsonaro respondeu com dois \u00e1udios. Segundo a PF, o conte\u00fado n\u00e3o foi recuperado pela investiga\u00e7\u00e3o.<\/p>\n<\/div>\n<div class=\"bbc-19j92fr ebmt73l0\" dir=\"ltr\">\n<p class=\"bbc-hhl7in e17g058b0\" dir=\"ltr\">O deputado faz ent\u00e3o outros dois coment\u00e1rios: &#8220;quero que vc olhe para mim e enxergue o Temer&#8221;, &#8220;vc falaria isso do Temer?&#8221;.<\/p>\n<\/div>\n<div class=\"bbc-19j92fr ebmt73l0\" dir=\"ltr\">\n<p class=\"bbc-hhl7in e17g058b0\" dir=\"ltr\">Segundo o relat\u00f3rio, a pergunta &#8220;aparentemente tem como refer\u00eancia \u00e0 fala do ex-Presidente em entrevista ao jornal Poder360 quanto \u00e0 maturidade pol\u00edtica do filho.&#8221;<\/p>\n<\/div>\n<figure class=\"bbc-1qn0xuy\">\n<div class=\"bbc-1gbs0ve\"><img data-recalc-dims=\"1\" loading=\"lazy\" decoding=\"async\" class=\"bbc-139onq\" src=\"https:\/\/i0.wp.com\/ichef.bbci.co.uk\/ace\/ws\/640\/cpsprodpb\/c691\/live\/23533c20-7e7b-11f0-a34f-318be3fb0481.png.webp?resize=600%2C400&#038;ssl=1\" sizes=\"auto, (min-width: 1008px) 760px, 100vw\" srcset=\"https:\/\/ichef.bbci.co.uk\/ace\/ws\/240\/cpsprodpb\/c691\/live\/23533c20-7e7b-11f0-a34f-318be3fb0481.png.webp 240w, https:\/\/ichef.bbci.co.uk\/ace\/ws\/320\/cpsprodpb\/c691\/live\/23533c20-7e7b-11f0-a34f-318be3fb0481.png.webp 320w, https:\/\/ichef.bbci.co.uk\/ace\/ws\/480\/cpsprodpb\/c691\/live\/23533c20-7e7b-11f0-a34f-318be3fb0481.png.webp 480w, https:\/\/ichef.bbci.co.uk\/ace\/ws\/624\/cpsprodpb\/c691\/live\/23533c20-7e7b-11f0-a34f-318be3fb0481.png.webp 624w, https:\/\/ichef.bbci.co.uk\/ace\/ws\/800\/cpsprodpb\/c691\/live\/23533c20-7e7b-11f0-a34f-318be3fb0481.png.webp 800w\" alt=\"Captura das mensagens entre Jair Bolsonaro e Eduardo Bolsonaro reveladas pela PF\" width=\"600\" height=\"400\" \/><\/p>\n<p class=\"bbc-by8ykd\" role=\"text\"><span class=\"bbc-m04vo2\">CR\u00c9DITO, <\/span><span lang=\"en-GB\">REPRODU\u00c7\u00c3O\/PF<\/span><\/p>\n<\/div>\n<\/figure>\n<div class=\"bbc-19j92fr ebmt73l0\" dir=\"ltr\">\n<p class=\"bbc-hhl7in e17g058b0\" dir=\"ltr\">Tamb\u00e9m de acordo com o documento, as mensagens demonstram a preocupa\u00e7\u00e3o de Eduardo Bolsonaro com as declara\u00e7\u00f5es do ex-presidente, com o apoio dado ao governador Tarc\u00edsio de Freitas e na forma como isso refletiria em sua situa\u00e7\u00e3o pol\u00edtica nos Estados Unidos.<\/p>\n<\/div>\n<div class=\"bbc-19j92fr ebmt73l0\" dir=\"ltr\">\n<p class=\"bbc-hhl7in e17g058b0\" dir=\"ltr\">&#8220;Constata-se que o investigado temia que as declara\u00e7\u00f5es impactassem negativamente sua posi\u00e7\u00e3o e suposta influ\u00eancia no exterior, podendo &#8216;decretar o resto da sua vida&#8217; nos EUA&#8221;, diz a PF no relat\u00f3rio.<\/p>\n<\/div>\n<div class=\"bbc-19j92fr ebmt73l0\" dir=\"ltr\">\n<p class=\"bbc-hhl7in e17g058b0\" dir=\"ltr\">Ap\u00f3s essas mensagens, Jair Bolsonaro realizou um pronunciamento em rede nacional com afirma\u00e7\u00f5es mais favor\u00e1veis ao filho. Na madrugada do dia 16 de julho, Eduardo pede desculpas ao pai pelas falas realizadas no dia anterior, alegando que &#8220;estava p**** na hora&#8221;.<\/p>\n<\/div>\n<div class=\"bbc-19j92fr ebmt73l0\" dir=\"ltr\">\n<p class=\"bbc-hhl7in e17g058b0\" dir=\"ltr\">Em seguida, encaminha a foto de uma publica\u00e7\u00e3o sua na rede social X, pacificando o conflito entre ele e Tarc\u00edsio.<\/p>\n<\/div>\n<div class=\"bbc-19j92fr ebmt73l0\" dir=\"ltr\">\n<p class=\"bbc-hhl7in e17g058b0\" dir=\"ltr\">&#8220;Peguei pesado&#8230;&#8221;, diz Eduardo em uma das mensagens de desculpas enviadas ao pai.<\/p>\n<\/div>\n<figure class=\"bbc-1qn0xuy\">\n<div class=\"bbc-1gbs0ve\"><img data-recalc-dims=\"1\" loading=\"lazy\" decoding=\"async\" class=\"bbc-139onq\" src=\"https:\/\/i0.wp.com\/ichef.bbci.co.uk\/ace\/ws\/640\/cpsprodpb\/fe9f\/live\/495f1290-7e7b-11f0-83cc-c5da98c419b8.png.webp?resize=600%2C562&#038;ssl=1\" sizes=\"auto, (min-width: 1008px) 760px, 100vw\" srcset=\"https:\/\/ichef.bbci.co.uk\/ace\/ws\/240\/cpsprodpb\/fe9f\/live\/495f1290-7e7b-11f0-83cc-c5da98c419b8.png.webp 240w, https:\/\/ichef.bbci.co.uk\/ace\/ws\/320\/cpsprodpb\/fe9f\/live\/495f1290-7e7b-11f0-83cc-c5da98c419b8.png.webp 320w, https:\/\/ichef.bbci.co.uk\/ace\/ws\/480\/cpsprodpb\/fe9f\/live\/495f1290-7e7b-11f0-83cc-c5da98c419b8.png.webp 480w, https:\/\/ichef.bbci.co.uk\/ace\/ws\/624\/cpsprodpb\/fe9f\/live\/495f1290-7e7b-11f0-83cc-c5da98c419b8.png.webp 624w, https:\/\/ichef.bbci.co.uk\/ace\/ws\/678\/cpsprodpb\/fe9f\/live\/495f1290-7e7b-11f0-83cc-c5da98c419b8.png.webp 678w\" alt=\"Captura das mensagens entre Jair Bolsonaro e Eduardo Bolsonaro reveladas pela PF\" width=\"600\" height=\"562\" \/><\/p>\n<p class=\"bbc-by8ykd\" role=\"text\"><span class=\"bbc-m04vo2\">CR\u00c9DITO, <\/span><span lang=\"en-GB\">REPRODU\u00c7\u00c3O\/PF<\/span><\/p>\n<\/div>\n<\/figure>\n<div class=\"bbc-19j92fr ebmt73l0\" dir=\"ltr\">\n<h2 id=\"Vc-tem-sido-o-meu-maior-empecilho\" class=\"bbc-1lgzob2 eglt09e0\" tabindex=\"-1\">&#8216;Vc tem sido o meu maior empecilho&#8217;<\/h2>\n<\/div>\n<div class=\"bbc-19j92fr ebmt73l0\" dir=\"ltr\">\n<p class=\"bbc-hhl7in e17g058b0\" dir=\"ltr\">As mensagens reveladas pela PF revelam tamb\u00e9m outro momento de embate entre pai e filho.<\/p>\n<\/div>\n<div class=\"bbc-19j92fr ebmt73l0\" dir=\"ltr\">\n<p class=\"bbc-hhl7in e17g058b0\" dir=\"ltr\">Em 9 de julho, ap\u00f3s o an\u00fancio da imposi\u00e7\u00e3o da tarifa de 50% pelos EUA a produtos importados do Brasil, Jair e Eduardo Bolsonaro conversam sobre um poss\u00edvel posicionamento do ex-presidente \u00e0 not\u00edcia. O deputado envia ao pai um esbo\u00e7o de uma nota e pede aprova\u00e7\u00e3o para divulga\u00e7\u00e3o.<\/p>\n<\/div>\n<div class=\"bbc-19j92fr ebmt73l0\" dir=\"ltr\">\n<p class=\"bbc-hhl7in e17g058b0\" dir=\"ltr\">No dia seguinte, a PF identificou a realiza\u00e7\u00e3o de suas chamadas de v\u00eddeo entre os dois. Minutos ap\u00f3s o encerramento da segunda liga\u00e7\u00e3o, Eduardo envia uma mensagem advertindo o ex-presidente da necessidade de publicar um agradecimento ao presidente americano Donald Trump em suas redes sociais.<\/p>\n<\/div>\n<div class=\"bbc-19j92fr ebmt73l0\" dir=\"ltr\">\n<p class=\"bbc-hhl7in e17g058b0\" dir=\"ltr\">&#8220;O cara mais poderoso do mundo est\u00e1 a seu favor. Fizemos a nossa parte&#8221;, escreve o deputado.<\/p>\n<\/div>\n<div class=\"bbc-19j92fr ebmt73l0\" dir=\"ltr\">\n<p class=\"bbc-hhl7in e17g058b0\" dir=\"ltr\">Na continuidade da mensagem, Eduardo critica o pai por n\u00e3o fazer sequer &#8220;um tweet vaselina&#8221;.<\/p>\n<\/div>\n<div class=\"bbc-19j92fr ebmt73l0\" dir=\"ltr\">\n<p class=\"bbc-hhl7in e17g058b0\" dir=\"ltr\">&#8220;Uma guerra de cada vez. O cara mais poderoso do mundo est\u00e1 a seu favor. Fizemos a nossa parte. Se o maior beneficiado n\u00e3o consegue fazer um tweet vaselina, a\u00ed realmente ferrou&#8221;, diz o deputado.<\/p>\n<\/div>\n<div class=\"bbc-19j92fr ebmt73l0\" dir=\"ltr\">\n<p class=\"bbc-hhl7in e17g058b0\" dir=\"ltr\">&#8220;Vc tem sido o meu maior empecilho para poder te ajudar&#8221;, escreve ainda ao pai.<\/p>\n<\/div>\n<div class=\"bbc-19j92fr ebmt73l0\" dir=\"ltr\">\n<p class=\"bbc-hhl7in e17g058b0\" dir=\"ltr\">Eduardo segue: &#8220;Opini\u00e3o p\u00fablica vai entender e vc tem tempo para reverter se for o caso. Vc n\u00e3o vai ter tempo de reverter se o cara daqui virar as costas para voc\u00ea. Aqui \u00e9 tudo muito melindroso qualquer coisinha afeta. Na situa\u00e7\u00e3o de hoje, vc nem precisa se preocupar com cadeia, vc n\u00e3o ser\u00e1 preso. Mas tenho receio que por aqui as coisas mudem. Mesmo dentro da Casa Branca tem gente falando para o 01: &#8220;ok, Brasil j\u00e1 foi. Vamos oara (sic) a pr\u00f3xima&#8221;<\/p>\n<\/div>\n<div class=\"bbc-19j92fr ebmt73l0\" dir=\"ltr\">\n<p class=\"bbc-hhl7in e17g058b0\" dir=\"ltr\">&#8220;Eu quero postergar este bom momento de agora, mas se o nosso cara vai encontrar o 01 sem nenhum tweet seu, te adianto que isto n\u00e3o ser\u00e1 bem recebido&#8221;.<\/p>\n<\/div>\n<figure class=\"bbc-1qn0xuy\">\n<div class=\"bbc-1gbs0ve\"><img data-recalc-dims=\"1\" loading=\"lazy\" decoding=\"async\" class=\"bbc-139onq\" src=\"https:\/\/i0.wp.com\/ichef.bbci.co.uk\/ace\/ws\/640\/cpsprodpb\/293d\/live\/8b083cb0-7e7d-11f0-ab3e-bd52082cd0ae.png.webp?resize=600%2C654&#038;ssl=1\" sizes=\"auto, (min-width: 1008px) 760px, 100vw\" srcset=\"https:\/\/ichef.bbci.co.uk\/ace\/ws\/240\/cpsprodpb\/293d\/live\/8b083cb0-7e7d-11f0-ab3e-bd52082cd0ae.png.webp 240w, https:\/\/ichef.bbci.co.uk\/ace\/ws\/320\/cpsprodpb\/293d\/live\/8b083cb0-7e7d-11f0-ab3e-bd52082cd0ae.png.webp 320w, https:\/\/ichef.bbci.co.uk\/ace\/ws\/480\/cpsprodpb\/293d\/live\/8b083cb0-7e7d-11f0-ab3e-bd52082cd0ae.png.webp 480w, https:\/\/ichef.bbci.co.uk\/ace\/ws\/621\/cpsprodpb\/293d\/live\/8b083cb0-7e7d-11f0-ab3e-bd52082cd0ae.png.webp 621w\" alt=\"Captura das mensagens entre Jair Bolsonaro e Eduardo Bolsonaro reveladas pela PF\" width=\"600\" height=\"654\" \/><\/p>\n<p class=\"bbc-by8ykd\" role=\"text\"><span class=\"bbc-m04vo2\">CR\u00c9DITO, <\/span><span lang=\"en-GB\">REPRODU\u00c7\u00c3O\/PF<\/span><\/p>\n<\/div>\n<\/figure>\n<div class=\"bbc-19j92fr ebmt73l0\" dir=\"ltr\">\n<p class=\"bbc-hhl7in e17g058b0\" dir=\"ltr\">Em resposta, Jair Bolsonaro concorda. Os dois realizam ent\u00e3o mais uma chamada de v\u00eddeo e o ex-presidente envia um arquivo de \u00e1udio, que n\u00e3o pode ser recuperado, e outras mensagens que foram apagadas.<\/p>\n<\/div>\n<div class=\"bbc-19j92fr ebmt73l0\" dir=\"ltr\">\n<p class=\"bbc-hhl7in e17g058b0\" dir=\"ltr\">Eduardo, ent\u00e3o, questiona se poderia &#8220;divulgar&#8221; o pronunciamento e o ex-presidente responde com um &#8220;ok&#8221;.<\/p>\n<\/div>\n<div class=\"bbc-19j92fr ebmt73l0\" dir=\"ltr\">\n<p class=\"bbc-hhl7in e17g058b0\" dir=\"ltr\">Bolsonaro posteriormente encaminha uma nota similar \u00e0quela enviada pelo filho no dia anterior, mas com algumas altera\u00e7\u00f5es. O texto foi publicado no Instagram do ex-presidente no mesmo dia.<\/p>\n<\/div>\n<div class=\"bbc-19j92fr ebmt73l0\" dir=\"ltr\">\n<h2 id=\"Esse-seu-filho-\u00e9-um-babaca-inexperiente\" class=\"bbc-1lgzob2 eglt09e0\" tabindex=\"-1\">&#8216;Esse seu filho \u00e9 um babaca inexperiente&#8217;<\/h2>\n<\/div>\n<div class=\"bbc-19j92fr ebmt73l0\" dir=\"ltr\">\n<p class=\"bbc-hhl7in e17g058b0\" dir=\"ltr\">O relat\u00f3rio da Pol\u00edcia Federal tamb\u00e9m traz uma s\u00e9rie de di\u00e1logos entre Jair Bolsonaro e o pastor Silas Malafaia.<\/p>\n<\/div>\n<div class=\"bbc-19j92fr ebmt73l0\" dir=\"ltr\">\n<p class=\"bbc-hhl7in e17g058b0\" dir=\"ltr\">Em um das conversas, de 11 de julho, o religioso tamb\u00e9m faz cr\u00edticas ao governador Tarc\u00edsio de Freitas e ao seu encontro na Embaixada dos Estados Unidos.<\/p>\n<\/div>\n<div class=\"bbc-19j92fr ebmt73l0\" dir=\"ltr\">\n<p class=\"bbc-hhl7in e17g058b0\" dir=\"ltr\">&#8220;Voc\u00ea sabe que sou seu aliado de 1\u00aa hora. Com todo respeito a voc\u00ea. Se o que eu falar n\u00e3o for verdadeiro, por favor, n\u00e3o precisa me dar explica\u00e7\u00e3o nenhuma e desconsidere o que eu vou falar&#8221;, escreve Malafaia.<\/p>\n<\/div>\n<div class=\"bbc-19j92fr ebmt73l0\" dir=\"ltr\">\n<p class=\"bbc-hhl7in e17g058b0\" dir=\"ltr\">&#8221;Se Tarc\u00edsio foi \u00e0 embaixada americana a pedido seu, voc\u00ea cometeu o maior erro pol\u00edtico da sua vida&#8221;, continua.<\/p>\n<\/div>\n<div class=\"bbc-19j92fr ebmt73l0\" dir=\"ltr\">\n<p class=\"bbc-hhl7in e17g058b0\" dir=\"ltr\">&#8220;Se Trump refrescar para Lula sem resolver a sua quest\u00e3o que \u00e9 o motivo principal da taxa\u00e7\u00e3o \u2013 \u00e9 s\u00f3 ler a carta, Lula vai deitar e rolar e sair por cima&#8221;, diz ele. &#8220;O endere\u00e7o para acordo \u00e9 o STF, s\u00e3o os \u00fanicos que podem pressionar Lula e arrumar uma sa\u00edda honrosa para eles que est\u00e3o com o rabo na reta&#8221;.<\/p>\n<\/div>\n<div class=\"bbc-19j92fr ebmt73l0\" dir=\"ltr\">\n<p class=\"bbc-hhl7in e17g058b0\" dir=\"ltr\">&#8220;Voc\u00ea est\u00e1 com a faca e o queijo na m\u00e3o. Se errar a estrat\u00e9gia, sifus!&#8221;, finaliza.<\/p>\n<\/div>\n<figure class=\"bbc-1qn0xuy\">\n<div class=\"bbc-1gbs0ve\"><img data-recalc-dims=\"1\" loading=\"lazy\" decoding=\"async\" class=\"bbc-139onq\" src=\"https:\/\/i0.wp.com\/ichef.bbci.co.uk\/ace\/ws\/640\/cpsprodpb\/65da\/live\/5bf16b20-7e7f-11f0-83cc-c5da98c419b8.png.webp?resize=600%2C351&#038;ssl=1\" sizes=\"auto, (min-width: 1008px) 760px, 100vw\" srcset=\"https:\/\/ichef.bbci.co.uk\/ace\/ws\/240\/cpsprodpb\/65da\/live\/5bf16b20-7e7f-11f0-83cc-c5da98c419b8.png.webp 240w, https:\/\/ichef.bbci.co.uk\/ace\/ws\/320\/cpsprodpb\/65da\/live\/5bf16b20-7e7f-11f0-83cc-c5da98c419b8.png.webp 320w, https:\/\/ichef.bbci.co.uk\/ace\/ws\/480\/cpsprodpb\/65da\/live\/5bf16b20-7e7f-11f0-83cc-c5da98c419b8.png.webp 480w, https:\/\/ichef.bbci.co.uk\/ace\/ws\/624\/cpsprodpb\/65da\/live\/5bf16b20-7e7f-11f0-83cc-c5da98c419b8.png.webp 624w, https:\/\/ichef.bbci.co.uk\/ace\/ws\/647\/cpsprodpb\/65da\/live\/5bf16b20-7e7f-11f0-83cc-c5da98c419b8.png.webp 647w\" alt=\"Captura das mensagens entre Jair Bolsonaro e Silas Malafaia reveladas pela PF\" width=\"600\" height=\"351\" \/><\/p>\n<p class=\"bbc-by8ykd\" role=\"text\"><span class=\"bbc-m04vo2\">CR\u00c9DITO, <\/span><span lang=\"en-GB\">REPRODU\u00c7\u00c3O\/PF<\/span><\/p>\n<\/div>\n<\/figure>\n<div class=\"bbc-19j92fr ebmt73l0\" dir=\"ltr\">\n<p class=\"bbc-hhl7in e17g058b0\" dir=\"ltr\">Ainda no dia 11, Silas Malafaia escreve novamente para Jair Bolsonaro, dessa vez demonstrando descontentamento com Eduardo Bolsonaro e a forma como o deputado reagiu \u00e0 imposi\u00e7\u00e3o de novas tarifas ao Brasil pelos Estados Unidos.<\/p>\n<\/div>\n<div class=\"bbc-19j92fr ebmt73l0\" dir=\"ltr\">\n<p class=\"bbc-hhl7in e17g058b0\" dir=\"ltr\">&#8220;Esse seu filho \u00e9 Eduardo \u00e9 um babaca, inexperiente que est\u00e1 dando a Lula e a esquerda o discurso nacionalista, e, ao mesmo tempo, te ferrando&#8221;, disse o pastor.<\/p>\n<\/div>\n<div class=\"bbc-19j92fr ebmt73l0\" dir=\"ltr\">\n<p class=\"bbc-hhl7in e17g058b0\" dir=\"ltr\">O religioso continua: &#8220;Um est\u00fapido de marca maior. Estou indignado! S\u00f3 n\u00e3o fa\u00e7o um v\u00eddeo e arrebento com ele porque por considera\u00e7\u00e3o a voc\u00ea. N\u00e3o sei se vou ter paci\u00eancia e ficar calado se esse idiota falar mais alguma asneira&#8221;.<\/p>\n<\/div>\n<figure class=\"bbc-1qn0xuy\">\n<div class=\"bbc-1gbs0ve\"><img data-recalc-dims=\"1\" loading=\"lazy\" decoding=\"async\" class=\"bbc-139onq\" src=\"https:\/\/i0.wp.com\/ichef.bbci.co.uk\/ace\/ws\/640\/cpsprodpb\/346f\/live\/6d6e58e0-7e7f-11f0-a34f-318be3fb0481.png.webp?resize=600%2C252&#038;ssl=1\" sizes=\"auto, (min-width: 1008px) 760px, 100vw\" srcset=\"https:\/\/ichef.bbci.co.uk\/ace\/ws\/240\/cpsprodpb\/346f\/live\/6d6e58e0-7e7f-11f0-a34f-318be3fb0481.png.webp 240w, https:\/\/ichef.bbci.co.uk\/ace\/ws\/320\/cpsprodpb\/346f\/live\/6d6e58e0-7e7f-11f0-a34f-318be3fb0481.png.webp 320w, https:\/\/ichef.bbci.co.uk\/ace\/ws\/480\/cpsprodpb\/346f\/live\/6d6e58e0-7e7f-11f0-a34f-318be3fb0481.png.webp 480w, https:\/\/ichef.bbci.co.uk\/ace\/ws\/624\/cpsprodpb\/346f\/live\/6d6e58e0-7e7f-11f0-a34f-318be3fb0481.png.webp 624w, https:\/\/ichef.bbci.co.uk\/ace\/ws\/642\/cpsprodpb\/346f\/live\/6d6e58e0-7e7f-11f0-a34f-318be3fb0481.png.webp 642w\" alt=\"Captura das mensagens entre Jair Bolsonaro e Silas Malafaia reveladas pela PF\" width=\"600\" height=\"252\" \/><\/p>\n<p class=\"bbc-by8ykd\" role=\"text\"><span class=\"bbc-m04vo2\">CR\u00c9DITO, <\/span><span lang=\"en-GB\">REPRODU\u00c7\u00c3O\/PF<\/span><\/p>\n<\/div>\n<\/figure>\n<div class=\"bbc-19j92fr ebmt73l0\" dir=\"ltr\">\n<p class=\"bbc-hhl7in e17g058b0\" dir=\"ltr\">Malafaia est\u00e1 proibido de se comunicar com Jair Bolsonaro e Eduardo Bolsonaro, e de viajar para fora do Brasil, por ordem do ministro Alexandre de Moraes, do STF. O pastor precisou entregar todos seus passaportes \u00e0s autoridades.<\/p>\n<\/div>\n<div class=\"bbc-19j92fr ebmt73l0\" dir=\"ltr\">\n<p class=\"bbc-hhl7in e17g058b0\" dir=\"ltr\">A Pol\u00edcia Federal foi autorizada a acessar dispositivos eletr\u00f4nicos apreendidos e a quebrar sigilos banc\u00e1rio, fiscal e telef\u00f4nico do pastor.<\/p>\n<\/div>\n<div class=\"bbc-19j92fr ebmt73l0\" dir=\"ltr\">\n<p class=\"bbc-hhl7in e17g058b0\" dir=\"ltr\">Malafaia prestou depoimento \u00e0 pol\u00edcia na noite de quarta-feira (20\/08). Na sa\u00edda, ele foi recebido por apoiadores e em declara\u00e7\u00f5es a jornalistas criticou Moraes, a quem chamou de criminoso.<\/p>\n<\/div>\n<div class=\"bbc-19j92fr ebmt73l0\" dir=\"ltr\">\n<p class=\"bbc-hhl7in e17g058b0\" dir=\"ltr\">&#8220;Apreender meu passaporte? Eu n\u00e3o sou bandido. Apreender meu telefone? Vai descobrir o qu\u00ea? Eu ainda dei a senha, porque eu n\u00e3o tenho medo de nada&#8221;, disse Malafaia.<\/p>\n<\/div>\n<div class=\"bbc-19j92fr ebmt73l0\" dir=\"ltr\">\n<p class=\"bbc-hhl7in e17g058b0\" dir=\"ltr\">&#8220;Conversa com Bolsonaro&#8230; eu estou proibido de falar com ele. [Eu] converso com amigos. Eu tenho conversa de amigo. E conversas particulares n\u00e3o interessam a ningu\u00e9m. Que pa\u00eds \u00e9 esse que vaza conversas minhas particulares, como se eu instru\u00edsse Eduardo: &#8216;olha, faz assim, ou faz assado&#8217;. Quem sou eu? A posi\u00e7\u00e3o de Eduardo \u00e9 dele.&#8221;<\/p>\n<\/div>\n<div class=\"bbc-19j92fr ebmt73l0\" dir=\"ltr\">\n<p class=\"bbc-hhl7in e17g058b0\" dir=\"ltr\">&#8220;\u00c9 uma vergonha. Que pa\u00eds \u00e9 esse? Que democracia \u00e9 essa? Eu n\u00e3o vou me calar. Vai ter que me prender para me calar.&#8221;<\/p>\n<\/div>\n<\/div>\n<\/div>\n<\/div>\n","protected":false},"excerpt":{"rendered":"<p>BBC &#8211; Mensagens reproduzidas no relat\u00f3rio final em que a Pol\u00edcia Federal (PF) indiciou o ex-presidente Jair Bolsonaro (PL) e o seu filho Eduardo Bolsonaro (PL-SP) revelam desentendimentos entre o ex-mandat\u00e1rio e integrantes do seu n\u00facleo mais pr\u00f3ximo.<\/p>\n","protected":false},"author":1,"featured_media":0,"comment_status":"closed","ping_status":"open","sticky":false,"template":"","format":"standard","meta":{"_exactmetrics_skip_tracking":false,"_exactmetrics_sitenote_active":false,"_exactmetrics_sitenote_note":"","_exactmetrics_sitenote_category":0,"jetpack_post_was_ever_published":false,"_jetpack_newsletter_access":"","_jetpack_dont_email_post_to_subs":false,"_jetpack_newsletter_tier_id":0,"_jetpack_memberships_contains_paywalled_content":false,"_jetpack_memberships_contains_paid_content":false,"footnotes":"","jetpack_publicize_message":"","jetpack_publicize_feature_enabled":true,"jetpack_social_post_already_shared":true,"jetpack_social_options":{"image_generator_settings":{"template":"highway","enabled":false},"version":2}},"categories":[1],"tags":[53,164,1468,221],"class_list":["post-37321","post","type-post","status-publish","format-standard","hentry","category-notas","tag-bolsonaro","tag-celular","tag-conversas","tag-malafaia"],"jetpack_publicize_connections":[],"jetpack_sharing_enabled":true,"jetpack_featured_media_url":"","jetpack_shortlink":"https:\/\/wp.me\/p7wKYW-9HX","jetpack-related-posts":[],"_links":{"self":[{"href":"http:\/\/blogdalucianaoliveira.com.br\/blog\/wp-json\/wp\/v2\/posts\/37321","targetHints":{"allow":["GET"]}}],"collection":[{"href":"http:\/\/blogdalucianaoliveira.com.br\/blog\/wp-json\/wp\/v2\/posts"}],"about":[{"href":"http:\/\/blogdalucianaoliveira.com.br\/blog\/wp-json\/wp\/v2\/types\/post"}],"author":[{"embeddable":true,"href":"http:\/\/blogdalucianaoliveira.com.br\/blog\/wp-json\/wp\/v2\/users\/1"}],"replies":[{"embeddable":true,"href":"http:\/\/blogdalucianaoliveira.com.br\/blog\/wp-json\/wp\/v2\/comments?post=37321"}],"version-history":[{"count":1,"href":"http:\/\/blogdalucianaoliveira.com.br\/blog\/wp-json\/wp\/v2\/posts\/37321\/revisions"}],"predecessor-version":[{"id":37323,"href":"http:\/\/blogdalucianaoliveira.com.br\/blog\/wp-json\/wp\/v2\/posts\/37321\/revisions\/37323"}],"wp:attachment":[{"href":"http:\/\/blogdalucianaoliveira.com.br\/blog\/wp-json\/wp\/v2\/media?parent=37321"}],"wp:term":[{"taxonomy":"category","embeddable":true,"href":"http:\/\/blogdalucianaoliveira.com.br\/blog\/wp-json\/wp\/v2\/categories?post=37321"},{"taxonomy":"post_tag","embeddable":true,"href":"http:\/\/blogdalucianaoliveira.com.br\/blog\/wp-json\/wp\/v2\/tags?post=37321"}],"curies":[{"name":"wp","href":"https:\/\/api.w.org\/{rel}","templated":true}]}}