{"id":37324,"date":"2025-08-21T12:18:28","date_gmt":"2025-08-21T16:18:28","guid":{"rendered":"https:\/\/blogdalucianaoliveira.com.br\/blog\/?p=37324"},"modified":"2025-08-21T12:18:28","modified_gmt":"2025-08-21T16:18:28","slug":"deputada-claudia-de-jesus-propoe-lei-felca-para-combater-a-adultizacao-precoce-de-criancas-e-adolescentes-em-rondonia","status":"publish","type":"post","link":"http:\/\/blogdalucianaoliveira.com.br\/blog\/2025\/08\/21\/deputada-claudia-de-jesus-propoe-lei-felca-para-combater-a-adultizacao-precoce-de-criancas-e-adolescentes-em-rondonia\/","title":{"rendered":"Deputada Cl\u00e1udia de Jesus prop\u00f5e \u201cLei Felca\u201d para combater a adultiza\u00e7\u00e3o precoce de crian\u00e7as e adolescentes em Rond\u00f4nia"},"content":{"rendered":"<p style=\"text-align: left;\"><img data-recalc-dims=\"1\" loading=\"lazy\" decoding=\"async\" data-attachment-id=\"37325\" data-permalink=\"http:\/\/blogdalucianaoliveira.com.br\/blog\/2025\/08\/21\/deputada-claudia-de-jesus-propoe-lei-felca-para-combater-a-adultizacao-precoce-de-criancas-e-adolescentes-em-rondonia\/img_6103\/\" data-orig-file=\"https:\/\/i0.wp.com\/blogdalucianaoliveira.com.br\/blog\/wp-content\/uploads\/2025\/08\/IMG_6103.jpeg?fit=1620%2C1080\" data-orig-size=\"1620,1080\" data-comments-opened=\"0\" data-image-meta=\"{&quot;aperture&quot;:&quot;5.6&quot;,&quot;credit&quot;:&quot;&quot;,&quot;camera&quot;:&quot;Canon EOS Rebel SL3&quot;,&quot;caption&quot;:&quot;&quot;,&quot;created_timestamp&quot;:&quot;1753096295&quot;,&quot;copyright&quot;:&quot;&quot;,&quot;focal_length&quot;:&quot;55&quot;,&quot;iso&quot;:&quot;640&quot;,&quot;shutter_speed&quot;:&quot;0.004&quot;,&quot;title&quot;:&quot;&quot;,&quot;orientation&quot;:&quot;1&quot;}\" data-image-title=\"IMG_6103\" data-image-description=\"\" data-image-caption=\"\" data-medium-file=\"https:\/\/i0.wp.com\/blogdalucianaoliveira.com.br\/blog\/wp-content\/uploads\/2025\/08\/IMG_6103.jpeg?fit=300%2C200\" data-large-file=\"https:\/\/i0.wp.com\/blogdalucianaoliveira.com.br\/blog\/wp-content\/uploads\/2025\/08\/IMG_6103.jpeg?fit=600%2C400\" class=\"alignnone size-medium wp-image-37325\" src=\"https:\/\/i0.wp.com\/blogdalucianaoliveira.com.br\/blog\/wp-content\/uploads\/2025\/08\/IMG_6103.jpeg?resize=300%2C200\" alt=\"\" width=\"300\" height=\"200\" srcset=\"https:\/\/i0.wp.com\/blogdalucianaoliveira.com.br\/blog\/wp-content\/uploads\/2025\/08\/IMG_6103.jpeg?resize=300%2C200 300w, https:\/\/i0.wp.com\/blogdalucianaoliveira.com.br\/blog\/wp-content\/uploads\/2025\/08\/IMG_6103.jpeg?resize=1024%2C683 1024w, https:\/\/i0.wp.com\/blogdalucianaoliveira.com.br\/blog\/wp-content\/uploads\/2025\/08\/IMG_6103.jpeg?resize=768%2C512 768w, https:\/\/i0.wp.com\/blogdalucianaoliveira.com.br\/blog\/wp-content\/uploads\/2025\/08\/IMG_6103.jpeg?resize=1536%2C1024 1536w, https:\/\/i0.wp.com\/blogdalucianaoliveira.com.br\/blog\/wp-content\/uploads\/2025\/08\/IMG_6103.jpeg?resize=450%2C300 450w, https:\/\/i0.wp.com\/blogdalucianaoliveira.com.br\/blog\/wp-content\/uploads\/2025\/08\/IMG_6103.jpeg?w=1620 1620w, https:\/\/i0.wp.com\/blogdalucianaoliveira.com.br\/blog\/wp-content\/uploads\/2025\/08\/IMG_6103.jpeg?w=1200 1200w\" sizes=\"auto, (max-width: 300px) 100vw, 300px\" \/><\/p>\n<p>Projeto estabelece pol\u00edtica estadual para prevenir exposi\u00e7\u00e3o de menores a conte\u00fados e pr\u00e1ticas inapropriadas para a idade<!--more--><\/p>\n<p><span>A deputada estadual Cl\u00e1udia de Jesus (PT) protocolou na Assembleia Legislativa de Rond\u00f4nia um Projeto de Lei que cria a Pol\u00edtica Estadual de Preven\u00e7\u00e3o e Enfrentamento \u00e0 Adultiza\u00e7\u00e3o Precoce de Crian\u00e7as e Adolescentes. A proposta busca proteger o desenvolvimento f\u00edsico, mental e emocional de pessoas com menos de 18 anos, evitando que sejam expostas a conte\u00fados, ambientes e comportamentos voltados ao universo adulto.<\/span><\/p>\n<p dir=\"ltr\"><span>De acordo com o texto, considera-se adultiza\u00e7\u00e3o precoce toda forma de conduta ou influ\u00eancia que submeta crian\u00e7as e adolescentes a padr\u00f5es est\u00e9ticos, sociais e de consumo inadequados, como a erotiza\u00e7\u00e3o infantil, a exposi\u00e7\u00e3o a m\u00fasicas, dan\u00e7as, vestimentas e conte\u00fados impr\u00f3prios, al\u00e9m da participa\u00e7\u00e3o em eventos ou atividades laborais incompat\u00edveis com a legisla\u00e7\u00e3o.<\/span><\/p>\n<p dir=\"ltr\"><span>Entre as medidas previstas, est\u00e3o a realiza\u00e7\u00e3o de campanhas educativas em escolas e meios de comunica\u00e7\u00e3o, a cria\u00e7\u00e3o de canais de den\u00fancia integrados ao Conselho Tutelar e ao Minist\u00e9rio P\u00fablico, a capacita\u00e7\u00e3o de profissionais das \u00e1reas de sa\u00fade, educa\u00e7\u00e3o e assist\u00eancia social, al\u00e9m da oferta de atendimento psicol\u00f3gico, social e jur\u00eddico \u00e0s v\u00edtimas e suas fam\u00edlias.<\/span><\/p>\n<p dir=\"ltr\"><span>Projetos semelhantes ficaram conhecidos nacionalmente como \u201cLei Felca\u201d, ap\u00f3s o influenciador denunciar como imagens de crian\u00e7as e adolescentes t\u00eam alimentado a pedofilia na internet. Diante desse alerta, o Governo Federal tamb\u00e9m refor\u00e7ou as a\u00e7\u00f5es para combater esse tipo de viol\u00eancia.<\/span><\/p>\n<p dir=\"ltr\"><span>Na justificativa, Cl\u00e1udia de Jesus ressalta que a inf\u00e2ncia e a adolesc\u00eancia s\u00e3o etapas fundamentais do desenvolvimento humano e precisam ser protegidas de press\u00f5es indevidas. \u201cNosso objetivo \u00e9 garantir que crian\u00e7as e adolescentes tenham uma forma\u00e7\u00e3o saud\u00e1vel, livre de influ\u00eancias que possam prejudicar seu desenvolvimento e a constru\u00e7\u00e3o de sua cidadania plena\u201d, afirmou a parlamentar.<\/span><\/p>\n<p dir=\"ltr\"><span>Se aprovado, o projeto representar\u00e1 um avan\u00e7o na defesa dos direitos das crian\u00e7as e adolescentes em Rond\u00f4nia, alinhando-se ao Estatuto da Crian\u00e7a e do Adolescente (ECA) e fortalecendo o papel do Estado na promo\u00e7\u00e3o de pol\u00edticas p\u00fablicas de prote\u00e7\u00e3o \u00e0 inf\u00e2ncia.<\/span><\/p>\n<p dir=\"ltr\"><span>Veja o PL: <a href=\"https:\/\/sapl.al.ro.leg.br\/media\/sapl\/public\/materialegislativa\/2025\/49321\/pl_1025-25.pdf\" target=\"_blank\" rel=\"nofollow noopener noreferrer\">https:\/\/sapl.al.ro.leg.br\/media\/sapl\/public\/materialegislativa\/2025\/49321\/pl_1025-25.pdf<\/a><\/span><\/p>\n<p dir=\"ltr\"><span>Texto e foto: Fabricia Lopes &#8211; Assessoria parlamentar<\/span><\/p>\n","protected":false},"excerpt":{"rendered":"<p>Projeto estabelece pol\u00edtica estadual para prevenir exposi\u00e7\u00e3o de menores a conte\u00fados e pr\u00e1ticas inapropriadas para a idade<\/p>\n","protected":false},"author":1,"featured_media":0,"comment_status":"closed","ping_status":"open","sticky":false,"template":"","format":"standard","meta":{"_exactmetrics_skip_tracking":false,"_exactmetrics_sitenote_active":false,"_exactmetrics_sitenote_note":"","_exactmetrics_sitenote_category":0,"jetpack_post_was_ever_published":false,"_jetpack_newsletter_access":"","_jetpack_dont_email_post_to_subs":false,"_jetpack_newsletter_tier_id":0,"_jetpack_memberships_contains_paywalled_content":false,"_jetpack_memberships_contains_paid_content":false,"footnotes":"","jetpack_publicize_message":"","jetpack_publicize_feature_enabled":true,"jetpack_social_post_already_shared":true,"jetpack_social_options":{"image_generator_settings":{"template":"highway","enabled":false},"version":2}},"categories":[1],"tags":[1429,1469,1470],"class_list":["post-37324","post","type-post","status-publish","format-standard","hentry","category-notas","tag-deputada-claudia-de-jesus","tag-felca","tag-lei"],"jetpack_publicize_connections":[],"jetpack_sharing_enabled":true,"jetpack_featured_media_url":"","jetpack_shortlink":"https:\/\/wp.me\/p7wKYW-9I0","jetpack-related-posts":[],"_links":{"self":[{"href":"http:\/\/blogdalucianaoliveira.com.br\/blog\/wp-json\/wp\/v2\/posts\/37324","targetHints":{"allow":["GET"]}}],"collection":[{"href":"http:\/\/blogdalucianaoliveira.com.br\/blog\/wp-json\/wp\/v2\/posts"}],"about":[{"href":"http:\/\/blogdalucianaoliveira.com.br\/blog\/wp-json\/wp\/v2\/types\/post"}],"author":[{"embeddable":true,"href":"http:\/\/blogdalucianaoliveira.com.br\/blog\/wp-json\/wp\/v2\/users\/1"}],"replies":[{"embeddable":true,"href":"http:\/\/blogdalucianaoliveira.com.br\/blog\/wp-json\/wp\/v2\/comments?post=37324"}],"version-history":[{"count":1,"href":"http:\/\/blogdalucianaoliveira.com.br\/blog\/wp-json\/wp\/v2\/posts\/37324\/revisions"}],"predecessor-version":[{"id":37326,"href":"http:\/\/blogdalucianaoliveira.com.br\/blog\/wp-json\/wp\/v2\/posts\/37324\/revisions\/37326"}],"wp:attachment":[{"href":"http:\/\/blogdalucianaoliveira.com.br\/blog\/wp-json\/wp\/v2\/media?parent=37324"}],"wp:term":[{"taxonomy":"category","embeddable":true,"href":"http:\/\/blogdalucianaoliveira.com.br\/blog\/wp-json\/wp\/v2\/categories?post=37324"},{"taxonomy":"post_tag","embeddable":true,"href":"http:\/\/blogdalucianaoliveira.com.br\/blog\/wp-json\/wp\/v2\/tags?post=37324"}],"curies":[{"name":"wp","href":"https:\/\/api.w.org\/{rel}","templated":true}]}}