{"id":37328,"date":"2025-08-25T08:25:57","date_gmt":"2025-08-25T12:25:57","guid":{"rendered":"https:\/\/blogdalucianaoliveira.com.br\/blog\/?p=37328"},"modified":"2025-08-25T08:25:57","modified_gmt":"2025-08-25T12:25:57","slug":"tarifaco-faz-carne-ficar-mais-cara-nos-eua-como-ficara-o-preco-no-brasil","status":"publish","type":"post","link":"http:\/\/blogdalucianaoliveira.com.br\/blog\/2025\/08\/25\/tarifaco-faz-carne-ficar-mais-cara-nos-eua-como-ficara-o-preco-no-brasil\/","title":{"rendered":"Tarifa\u00e7o faz carne ficar mais cara nos EUA; como ficar\u00e1 o pre\u00e7o no Brasil?"},"content":{"rendered":"<p><img data-recalc-dims=\"1\" loading=\"lazy\" decoding=\"async\" data-attachment-id=\"37329\" data-permalink=\"http:\/\/blogdalucianaoliveira.com.br\/blog\/2025\/08\/25\/tarifaco-faz-carne-ficar-mais-cara-nos-eua-como-ficara-o-preco-no-brasil\/img_6212\/\" data-orig-file=\"https:\/\/i0.wp.com\/blogdalucianaoliveira.com.br\/blog\/wp-content\/uploads\/2025\/08\/IMG_6212.webp?fit=900%2C600\" data-orig-size=\"900,600\" data-comments-opened=\"0\" data-image-meta=\"{&quot;aperture&quot;:&quot;0&quot;,&quot;credit&quot;:&quot;&quot;,&quot;camera&quot;:&quot;&quot;,&quot;caption&quot;:&quot;&quot;,&quot;created_timestamp&quot;:&quot;0&quot;,&quot;copyright&quot;:&quot;&quot;,&quot;focal_length&quot;:&quot;0&quot;,&quot;iso&quot;:&quot;0&quot;,&quot;shutter_speed&quot;:&quot;0&quot;,&quot;title&quot;:&quot;&quot;,&quot;orientation&quot;:&quot;0&quot;}\" data-image-title=\"IMG_6212\" data-image-description=\"\" data-image-caption=\"\" data-medium-file=\"https:\/\/i0.wp.com\/blogdalucianaoliveira.com.br\/blog\/wp-content\/uploads\/2025\/08\/IMG_6212.webp?fit=300%2C200\" data-large-file=\"https:\/\/i0.wp.com\/blogdalucianaoliveira.com.br\/blog\/wp-content\/uploads\/2025\/08\/IMG_6212.webp?fit=600%2C400\" class=\"alignnone size-medium wp-image-37329\" src=\"https:\/\/i0.wp.com\/blogdalucianaoliveira.com.br\/blog\/wp-content\/uploads\/2025\/08\/IMG_6212.webp?resize=300%2C200\" alt=\"\" width=\"300\" height=\"200\" srcset=\"https:\/\/i0.wp.com\/blogdalucianaoliveira.com.br\/blog\/wp-content\/uploads\/2025\/08\/IMG_6212.webp?resize=300%2C200 300w, https:\/\/i0.wp.com\/blogdalucianaoliveira.com.br\/blog\/wp-content\/uploads\/2025\/08\/IMG_6212.webp?resize=768%2C512 768w, https:\/\/i0.wp.com\/blogdalucianaoliveira.com.br\/blog\/wp-content\/uploads\/2025\/08\/IMG_6212.webp?resize=450%2C300 450w, https:\/\/i0.wp.com\/blogdalucianaoliveira.com.br\/blog\/wp-content\/uploads\/2025\/08\/IMG_6212.webp?w=900 900w\" sizes=\"auto, (max-width: 300px) 100vw, 300px\" \/><\/p>\n<p>Isto\u00e9 Dinheiro, por Bruno Pavan &#8211; O tarifa\u00e7o de 50% sobre os produtos brasileiros nos Estados Unidos j\u00e1 est\u00e1 provocando impactos no bolso dos norte-americanos. Nesta semana, o Departamento de Estat\u00edsticas de Trabalho anunciou que a <a href=\"https:\/\/istoedinheiro.com.br\/?s=Carne\" target=\"_blank\" rel=\"noopener\"><strong>carne<\/strong><\/a> bovina subiu 2,5% em julho e acumula alta de 11,3% em 12 meses. O pre\u00e7o m\u00e9dio dos bifes crus chegou a um valor equivalente a R$ 143 o quilo.<!--more--><\/p>\n<p>Apesar de ser um dos principais produtores de carne bovina do mundo, os <strong>EUA<\/strong> dependem muito de importa\u00e7\u00f5es para abastecer o mercado interno. O Brasil \u00e9 respons\u00e1vel por 26% de toda a importa\u00e7\u00e3o de carne para o pa\u00eds e os EUA s\u00e3o o segundo maior destino das exporta\u00e7\u00f5es brasileiras no setor. Com a sobretaxa que passou a ser aplicada no come\u00e7o de agosto, a carne brasileira passou a pagar 76% de imposto.<\/p>\n<h2>Pre\u00e7o da carne vai cair no Brasil?<\/h2>\n<p>Analistas do mercado se dividem sobre se o pre\u00e7o da carne no Brasil vai sofrer uma queda por conta do tarifa\u00e7o. O economista-chefe da Blue 3 Investimentos, Roberto Simioni, acredita que a queda pode acontecer nos pr\u00f3ximos meses por conta de um excesso de oferta do produto que originalmente seria vendido para os Estados Unidos.<\/p>\n<blockquote><p><strong>\u201cParte da produ\u00e7\u00e3o que \u00a0poderia ser exportada deve ser redirecionada para o consumo dom\u00e9stico, o que aumenta a oferta interna, e vai pressionar \u00a0os pre\u00e7os para baixo. A redu\u00e7\u00e3o da rentabilidade vai levar produtores a aumentar o abate de f\u00eamea, diminuindo a forma\u00e7\u00e3o de novos rebanhos para o futuro, buscando provocar uma falta da carne e provocar uma alta nos pre\u00e7os nos pr\u00f3ximos meses no mercado interno, como forma de compensar a perda do mercado externo\u201d, explicou Roberto Simioni, economista-chefe da Blue 3 Investimentos.\u00a0<\/strong><\/p><\/blockquote>\n<p>Por outro lado, relat\u00f3rio da Scot Consultoria afirma que n\u00e3o haver\u00e1 essa oferta maior em raz\u00e3o do volume de exporta\u00e7\u00e3o para os EUA j\u00e1 ter diminu\u00eddos nos \u00faltimos meses e o escoamento para outros mercados j\u00e1 estar acontecendo.<\/p>\n<blockquote><p><strong>\u201cAp\u00f3s a entrada em vigor das tarifas no dia 6, o volume embarcado na semana de 10\/8 a 16\/8 permaneceu dentro da m\u00e9dia anual e, n\u00e3o somente isso, os valores atingiram as m\u00e1ximas do ano, ou seja, com EUA ou sem EUA a nossa exporta\u00e7\u00e3o, a princ\u00edpio, permaneceu a mesma. Tamb\u00e9m avaliamos que vendemos mais para os EUA no primeiro semestre por algumas empresas que j\u00e1 avaliavam que as tarifas iriam vir e se anteciparam na forma\u00e7\u00e3o de estoques\u201d, apontou a consultoria.<\/strong><\/p><\/blockquote>\n<h2>Carne acumula infla\u00e7\u00e3o de 23% em 12 meses no Brasil<\/h2>\n<p>Mesmo se o cen\u00e1rio de queda se confirmar, ela n\u00e3o deve fazer com que o produto volte ao patamar de um ano atr\u00e1s. O pre\u00e7o da carne medido pelo \u00cdndice de Pre\u00e7os ao Consumidor Amplo (IPCA) para o m\u00eas de julho mostrou uma queda de 0,3%, o que ajudou a infla\u00e7\u00e3o no per\u00edodo ficar em 0,26%, abaixo da previs\u00e3o do mercado de 0,36%. No entanto, a carne bovina foi uma das vil\u00e3s da infla\u00e7\u00e3o do ano, acumulando alta de 23% no acumulado de 12 meses.<\/p>\n<p>Simioni acredita que o excesso de produ\u00e7\u00e3o que vai permanecer no mercado interno pode fazer com que a carne bovina caia no m\u00e1ximo 8% nos pr\u00f3ximos meses.<\/p>\n<h2><strong>EUA vai sentir mais o tarifa\u00e7o\u00a0<\/strong><\/h2>\n<p>Apesar de prever algum impacto negativo para a pecu\u00e1ria brasileira, o setor acredita que os Estados Unidos v\u00e3o sofrer mais com o tarifa\u00e7o do que o Brasil. Embora sejam o maior produtor mundial de carne bovina e um importante exportador, os EUA s\u00e3o tamb\u00e9m o segundo maior importador global, atr\u00e1s apenas da China. O d\u00e9ficit de carne bovina nos EUA veio de 300 mil t em 2023 para quase 1 milh\u00e3o de toneladas estimadas pelo USDA para 2025.<\/p>\n<p>Segundo o Analista de Diversifica\u00e7\u00e3o Internacional da InvestSmart XP, Bruno Suzuki, os pre\u00e7os devem chegar at\u00e9 as redes de fast food.<\/p>\n<p>\u201cSem os cortes magros importados, frigor\u00edficos s\u00e3o for\u00e7ados a utilizar cortes nobres do gado local, elevando tamb\u00e9m o custo de bifes e churrascos, o que amplia a press\u00e3o sobre consumidores e redes de fast-food\u201d, apontou.<\/p>\n<p>Levantamento da Datagro aponta que enquanto os exportadores brasileiros possuem grandes vantagens comparativas em termos de capacidade de redirecionamento das cargas a outros mercados, os importadores norte-americanos podem estar diante de um refor\u00e7o de aperto substancial na disponibilidade local da prote\u00edna.<\/p>\n<blockquote><p><strong>\u201cEssa maior relev\u00e2ncia proporcional da carne brasileira para o mercado estadunidense n\u00e3o se d\u00e1 apenas em termos de volumes absolutos, como tamb\u00e9m em padr\u00f5es dos cortes importados pelos americanos. O principal produto exportado aos EUA pelo Brasil s\u00e3o os chamados beef trimmings, que s\u00e3o peda\u00e7os de carne bovina restantes do processo de corte e limpeza das pe\u00e7as tradicionais, que na pr\u00e1tica, s\u00e3o importados para serem mo\u00eddos Metade do consumo per capita de carne bovina da popula\u00e7\u00e3o dos EUA se apoia na carne mo\u00edda, que no mercado dom\u00e9stico local \u00e9 beneficiada majoritariamente a partir de f\u00eameas bovinas de menor padr\u00e3o de qualidade\u201d, apontou a consultoria.\u00a0<\/strong><\/p><\/blockquote>\n<p>A representatividade da carne brasileira nas importa\u00e7\u00f5es totais dos EUA triplicou entre 2021 e 2025, de 66 para 221 mil toneladas.<\/p>\n<h2>Quem mais come carne no mundo<\/h2>\n<p>O mercado interno brasileiro para a carne bovina vem aumentando a cada ano. Em 2024 o brasil foi o terceiro maior consumidor de carne em absoluto do mundo. J\u00e1 na disponibilidade per capita, que divide o consumo total pelo n\u00famero de habitantes, o Brasil fica na quinta coloca\u00e7\u00e3o<\/p>\n<p>Confira o ranking divulgado pela Associa\u00e7\u00e3o Brasileira das Ind\u00fastrias Exportadoras de Carne (Abiec):<\/p>\n<table dir=\"ltr\" border=\"1\" cellspacing=\"0\" cellpadding=\"0\" data-sheets-root=\"1\" data-sheets-baot=\"1\">\n<colgroup>\n<col width=\"100\" \/>\n<col width=\"100\" \/>\n<col width=\"137\" \/>\n<col width=\"256\" \/><\/colgroup>\n<tbody>\n<tr>\n<td><strong>Pa\u00eds<\/strong><\/td>\n<td><strong>Consumo total (1.000 TEC)<\/strong><\/td>\n<td><strong>Popula\u00e7\u00e3o (milh\u00f5es)<\/strong><\/td>\n<td><strong>Disponibilidade per capita (kg\/hab\/ano)<\/strong><\/td>\n<\/tr>\n<tr>\n<td>EUA<\/td>\n<td>12.668<\/td>\n<td>337<\/td>\n<td>37,6<\/td>\n<\/tr>\n<tr>\n<td>China<\/td>\n<td>11.955<\/td>\n<td>1.409<\/td>\n<td>8,5<\/td>\n<\/tr>\n<tr>\n<td>Brasil<\/td>\n<td>8.095<\/td>\n<td>213<\/td>\n<td>38,1<\/td>\n<\/tr>\n<tr>\n<td>\u00cdndia<\/td>\n<td>2.990<\/td>\n<td>1.442<\/td>\n<td>2,1<\/td>\n<\/tr>\n<tr>\n<td>Paquist\u00e3o<\/td>\n<td>2.476<\/td>\n<td>236<\/td>\n<td>10,5<\/td>\n<\/tr>\n<tr>\n<td>M\u00e9xico<\/td>\n<td>2.152<\/td>\n<td>132<\/td>\n<td>16,3<\/td>\n<\/tr>\n<tr>\n<td>Argentina<\/td>\n<td>2.042<\/td>\n<td>47<\/td>\n<td>43,3<\/td>\n<\/tr>\n<tr>\n<td>R\u00fassia<\/td>\n<td>1.888<\/td>\n<td>146<\/td>\n<td>12,9<\/td>\n<\/tr>\n<tr>\n<td>Turquia<\/td>\n<td>1.636<\/td>\n<td>86<\/td>\n<td>19,1<\/td>\n<\/tr>\n<tr>\n<td>Fran\u00e7a<\/td>\n<td>1.547<\/td>\n<td>66<\/td>\n<td>23,4<\/td>\n<\/tr>\n<tr>\n<td>Jap\u00e3o<\/td>\n<td>1.255<\/td>\n<td>124<\/td>\n<td>10,1<\/td>\n<\/tr>\n<tr>\n<td>Uzbequist\u00e3o<\/td>\n<td>1.118<\/td>\n<td>37<\/td>\n<td>30,3<\/td>\n<\/tr>\n<tr>\n<td>Reino Unido<\/td>\n<td>1.104<\/td>\n<td>68<\/td>\n<td>16,1<\/td>\n<\/tr>\n<tr>\n<td>Alemanha<\/td>\n<td>1.104<\/td>\n<td>85<\/td>\n<td>13<\/td>\n<\/tr>\n<tr>\n<td>\u00c1frica do Sul<\/td>\n<td>1.025<\/td>\n<td>63<\/td>\n<td>16,2<\/td>\n<\/tr>\n<tr>\n<td>It\u00e1lia<\/td>\n<td>1.018<\/td>\n<td>59<\/td>\n<td>17,3<\/td>\n<\/tr>\n<tr>\n<td>Cor\u00e9ia<\/td>\n<td>980<\/td>\n<td>52<\/td>\n<td>18,9<\/td>\n<\/tr>\n<tr>\n<td>Canad\u00e1<\/td>\n<td>902<\/td>\n<td>41<\/td>\n<td>21,9<\/td>\n<\/tr>\n<tr>\n<td>Indon\u00e9sia<\/td>\n<td>873<\/td>\n<td>282<\/td>\n<td>3,1<\/td>\n<\/tr>\n<tr>\n<td>Egito<\/td>\n<td>857<\/td>\n<td>107<\/td>\n<td>8<\/td>\n<\/tr>\n<tr>\n<td>Zimbabu\u00e9<\/td>\n<td>750<\/td>\n<td>17<\/td>\n<td>44,1<\/td>\n<\/tr>\n<tr>\n<td>Col\u00f4mbia<\/td>\n<td>722<\/td>\n<td>53<\/td>\n<td>13,7<\/td>\n<\/tr>\n<tr>\n<td>Espanha<\/td>\n<td>569<\/td>\n<td>48<\/td>\n<td>11,8<\/td>\n<\/tr>\n<tr>\n<td>Austr\u00e1lia<\/td>\n<td>558<\/td>\n<td>27<\/td>\n<td>20,4<\/td>\n<\/tr>\n<tr>\n<td>Uruguai<\/td>\n<td>138<\/td>\n<td>4<\/td>\n<td>38,6<\/td>\n<\/tr>\n<tr>\n<td>Outros<\/td>\n<td>18.692<\/td>\n<td>2.699<\/td>\n<td>6,9<\/td>\n<\/tr>\n<tr>\n<td>Mundo<\/td>\n<td>78.973,90<\/td>\n<td>7.876,20<\/td>\n<td>10<\/td>\n<\/tr>\n<\/tbody>\n<\/table>\n<p><em>Fonte: Athenagro, dados FAO, USDA,OCDE, IBGE<\/em><\/p>\n<div class=\"share_box mob\"><\/div>\n","protected":false},"excerpt":{"rendered":"<p>Isto\u00e9 Dinheiro, por Bruno Pavan &#8211; O tarifa\u00e7o de 50% sobre os produtos brasileiros nos Estados Unidos j\u00e1 est\u00e1 provocando impactos no bolso dos norte-americanos. Nesta semana, o Departamento de Estat\u00edsticas de Trabalho anunciou que a carne bovina subiu 2,5% em julho e acumula alta de 11,3% em 12 meses. O pre\u00e7o m\u00e9dio dos bifes&#8230;<a class=\"more-link\" href=\"http:\/\/blogdalucianaoliveira.com.br\/blog\/2025\/08\/25\/tarifaco-faz-carne-ficar-mais-cara-nos-eua-como-ficara-o-preco-no-brasil\/\">Continue a leitura <span class=\"meta-nav\">&raquo;<\/span><\/a><\/p>\n","protected":false},"author":1,"featured_media":0,"comment_status":"closed","ping_status":"open","sticky":false,"template":"","format":"standard","meta":{"_exactmetrics_skip_tracking":false,"_exactmetrics_sitenote_active":false,"_exactmetrics_sitenote_note":"","_exactmetrics_sitenote_category":0,"jetpack_post_was_ever_published":false,"_jetpack_newsletter_access":"","_jetpack_dont_email_post_to_subs":false,"_jetpack_newsletter_tier_id":0,"_jetpack_memberships_contains_paywalled_content":false,"_jetpack_memberships_contains_paid_content":false,"footnotes":"","jetpack_publicize_message":"","jetpack_publicize_feature_enabled":true,"jetpack_social_post_already_shared":true,"jetpack_social_options":{"image_generator_settings":{"template":"highway","enabled":false},"version":2}},"categories":[1],"tags":[1039,304,1298],"class_list":["post-37328","post","type-post","status-publish","format-standard","hentry","category-notas","tag-carne","tag-eua","tag-tarifaco"],"jetpack_publicize_connections":[],"jetpack_sharing_enabled":true,"jetpack_featured_media_url":"","jetpack_shortlink":"https:\/\/wp.me\/p7wKYW-9I4","jetpack-related-posts":[],"_links":{"self":[{"href":"http:\/\/blogdalucianaoliveira.com.br\/blog\/wp-json\/wp\/v2\/posts\/37328","targetHints":{"allow":["GET"]}}],"collection":[{"href":"http:\/\/blogdalucianaoliveira.com.br\/blog\/wp-json\/wp\/v2\/posts"}],"about":[{"href":"http:\/\/blogdalucianaoliveira.com.br\/blog\/wp-json\/wp\/v2\/types\/post"}],"author":[{"embeddable":true,"href":"http:\/\/blogdalucianaoliveira.com.br\/blog\/wp-json\/wp\/v2\/users\/1"}],"replies":[{"embeddable":true,"href":"http:\/\/blogdalucianaoliveira.com.br\/blog\/wp-json\/wp\/v2\/comments?post=37328"}],"version-history":[{"count":1,"href":"http:\/\/blogdalucianaoliveira.com.br\/blog\/wp-json\/wp\/v2\/posts\/37328\/revisions"}],"predecessor-version":[{"id":37330,"href":"http:\/\/blogdalucianaoliveira.com.br\/blog\/wp-json\/wp\/v2\/posts\/37328\/revisions\/37330"}],"wp:attachment":[{"href":"http:\/\/blogdalucianaoliveira.com.br\/blog\/wp-json\/wp\/v2\/media?parent=37328"}],"wp:term":[{"taxonomy":"category","embeddable":true,"href":"http:\/\/blogdalucianaoliveira.com.br\/blog\/wp-json\/wp\/v2\/categories?post=37328"},{"taxonomy":"post_tag","embeddable":true,"href":"http:\/\/blogdalucianaoliveira.com.br\/blog\/wp-json\/wp\/v2\/tags?post=37328"}],"curies":[{"name":"wp","href":"https:\/\/api.w.org\/{rel}","templated":true}]}}