{"id":37331,"date":"2025-08-25T08:30:56","date_gmt":"2025-08-25T12:30:56","guid":{"rendered":"https:\/\/blogdalucianaoliveira.com.br\/blog\/?p=37331"},"modified":"2025-08-25T08:30:56","modified_gmt":"2025-08-25T12:30:56","slug":"maioria-dos-brasileiros-reconhece-participacao-de-bolsonaro-em-tentativa-de-golpe-de-estado-aponta-quaest","status":"publish","type":"post","link":"http:\/\/blogdalucianaoliveira.com.br\/blog\/2025\/08\/25\/maioria-dos-brasileiros-reconhece-participacao-de-bolsonaro-em-tentativa-de-golpe-de-estado-aponta-quaest\/","title":{"rendered":"Maioria dos brasileiros reconhece participa\u00e7\u00e3o de Bolsonaro em tentativa de golpe de Estado, aponta Quaest"},"content":{"rendered":"<p><img data-recalc-dims=\"1\" loading=\"lazy\" decoding=\"async\" data-attachment-id=\"37332\" data-permalink=\"http:\/\/blogdalucianaoliveira.com.br\/blog\/2025\/08\/25\/maioria-dos-brasileiros-reconhece-participacao-de-bolsonaro-em-tentativa-de-golpe-de-estado-aponta-quaest\/img_6213-2\/\" data-orig-file=\"https:\/\/i0.wp.com\/blogdalucianaoliveira.com.br\/blog\/wp-content\/uploads\/2025\/08\/IMG_6213.webp?fit=500%2C240\" data-orig-size=\"500,240\" data-comments-opened=\"0\" data-image-meta=\"{&quot;aperture&quot;:&quot;0&quot;,&quot;credit&quot;:&quot;&quot;,&quot;camera&quot;:&quot;&quot;,&quot;caption&quot;:&quot;&quot;,&quot;created_timestamp&quot;:&quot;0&quot;,&quot;copyright&quot;:&quot;&quot;,&quot;focal_length&quot;:&quot;0&quot;,&quot;iso&quot;:&quot;0&quot;,&quot;shutter_speed&quot;:&quot;0&quot;,&quot;title&quot;:&quot;&quot;,&quot;orientation&quot;:&quot;0&quot;}\" data-image-title=\"IMG_6213\" data-image-description=\"\" data-image-caption=\"\" data-medium-file=\"https:\/\/i0.wp.com\/blogdalucianaoliveira.com.br\/blog\/wp-content\/uploads\/2025\/08\/IMG_6213.webp?fit=300%2C144\" data-large-file=\"https:\/\/i0.wp.com\/blogdalucianaoliveira.com.br\/blog\/wp-content\/uploads\/2025\/08\/IMG_6213.webp?fit=500%2C240\" class=\"alignnone size-medium wp-image-37332\" src=\"https:\/\/i0.wp.com\/blogdalucianaoliveira.com.br\/blog\/wp-content\/uploads\/2025\/08\/IMG_6213.webp?resize=300%2C144\" alt=\"\" width=\"300\" height=\"144\" srcset=\"https:\/\/i0.wp.com\/blogdalucianaoliveira.com.br\/blog\/wp-content\/uploads\/2025\/08\/IMG_6213.webp?resize=300%2C144 300w, https:\/\/i0.wp.com\/blogdalucianaoliveira.com.br\/blog\/wp-content\/uploads\/2025\/08\/IMG_6213.webp?w=500 500w\" sizes=\"auto, (max-width: 300px) 100vw, 300px\" \/><\/p>\n<h2 class=\"article__lead\">Levantamento mostra que 52% acreditam na participa\u00e7\u00e3o de Bolsonaro e 55% apoiam pris\u00e3o domiciliar determinada por Alexandre de Moraes<\/h2>\n<p><!--more--><\/p>\n<p><b>247 &#8211; <\/b>Uma pesquisa do Instituto Quaest, encomendada pela Genial Investimentos e divulgada pelo <a href=\"https:\/\/g1.globo.com\/politica\/noticia\/2025\/08\/25\/quaest-bolsonaro-prisao-domiciliar.ghtml\" target=\"_blank\" rel=\"noopener noreferrer\">g1<\/a>, revelou que 52% dos brasileiros acreditam que Jair Bolsonaro (PL) participou do plano de tentativa de golpe de Estado no pa\u00eds ap\u00f3s as elei\u00e7\u00f5es de 2022. O \u00edndice cresceu em rela\u00e7\u00e3o a mar\u00e7o, quando 49% compartilhavam dessa opini\u00e3o. Outros 36% rejeitam essa ideia, enquanto 10% n\u00e3o souberam responder.<\/p>\n<p>O estudo ouviu 2.004 pessoas entre 13 e 17 de agosto e tamb\u00e9m avaliou a percep\u00e7\u00e3o da popula\u00e7\u00e3o sobre a pris\u00e3o domiciliar de Bolsonaro, decretada em 4 de agosto pelo ministro Alexandre de Moraes, do Supremo Tribunal Federal (STF). Para 55% dos entrevistados, a medida \u00e9 justa, contra 39% que a classificam como injusta. Apenas 6% n\u00e3o souberam ou preferiram n\u00e3o responder.<\/p>\n<div>\n<div id=\"notsy_container_387236289\" class=\"B24_VIDEO  marginBottom30 marginTop30\" data-notsy-container-index=\"3\" data-notsy-mapped-container=\"1\"><\/div>\n<\/div>\n<h2>Quem apoia e quem rejeita a pris\u00e3o domiciliar<\/h2>\n<p>Segundo o levantamento, o apoio \u00e0 decis\u00e3o de Moraes \u00e9 mais forte entre cidad\u00e3os que se identificam como de esquerda, mas n\u00e3o se declaram lulistas (93%), entre eleitores do presidente Luiz In\u00e1cio Lula da Silva (PT) no segundo turno de 2022 (84%) e entre moradores do Nordeste (65%). Tamb\u00e9m h\u00e1 maioria de apoio entre cat\u00f3licos (62%), jovens de 16 a 34 anos (59%), mulheres (58%) e pessoas com at\u00e9 o ensino fundamental completo (56%).<\/p>\n<p>J\u00e1 a rejei\u00e7\u00e3o \u00e0 medida \u00e9 predominante entre bolsonaristas convictos (87%), eleitores de Bolsonaro no segundo turno de 2022 (83%) e entre evang\u00e9licos (57%).<\/p>\n<h2>Chamadas de v\u00eddeo e acusa\u00e7\u00e3o de provoca\u00e7\u00e3o<\/h2>\n<p>Moraes justificou a pris\u00e3o ao apontar descumprimento de medidas cautelares, como a realiza\u00e7\u00e3o de chamadas de v\u00eddeo durante manifesta\u00e7\u00f5es bolsonaristas em 3 de agosto. A pesquisa Quaest mostra que 57% dos entrevistados acreditam que Bolsonaro agiu de prop\u00f3sito para provocar o ministro, enquanto 30% avaliam que ele n\u00e3o compreendeu corretamente as restri\u00e7\u00f5es. Outros 13% n\u00e3o souberam responder.<\/p>\n<h2>Julgamento no stf e percep\u00e7\u00e3o p\u00fablica<\/h2>\n<p>O levantamento tamb\u00e9m indica que 86% da popula\u00e7\u00e3o j\u00e1 tinham conhecimento de que Bolsonaro ser\u00e1 julgado pelo Supremo Tribunal Federal, em processo que come\u00e7ar\u00e1 em 2 de setembro. Em mar\u00e7o, esse percentual era de 73%. Por outro lado, a fatia de entrevistados que n\u00e3o sabia sobre o julgamento caiu de 27% para 14%.<\/p>\n<h2>Repercuss\u00e3o e visibilidade do caso<\/h2>\n<p>A visibilidade da pris\u00e3o domiciliar \u00e9 ampla: 84% dos brasileiros disseram estar cientes da medida, contra 16% que afirmaram ter tomado conhecimento apenas no momento da entrevista. A imagem publicada pelo senador Fl\u00e1vio Bolsonaro, mostrando o pai em casa falando ao telefone durante ato em Copacabana, refor\u00e7ou ainda mais a repercuss\u00e3o pol\u00edtica do caso.<\/p>\n","protected":false},"excerpt":{"rendered":"<p>Levantamento mostra que 52% acreditam na participa\u00e7\u00e3o de Bolsonaro e 55% apoiam pris\u00e3o domiciliar determinada por Alexandre de Moraes<\/p>\n","protected":false},"author":1,"featured_media":0,"comment_status":"closed","ping_status":"open","sticky":false,"template":"","format":"standard","meta":{"_exactmetrics_skip_tracking":false,"_exactmetrics_sitenote_active":false,"_exactmetrics_sitenote_note":"","_exactmetrics_sitenote_category":0,"jetpack_post_was_ever_published":false,"_jetpack_newsletter_access":"","_jetpack_dont_email_post_to_subs":false,"_jetpack_newsletter_tier_id":0,"_jetpack_memberships_contains_paywalled_content":false,"_jetpack_memberships_contains_paid_content":false,"footnotes":"","jetpack_publicize_message":"","jetpack_publicize_feature_enabled":true,"jetpack_social_post_already_shared":true,"jetpack_social_options":{"image_generator_settings":{"template":"highway","enabled":false},"version":2}},"categories":[1],"tags":[53,39,1471],"class_list":["post-37331","post","type-post","status-publish","format-standard","hentry","category-notas","tag-bolsonaro","tag-golpe","tag-quaest"],"jetpack_publicize_connections":[],"jetpack_sharing_enabled":true,"jetpack_featured_media_url":"","jetpack_shortlink":"https:\/\/wp.me\/p7wKYW-9I7","jetpack-related-posts":[],"_links":{"self":[{"href":"http:\/\/blogdalucianaoliveira.com.br\/blog\/wp-json\/wp\/v2\/posts\/37331","targetHints":{"allow":["GET"]}}],"collection":[{"href":"http:\/\/blogdalucianaoliveira.com.br\/blog\/wp-json\/wp\/v2\/posts"}],"about":[{"href":"http:\/\/blogdalucianaoliveira.com.br\/blog\/wp-json\/wp\/v2\/types\/post"}],"author":[{"embeddable":true,"href":"http:\/\/blogdalucianaoliveira.com.br\/blog\/wp-json\/wp\/v2\/users\/1"}],"replies":[{"embeddable":true,"href":"http:\/\/blogdalucianaoliveira.com.br\/blog\/wp-json\/wp\/v2\/comments?post=37331"}],"version-history":[{"count":1,"href":"http:\/\/blogdalucianaoliveira.com.br\/blog\/wp-json\/wp\/v2\/posts\/37331\/revisions"}],"predecessor-version":[{"id":37333,"href":"http:\/\/blogdalucianaoliveira.com.br\/blog\/wp-json\/wp\/v2\/posts\/37331\/revisions\/37333"}],"wp:attachment":[{"href":"http:\/\/blogdalucianaoliveira.com.br\/blog\/wp-json\/wp\/v2\/media?parent=37331"}],"wp:term":[{"taxonomy":"category","embeddable":true,"href":"http:\/\/blogdalucianaoliveira.com.br\/blog\/wp-json\/wp\/v2\/categories?post=37331"},{"taxonomy":"post_tag","embeddable":true,"href":"http:\/\/blogdalucianaoliveira.com.br\/blog\/wp-json\/wp\/v2\/tags?post=37331"}],"curies":[{"name":"wp","href":"https:\/\/api.w.org\/{rel}","templated":true}]}}