{"id":37334,"date":"2025-08-25T14:32:22","date_gmt":"2025-08-25T18:32:22","guid":{"rendered":"https:\/\/blogdalucianaoliveira.com.br\/blog\/?p=37334"},"modified":"2025-08-25T14:32:22","modified_gmt":"2025-08-25T18:32:22","slug":"deputada-claudia-de-jesus-entrega-r470-mil-em-investimentos-para-lazer-e-saude-em-cujubim","status":"publish","type":"post","link":"http:\/\/blogdalucianaoliveira.com.br\/blog\/2025\/08\/25\/deputada-claudia-de-jesus-entrega-r470-mil-em-investimentos-para-lazer-e-saude-em-cujubim\/","title":{"rendered":"Deputada Cl\u00e1udia de Jesus entrega R$470 mil em investimentos para lazer e sa\u00fade em Cujubim"},"content":{"rendered":"<p><img data-recalc-dims=\"1\" loading=\"lazy\" decoding=\"async\" data-attachment-id=\"37341\" data-permalink=\"http:\/\/blogdalucianaoliveira.com.br\/blog\/2025\/08\/25\/deputada-claudia-de-jesus-entrega-r470-mil-em-investimentos-para-lazer-e-saude-em-cujubim\/img_6236-2\/\" data-orig-file=\"https:\/\/i0.wp.com\/blogdalucianaoliveira.com.br\/blog\/wp-content\/uploads\/2025\/08\/IMG_6236-1.jpeg?fit=1138%2C776\" data-orig-size=\"1138,776\" data-comments-opened=\"0\" data-image-meta=\"{&quot;aperture&quot;:&quot;0&quot;,&quot;credit&quot;:&quot;&quot;,&quot;camera&quot;:&quot;&quot;,&quot;caption&quot;:&quot;&quot;,&quot;created_timestamp&quot;:&quot;0&quot;,&quot;copyright&quot;:&quot;&quot;,&quot;focal_length&quot;:&quot;0&quot;,&quot;iso&quot;:&quot;0&quot;,&quot;shutter_speed&quot;:&quot;0&quot;,&quot;title&quot;:&quot;&quot;,&quot;orientation&quot;:&quot;1&quot;}\" data-image-title=\"IMG_6236\" data-image-description=\"\" data-image-caption=\"\" data-medium-file=\"https:\/\/i0.wp.com\/blogdalucianaoliveira.com.br\/blog\/wp-content\/uploads\/2025\/08\/IMG_6236-1.jpeg?fit=300%2C205\" data-large-file=\"https:\/\/i0.wp.com\/blogdalucianaoliveira.com.br\/blog\/wp-content\/uploads\/2025\/08\/IMG_6236-1.jpeg?fit=600%2C409\" class=\"alignnone size-medium wp-image-37341\" src=\"https:\/\/i0.wp.com\/blogdalucianaoliveira.com.br\/blog\/wp-content\/uploads\/2025\/08\/IMG_6236-1.jpeg?resize=300%2C205\" alt=\"\" width=\"300\" height=\"205\" srcset=\"https:\/\/i0.wp.com\/blogdalucianaoliveira.com.br\/blog\/wp-content\/uploads\/2025\/08\/IMG_6236-1.jpeg?resize=300%2C205 300w, https:\/\/i0.wp.com\/blogdalucianaoliveira.com.br\/blog\/wp-content\/uploads\/2025\/08\/IMG_6236-1.jpeg?resize=1024%2C698 1024w, https:\/\/i0.wp.com\/blogdalucianaoliveira.com.br\/blog\/wp-content\/uploads\/2025\/08\/IMG_6236-1.jpeg?resize=768%2C524 768w, https:\/\/i0.wp.com\/blogdalucianaoliveira.com.br\/blog\/wp-content\/uploads\/2025\/08\/IMG_6236-1.jpeg?resize=440%2C300 440w, https:\/\/i0.wp.com\/blogdalucianaoliveira.com.br\/blog\/wp-content\/uploads\/2025\/08\/IMG_6236-1.jpeg?w=1138 1138w\" sizes=\"auto, (max-width: 300px) 100vw, 300px\" \/><\/p>\n<div>\n<p>Parlamentar destinou verba para revitaliza\u00e7\u00e3o de pra\u00e7a e garantiu motocicletas para agentes de sa\u00fade.<\/p>\n<p>Com apoio da deputada estadual Cl\u00e1udia de Jesus (PT), o munic\u00edpio de Cujubim recebeu investimentos em infraestrutura de lazer e no fortalecimento da sa\u00fade p\u00fablica. Na \u00faltima quinta-feira (21), a parlamentar acompanhou a entrega de motocicletas destinadas aos agentes comunit\u00e1rios de sa\u00fade.<\/p>\n<p>Os ve\u00edculos foram adquiridos com recursos de emenda parlamentar, o investimento soma R$ 400.000,00, com contrapartida municipal de R$ 11.600,00, e v\u00e3o oferecer mais agilidade no atendimento \u00e0 popula\u00e7\u00e3o, al\u00e9m de garantir melhores condi\u00e7\u00f5es de trabalho para os profissionais. \u00a0\u201cEsses recursos s\u00e3o fruto de di\u00e1logo e compromisso com a cidade. As motos fortalecem a sa\u00fade p\u00fablica e a pra\u00e7a se tornou um espa\u00e7o de lazer e encontro para a comunidade. Vamos seguir trabalhando em parceria com a gest\u00e3o municipal para garantir mais melhorias para Cujubim\u201d, afirmou Cl\u00e1udia de Jesus.<\/p>\n<p><img data-recalc-dims=\"1\" loading=\"lazy\" decoding=\"async\" data-attachment-id=\"37339\" data-permalink=\"http:\/\/blogdalucianaoliveira.com.br\/blog\/2025\/08\/25\/deputada-claudia-de-jesus-entrega-r470-mil-em-investimentos-para-lazer-e-saude-em-cujubim\/img_6235-2\/\" data-orig-file=\"https:\/\/i0.wp.com\/blogdalucianaoliveira.com.br\/blog\/wp-content\/uploads\/2025\/08\/IMG_6235-1.jpeg?fit=1121%2C757\" data-orig-size=\"1121,757\" data-comments-opened=\"0\" data-image-meta=\"{&quot;aperture&quot;:&quot;0&quot;,&quot;credit&quot;:&quot;&quot;,&quot;camera&quot;:&quot;&quot;,&quot;caption&quot;:&quot;&quot;,&quot;created_timestamp&quot;:&quot;0&quot;,&quot;copyright&quot;:&quot;&quot;,&quot;focal_length&quot;:&quot;0&quot;,&quot;iso&quot;:&quot;0&quot;,&quot;shutter_speed&quot;:&quot;0&quot;,&quot;title&quot;:&quot;&quot;,&quot;orientation&quot;:&quot;1&quot;}\" data-image-title=\"IMG_6235\" data-image-description=\"\" data-image-caption=\"\" data-medium-file=\"https:\/\/i0.wp.com\/blogdalucianaoliveira.com.br\/blog\/wp-content\/uploads\/2025\/08\/IMG_6235-1.jpeg?fit=300%2C203\" data-large-file=\"https:\/\/i0.wp.com\/blogdalucianaoliveira.com.br\/blog\/wp-content\/uploads\/2025\/08\/IMG_6235-1.jpeg?fit=600%2C405\" class=\"alignnone size-medium wp-image-37339\" src=\"https:\/\/i0.wp.com\/blogdalucianaoliveira.com.br\/blog\/wp-content\/uploads\/2025\/08\/IMG_6235-1.jpeg?resize=300%2C203\" alt=\"\" width=\"300\" height=\"203\" srcset=\"https:\/\/i0.wp.com\/blogdalucianaoliveira.com.br\/blog\/wp-content\/uploads\/2025\/08\/IMG_6235-1.jpeg?resize=300%2C203 300w, https:\/\/i0.wp.com\/blogdalucianaoliveira.com.br\/blog\/wp-content\/uploads\/2025\/08\/IMG_6235-1.jpeg?resize=1024%2C691 1024w, https:\/\/i0.wp.com\/blogdalucianaoliveira.com.br\/blog\/wp-content\/uploads\/2025\/08\/IMG_6235-1.jpeg?resize=768%2C519 768w, https:\/\/i0.wp.com\/blogdalucianaoliveira.com.br\/blog\/wp-content\/uploads\/2025\/08\/IMG_6235-1.jpeg?resize=444%2C300 444w, https:\/\/i0.wp.com\/blogdalucianaoliveira.com.br\/blog\/wp-content\/uploads\/2025\/08\/IMG_6235-1.jpeg?w=1121 1121w\" sizes=\"auto, (max-width: 300px) 100vw, 300px\" \/><\/p>\n<p>Durante a agenda, Cl\u00e1udia tamb\u00e9m visitou a Pra\u00e7a Flor da Paineira, que foi revitalizada com R$ 70 mil de emenda. O espa\u00e7o \u00e9 resultado de uma solicita\u00e7\u00e3o da ex-vereadora Rosa Becker e se tornou um ponto de conviv\u00eancia e lazer para a comunidade local. A visita contou com a presen\u00e7a do prefeito Jo\u00e3o Becker (Uni\u00e3o Brasil).<\/p>\n<p>Texto: Cristiane Abreu &#8211; Assessoria parlamentar.<\/p>\n<\/div>\n<p>&nbsp;<\/p>\n<p>&nbsp;<\/p>\n<p>&nbsp;<\/p>\n","protected":false},"excerpt":{"rendered":"<p>Parlamentar destinou verba para revitaliza\u00e7\u00e3o de pra\u00e7a e garantiu motocicletas para agentes de sa\u00fade. Com apoio da deputada estadual Cl\u00e1udia de Jesus (PT), o munic\u00edpio de Cujubim recebeu investimentos em infraestrutura de lazer e no fortalecimento da sa\u00fade p\u00fablica. Na \u00faltima quinta-feira (21), a parlamentar acompanhou a entrega de motocicletas destinadas aos agentes comunit\u00e1rios de&#8230;<a class=\"more-link\" href=\"http:\/\/blogdalucianaoliveira.com.br\/blog\/2025\/08\/25\/deputada-claudia-de-jesus-entrega-r470-mil-em-investimentos-para-lazer-e-saude-em-cujubim\/\">Continue a leitura <span class=\"meta-nav\">&raquo;<\/span><\/a><\/p>\n","protected":false},"author":1,"featured_media":0,"comment_status":"closed","ping_status":"open","sticky":false,"template":"","format":"standard","meta":{"_exactmetrics_skip_tracking":false,"_exactmetrics_sitenote_active":false,"_exactmetrics_sitenote_note":"","_exactmetrics_sitenote_category":0,"jetpack_post_was_ever_published":false,"_jetpack_newsletter_access":"","_jetpack_dont_email_post_to_subs":false,"_jetpack_newsletter_tier_id":0,"_jetpack_memberships_contains_paywalled_content":false,"_jetpack_memberships_contains_paid_content":false,"footnotes":"","jetpack_publicize_message":"","jetpack_publicize_feature_enabled":true,"jetpack_social_post_already_shared":true,"jetpack_social_options":{"image_generator_settings":{"template":"highway","enabled":false},"version":2}},"categories":[1],"tags":[1472,1429,1455],"class_list":["post-37334","post","type-post","status-publish","format-standard","hentry","category-notas","tag-cujubim","tag-deputada-claudia-de-jesus","tag-emenda"],"jetpack_publicize_connections":[],"jetpack_sharing_enabled":true,"jetpack_featured_media_url":"","jetpack_shortlink":"https:\/\/wp.me\/p7wKYW-9Ia","jetpack-related-posts":[],"_links":{"self":[{"href":"http:\/\/blogdalucianaoliveira.com.br\/blog\/wp-json\/wp\/v2\/posts\/37334","targetHints":{"allow":["GET"]}}],"collection":[{"href":"http:\/\/blogdalucianaoliveira.com.br\/blog\/wp-json\/wp\/v2\/posts"}],"about":[{"href":"http:\/\/blogdalucianaoliveira.com.br\/blog\/wp-json\/wp\/v2\/types\/post"}],"author":[{"embeddable":true,"href":"http:\/\/blogdalucianaoliveira.com.br\/blog\/wp-json\/wp\/v2\/users\/1"}],"replies":[{"embeddable":true,"href":"http:\/\/blogdalucianaoliveira.com.br\/blog\/wp-json\/wp\/v2\/comments?post=37334"}],"version-history":[{"count":1,"href":"http:\/\/blogdalucianaoliveira.com.br\/blog\/wp-json\/wp\/v2\/posts\/37334\/revisions"}],"predecessor-version":[{"id":37342,"href":"http:\/\/blogdalucianaoliveira.com.br\/blog\/wp-json\/wp\/v2\/posts\/37334\/revisions\/37342"}],"wp:attachment":[{"href":"http:\/\/blogdalucianaoliveira.com.br\/blog\/wp-json\/wp\/v2\/media?parent=37334"}],"wp:term":[{"taxonomy":"category","embeddable":true,"href":"http:\/\/blogdalucianaoliveira.com.br\/blog\/wp-json\/wp\/v2\/categories?post=37334"},{"taxonomy":"post_tag","embeddable":true,"href":"http:\/\/blogdalucianaoliveira.com.br\/blog\/wp-json\/wp\/v2\/tags?post=37334"}],"curies":[{"name":"wp","href":"https:\/\/api.w.org\/{rel}","templated":true}]}}