{"id":37343,"date":"2025-08-25T19:25:16","date_gmt":"2025-08-25T23:25:16","guid":{"rendered":"https:\/\/blogdalucianaoliveira.com.br\/blog\/?p=37343"},"modified":"2025-08-25T19:25:16","modified_gmt":"2025-08-25T23:25:16","slug":"cinema-de-animacao-encanta-estudantes-em-guajara-mirim-no-primeiro-dia-do-festival-infantil-de-cinema-de-animacao-de-rondonia-ficar","status":"publish","type":"post","link":"http:\/\/blogdalucianaoliveira.com.br\/blog\/2025\/08\/25\/cinema-de-animacao-encanta-estudantes-em-guajara-mirim-no-primeiro-dia-do-festival-infantil-de-cinema-de-animacao-de-rondonia-ficar\/","title":{"rendered":"Cinema de anima\u00e7\u00e3o encanta estudantes em Guajar\u00e1-Mirim no primeiro dia do Festival Infantil de Cinema de Anima\u00e7\u00e3o de Rond\u00f4nia \u2013 FICAR"},"content":{"rendered":"<p><img data-recalc-dims=\"1\" loading=\"lazy\" decoding=\"async\" data-attachment-id=\"37344\" data-permalink=\"http:\/\/blogdalucianaoliveira.com.br\/blog\/2025\/08\/25\/cinema-de-animacao-encanta-estudantes-em-guajara-mirim-no-primeiro-dia-do-festival-infantil-de-cinema-de-animacao-de-rondonia-ficar\/img_6248\/\" data-orig-file=\"https:\/\/i0.wp.com\/blogdalucianaoliveira.com.br\/blog\/wp-content\/uploads\/2025\/08\/IMG_6248-scaled.jpeg?fit=2560%2C1707\" data-orig-size=\"2560,1707\" data-comments-opened=\"0\" data-image-meta=\"{&quot;aperture&quot;:&quot;0&quot;,&quot;credit&quot;:&quot;&quot;,&quot;camera&quot;:&quot;&quot;,&quot;caption&quot;:&quot;&quot;,&quot;created_timestamp&quot;:&quot;0&quot;,&quot;copyright&quot;:&quot;Iury Melo&quot;,&quot;focal_length&quot;:&quot;0&quot;,&quot;iso&quot;:&quot;0&quot;,&quot;shutter_speed&quot;:&quot;0&quot;,&quot;title&quot;:&quot;&quot;,&quot;orientation&quot;:&quot;0&quot;}\" data-image-title=\"IMG_6248\" data-image-description=\"\" data-image-caption=\"\" data-medium-file=\"https:\/\/i0.wp.com\/blogdalucianaoliveira.com.br\/blog\/wp-content\/uploads\/2025\/08\/IMG_6248-scaled.jpeg?fit=300%2C200\" data-large-file=\"https:\/\/i0.wp.com\/blogdalucianaoliveira.com.br\/blog\/wp-content\/uploads\/2025\/08\/IMG_6248-scaled.jpeg?fit=600%2C400\" class=\"alignnone size-medium wp-image-37344\" src=\"https:\/\/i0.wp.com\/blogdalucianaoliveira.com.br\/blog\/wp-content\/uploads\/2025\/08\/IMG_6248.jpeg?resize=300%2C200\" alt=\"\" width=\"300\" height=\"200\" srcset=\"https:\/\/i0.wp.com\/blogdalucianaoliveira.com.br\/blog\/wp-content\/uploads\/2025\/08\/IMG_6248-scaled.jpeg?resize=300%2C200 300w, https:\/\/i0.wp.com\/blogdalucianaoliveira.com.br\/blog\/wp-content\/uploads\/2025\/08\/IMG_6248-scaled.jpeg?resize=1024%2C683 1024w, https:\/\/i0.wp.com\/blogdalucianaoliveira.com.br\/blog\/wp-content\/uploads\/2025\/08\/IMG_6248-scaled.jpeg?resize=768%2C512 768w, https:\/\/i0.wp.com\/blogdalucianaoliveira.com.br\/blog\/wp-content\/uploads\/2025\/08\/IMG_6248-scaled.jpeg?resize=1536%2C1024 1536w, https:\/\/i0.wp.com\/blogdalucianaoliveira.com.br\/blog\/wp-content\/uploads\/2025\/08\/IMG_6248-scaled.jpeg?resize=2048%2C1365 2048w, https:\/\/i0.wp.com\/blogdalucianaoliveira.com.br\/blog\/wp-content\/uploads\/2025\/08\/IMG_6248-scaled.jpeg?resize=450%2C300 450w, https:\/\/i0.wp.com\/blogdalucianaoliveira.com.br\/blog\/wp-content\/uploads\/2025\/08\/IMG_6248-scaled.jpeg?w=1200 1200w, https:\/\/i0.wp.com\/blogdalucianaoliveira.com.br\/blog\/wp-content\/uploads\/2025\/08\/IMG_6248-scaled.jpeg?w=1800 1800w\" sizes=\"auto, (max-width: 300px) 100vw, 300px\" \/><\/p>\n<p class=\"s3\">Sess\u00f5es reuniram alunos de duas escolas p\u00fablicas, exibindo 12 curtas-metragens brasileiros<!--more--><\/p>\n<p class=\"s6\">Luz, c\u00e2mera, a\u00e7\u00e3o! Foram essas palavras que deram in\u00edcio \u00e0s exibi\u00e7\u00f5es no primeiro dia de programa\u00e7\u00e3o do Festival Infantil de Cinema de Anima\u00e7\u00e3o de Rond\u00f4nia \u2013 FICAR \u2013 2\u00aa Edi\u00e7\u00e3o, realizado nesta segunda-feira (25), em Guajar\u00e1-Mirim (RO). Alunos e educadores da EEEMTI Simon Bol\u00edvar e da EEEF Capit\u00e3o Godoy tiveram a oportunidade de vivenciar o cinema de anima\u00e7\u00e3o com uma sele\u00e7\u00e3o de 12 curtas brasileiros, entre eles, tr\u00eas anima\u00e7\u00f5es rondonienses, escolhidos pela diversidade de temas e linguagens.<\/p>\n<p class=\"s6\">\n<p class=\"s8\"><span class=\"s7\">A proposta do festival \u00e9 democratizar o acesso de crian\u00e7as e adolescentes \u00e0 s\u00e9tima arte, estimulando o contato com produ\u00e7\u00f5es audiovisuais de diferentes regi\u00f5es do pa\u00eds e fortalecendo a forma\u00e7\u00e3o de um olhar cr\u00edtico sobre a realidade. O FICAR acontece de 25 a 29 de agosto em escolas p\u00fablicas de Guajar\u00e1-Mirim, Nova Mamor\u00e9 e Porto Velho, realizado pela Associa\u00e7\u00e3o Ambientalista Verde Vida e contemplado no Edital n\u00ba 06\/2024 &#8211; SEJUCEL\/SIEC da Lei Paulo Gustavo.<\/span><\/p>\n<p class=\"s6\"><img data-recalc-dims=\"1\" loading=\"lazy\" decoding=\"async\" data-attachment-id=\"37345\" data-permalink=\"http:\/\/blogdalucianaoliveira.com.br\/blog\/2025\/08\/25\/cinema-de-animacao-encanta-estudantes-em-guajara-mirim-no-primeiro-dia-do-festival-infantil-de-cinema-de-animacao-de-rondonia-ficar\/img_6249\/\" data-orig-file=\"https:\/\/i0.wp.com\/blogdalucianaoliveira.com.br\/blog\/wp-content\/uploads\/2025\/08\/IMG_6249-scaled.jpeg?fit=2560%2C1707\" data-orig-size=\"2560,1707\" data-comments-opened=\"0\" data-image-meta=\"{&quot;aperture&quot;:&quot;0&quot;,&quot;credit&quot;:&quot;&quot;,&quot;camera&quot;:&quot;&quot;,&quot;caption&quot;:&quot;&quot;,&quot;created_timestamp&quot;:&quot;0&quot;,&quot;copyright&quot;:&quot;Iury Melo&quot;,&quot;focal_length&quot;:&quot;0&quot;,&quot;iso&quot;:&quot;0&quot;,&quot;shutter_speed&quot;:&quot;0&quot;,&quot;title&quot;:&quot;&quot;,&quot;orientation&quot;:&quot;0&quot;}\" data-image-title=\"IMG_6249\" data-image-description=\"\" data-image-caption=\"\" data-medium-file=\"https:\/\/i0.wp.com\/blogdalucianaoliveira.com.br\/blog\/wp-content\/uploads\/2025\/08\/IMG_6249-scaled.jpeg?fit=300%2C200\" data-large-file=\"https:\/\/i0.wp.com\/blogdalucianaoliveira.com.br\/blog\/wp-content\/uploads\/2025\/08\/IMG_6249-scaled.jpeg?fit=600%2C400\" class=\"alignnone size-medium wp-image-37345\" src=\"https:\/\/i0.wp.com\/blogdalucianaoliveira.com.br\/blog\/wp-content\/uploads\/2025\/08\/IMG_6249.jpeg?resize=300%2C200\" alt=\"\" width=\"300\" height=\"200\" srcset=\"https:\/\/i0.wp.com\/blogdalucianaoliveira.com.br\/blog\/wp-content\/uploads\/2025\/08\/IMG_6249-scaled.jpeg?resize=300%2C200 300w, https:\/\/i0.wp.com\/blogdalucianaoliveira.com.br\/blog\/wp-content\/uploads\/2025\/08\/IMG_6249-scaled.jpeg?resize=1024%2C683 1024w, https:\/\/i0.wp.com\/blogdalucianaoliveira.com.br\/blog\/wp-content\/uploads\/2025\/08\/IMG_6249-scaled.jpeg?resize=768%2C512 768w, https:\/\/i0.wp.com\/blogdalucianaoliveira.com.br\/blog\/wp-content\/uploads\/2025\/08\/IMG_6249-scaled.jpeg?resize=1536%2C1024 1536w, https:\/\/i0.wp.com\/blogdalucianaoliveira.com.br\/blog\/wp-content\/uploads\/2025\/08\/IMG_6249-scaled.jpeg?resize=2048%2C1365 2048w, https:\/\/i0.wp.com\/blogdalucianaoliveira.com.br\/blog\/wp-content\/uploads\/2025\/08\/IMG_6249-scaled.jpeg?resize=450%2C300 450w, https:\/\/i0.wp.com\/blogdalucianaoliveira.com.br\/blog\/wp-content\/uploads\/2025\/08\/IMG_6249-scaled.jpeg?w=1200 1200w, https:\/\/i0.wp.com\/blogdalucianaoliveira.com.br\/blog\/wp-content\/uploads\/2025\/08\/IMG_6249-scaled.jpeg?w=1800 1800w\" sizes=\"auto, (max-width: 300px) 100vw, 300px\" \/><\/p>\n<p class=\"s8\"><span class=\"s7\">Foram exibidas as anima\u00e7\u00f5es M\u00e3e e Relacionamentos, dirigidas por Eliane Muniz Gordeeff; Pororoca, de Fernanda Roque; Mecha Meraki, de Babi Astolfi; Meu nome \u00e9 Maalum, de Eduardo Lurnel; 8 Patas, de Fabr\u00edcio Rabachim, Gabriel Barbosa e Pietro Nicolodi; Planeta Fome, de \u00c9dier William; O cabeleireiro, de Tales Santos; Esta\u00e7\u00f5es de Florescimento, de Breno Souza; Nazar\u00e9: do verde ao barro, de Juraci J\u00fanior; Respire, de Ana Li; e Odisseia do xixi, de Fl\u00e1via Martinelli.<\/span><\/p>\n<p class=\"s6\">\n<p class=\"s8\"><span class=\"s7\">Para os estudantes, a experi\u00eancia foi transformadora. \u201cFoi algo incr\u00edvel, nos tirou da rotina. Para mim, os filmes retratam a realidade do Brasil e do mundo. Um dos meus favoritos foi o Planeta Fome\u201d, contou Caio Gabriel, da escola Simon Bol\u00edvar. J\u00e1 Isaque Mendes, da escola Capit\u00e3o Godoy, destacou a surpresa de participar: \u201cMeu filme favorito tamb\u00e9m foi o Planeta Fome. O festival foi uma surpresa, e seria muito bom ter contato com esse tipo de atividade muitas outras vezes.\u201d<\/span><\/p>\n<p class=\"s6\">\n<p class=\"s8\"><span class=\"s7\">Educadores tamb\u00e9m refor\u00e7aram o impacto positivo da iniciativa. \u201cTer cinema na escola desperta o olhar cr\u00edtico e ajuda no aprendizado, criando gosto pela arte\u201d, afirmou Adriana Kerley, professora de Arte do Simon Bol\u00edvar. Para Elka Sheila, diretora da mesma escola, a presen\u00e7a do festival simboliza uma conquista: \u201c\u00c9 importante salientar que nossa regi\u00e3o ainda tem muitas fragilidades no campo da cultura e do cinema. Ter o projeto em nossa escola \u00e9 muito importante. Ficamos felizes com o desenvolvimento dessa iniciativa, pois faz muita diferen\u00e7a no ambiente escolar.\u201d<\/span><\/p>\n<p class=\"s6\">\n<p class=\"s8\"><span class=\"s7\">De acordo com Izadora Jemima, diretora da Associa\u00e7\u00e3o Ambientalista Verde Vida e coordenadora do festival, a segunda edi\u00e7\u00e3o reafirma o compromisso de levar o cinema para dentro das escolas. \u201cO FICAR \u00e9 de extrema import\u00e2ncia para difundirmos o cinema de anima\u00e7\u00e3o produzido em Rond\u00f4nia e, ao mesmo tempo, oferecermos \u00e0s escolas uma ferramenta educativa e pedag\u00f3gica. Essa realiza\u00e7\u00e3o s\u00f3 foi poss\u00edvel gra\u00e7as ao fomento da Lei Paulo Gustavo, numa parceria entre o Governo de Rond\u00f4nia e o Minist\u00e9rio da Cultura\u201d, destacou.<\/span><\/p>\n<p class=\"s6\">\n<p class=\"s8\"><span class=\"s7\">O FICAR \u2013 Festival Infantil de Cinema de Anima\u00e7\u00e3o de Rond\u00f4nia \u2013 2\u00aa Edi\u00e7\u00e3o acontece nas escolas p\u00fablicas, com exibi\u00e7\u00e3o de filmes de anima\u00e7\u00e3o, oficina, roda de conversa e homenagem. Al\u00e9m de Guajar\u00e1-Mirim, o festival acontece com a seguinte programa\u00e7\u00e3o:<\/span><\/p>\n<p class=\"s6\">\n<p class=\"s8\"><span class=\"s2\">Dia 26 de agosto &#8211; Nova Mamor\u00e9 &#8211; Escola EEEFM Salom\u00e3o Silva<\/span><span class=\"s7\">&#8211; exibi\u00e7\u00e3o de anima\u00e7\u00f5es nos per\u00edodos matutino e vespertino;<\/span><\/p>\n<p class=\"s8\"><span class=\"s2\">Dia 27 de agosto &#8211; Porto Velho &#8211; Escola Oswaldo Piana <\/span><span class=\"s7\">&#8211; Oficina de Pixilation (matutino) \u00a0e exibi\u00e7\u00e3o de filmes nos per\u00edodos matutino e vespertino;<\/span><\/p>\n<p class=\"s8\"><span class=\"s2\">Dia 28 de agosto &#8211; Porto Velho &#8211; Escola EMEF Estela de Ara\u00fajo Compasso<\/span><span class=\"s7\"> &#8211; exibi\u00e7\u00e3o de anima\u00e7\u00f5es nos per\u00edodos matutino e vespertino;<\/span><\/p>\n<p class=\"s8\"><span class=\"s2\">Dia 29 de agosto &#8211; Porto Velho &#8211; Escola Estudo e Trabalho<\/span><span class=\"s7\"> &#8211; Per\u00edodo Matutino &#8211; exibi\u00e7\u00e3o de anima\u00e7\u00f5es; Per\u00edodo Vespertino &#8211; Roda de Conversa com o tema \u201cSobre desafios em fazer anima\u00e7\u00e3o em Rond\u00f4nia\u201d, com os cineastas de Rond\u00f4nia Juraci J\u00fanior e \u00c9dier William e logo ap\u00f3s homenagem ao professor e cineasta de anima\u00e7\u00e3o Marcos Magalh\u00e3es.<\/span><\/p>\n<p class=\"s9\">\n<p class=\"s9\">\u200b<span class=\"s7\">Siga, curta e compartilhe <\/span><a href=\"https:\/\/www.instagram.com\/ficarfestival\/\"><span class=\"s10\">@ficarfestival<\/span><\/a><span class=\"s7\"> &#8211; <\/span><\/p>\n<p class=\"s9\">\n<p class=\"s11\"><span class=\"s2\">FICAR \u2013 Festival Infantil de Cinema de Anima\u00e7\u00e3o de Rond\u00f4nia \u2013 2\u00aa Edi\u00e7\u00e3o<\/span><span class=\"s7\"> &#8211; Edital n\u00ba 06\/2024 &#8211; SEJUCEL &#8211; SIEC &#8211; Fomento para Forma\u00e7\u00e3o, Difus\u00e3o e Apoio a sala de cinema &#8211; Eixo I &#8211; Difus\u00e3o &#8211; Categoria A &#8211; Festivais de Cinema, com recursos da Lei Paulo Gustavo, com apoio do Governo do Estado de Rond\u00f4nia, FEDEC, Minist\u00e9rio da Cultura e Governo Federal. <\/span><span class=\"s2\">Realiza\u00e7\u00e3o:<\/span><span class=\"s7\"> Associa\u00e7\u00e3o Ambientalista Verde Vida<\/span><\/p>\n","protected":false},"excerpt":{"rendered":"<p>Sess\u00f5es reuniram alunos de duas escolas p\u00fablicas, exibindo 12 curtas-metragens brasileiros<\/p>\n","protected":false},"author":1,"featured_media":0,"comment_status":"closed","ping_status":"open","sticky":false,"template":"","format":"standard","meta":{"_exactmetrics_skip_tracking":false,"_exactmetrics_sitenote_active":false,"_exactmetrics_sitenote_note":"","_exactmetrics_sitenote_category":0,"jetpack_post_was_ever_published":false,"_jetpack_newsletter_access":"","_jetpack_dont_email_post_to_subs":false,"_jetpack_newsletter_tier_id":0,"_jetpack_memberships_contains_paywalled_content":false,"_jetpack_memberships_contains_paid_content":false,"footnotes":"","jetpack_publicize_message":"","jetpack_publicize_feature_enabled":true,"jetpack_social_post_already_shared":true,"jetpack_social_options":{"image_generator_settings":{"template":"highway","enabled":false},"version":2}},"categories":[1],"tags":[1464,1463],"class_list":["post-37343","post","type-post","status-publish","format-standard","hentry","category-notas","tag-animacao","tag-ficar"],"jetpack_publicize_connections":[],"jetpack_sharing_enabled":true,"jetpack_featured_media_url":"","jetpack_shortlink":"https:\/\/wp.me\/p7wKYW-9Ij","jetpack-related-posts":[],"_links":{"self":[{"href":"http:\/\/blogdalucianaoliveira.com.br\/blog\/wp-json\/wp\/v2\/posts\/37343","targetHints":{"allow":["GET"]}}],"collection":[{"href":"http:\/\/blogdalucianaoliveira.com.br\/blog\/wp-json\/wp\/v2\/posts"}],"about":[{"href":"http:\/\/blogdalucianaoliveira.com.br\/blog\/wp-json\/wp\/v2\/types\/post"}],"author":[{"embeddable":true,"href":"http:\/\/blogdalucianaoliveira.com.br\/blog\/wp-json\/wp\/v2\/users\/1"}],"replies":[{"embeddable":true,"href":"http:\/\/blogdalucianaoliveira.com.br\/blog\/wp-json\/wp\/v2\/comments?post=37343"}],"version-history":[{"count":1,"href":"http:\/\/blogdalucianaoliveira.com.br\/blog\/wp-json\/wp\/v2\/posts\/37343\/revisions"}],"predecessor-version":[{"id":37346,"href":"http:\/\/blogdalucianaoliveira.com.br\/blog\/wp-json\/wp\/v2\/posts\/37343\/revisions\/37346"}],"wp:attachment":[{"href":"http:\/\/blogdalucianaoliveira.com.br\/blog\/wp-json\/wp\/v2\/media?parent=37343"}],"wp:term":[{"taxonomy":"category","embeddable":true,"href":"http:\/\/blogdalucianaoliveira.com.br\/blog\/wp-json\/wp\/v2\/categories?post=37343"},{"taxonomy":"post_tag","embeddable":true,"href":"http:\/\/blogdalucianaoliveira.com.br\/blog\/wp-json\/wp\/v2\/tags?post=37343"}],"curies":[{"name":"wp","href":"https:\/\/api.w.org\/{rel}","templated":true}]}}