{"id":37351,"date":"2025-08-28T13:15:30","date_gmt":"2025-08-28T17:15:30","guid":{"rendered":"https:\/\/blogdalucianaoliveira.com.br\/blog\/?p=37351"},"modified":"2025-08-28T13:23:33","modified_gmt":"2025-08-28T17:23:33","slug":"claudia-de-jesus-busca-mais-apoio-a-agricultura-familiar-em-presidente-medici-e-ji-parana","status":"publish","type":"post","link":"http:\/\/blogdalucianaoliveira.com.br\/blog\/2025\/08\/28\/claudia-de-jesus-busca-mais-apoio-a-agricultura-familiar-em-presidente-medici-e-ji-parana\/","title":{"rendered":"Cl\u00e1udia de Jesus busca mais apoio \u00e0 agricultura familiar em Presidente M\u00e9dici e Ji-Paran\u00e1"},"content":{"rendered":"<p><img data-recalc-dims=\"1\" loading=\"lazy\" decoding=\"async\" data-attachment-id=\"37352\" data-permalink=\"http:\/\/blogdalucianaoliveira.com.br\/blog\/2025\/08\/28\/claudia-de-jesus-busca-mais-apoio-a-agricultura-familiar-em-presidente-medici-e-ji-parana\/img_6345-2\/\" data-orig-file=\"https:\/\/i0.wp.com\/blogdalucianaoliveira.com.br\/blog\/wp-content\/uploads\/2025\/08\/IMG_6345.jpeg?fit=1130%2C715\" data-orig-size=\"1130,715\" data-comments-opened=\"0\" data-image-meta=\"{&quot;aperture&quot;:&quot;0&quot;,&quot;credit&quot;:&quot;&quot;,&quot;camera&quot;:&quot;&quot;,&quot;caption&quot;:&quot;&quot;,&quot;created_timestamp&quot;:&quot;0&quot;,&quot;copyright&quot;:&quot;&quot;,&quot;focal_length&quot;:&quot;0&quot;,&quot;iso&quot;:&quot;0&quot;,&quot;shutter_speed&quot;:&quot;0&quot;,&quot;title&quot;:&quot;&quot;,&quot;orientation&quot;:&quot;0&quot;}\" data-image-title=\"IMG_6345\" data-image-description=\"\" data-image-caption=\"\" data-medium-file=\"https:\/\/i0.wp.com\/blogdalucianaoliveira.com.br\/blog\/wp-content\/uploads\/2025\/08\/IMG_6345.jpeg?fit=300%2C190\" data-large-file=\"https:\/\/i0.wp.com\/blogdalucianaoliveira.com.br\/blog\/wp-content\/uploads\/2025\/08\/IMG_6345.jpeg?fit=600%2C380\" class=\"alignnone size-medium wp-image-37352\" src=\"https:\/\/i0.wp.com\/blogdalucianaoliveira.com.br\/blog\/wp-content\/uploads\/2025\/08\/IMG_6345.jpeg?resize=300%2C190\" alt=\"\" width=\"300\" height=\"190\" srcset=\"https:\/\/i0.wp.com\/blogdalucianaoliveira.com.br\/blog\/wp-content\/uploads\/2025\/08\/IMG_6345.jpeg?resize=300%2C190 300w, https:\/\/i0.wp.com\/blogdalucianaoliveira.com.br\/blog\/wp-content\/uploads\/2025\/08\/IMG_6345.jpeg?resize=1024%2C648 1024w, https:\/\/i0.wp.com\/blogdalucianaoliveira.com.br\/blog\/wp-content\/uploads\/2025\/08\/IMG_6345.jpeg?resize=768%2C486 768w, https:\/\/i0.wp.com\/blogdalucianaoliveira.com.br\/blog\/wp-content\/uploads\/2025\/08\/IMG_6345.jpeg?resize=474%2C300 474w, https:\/\/i0.wp.com\/blogdalucianaoliveira.com.br\/blog\/wp-content\/uploads\/2025\/08\/IMG_6345.jpeg?w=1130 1130w\" sizes=\"auto, (max-width: 300px) 100vw, 300px\" \/><\/p>\n<div>\nCom o objetivo de ampliar a produtividade agr\u00edcola e apoiar o trabalho dos pequenos produtores, a deputada estadual Cl\u00e1udia de Jesus (PT) apresentou dois requerimentos ao Governo de Rond\u00f4nia solicitando a distribui\u00e7\u00e3o de mudas de caf\u00e9 e cacau em Presidente M\u00e9dici e Ji-Paran\u00e1, al\u00e9m de seus respectivos distritos.<\/div>\n<p><!--more--><\/p>\n<p dir=\"ltr\">Em Ji-Paran\u00e1, a deputada justifica que o munic\u00edpio \u00e9 refer\u00eancia regional em produtividade e desenvolvimento agropecu\u00e1rio. As propostas foram encaminhadas \u00e0 Secretaria de Estado da Agricultura (Seagri) e \u00e0 Entidade Aut\u00e1rquica de Assist\u00eancia T\u00e9cnica e Extens\u00e3o Rural (Emater\/RO). O programa prev\u00ea a aquisi\u00e7\u00e3o e distribui\u00e7\u00e3o de sementes e mudas de qualidade gen\u00e9tica, promovendo sustentabilidade e gera\u00e7\u00e3o de renda no campo.<\/p>\n<p>&nbsp;<\/p>\n<p dir=\"ltr\">\u00a0\u201cPresidente M\u00e9dici tem voca\u00e7\u00e3o para a agricultura e pode se tornar refer\u00eancia na produ\u00e7\u00e3o de culturas como caf\u00e9 e cacau. Com mudas de qualidade, nossos agricultores ter\u00e3o melhores condi\u00e7\u00f5es de fortalecer a produ\u00e7\u00e3o e melhorar a renda das fam\u00edlias\u201d, destacou a parlamentar.<\/p>\n","protected":false},"excerpt":{"rendered":"<p>Com o objetivo de ampliar a produtividade agr\u00edcola e apoiar o trabalho dos pequenos produtores, a deputada estadual Cl\u00e1udia de Jesus (PT) apresentou dois requerimentos ao Governo de Rond\u00f4nia solicitando a distribui\u00e7\u00e3o de mudas de caf\u00e9 e cacau em Presidente M\u00e9dici e Ji-Paran\u00e1, al\u00e9m de seus respectivos distritos.<\/p>\n","protected":false},"author":1,"featured_media":0,"comment_status":"closed","ping_status":"open","sticky":false,"template":"","format":"standard","meta":{"_exactmetrics_skip_tracking":false,"_exactmetrics_sitenote_active":false,"_exactmetrics_sitenote_note":"","_exactmetrics_sitenote_category":0,"jetpack_post_was_ever_published":false,"_jetpack_newsletter_access":"","_jetpack_dont_email_post_to_subs":false,"_jetpack_newsletter_tier_id":0,"_jetpack_memberships_contains_paywalled_content":false,"_jetpack_memberships_contains_paid_content":false,"footnotes":"","jetpack_publicize_message":"","jetpack_publicize_feature_enabled":true,"jetpack_social_post_already_shared":true,"jetpack_social_options":{"image_generator_settings":{"template":"highway","enabled":false},"version":2}},"categories":[1],"tags":[1473,1429],"class_list":["post-37351","post","type-post","status-publish","format-standard","hentry","category-notas","tag-agricultura","tag-deputada-claudia-de-jesus"],"jetpack_publicize_connections":[],"jetpack_sharing_enabled":true,"jetpack_featured_media_url":"","jetpack_shortlink":"https:\/\/wp.me\/p7wKYW-9Ir","jetpack-related-posts":[],"_links":{"self":[{"href":"http:\/\/blogdalucianaoliveira.com.br\/blog\/wp-json\/wp\/v2\/posts\/37351","targetHints":{"allow":["GET"]}}],"collection":[{"href":"http:\/\/blogdalucianaoliveira.com.br\/blog\/wp-json\/wp\/v2\/posts"}],"about":[{"href":"http:\/\/blogdalucianaoliveira.com.br\/blog\/wp-json\/wp\/v2\/types\/post"}],"author":[{"embeddable":true,"href":"http:\/\/blogdalucianaoliveira.com.br\/blog\/wp-json\/wp\/v2\/users\/1"}],"replies":[{"embeddable":true,"href":"http:\/\/blogdalucianaoliveira.com.br\/blog\/wp-json\/wp\/v2\/comments?post=37351"}],"version-history":[{"count":2,"href":"http:\/\/blogdalucianaoliveira.com.br\/blog\/wp-json\/wp\/v2\/posts\/37351\/revisions"}],"predecessor-version":[{"id":37357,"href":"http:\/\/blogdalucianaoliveira.com.br\/blog\/wp-json\/wp\/v2\/posts\/37351\/revisions\/37357"}],"wp:attachment":[{"href":"http:\/\/blogdalucianaoliveira.com.br\/blog\/wp-json\/wp\/v2\/media?parent=37351"}],"wp:term":[{"taxonomy":"category","embeddable":true,"href":"http:\/\/blogdalucianaoliveira.com.br\/blog\/wp-json\/wp\/v2\/categories?post=37351"},{"taxonomy":"post_tag","embeddable":true,"href":"http:\/\/blogdalucianaoliveira.com.br\/blog\/wp-json\/wp\/v2\/tags?post=37351"}],"curies":[{"name":"wp","href":"https:\/\/api.w.org\/{rel}","templated":true}]}}