{"id":37354,"date":"2025-08-28T13:20:52","date_gmt":"2025-08-28T17:20:52","guid":{"rendered":"https:\/\/blogdalucianaoliveira.com.br\/blog\/?p=37354"},"modified":"2025-08-28T13:20:52","modified_gmt":"2025-08-28T17:20:52","slug":"sera-historica-mas-precisamos-fazer-o-que-tem-que-ser-feito-diz-txai-surui-sobre-cop-30","status":"publish","type":"post","link":"http:\/\/blogdalucianaoliveira.com.br\/blog\/2025\/08\/28\/sera-historica-mas-precisamos-fazer-o-que-tem-que-ser-feito-diz-txai-surui-sobre-cop-30\/","title":{"rendered":"\u2018Ser\u00e1 hist\u00f3rica, mas precisamos fazer o que tem que ser feito\u2019, diz Txai Suru\u00ed sobre COP 30"},"content":{"rendered":"<p><img data-recalc-dims=\"1\" loading=\"lazy\" decoding=\"async\" data-attachment-id=\"37355\" data-permalink=\"http:\/\/blogdalucianaoliveira.com.br\/blog\/2025\/08\/28\/sera-historica-mas-precisamos-fazer-o-que-tem-que-ser-feito-diz-txai-surui-sobre-cop-30\/img_6347\/\" data-orig-file=\"https:\/\/i0.wp.com\/blogdalucianaoliveira.com.br\/blog\/wp-content\/uploads\/2025\/08\/IMG_6347.jpeg?fit=1140%2C815\" data-orig-size=\"1140,815\" data-comments-opened=\"0\" data-image-meta=\"{&quot;aperture&quot;:&quot;0&quot;,&quot;credit&quot;:&quot;&quot;,&quot;camera&quot;:&quot;&quot;,&quot;caption&quot;:&quot;&quot;,&quot;created_timestamp&quot;:&quot;0&quot;,&quot;copyright&quot;:&quot;&quot;,&quot;focal_length&quot;:&quot;0&quot;,&quot;iso&quot;:&quot;0&quot;,&quot;shutter_speed&quot;:&quot;0&quot;,&quot;title&quot;:&quot;&quot;,&quot;orientation&quot;:&quot;0&quot;}\" data-image-title=\"IMG_6347\" data-image-description=\"\" data-image-caption=\"\" data-medium-file=\"https:\/\/i0.wp.com\/blogdalucianaoliveira.com.br\/blog\/wp-content\/uploads\/2025\/08\/IMG_6347.jpeg?fit=300%2C214\" data-large-file=\"https:\/\/i0.wp.com\/blogdalucianaoliveira.com.br\/blog\/wp-content\/uploads\/2025\/08\/IMG_6347.jpeg?fit=600%2C429\" class=\"alignnone size-medium wp-image-37355\" src=\"https:\/\/i0.wp.com\/blogdalucianaoliveira.com.br\/blog\/wp-content\/uploads\/2025\/08\/IMG_6347.jpeg?resize=300%2C214\" alt=\"\" width=\"300\" height=\"214\" srcset=\"https:\/\/i0.wp.com\/blogdalucianaoliveira.com.br\/blog\/wp-content\/uploads\/2025\/08\/IMG_6347.jpeg?resize=300%2C214 300w, https:\/\/i0.wp.com\/blogdalucianaoliveira.com.br\/blog\/wp-content\/uploads\/2025\/08\/IMG_6347.jpeg?resize=1024%2C732 1024w, https:\/\/i0.wp.com\/blogdalucianaoliveira.com.br\/blog\/wp-content\/uploads\/2025\/08\/IMG_6347.jpeg?resize=768%2C549 768w, https:\/\/i0.wp.com\/blogdalucianaoliveira.com.br\/blog\/wp-content\/uploads\/2025\/08\/IMG_6347.jpeg?resize=420%2C300 420w, https:\/\/i0.wp.com\/blogdalucianaoliveira.com.br\/blog\/wp-content\/uploads\/2025\/08\/IMG_6347.jpeg?w=1140 1140w\" sizes=\"auto, (max-width: 300px) 100vw, 300px\" \/><\/p>\n<h2 class=\"jeg_post_subtitle\">Ativista ind\u00edgena tamb\u00e9m comenta sobre exposi\u00e7\u00e3o &#8216;Paiter Suru\u00ed: Gente de Verdade&#8217;, em cartaz em SP<\/h2>\n<p><!--more--><\/p>\n<p>Est\u00e1 em exibi\u00e7\u00e3o at\u00e9 o dia 2 de novembro, em S\u00e3o Paulo, no Instituto Moreira Salles (IMS), a exposi\u00e7\u00e3o <em>Paiter Suru\u00ed: Gente de Verdade<\/em>. S\u00e3o mais de 900 fotografias que narram a hist\u00f3ria desse povo, que vive majoritariamente em Rond\u00f4nia, mas tamb\u00e9m em outras regi\u00f5es amaz\u00f4nicas.<\/p>\n<p>Txai Suru\u00ed, <a href=\"https:\/\/www.brasildefato.com.br\/2022\/04\/20\/txai-surui-nao-estao-queimando-so-a-amazonia-estao-queimando-as-pessoas-de-la-tambem\/\" target=\"_blank\" rel=\"noopener noreferrer\">lideran\u00e7a ind\u00edgena e uma das organizadoras da exposi\u00e7\u00e3o<\/a>, destaca que, na verdade, as imagens simbolizam um grande \u00e1lbum de fam\u00edlia e demonstram como \u00e9 diferente quando os pr\u00f3prios povos tradicionais contam a sua pr\u00f3pria hist\u00f3ria.<\/p>\n<p>\u201cAs fotos contam parte da hist\u00f3ria do nosso estado, Rond\u00f4nia, parte da hist\u00f3ria do Brasil, e o outro lado da coloniza\u00e7\u00e3o, mas tamb\u00e9m como n\u00f3s, Paiter Suru\u00ed, nos vemos e entendemos. Por muito tempo, a hist\u00f3ria foi contada pelo olhar do outro. Nunca pelo nosso olhar. A partir das fotos tamb\u00e9m temos outro olhar sobre os povos ind\u00edgenas. Nossa exposi\u00e7\u00e3o \u00e9 diferente de outras sobre povos ind\u00edgenas em museus\u201d, explica, em entrevista ao programa <a href=\"https:\/\/www.brasildefato.com.br\/programas\/bem-viver\/\" target=\"_blank\" rel=\"noopener noreferrer\"><em>Conversa Bem Viver<\/em><\/a>, da <strong>R\u00e1dio Brasil de Fato<\/strong>.<\/p>\n<p>Txai foi a primeira ind\u00edgena brasileira a discursar em uma Confer\u00eancia da ONU sobre Mudan\u00e7as Clim\u00e1ticas, em 2021. \u00c0s v\u00e9speras do in\u00edcio da <a href=\"https:\/\/www.brasildefato.com.br\/2025\/08\/04\/sem-leito-sem-povo-cop30-se-aproxima-sob-criticas-por-falta-de-estrutura-e-exclusao-em-belem\/\" target=\"_blank\" rel=\"noopener noreferrer\">COP 30<\/a>em Bel\u00e9m, ela conta quais s\u00e3o as expectativas.<\/p>\n<p>\u201cMuitas vezes, \u00e9 dif\u00edcil acreditar em solu\u00e7\u00f5es nesse contexto t\u00e3o dif\u00edcil, mas a COP na Amaz\u00f4nia ser\u00e1 hist\u00f3rica. Precisamos implementar, de fato, o que j\u00e1 sabemos que precisa ser feito. Todos sabem que as emerg\u00eancias clim\u00e1ticas s\u00e3o reais. E sabemos o que fazer, j\u00e1 existiam metas que n\u00e3o foram cumpridas. O que falta ent\u00e3o? Mas eu espero bons resultados dessa COP, porque \u00e9 na dificuldade que, \u00e0s vezes, conseguimos algo\u201d, avalia.<\/p>\n<h4 class=\"wp-block-heading\">Confira a entrevista completa:<\/h4>\n<p><strong>Brasil de Fato \u2013 Sobre o que trata a exposi\u00e7\u00e3o?<\/strong><\/p>\n<p><strong>Txai Suru\u00ed \u2013 <\/strong>Essa exposi\u00e7\u00e3o surgiu h\u00e1 muito tempo, com uma bolsa que recebemos do IMS e da revista Zoom. Come\u00e7amos a montar esse acervo fotogr\u00e1fico em v\u00e1rias casas e aldeias, coletando imagens desde a \u00e9poca do contato, quando chegaram as primeiras c\u00e2meras trazidas por mission\u00e1rios e antrop\u00f3logos, que nos deixaram c\u00e2meras e come\u00e7amos a fotografar.<\/p>\n<p>No in\u00edcio, acreditava-se que a fotografia roubava a alma das pessoas, reduzindo sua vida. Hoje, a c\u00e2mera se tornou um instrumento de luta, para mostrarmos quem somos.<\/p>\n<p>As fotos contam parte da hist\u00f3ria do nosso estado, Rond\u00f4nia, parte da hist\u00f3ria do Brasil, e o <a href=\"https:\/\/www.brasildefato.com.br\/2024\/03\/10\/povo-paiter-surui-tera-primeira-agencia-de-etnoturismo-do-brasil\/\" target=\"_blank\" rel=\"noopener noreferrer\">outro lado da coloniza\u00e7\u00e3o<\/a>, mas tamb\u00e9m como n\u00f3s, Paiter Suru\u00ed, nos vemos e entendemos. Por muito tempo, a hist\u00f3ria foi contada pelo olhar do outro. Nunca pelo nosso olhar.<\/p>\n<p>A partir das fotos tamb\u00e9m temos um outro olhar sobre os povos ind\u00edgenas. Nossa exposi\u00e7\u00e3o \u00e9 diferente de outras sobre povos ind\u00edgenas em museus. \u00c9 muito mais pessoal, como um grande \u00e1lbum de fam\u00edlia, que busca se aproximar de quem est\u00e1 olhando. Em muitas exposi\u00e7\u00f5es tradicionais, o ind\u00edgena \u00e9 mostrado de forma estereotipada, sem nome, como algo distante e ex\u00f3tico. Na nossa, h\u00e1 riso, brincadeiras, movimento e intimidade. Isso muda completamente a perspectiva. \u00c9 outra forma de ver a fotografia. Tem uma foto em que est\u00e3o olhando para a parede, em vez de olhar para a c\u00e2mera, porque havia ali o desenho de uma cachoeira.<\/p>\n<p>\u00c9 muito diferente quando a gente conta a nossa pr\u00f3pria hist\u00f3ria.<\/p>\n<p><strong>Apesar dos avan\u00e7os ap\u00f3s a Constitui\u00e7\u00e3o de 1988, ainda vemos muito estere\u00f3tipo em rela\u00e7\u00e3o \u00e0s pessoas ind\u00edgenas. Como a exposi\u00e7\u00e3o mostra a necessidade de descolonizar nosso olhar?<\/strong><\/p>\n<p>A mostra tamb\u00e9m traz imagens atuais. Meu primo Biratan, primeiro fot\u00f3grafo profissional do nosso povo, foi essencial para essa exposi\u00e7\u00e3o. Tamb\u00e9m buscamos resgatar registros antigos feitos por mission\u00e1rios e antrop\u00f3logos. Parte desse material ficou com a Pontif\u00edcia Universidade Cat\u00f3lica (PUC) Goi\u00e1s, que as preservou. Antigamente, as pessoas entravam e fotografavam sem autoriza\u00e7\u00e3o, mas hoje n\u00e3o \u00e9 mais assim. E a PUC sempre foi sol\u00edcita, porque entendia a situa\u00e7\u00e3o. Pedimos a devolu\u00e7\u00e3o, porque essas fotos tamb\u00e9m fazem parte do nosso \u00e1lbum de fam\u00edlia. Hoje, conseguimos resgatar muitas e mostrar aos mais velhos, que recontaram hist\u00f3rias a partir delas. Tinham fotos muito antigas e sens\u00edveis. Todas j\u00e1 haviam sido digitalizadas pela PUC.<\/p>\n<p>Foi emocionante mostrar as fotos, porque muitos lembraram pessoas e hist\u00f3rias. \u00c9 importante n\u00e3o s\u00f3 para apoiadores externos, mas para os pr\u00f3prios Paiter Suru\u00ed conhecerem sua hist\u00f3ria, entenderem como foi o contato \u2014 momento\u00a0 muito dif\u00edcil para o nosso povo que foi quase dizimado \u2014 mas tamb\u00e9m saberem como resistimos e nos tornamos resilientes. Hoje somos refer\u00eancia em projetos de reflorestamento, restaura\u00e7\u00e3o e prote\u00e7\u00e3o ambiental com tecnologia.<\/p>\n<p><strong>A diferen\u00e7a entre as terras ind\u00edgenas dos Paiter Suru\u00ed, em termos de recupera\u00e7\u00e3o ambiental,\u00a0 e as dos vizinhos \u00e9 vis\u00edvel em imagens de sat\u00e9lite. Como \u00e9 a rela\u00e7\u00e3o com os fazendeiros vizinhos, que muitas vezes t\u00eam vis\u00f5es de mundo antag\u00f4nicas?<\/strong><\/p>\n<p>\u00c9 muito dif\u00edcil. Tentamos dialogar e explicar a import\u00e2ncia de cuidar da natureza no momento em que vivemos, mas enfrentamos problemas graves, principalmente o garimpo ilegal. Fizemos um relat\u00f3rio com a Fiocruz [Funda\u00e7\u00e3o Oswaldo Cruz] mostrando o impacto das mudan\u00e7as clim\u00e1ticas sobre os povos ind\u00edgenas, que mostra as <a href=\"https:\/\/www.brasildefato.com.br\/2025\/05\/20\/garimpo-na-amazonia-quando-a-sobrevivencia-e-confundida-com-escolha\/\" target=\"_blank\" rel=\"noopener noreferrer\">consequ\u00eancias do garimpo para o nosso povo<\/a>.<\/p>\n<p>Em algumas aldeias onde aconteceu a pesquisa, 100% das pessoas estavam contaminadas, em n\u00edveis prejudiciais \u00e0 sa\u00fade. Essa exposi\u00e7\u00e3o tamb\u00e9m \u00e9 para chamar a aten\u00e7\u00e3o para isso e permitir que as pessoas vejam as consequ\u00eancias. N\u00f3s j\u00e1 reflorestamos mais de um milh\u00e3o de \u00e1rvores, \u00e9 uma ilha de floresta, mas ainda vivemos nessa situa\u00e7\u00e3o. N\u00e3o queremos que chegue em uma situa\u00e7\u00e3o como a que chegou a dos Yanomami. O relat\u00f3rio \u00e9 um alerta para isso.<\/p>\n<p>O garimpo traz viol\u00eancia, impacto na sa\u00fade, prejudica a biodiversidade, conflito interno, destrui\u00e7\u00e3o ambiental, envenenamento dos rios, e n\u00e3o representa emprego para o nosso povo. Apenas 10% dos Paiter Suru\u00ed j\u00e1 trabalharam nisso. A maioria se dedica \u00e0 agricultura familiar e a tradi\u00e7\u00f5es pr\u00f3prias. N\u00e3o queremos esse modelo. E muitos outros povos tamb\u00e9m n\u00e3o querem. Na exposi\u00e7\u00e3o tamb\u00e9m mostramos solu\u00e7\u00f5es, falamos de mudan\u00e7as clim\u00e1ticas antes mesmo de isso ser comum.<\/p>\n<p><strong>Voc\u00ea foi a primeira mulher ind\u00edgena brasileira a discursar em uma confer\u00eancia da ONU sobre o clima, na COP 26. Agora estamos \u00e0s v\u00e9speras da COP 30, pela primeira vez no Brasil, em Bel\u00e9m. Voc\u00ea est\u00e1 mais esperan\u00e7osa?<\/strong><\/p>\n<p>Mais esperan\u00e7osa, eu n\u00e3o sei. Mas n\u00e3o podemos desacreditar. Em 2021, quando fiz a fala na COP, viv\u00edamos um momento muito dif\u00edcil, com retrocessos pol\u00edticos e assassinatos de lideran\u00e7as. Eu falei sobre a import\u00e2ncia de ouvir a floresta e de estarmos nas mesas de decis\u00f5es.<\/p>\n<p>De l\u00e1 para c\u00e1, o cen\u00e1rio mundial piorou, com guerras, o governo [de Donald] Trump], dos Estados Unidos, que quer explorar petr\u00f3leo, e no Brasil, o Congresso defendendo o marco temporal e retrocessos ambientais, como o PL [Projeto de Lei] da Devasta\u00e7\u00e3o. Muitas vezes, \u00e9 dif\u00edcil acreditar em solu\u00e7\u00f5es nesse contexto t\u00e3o dif\u00edcil, mas a COP na Amaz\u00f4nia ser\u00e1 hist\u00f3rica. Vai ser hist\u00f3rica porque ser\u00e1 na Amaz\u00f4nia e isso tem sim um peso, apesar das dificuldades. Ser\u00e1 em um pa\u00eds democr\u00e1tico, com grande participa\u00e7\u00e3o da sociedade civil, apesar de sempre ter sido dif\u00edcil para n\u00f3s acessarmos esses espa\u00e7os.<\/p>\n<p>Precisamos implementar de fato o que j\u00e1 sabemos que precisa ser feito. Todos sabem que n\u00e3o d\u00e1 para negar o que est\u00e1 acontecendo no mundo e que as <a href=\"https:\/\/www.brasildefato.com.br\/colunista\/forum-de-defesa-das-aguas-do-clima-e-do-meio-ambiente-do-df\/2025\/06\/11\/emergencia-climatica-por-que-agimos-como-se-o-planeta-fosse-infinito\/\" target=\"_blank\" rel=\"noopener noreferrer\">emerg\u00eancias clim\u00e1ticas<\/a> s\u00e3o reais. Est\u00e1 tendo enchentes, secas, queimadas. E sabemos o que fazer, j\u00e1 existiam metas que n\u00e3o foram cumpridas. O que falta ent\u00e3o? \u00c9 a gan\u00e2ncia? Mas eu espero bons resultados dessa COP, porque \u00e9 na dificuldade que, \u00e0s vezes, conseguimos algo.<\/p>\n<p>Como sociedade, temos que fazer press\u00e3o e cobrar, n\u00e3o s\u00f3 na COP, mas tamb\u00e9m nas elei\u00e7\u00f5es. Temos que cobrar governantes, Congresso, empresas e tamb\u00e9m rever nosso consumo. O mundo precisa passar por uma transforma\u00e7\u00e3o na forma como tratamos o nosso planeta. J\u00e1 passamos do 1,5\u00baC global, o que significa 5\u00baC a mais em Rond\u00f4nia, por exemplo.<\/p>\n","protected":false},"excerpt":{"rendered":"<p>Ativista ind\u00edgena tamb\u00e9m comenta sobre exposi\u00e7\u00e3o &#8216;Paiter Suru\u00ed: Gente de Verdade&#8217;, em cartaz em SP<\/p>\n","protected":false},"author":1,"featured_media":0,"comment_status":"closed","ping_status":"open","sticky":false,"template":"","format":"standard","meta":{"_exactmetrics_skip_tracking":false,"_exactmetrics_sitenote_active":false,"_exactmetrics_sitenote_note":"","_exactmetrics_sitenote_category":0,"jetpack_post_was_ever_published":false,"_jetpack_newsletter_access":"","_jetpack_dont_email_post_to_subs":false,"_jetpack_newsletter_tier_id":0,"_jetpack_memberships_contains_paywalled_content":false,"_jetpack_memberships_contains_paid_content":false,"footnotes":"","jetpack_publicize_message":"","jetpack_publicize_feature_enabled":true,"jetpack_social_post_already_shared":true,"jetpack_social_options":{"image_generator_settings":{"template":"highway","enabled":false},"version":2}},"categories":[1],"tags":[1274,628],"class_list":["post-37354","post","type-post","status-publish","format-standard","hentry","category-notas","tag-cop30","tag-txai-surui"],"jetpack_publicize_connections":[],"jetpack_sharing_enabled":true,"jetpack_featured_media_url":"","jetpack_shortlink":"https:\/\/wp.me\/p7wKYW-9Iu","jetpack-related-posts":[],"_links":{"self":[{"href":"http:\/\/blogdalucianaoliveira.com.br\/blog\/wp-json\/wp\/v2\/posts\/37354","targetHints":{"allow":["GET"]}}],"collection":[{"href":"http:\/\/blogdalucianaoliveira.com.br\/blog\/wp-json\/wp\/v2\/posts"}],"about":[{"href":"http:\/\/blogdalucianaoliveira.com.br\/blog\/wp-json\/wp\/v2\/types\/post"}],"author":[{"embeddable":true,"href":"http:\/\/blogdalucianaoliveira.com.br\/blog\/wp-json\/wp\/v2\/users\/1"}],"replies":[{"embeddable":true,"href":"http:\/\/blogdalucianaoliveira.com.br\/blog\/wp-json\/wp\/v2\/comments?post=37354"}],"version-history":[{"count":1,"href":"http:\/\/blogdalucianaoliveira.com.br\/blog\/wp-json\/wp\/v2\/posts\/37354\/revisions"}],"predecessor-version":[{"id":37356,"href":"http:\/\/blogdalucianaoliveira.com.br\/blog\/wp-json\/wp\/v2\/posts\/37354\/revisions\/37356"}],"wp:attachment":[{"href":"http:\/\/blogdalucianaoliveira.com.br\/blog\/wp-json\/wp\/v2\/media?parent=37354"}],"wp:term":[{"taxonomy":"category","embeddable":true,"href":"http:\/\/blogdalucianaoliveira.com.br\/blog\/wp-json\/wp\/v2\/categories?post=37354"},{"taxonomy":"post_tag","embeddable":true,"href":"http:\/\/blogdalucianaoliveira.com.br\/blog\/wp-json\/wp\/v2\/tags?post=37354"}],"curies":[{"name":"wp","href":"https:\/\/api.w.org\/{rel}","templated":true}]}}