{"id":37359,"date":"2025-09-01T12:21:54","date_gmt":"2025-09-01T16:21:54","guid":{"rendered":"https:\/\/blogdalucianaoliveira.com.br\/blog\/?p=37359"},"modified":"2025-09-01T12:21:54","modified_gmt":"2025-09-01T16:21:54","slug":"tentativa-de-golpe-esquisita-e-barbara-temor-de-fuga-o-julgamento-de-bolsonaro-na-imprensa-internaciona","status":"publish","type":"post","link":"http:\/\/blogdalucianaoliveira.com.br\/blog\/2025\/09\/01\/tentativa-de-golpe-esquisita-e-barbara-temor-de-fuga-o-julgamento-de-bolsonaro-na-imprensa-internaciona\/","title":{"rendered":"&#8216;Tentativa de golpe esquisita e b\u00e1rbara&#8217;, &#8216;temor de fuga&#8217;: o julgamento de Bolsonaro na imprensa internaciona"},"content":{"rendered":"<p><img data-recalc-dims=\"1\" loading=\"lazy\" decoding=\"async\" data-attachment-id=\"37360\" data-permalink=\"http:\/\/blogdalucianaoliveira.com.br\/blog\/2025\/09\/01\/tentativa-de-golpe-esquisita-e-barbara-temor-de-fuga-o-julgamento-de-bolsonaro-na-imprensa-internaciona\/img_6453\/\" data-orig-file=\"https:\/\/i0.wp.com\/blogdalucianaoliveira.com.br\/blog\/wp-content\/uploads\/2025\/09\/IMG_6453.jpeg?fit=275%2C183\" data-orig-size=\"275,183\" data-comments-opened=\"0\" data-image-meta=\"{&quot;aperture&quot;:&quot;0&quot;,&quot;credit&quot;:&quot;&quot;,&quot;camera&quot;:&quot;&quot;,&quot;caption&quot;:&quot;&quot;,&quot;created_timestamp&quot;:&quot;0&quot;,&quot;copyright&quot;:&quot;&quot;,&quot;focal_length&quot;:&quot;0&quot;,&quot;iso&quot;:&quot;0&quot;,&quot;shutter_speed&quot;:&quot;0&quot;,&quot;title&quot;:&quot;&quot;,&quot;orientation&quot;:&quot;0&quot;}\" data-image-title=\"IMG_6453\" data-image-description=\"\" data-image-caption=\"\" data-medium-file=\"https:\/\/i0.wp.com\/blogdalucianaoliveira.com.br\/blog\/wp-content\/uploads\/2025\/09\/IMG_6453.jpeg?fit=275%2C183\" data-large-file=\"https:\/\/i0.wp.com\/blogdalucianaoliveira.com.br\/blog\/wp-content\/uploads\/2025\/09\/IMG_6453.jpeg?fit=275%2C183\" class=\"alignnone size-full wp-image-37360\" src=\"https:\/\/i0.wp.com\/blogdalucianaoliveira.com.br\/blog\/wp-content\/uploads\/2025\/09\/IMG_6453.jpeg?resize=275%2C183\" alt=\"\" width=\"275\" height=\"183\" \/><\/p>\n<div class=\"row content-head mc-column non-featured \">\n<div class=\"medium-centered subtitle\">\n<h2 class=\"content-head__subtitle\">O ex-presidente brasileiro come\u00e7a a ser julgado na pr\u00f3xima ter\u00e7a-feira (2) pelo STF. Imprensa estrangeira destacou tens\u00f5es familiares, press\u00f5es externas e o papel do Judici\u00e1rio no processo.<\/h2>\n<\/div>\n<\/div>\n<p><!--more--><\/p>\n<div class=\"content__signa-share mc-column\">\n<div class=\"content__signature\">\n<div class=\"content-publication-data\">\n<div class=\"content-publication-data__text\">\n<p class=\"content-publication-data__from\" title=\"Reda\u00e7\u00e3o g1\">Por <a class=\"multi_signatures\" href=\"https:\/\/g1.globo.com\/autores\/redacao-g1\/\">Reda\u00e7\u00e3o g1<\/a><\/p>\n<p title=\"Reda\u00e7\u00e3o g1\">A imprensa internacional est\u00e1 repercutindo o julgamento do ex-presidente <a class=\"\" href=\"https:\/\/g1.globo.com\/politica\/politico\/jair-bolsonaro\/\">Jair Bolsonaro<\/a>, que come\u00e7a na ter\u00e7a-feira (2). O caso ser\u00e1 analisado pelo Supremo Tribunal Federal (<a class=\"\" href=\"https:\/\/g1.globo.com\/tudo-sobre\/supremo-tribunal-federal\/\">STF<\/a>), que julga a tentativa de golpe de Estado ap\u00f3s a derrota eleitoral de 2022.<\/p>\n<div id=\"chunk-ep4vo\">\n<div class=\"mc-column content-text active-extra-styles \" data-block-type=\"unstyled\" data-block-weight=\"35\" data-block-id=\"6\">\n<p class=\" content-text__container \" data-track-category=\"Link no Texto\" data-track-links=\"\">Bolsonaro, que cumpre pris\u00e3o domiciliar, <a class=\"\" href=\"https:\/\/g1.globo.com\/politica\/noticia\/2025\/08\/29\/que-dia-e-o-julgamento-de-bolsonaro-no-stf-veja-data-e-horarios-das-sessoes.ghtml\">ser\u00e1 julgado junto a outros sete r\u00e9us<\/a>, apontados como os principais integrantes da suposta organiza\u00e7\u00e3o que tentou aplicar o golpe. A senten\u00e7a deve sair at\u00e9 o dia 12 de setembro.<\/p>\n<\/div>\n<\/div>\n<div id=\"chunk-caor6\">\n<div class=\"mc-column content-text active-extra-styles \" data-block-type=\"unstyled\" data-block-weight=\"43\" data-block-id=\"7\">\n<p class=\" content-text__container \" data-track-category=\"Link no Texto\" data-track-links=\"\">A imprensa internacional tem feito um retrospecto da situa\u00e7\u00e3o de Bolsonaro e relembrou a tentativa de interfer\u00eancia do presidente dos Estados Unidos, <a class=\"\" href=\"https:\/\/g1.globo.com\/tudo-sobre\/donald-trump\/\">Donald Trump<\/a>, no processo. Al\u00e9m disso, as atua\u00e7\u00f5es do ministro <a class=\"\" href=\"https:\/\/g1.globo.com\/tudo-sobre\/alexandre-de-moraes\/\">Alexandre de Moraes<\/a> e do pr\u00f3prio STF tamb\u00e9m foram questionadas.<\/p>\n<\/div>\n<\/div>\n<div id=\"chunk-87h7p\">\n<div class=\"mc-column content-text active-extra-styles\" data-block-type=\"raw\" data-block-weight=\"145\" data-block-id=\"8\">\n<p class=\"content-text__container\">\n<ul class=\"content-unordered-list\">\n<li>A <strong>Economist<\/strong> definiu o julgamento como in\u00e9dito e afirmou que o Brasil est\u00e1 oferecendo uma li\u00e7\u00e3o de democracia aos Estados Unidos. A revista tamb\u00e9m classificou a tentativa de golpe de 8 de janeiro de 2003 como &#8220;esquisita e b\u00e1rbara&#8221;.<\/li>\n<li>O <strong>New York Times <\/strong>questionou se o STF est\u00e1 defendendo a democracia ou ultrapassando limites, e apontou que a press\u00e3o de Trump s\u00f3 aumentou a determina\u00e7\u00e3o do governo brasileiro.<\/li>\n<li>A <strong>Bloomberg <\/strong>mostrou divis\u00f5es na fam\u00edlia Bolsonaro e avaliou que as tarifas de Trump, celebradas por Eduardo, acabaram fortalecendo <a class=\"\" href=\"https:\/\/g1.globo.com\/politica\/politico\/lula\/\">Lula<\/a>.<\/li>\n<li>O <strong>Guardian<\/strong> destacou a pris\u00e3o domiciliar e a vigil\u00e2ncia 24 horas sobre Bolsonaro, ap\u00f3s a descoberta de um rascunho de pedido de asilo \u00e0 Argentina.<\/li>\n<li>O <strong>Le Monde<\/strong> tamb\u00e9m relatou a classifica\u00e7\u00e3o de Bolsonaro como \u201crisco de fuga\u201d e registrou a rea\u00e7\u00e3o de Lula, que chamou a articula\u00e7\u00e3o de Eduardo de \u201cuma das piores trai\u00e7\u00f5es\u201d do pa\u00eds.<\/li>\n<\/ul>\n<div id=\"chunk-2oaea\">\n<div class=\"mc-column content-text active-extra-styles\" data-block-type=\"raw\" data-block-weight=\"2\" data-block-id=\"11\">\n<div class=\"content-intertitle\">\n<h2>The Economist<\/h2>\n<\/div>\n<p>&nbsp;<\/p>\n<\/div>\n<\/div>\n<div id=\"chunk-1v288\">\n<div class=\"mc-column content-text active-extra-styles \" data-block-type=\"unstyled\" data-block-weight=\"42\" data-block-id=\"12\">\n<p class=\" content-text__container \" data-track-category=\"Link no Texto\" data-track-links=\"\">A Economist publicou tr\u00eas reportagens sobre o julgamento de Jair Bolsonaro. A mais recente classifica a tentativa de golpe de 8 de janeiro de 2023 como &#8220;esquisita e b\u00e1rbara&#8221;, descrevendo o clima de festa nos acampamentos em frente ao quartel de Bras\u00edlia.<\/p>\n<\/div>\n<\/div>\n<div id=\"chunk-617sh\">\n<div class=\"mc-column content-text active-extra-styles\" data-block-type=\"raw\" data-block-weight=\"46\" data-block-id=\"13\">\n<p class=\"content-text__container\">\n<blockquote class=\"content-blockquote theme-border-color-primary-before\"><p>&#8220;Na primeira semana de janeiro de 2023, centenas de barracas [estavam] dispostas desordenadamente do lado de fora do pr\u00e9dio. Estaria acontecendo algum tipo de festival? O acampamento estava repleto de barracas servindo cerveja, costelas grelhadas e tigelas de arroz com carne salgada, conhecido como arroz carreteiro.&#8221;<\/p><\/blockquote>\n<p>&nbsp;<\/p>\n<\/div>\n<\/div>\n<div id=\"chunk-6to5k\">\n<div class=\"mc-column content-text active-extra-styles \" data-block-type=\"unstyled\" data-block-weight=\"41\" data-block-id=\"14\">\n<p class=\" content-text__container \" data-track-category=\"Link no Texto\" data-track-links=\"\">Em sua reportagem de capa da semana anterior, a revista afirmou que o Brasil d\u00e1 uma li\u00e7\u00e3o de democracia aos Estados Unidos, ao comparar o caso \u00e0 tentativa de Donald Trump de se manter no poder ap\u00f3s a derrota em 2020.<\/p>\n<\/div>\n<\/div>\n<div id=\"chunk-cjfoj\">\n<div class=\"mc-column content-text active-extra-styles\" data-block-type=\"raw\" data-block-weight=\"45\" data-block-id=\"15\">\n<p class=\"content-text__container\">\n<blockquote class=\"content-blockquote theme-border-color-primary-before\"><p>&#8220;Os dois pa\u00edses parecem estar trocando de lugar. Os EUA est\u00e3o se tornando mais corruptos, protecionistas e autorit\u00e1rios&#8221;, diz a reportagem. &#8220;Em contraste, mesmo com o governo Trump punindo o Brasil por processar Bolsonaro, o pr\u00f3prio pa\u00eds est\u00e1 determinado a salvaguardar e fortalecer sua democracia.&#8221;<\/p><\/blockquote>\n<p>&nbsp;<\/p>\n<\/div>\n<\/div>\n<div id=\"chunk-5i590\">\n<div class=\"row medium-uncollapsed content-media content-photo\" data-block-type=\"backstage-photo\" data-block-id=\"16\">\n<div class=\" mc-column  content-media__container\">\n<div class=\"content-media-container glb-skeleton-box\">\n<figure class=\"content-media-figure\"><img data-recalc-dims=\"1\" decoding=\"async\" class=\"i-amphtml-fill-content i-amphtml-replaced-content\" src=\"https:\/\/i0.wp.com\/s2-g1.glbimg.com\/vu6BjLXXKn4-f1WA7tK_bFc4INM%3D\/0x0%3A1522x1019\/984x0\/smart\/filters%3Astrip_icc%28%29\/i.s3.glbimg.com\/v1\/AUTH_59edd422c0c84a879bd37670ae4f538a\/internal_photos\/bs\/2025\/6\/W\/nyU7JpS3AFsYVyGFGIFA\/captura-de-tela-2025-08-29-224939.png?w=600&#038;ssl=1\" sizes=\"(max-width: 393px) 353px, 100vw\" srcset=\"https:\/\/s2-g1.glbimg.com\/cfQ5HFQsyA7Z4yODIvUd66qNnTo=\/0x0:1522x1019\/1000x0\/smart\/filters:strip_icc()\/i.s3.glbimg.com\/v1\/AUTH_59edd422c0c84a879bd37670ae4f538a\/internal_photos\/bs\/2025\/6\/W\/nyU7JpS3AFsYVyGFGIFA\/captura-de-tela-2025-08-29-224939.png 1000w, https:\/\/s2-g1.glbimg.com\/vu6BjLXXKn4-f1WA7tK_bFc4INM=\/0x0:1522x1019\/984x0\/smart\/filters:strip_icc()\/i.s3.glbimg.com\/v1\/AUTH_59edd422c0c84a879bd37670ae4f538a\/internal_photos\/bs\/2025\/6\/W\/nyU7JpS3AFsYVyGFGIFA\/captura-de-tela-2025-08-29-224939.png 984w, https:\/\/s2-g1.glbimg.com\/q6V49j-UFcz1WMbCVZz1XwQL-2w=\/0x0:1522x1019\/640x0\/smart\/filters:strip_icc()\/i.s3.glbimg.com\/v1\/AUTH_59edd422c0c84a879bd37670ae4f538a\/internal_photos\/bs\/2025\/6\/W\/nyU7JpS3AFsYVyGFGIFA\/captura-de-tela-2025-08-29-224939.png 640w, https:\/\/s2-g1.glbimg.com\/FcLVilyY1DIiR13hYEyFRWI2bTo=\/0x0:1522x1019\/600x0\/smart\/filters:strip_icc()\/i.s3.glbimg.com\/v1\/AUTH_59edd422c0c84a879bd37670ae4f538a\/internal_photos\/bs\/2025\/6\/W\/nyU7JpS3AFsYVyGFGIFA\/captura-de-tela-2025-08-29-224939.png 600w\" alt=\"Reportagem da Economist fala sobre julgamento de Bolsonaro \u2014 Foto: Reprodu\u00e7\u00e3o\" \/><\/figure>\n<\/div>\n<p class=\"content-media__description  \">Reportagem da Economist fala sobre julgamento de Bolsonaro \u2014 Foto: Reprodu\u00e7\u00e3o<\/p>\n<\/div>\n<\/div>\n<\/div>\n<div id=\"chunk-ebia3\">\n<div class=\"mc-column\" data-block-type=\"ads\" data-block-id=\"17\">\n<div class=\"content-ads content-ads--regular content-ads--smart-size\">\n<div id=\"banner_materia__b3ca5e1b-75bd-46aa-a5ca-b01d587a3b88\" class=\"tag-manager-publicidade-container tag-manager-publicidade-banner_materia__b3ca5e1b-75bd-46aa-a5ca-b01d587a3b88 tag-manager-publicidade-container--carregado tag-manager-publicidade-container--visivel\" data-google-query-id=\"CNrcnpX7t48DFdRPuAQdcykb_A\"><\/div>\n<\/div>\n<\/div>\n<\/div>\n<\/div>\n<\/div>\n<div id=\"chunk-ocft\">\n<div class=\"mc-column content-text active-extra-styles \" data-block-type=\"unstyled\" data-block-weight=\"48\" data-block-id=\"18\">\n<p class=\" content-text__container \" data-track-category=\"Link no Texto\" data-track-links=\"\">Em outro texto, a revista descreveu o julgamento como um marco hist\u00f3rico, afirmando que esta ser\u00e1 a primeira vez que o Brasil levar\u00e1 um ex-presidente a julgamento por tramar um golpe. A reportagem tamb\u00e9m citou a tentativa de Trump de intervir com tarifas, san\u00e7\u00f5es e cancelamento de vistos.<\/p>\n<\/div>\n<\/div>\n<div id=\"chunk-9jjgs\">\n<div class=\"mc-column content-text active-extra-styles \" data-block-type=\"unstyled\" data-block-weight=\"38\" data-block-id=\"19\">\n<p class=\" content-text__container \" data-track-category=\"Link no Texto\" data-track-links=\"\">Segundo a publica\u00e7\u00e3o, <a class=\"\" href=\"https:\/\/g1.globo.com\/politica\/politico\/eduardo-bolsonaro\/\">Eduardo Bolsonaro<\/a>se mudou para os EUA para fazer lobby junto a aliados do presidente americano contra Alexandre de Moraes. Para a revista, as press\u00f5es externas n\u00e3o funcionaram e acabaram impulsionando a aprova\u00e7\u00e3o de Lula.<\/p>\n<\/div>\n<\/div>\n<div id=\"chunk-1pcca\">\n<div class=\"mc-column content-text active-extra-styles \" data-block-type=\"unstyled\" data-block-weight=\"26\" data-block-id=\"20\">\n<p class=\" content-text__container \" data-track-category=\"Link no Texto\" data-track-links=\"\">A Economist tamb\u00e9m discutiu o papel do STF, apontando o debate sobre se a corte est\u00e1 apenas defendendo a democracia ou interferindo em excesso na pol\u00edtica.<\/p>\n<\/div>\n<\/div>\n<div id=\"chunk-1ht12\">\n<div class=\"mc-column content-text active-extra-styles\" data-block-type=\"raw\" data-block-weight=\"4\" data-block-id=\"21\">\n<p class=\"content-text__container\">\n<div class=\"content-intertitle\">\n<h2>The New York Times<\/h2>\n<\/div>\n<p>&nbsp;<\/p>\n<\/div>\n<\/div>\n<div id=\"chunk-fbiqj\">\n<div class=\"row medium-uncollapsed content-media content-photo\" data-block-type=\"backstage-photo\" data-block-id=\"22\">\n<div class=\" mc-column  content-media__container\">\n<div class=\"content-media-container glb-skeleton-box\">\n<figure class=\"content-media-figure\"><img data-recalc-dims=\"1\" decoding=\"async\" class=\"i-amphtml-fill-content i-amphtml-replaced-content\" src=\"https:\/\/i0.wp.com\/s2-g1.glbimg.com\/tRKYTNFtquOvfOeB7EATSuO-i04%3D\/0x37%3A1884x1053\/984x0\/smart\/filters%3Astrip_icc%28%29\/i.s3.glbimg.com\/v1\/AUTH_59edd422c0c84a879bd37670ae4f538a\/internal_photos\/bs\/2025\/X\/C\/pFeBMTSpiPT7tiNBAzBw\/captura-de-tela-2025-08-29-225329.png?w=600&#038;ssl=1\" sizes=\"(max-width: 393px) 353px, 100vw\" srcset=\"https:\/\/s2-g1.glbimg.com\/jxd6JDb99QhWoTS4XLMIKuDuudU=\/0x37:1884x1053\/1000x0\/smart\/filters:strip_icc()\/i.s3.glbimg.com\/v1\/AUTH_59edd422c0c84a879bd37670ae4f538a\/internal_photos\/bs\/2025\/X\/C\/pFeBMTSpiPT7tiNBAzBw\/captura-de-tela-2025-08-29-225329.png 1000w, https:\/\/s2-g1.glbimg.com\/tRKYTNFtquOvfOeB7EATSuO-i04=\/0x37:1884x1053\/984x0\/smart\/filters:strip_icc()\/i.s3.glbimg.com\/v1\/AUTH_59edd422c0c84a879bd37670ae4f538a\/internal_photos\/bs\/2025\/X\/C\/pFeBMTSpiPT7tiNBAzBw\/captura-de-tela-2025-08-29-225329.png 984w, https:\/\/s2-g1.glbimg.com\/4q4s7rzk2eWHaiUxvrPh0chiWb4=\/0x37:1884x1053\/640x0\/smart\/filters:strip_icc()\/i.s3.glbimg.com\/v1\/AUTH_59edd422c0c84a879bd37670ae4f538a\/internal_photos\/bs\/2025\/X\/C\/pFeBMTSpiPT7tiNBAzBw\/captura-de-tela-2025-08-29-225329.png 640w, https:\/\/s2-g1.glbimg.com\/6pNleuv-VUBs4yqfsYO0JTGbiEE=\/0x37:1884x1053\/600x0\/smart\/filters:strip_icc()\/i.s3.glbimg.com\/v1\/AUTH_59edd422c0c84a879bd37670ae4f538a\/internal_photos\/bs\/2025\/X\/C\/pFeBMTSpiPT7tiNBAzBw\/captura-de-tela-2025-08-29-225329.png 600w\" alt=\"Reportagem do New York Times sobre o julgamento de Bolsonaro \u2014 Foto: Reprodu\u00e7\u00e3o\" \/><\/figure>\n<\/div>\n<p class=\"content-media__description  \">Reportagem do New York Times sobre o julgamento de Bolsonaro \u2014 Foto: Reprodu\u00e7\u00e3o<\/p>\n<\/div>\n<\/div>\n<\/div>\n<p title=\"Reda\u00e7\u00e3o g1\">\n<div id=\"chunk-efsf5\">\n<div class=\"mc-column content-text active-extra-styles \" data-block-type=\"unstyled\" data-block-weight=\"32\" data-block-id=\"24\">\n<p class=\" content-text__container \" data-track-category=\"Link no Texto\" data-track-links=\"\">O New York Times destacou que o Brasil est\u00e1 fazendo algo que os Estados Unidos n\u00e3o conseguiram: levar um ex-presidente a julgamento por tentar se manter no poder ap\u00f3s perder uma elei\u00e7\u00e3o.<\/p>\n<\/div>\n<\/div>\n<div id=\"chunk-376si\">\n<div class=\"mc-column content-text active-extra-styles \" data-block-type=\"unstyled\" data-block-weight=\"28\" data-block-id=\"25\">\n<p class=\" content-text__container \" data-track-category=\"Link no Texto\" data-track-links=\"\">Nesta segunda-feira (1\u00ba), o jornal americano d\u00e1 destaque para as medidas de restri\u00e7\u00e3o de Bolsonaro, citando a preocupa\u00e7\u00e3o das autoridades com uma poss\u00edvel tentativa de fuga do ex-presidente.<\/p>\n<\/div>\n<\/div>\n<div id=\"chunk-2g8u1\">\n<div class=\"mc-column content-text active-extra-styles\" data-block-type=\"raw\" data-block-weight=\"97\" data-block-id=\"26\">\n<p class=\"content-text__container\">\n<blockquote class=\"content-blockquote theme-border-color-primary-before\"><p>&#8220;Agora, as autoridades brasileiras se mobilizaram para apertar ainda mais as r\u00e9deas sobre o ex-l\u00edder, em meio a crescentes preocupa\u00e7\u00f5es de que ele possa tentar fugir, de acordo com um alto funcion\u00e1rio da pol\u00edcia que falou anonimamente sobre o tema. Na semana passada, policiais \u00e0 paisana estavam posicionados do lado de fora do condom\u00ednio fechado, monitorando a entrada do complexo. Ent\u00e3o, no s\u00e1bado, Alexandre de Moraes, o ministro do Supremo Tribunal Federal respons\u00e1vel pelo caso, decidiu permitir que a pol\u00edcia se posicionasse ao redor da casa de Bolsonaro, embora tenha se recusado a deix\u00e1-los entrar [na mans\u00e3o].&#8221;<\/p><\/blockquote>\n<p>&nbsp;<\/p>\n<\/div>\n<\/div>\n<div id=\"chunk-902ho\">\n<div class=\"mc-column content-text active-extra-styles \" data-block-type=\"unstyled\" data-block-weight=\"41\" data-block-id=\"27\">\n<p class=\" content-text__container \" data-track-category=\"Link no Texto\" data-track-links=\"\">O jornal, no entanto, levantou d\u00favidas sobre o papel do STF. A an\u00e1lise questiona se a Corte ampliou demais os pr\u00f3prios poderes ao autorizar o ministro Alexandre de Moraes a conduzir investiga\u00e7\u00f5es, ou se apenas est\u00e1 reagindo a uma amea\u00e7a autorit\u00e1ria.<\/p>\n<\/div>\n<\/div>\n<div id=\"chunk-4ie8f\">\n<div class=\"mc-column content-text active-extra-styles\" data-block-type=\"raw\" data-block-weight=\"23\" data-block-id=\"28\">\n<p class=\"content-text__container\">\n<blockquote class=\"content-blockquote theme-border-color-primary-before\"><p>&#8220;O juiz Moraes ordenou batidas policiais, censurou contas online, bloqueou redes sociais e, em alguns casos, prendeu pessoas sem julgamento&#8221;, diz o texto.<\/p><\/blockquote>\n<p>&nbsp;<\/p>\n<\/div>\n<\/div>\n<div id=\"chunk-5k9es\">\n<div class=\"mc-column\" data-block-type=\"ads\" data-block-id=\"29\">\n<div class=\"content-ads content-ads--regular content-ads--smart-size\">\n<div id=\"chunk-fbt74\">\n<div class=\"mc-column content-text active-extra-styles \" data-block-type=\"unstyled\" data-block-weight=\"33\" data-block-id=\"30\">\n<p class=\" content-text__container \" data-track-category=\"Link no Texto\" data-track-links=\"\">A reportagem tamb\u00e9m citou a carta enviada por Donald Trump a Lula. No documento, o ex-presidente dos EUA pediu o fim do processo contra Bolsonaro e chamou o caso de \u201cca\u00e7a \u00e0s bruxas\u201d.<\/p>\n<\/div>\n<\/div>\n<div id=\"chunk-5pale\">\n<div class=\"mc-column content-text active-extra-styles \" data-block-type=\"unstyled\" data-block-weight=\"23\" data-block-id=\"31\">\n<p class=\" content-text__container \" data-track-category=\"Link no Texto\" data-track-links=\"\">Segundo o jornal, no entanto, a press\u00e3o de Trump parece ter refor\u00e7ado a determina\u00e7\u00e3o do governo brasileiro e do STF em seguir adiante.<\/p>\n<\/div>\n<\/div>\n<div id=\"chunk-8he31\">\n<div class=\"mc-column content-text active-extra-styles\" data-block-type=\"raw\" data-block-weight=\"1\" data-block-id=\"32\">\n<p class=\"content-text__container\">\n<div class=\"content-intertitle\">\n<h2>Bloomberg<\/h2>\n<\/div>\n<p>&nbsp;<\/p>\n<\/div>\n<\/div>\n<div id=\"chunk-56qqe\">\n<div class=\"row medium-uncollapsed content-media content-photo\" data-block-type=\"backstage-photo\" data-block-id=\"33\">\n<div class=\" mc-column  content-media__container\">\n<div class=\"content-media-container glb-skeleton-box\">\n<figure class=\"content-media-figure\"><img data-recalc-dims=\"1\" decoding=\"async\" class=\"i-amphtml-fill-content i-amphtml-replaced-content\" src=\"https:\/\/i0.wp.com\/s2-g1.glbimg.com\/C_Hzjm7WYPHs2o37rC8RD4cG0Yo%3D\/0x0%3A1302x915\/984x0\/smart\/filters%3Astrip_icc%28%29\/i.s3.glbimg.com\/v1\/AUTH_59edd422c0c84a879bd37670ae4f538a\/internal_photos\/bs\/2025\/x\/q\/fBWtcKSxGnwPHNtL90YQ\/captura-de-tela-2025-08-29-224328.png?w=600&#038;ssl=1\" sizes=\"(max-width: 393px) 353px, 100vw\" srcset=\"https:\/\/s2-g1.glbimg.com\/LbM9UtSDzRWuZqLIDMiwYaWM9r4=\/0x0:1302x915\/1000x0\/smart\/filters:strip_icc()\/i.s3.glbimg.com\/v1\/AUTH_59edd422c0c84a879bd37670ae4f538a\/internal_photos\/bs\/2025\/x\/q\/fBWtcKSxGnwPHNtL90YQ\/captura-de-tela-2025-08-29-224328.png 1000w, https:\/\/s2-g1.glbimg.com\/C_Hzjm7WYPHs2o37rC8RD4cG0Yo=\/0x0:1302x915\/984x0\/smart\/filters:strip_icc()\/i.s3.glbimg.com\/v1\/AUTH_59edd422c0c84a879bd37670ae4f538a\/internal_photos\/bs\/2025\/x\/q\/fBWtcKSxGnwPHNtL90YQ\/captura-de-tela-2025-08-29-224328.png 984w, https:\/\/s2-g1.glbimg.com\/H6qQCwYst1B-JR8pU2I1fm1Rwr0=\/0x0:1302x915\/640x0\/smart\/filters:strip_icc()\/i.s3.glbimg.com\/v1\/AUTH_59edd422c0c84a879bd37670ae4f538a\/internal_photos\/bs\/2025\/x\/q\/fBWtcKSxGnwPHNtL90YQ\/captura-de-tela-2025-08-29-224328.png 640w, https:\/\/s2-g1.glbimg.com\/RGP8Fix6XGWm73DiLEs8Tas5y6s=\/0x0:1302x915\/600x0\/smart\/filters:strip_icc()\/i.s3.glbimg.com\/v1\/AUTH_59edd422c0c84a879bd37670ae4f538a\/internal_photos\/bs\/2025\/x\/q\/fBWtcKSxGnwPHNtL90YQ\/captura-de-tela-2025-08-29-224328.png 600w\" alt=\"Reportagem da Bloomberg destaca tens\u00e3o na fam\u00edlia Bolsonaro antes de julgamento \u2014 Foto: Reprodu\u00e7\u00e3o\" \/><\/figure>\n<\/div>\n<p class=\"content-media__description  \">Reportagem da Bloomberg destaca tens\u00e3o na fam\u00edlia Bolsonaro antes de julgamento \u2014 Foto: Reprodu\u00e7\u00e3o<\/p>\n<\/div>\n<\/div>\n<\/div>\n<div id=\"chunk-34t21\">\n<div class=\"mc-column content-text active-extra-styles \" data-block-type=\"unstyled\" data-block-weight=\"15\" data-block-id=\"34\">\n<p class=\" content-text__container \" data-track-category=\"Link no Texto\" data-track-links=\"\">A Bloomberg publicou uma reportagem destacando divis\u00f5es dentro da fam\u00edlia Bolsonaro diante da press\u00e3o internacional.<\/p>\n<\/div>\n<\/div>\n<div id=\"chunk-douk1\">\n<div class=\"mc-column content-text active-extra-styles \" data-block-type=\"unstyled\" data-block-weight=\"45\" data-block-id=\"35\">\n<p class=\" content-text__container \" data-track-category=\"Link no Texto\" data-track-links=\"\">Segundo a ag\u00eancia, Eduardo Bolsonaro considerou uma vit\u00f3ria pessoal o an\u00fancio de Donald Trump de tarifas de 50% contra o Brasil, acreditando ter convencido a Casa Branca a agir em favor do pai. No entanto, o pr\u00f3prio ex-presidente classificou a atitude do filho como \u201cimaturo\u201d.<\/p>\n<\/div>\n<\/div>\n<\/div>\n<\/div>\n<\/div>\n<div id=\"chunk-fbt74\">\n<div class=\"mc-column content-text active-extra-styles \" data-block-type=\"unstyled\" data-block-weight=\"33\" data-block-id=\"30\">\n<div id=\"chunk-74pd7\">\n<div class=\"mc-column content-text active-extra-styles\" data-block-type=\"raw\" data-block-weight=\"41\" data-block-id=\"37\">\n<blockquote class=\"content-blockquote theme-border-color-primary-before\"><p>&#8220;H\u00e1 menos de uma d\u00e9cada, a ascens\u00e3o mete\u00f3rica do patriarca \u00e0 presid\u00eancia do Brasil criou uma dinastia pol\u00edtica moderna com o potencial de remodelar o pa\u00eds por gera\u00e7\u00f5es. Mas agora, o cl\u00e3, antes unido, est\u00e1 cedendo \u00e0 press\u00e3o&#8221;, diz o texto.<\/p><\/blockquote>\n<p>&nbsp;<\/p>\n<\/div>\n<\/div>\n<div id=\"chunk-cdrer\">\n<div class=\"mc-column content-text active-extra-styles \" data-block-type=\"unstyled\" data-block-weight=\"42\" data-block-id=\"38\">\n<p class=\" content-text__container \" data-track-category=\"Link no Texto\" data-track-links=\"\">A Bloomberg avaliou que as exig\u00eancias de Trump foram \u201cmais maldi\u00e7\u00e3o do que b\u00ean\u00e7\u00e3o\u201d para a fam\u00edlia. Segundo a an\u00e1lise, a estrat\u00e9gia acabou tendo efeito contr\u00e1rio, j\u00e1 que muitos brasileiros passaram a enxergar os Bolsonaro mais preocupados em \u201csalvar a pr\u00f3pria pele\u201d.<\/p>\n<\/div>\n<\/div>\n<div id=\"chunk-4c9d6\">\n<div class=\"mc-column content-text active-extra-styles \" data-block-type=\"unstyled\" data-block-weight=\"22\" data-block-id=\"39\">\n<p class=\" content-text__container \" data-track-category=\"Link no Texto\" data-track-links=\"\">Para a ag\u00eancia, as tarifas acabaram fortalecendo Lula, que se beneficiou politicamente ao adotar um discurso nacionalista e viu sua popularidade crescer.<\/p>\n<\/div>\n<\/div>\n<div id=\"chunk-9logp\">\n<div class=\"mc-column content-text active-extra-styles\" data-block-type=\"raw\" data-block-weight=\"2\" data-block-id=\"40\">\n<p class=\"content-text__container\">\n<div class=\"content-intertitle\">\n<h2>The Guardian<\/h2>\n<\/div>\n<p>&nbsp;<\/p>\n<\/div>\n<\/div>\n<div id=\"chunk-93pbp\">\n<div class=\"row medium-uncollapsed content-media content-photo\" data-block-type=\"backstage-photo\" data-block-id=\"41\">\n<div class=\" mc-column  content-media__container\">\n<div class=\"content-media-container glb-skeleton-box\">\n<figure class=\"content-media-figure\"><img data-recalc-dims=\"1\" decoding=\"async\" class=\"i-amphtml-fill-content i-amphtml-replaced-content\" src=\"https:\/\/i0.wp.com\/s2-g1.glbimg.com\/YG6VlPYl5kN3C24LDgu1BW9GuGQ%3D\/0x0%3A1700x924\/984x0\/smart\/filters%3Astrip_icc%28%29\/i.s3.glbimg.com\/v1\/AUTH_59edd422c0c84a879bd37670ae4f538a\/internal_photos\/bs\/2025\/x\/P\/kIlTaoQlqbUAJETn1tiA\/captura-de-tela-2025-08-29-225412.png?w=600&#038;ssl=1\" sizes=\"(max-width: 393px) 353px, 100vw\" srcset=\"https:\/\/s2-g1.glbimg.com\/R4Z1qKfJDAQo2qLcWwd5RUQrgFI=\/0x0:1700x924\/1000x0\/smart\/filters:strip_icc()\/i.s3.glbimg.com\/v1\/AUTH_59edd422c0c84a879bd37670ae4f538a\/internal_photos\/bs\/2025\/x\/P\/kIlTaoQlqbUAJETn1tiA\/captura-de-tela-2025-08-29-225412.png 1000w, https:\/\/s2-g1.glbimg.com\/YG6VlPYl5kN3C24LDgu1BW9GuGQ=\/0x0:1700x924\/984x0\/smart\/filters:strip_icc()\/i.s3.glbimg.com\/v1\/AUTH_59edd422c0c84a879bd37670ae4f538a\/internal_photos\/bs\/2025\/x\/P\/kIlTaoQlqbUAJETn1tiA\/captura-de-tela-2025-08-29-225412.png 984w, https:\/\/s2-g1.glbimg.com\/48jev8emaswLUFdDsKAlG-NQ57w=\/0x0:1700x924\/640x0\/smart\/filters:strip_icc()\/i.s3.glbimg.com\/v1\/AUTH_59edd422c0c84a879bd37670ae4f538a\/internal_photos\/bs\/2025\/x\/P\/kIlTaoQlqbUAJETn1tiA\/captura-de-tela-2025-08-29-225412.png 640w, https:\/\/s2-g1.glbimg.com\/N34O8HzR6PZhAGXAplAIV2Ed9OY=\/0x0:1700x924\/600x0\/smart\/filters:strip_icc()\/i.s3.glbimg.com\/v1\/AUTH_59edd422c0c84a879bd37670ae4f538a\/internal_photos\/bs\/2025\/x\/P\/kIlTaoQlqbUAJETn1tiA\/captura-de-tela-2025-08-29-225412.png 600w\" alt=\"The Guardian noticia monitoramento de Bolsonaro \u2014 Foto: Reprodu\u00e7\u00e3o\" \/><\/figure>\n<\/div>\n<p class=\"content-media__description  \">The Guardian noticia monitoramento de Bolsonaro \u2014 Foto: Reprodu\u00e7\u00e3o<\/p>\n<div id=\"chunk-b1q16\">\n<div class=\"mc-column content-text active-extra-styles \" data-block-type=\"unstyled\" data-block-weight=\"43\" data-block-id=\"43\">\n<p class=\" content-text__container \" data-track-category=\"Link no Texto\" data-track-links=\"\">O Guardian informou que Bolsonaro foi colocado sob vigil\u00e2ncia policial constante por risco de fuga, poucos dias antes do in\u00edcio do julgamento. A reportagem cita que a decis\u00e3o de Moraes veio ap\u00f3s a descoberta de um rascunho de pedido de asilo \u00e0 Argentina.<\/p>\n<\/div>\n<\/div>\n<div id=\"chunk-d3s95\">\n<div class=\"mc-column content-text active-extra-styles \" data-block-type=\"unstyled\" data-block-weight=\"24\" data-block-id=\"44\">\n<p class=\" content-text__container \" data-track-category=\"Link no Texto\" data-track-links=\"\">O jornal lembrou ainda que Bolsonaro j\u00e1 cumpria pris\u00e3o domiciliar com tornozeleira eletr\u00f4nica e disse que o ex-presidente tem grandes chances de ser condenado.<\/p>\n<\/div>\n<\/div>\n<div id=\"chunk-fm9es\">\n<div class=\"mc-column content-text active-extra-styles\" data-block-type=\"raw\" data-block-weight=\"23\" data-block-id=\"45\">\n<p class=\"content-text__container\">\n<blockquote class=\"content-blockquote theme-border-color-primary-before\"><p>&#8220;Embora Bolsonaro negue as acusa\u00e7\u00f5es, muitos especialistas jur\u00eddicos argumentam que as evid\u00eancias contra ele tornam a condena\u00e7\u00e3o e uma senten\u00e7a severa quase certas.&#8221;<\/p><\/blockquote>\n<p>&nbsp;<\/p>\n<\/div>\n<\/div>\n<div id=\"chunk-67qbl\">\n<div class=\"mc-column content-text active-extra-styles \" data-block-type=\"unstyled\" data-block-weight=\"23\" data-block-id=\"46\">\n<p class=\" content-text__container \" data-track-category=\"Link no Texto\" data-track-links=\"\">A publica\u00e7\u00e3o tamb\u00e9m relatou que Eduardo Bolsonaro comemorou as tarifas de Trump contra o Brasil como uma forma de retalia\u00e7\u00e3o ao julgamento.<\/p>\n<\/div>\n<\/div>\n<div id=\"chunk-esn4s\">\n<div class=\"mc-column content-text active-extra-styles\" data-block-type=\"raw\" data-block-weight=\"2\" data-block-id=\"47\">\n<p class=\"content-text__container\">\n<div class=\"content-intertitle\">\n<h2>Le Monde<\/h2>\n<\/div>\n<p>&nbsp;<\/p>\n<\/div>\n<\/div>\n<div id=\"chunk-912ip\">\n<div class=\"row medium-uncollapsed content-media content-photo\" data-block-type=\"backstage-photo\" data-block-id=\"48\">\n<div class=\" mc-column  content-media__container\">\n<div class=\"content-media-container glb-skeleton-box\">\n<figure class=\"content-media-figure\"><img data-recalc-dims=\"1\" decoding=\"async\" class=\"i-amphtml-fill-content i-amphtml-replaced-content\" src=\"https:\/\/i0.wp.com\/s2-g1.glbimg.com\/MXKOzwZunvUriFjhTHH48Jl7mGU%3D\/0x0%3A1881x1078\/984x0\/smart\/filters%3Astrip_icc%28%29\/i.s3.glbimg.com\/v1\/AUTH_59edd422c0c84a879bd37670ae4f538a\/internal_photos\/bs\/2025\/G\/f\/JfYcJ6QxWWh0jwu21ZCQ\/captura-de-tela-2025-08-29-225605.png?w=600&#038;ssl=1\" sizes=\"(max-width: 393px) 353px, 100vw\" srcset=\"https:\/\/s2-g1.glbimg.com\/MngzWYgBgwQH0RF1OSAuXgmnTiY=\/0x0:1881x1078\/1000x0\/smart\/filters:strip_icc()\/i.s3.glbimg.com\/v1\/AUTH_59edd422c0c84a879bd37670ae4f538a\/internal_photos\/bs\/2025\/G\/f\/JfYcJ6QxWWh0jwu21ZCQ\/captura-de-tela-2025-08-29-225605.png 1000w, https:\/\/s2-g1.glbimg.com\/MXKOzwZunvUriFjhTHH48Jl7mGU=\/0x0:1881x1078\/984x0\/smart\/filters:strip_icc()\/i.s3.glbimg.com\/v1\/AUTH_59edd422c0c84a879bd37670ae4f538a\/internal_photos\/bs\/2025\/G\/f\/JfYcJ6QxWWh0jwu21ZCQ\/captura-de-tela-2025-08-29-225605.png 984w, https:\/\/s2-g1.glbimg.com\/NhQky9osuZXR0VNSzxZxXZtPqPE=\/0x0:1881x1078\/640x0\/smart\/filters:strip_icc()\/i.s3.glbimg.com\/v1\/AUTH_59edd422c0c84a879bd37670ae4f538a\/internal_photos\/bs\/2025\/G\/f\/JfYcJ6QxWWh0jwu21ZCQ\/captura-de-tela-2025-08-29-225605.png 640w, https:\/\/s2-g1.glbimg.com\/SsUg_UiuA5_K88pNwHu3TkpZ73Q=\/0x0:1881x1078\/600x0\/smart\/filters:strip_icc()\/i.s3.glbimg.com\/v1\/AUTH_59edd422c0c84a879bd37670ae4f538a\/internal_photos\/bs\/2025\/G\/f\/JfYcJ6QxWWh0jwu21ZCQ\/captura-de-tela-2025-08-29-225605.png 600w\" alt=\"Le Monde cita risco de fuga de Bolsonaro \u2014 Foto: Reprodu\u00e7\u00e3o\" \/><\/figure>\n<\/div>\n<p class=\"content-media__description  \">Le Monde cita risco de fuga de Bolsonaro \u2014 Foto: Reprodu\u00e7\u00e3o<\/p>\n<div id=\"chunk-bkcfr\">\n<div class=\"mc-column content-text active-extra-styles \" data-block-type=\"unstyled\" data-block-weight=\"39\" data-block-id=\"50\">\n<p class=\" content-text__container \" data-track-category=\"Link no Texto\" data-track-links=\"\">O Le Monde tamb\u00e9m destacou que Bolsonaro foi classificado como \u201crisco de fuga\u201d e passou a ser monitorado 24 horas por dia. O jornal mencionou que, em caso de condena\u00e7\u00e3o, o ex-presidente pode enfrentar uma longa pena de pris\u00e3o.<\/p>\n<\/div>\n<\/div>\n<div id=\"chunk-5vu03\">\n<div class=\"mc-column content-text active-extra-styles\" data-block-type=\"raw\" data-block-weight=\"28\" data-block-id=\"51\">\n<p class=\"content-text__container\">\n<blockquote class=\"content-blockquote theme-border-color-primary-before\"><p>&#8220;Bolsonaro alega que seu julgamento \u00e9 uma tentativa do Judici\u00e1rio brasileiro, em conluio com o governo Lula, de impedi-lo de retornar \u00e0s elei\u00e7\u00f5es de 2026&#8221;, diz o texto.<\/p><\/blockquote>\n<p>&nbsp;<\/p>\n<\/div>\n<\/div>\n<div id=\"chunk-ei41k\">\n<div class=\"mc-column content-text active-extra-styles \" data-block-type=\"unstyled\" data-block-weight=\"32\" data-block-id=\"52\">\n<p class=\" content-text__container \" data-track-category=\"Link no Texto\" data-track-links=\"\">A reportagem tamb\u00e9m citou a decis\u00e3o dos EUA de revogar o visto do ministro da Justi\u00e7a, Ricardo Lewandowski, e relembrou uma afirma\u00e7\u00e3o de Trump, que chamou o julgamento de \u201cca\u00e7a \u00e0s bruxas\u201d.<\/p>\n<\/div>\n<\/div>\n<div id=\"chunk-98b3p\">\n<div class=\"mc-column content-text active-extra-styles \" data-block-type=\"unstyled\" data-block-weight=\"36\" data-block-id=\"53\">\n<p class=\" content-text__container \" data-track-category=\"Link no Texto\" data-track-links=\"\">O jornal franc\u00eas disse ainda que Lula acusou os EUA de interfer\u00eancia e criticou a atua\u00e7\u00e3o de Eduardo Bolsonaro nos bastidores, dizendo que a a\u00e7\u00e3o do deputado representa \u201cuma das piores trai\u00e7\u00f5es que o pa\u00eds sofreu\u201d.<\/p>\n<\/div>\n<\/div>\n<p>&nbsp;<\/p>\n<\/div>\n<\/div>\n<\/div>\n<p class=\"content-media__description  \">\n<\/div>\n<\/div>\n<\/div>\n<\/div>\n<\/div>\n<\/div>\n<\/div>\n<\/div>\n<\/div>\n","protected":false},"excerpt":{"rendered":"<p>O ex-presidente brasileiro come\u00e7a a ser julgado na pr\u00f3xima ter\u00e7a-feira (2) pelo STF. Imprensa estrangeira destacou tens\u00f5es familiares, press\u00f5es externas e o papel do Judici\u00e1rio no processo.<\/p>\n","protected":false},"author":1,"featured_media":0,"comment_status":"closed","ping_status":"open","sticky":false,"template":"","format":"standard","meta":{"_exactmetrics_skip_tracking":false,"_exactmetrics_sitenote_active":false,"_exactmetrics_sitenote_note":"","_exactmetrics_sitenote_category":0,"jetpack_post_was_ever_published":false,"_jetpack_newsletter_access":"","_jetpack_dont_email_post_to_subs":false,"_jetpack_newsletter_tier_id":0,"_jetpack_memberships_contains_paywalled_content":false,"_jetpack_memberships_contains_paid_content":false,"footnotes":"","jetpack_publicize_message":"","jetpack_publicize_feature_enabled":true,"jetpack_social_post_already_shared":true,"jetpack_social_options":{"image_generator_settings":{"template":"highway","enabled":false},"version":2}},"categories":[1],"tags":[],"class_list":["post-37359","post","type-post","status-publish","format-standard","hentry","category-notas"],"jetpack_publicize_connections":[],"jetpack_sharing_enabled":true,"jetpack_featured_media_url":"","jetpack_shortlink":"https:\/\/wp.me\/p7wKYW-9Iz","jetpack-related-posts":[],"_links":{"self":[{"href":"http:\/\/blogdalucianaoliveira.com.br\/blog\/wp-json\/wp\/v2\/posts\/37359","targetHints":{"allow":["GET"]}}],"collection":[{"href":"http:\/\/blogdalucianaoliveira.com.br\/blog\/wp-json\/wp\/v2\/posts"}],"about":[{"href":"http:\/\/blogdalucianaoliveira.com.br\/blog\/wp-json\/wp\/v2\/types\/post"}],"author":[{"embeddable":true,"href":"http:\/\/blogdalucianaoliveira.com.br\/blog\/wp-json\/wp\/v2\/users\/1"}],"replies":[{"embeddable":true,"href":"http:\/\/blogdalucianaoliveira.com.br\/blog\/wp-json\/wp\/v2\/comments?post=37359"}],"version-history":[{"count":1,"href":"http:\/\/blogdalucianaoliveira.com.br\/blog\/wp-json\/wp\/v2\/posts\/37359\/revisions"}],"predecessor-version":[{"id":37361,"href":"http:\/\/blogdalucianaoliveira.com.br\/blog\/wp-json\/wp\/v2\/posts\/37359\/revisions\/37361"}],"wp:attachment":[{"href":"http:\/\/blogdalucianaoliveira.com.br\/blog\/wp-json\/wp\/v2\/media?parent=37359"}],"wp:term":[{"taxonomy":"category","embeddable":true,"href":"http:\/\/blogdalucianaoliveira.com.br\/blog\/wp-json\/wp\/v2\/categories?post=37359"},{"taxonomy":"post_tag","embeddable":true,"href":"http:\/\/blogdalucianaoliveira.com.br\/blog\/wp-json\/wp\/v2\/tags?post=37359"}],"curies":[{"name":"wp","href":"https:\/\/api.w.org\/{rel}","templated":true}]}}