{"id":37367,"date":"2025-09-02T08:06:58","date_gmt":"2025-09-02T12:06:58","guid":{"rendered":"https:\/\/blogdalucianaoliveira.com.br\/blog\/?p=37367"},"modified":"2025-09-02T08:06:58","modified_gmt":"2025-09-02T12:06:58","slug":"julgamento-de-bolsonaro-no-stf-comeca-nesta-terca-2-com-cobertura-ao-vivo-da-tv-247","status":"publish","type":"post","link":"http:\/\/blogdalucianaoliveira.com.br\/blog\/2025\/09\/02\/julgamento-de-bolsonaro-no-stf-comeca-nesta-terca-2-com-cobertura-ao-vivo-da-tv-247\/","title":{"rendered":"Julgamento de Bolsonaro no STF come\u00e7a nesta ter\u00e7a (2) com cobertura ao vivo da TV 247"},"content":{"rendered":"<p><img data-recalc-dims=\"1\" loading=\"lazy\" decoding=\"async\" data-attachment-id=\"37368\" data-permalink=\"http:\/\/blogdalucianaoliveira.com.br\/blog\/2025\/09\/02\/julgamento-de-bolsonaro-no-stf-comeca-nesta-terca-2-com-cobertura-ao-vivo-da-tv-247\/img_6466\/\" data-orig-file=\"https:\/\/i0.wp.com\/blogdalucianaoliveira.com.br\/blog\/wp-content\/uploads\/2025\/09\/IMG_6466.webp?fit=799%2C533\" data-orig-size=\"799,533\" data-comments-opened=\"0\" data-image-meta=\"{&quot;aperture&quot;:&quot;0&quot;,&quot;credit&quot;:&quot;&quot;,&quot;camera&quot;:&quot;&quot;,&quot;caption&quot;:&quot;&quot;,&quot;created_timestamp&quot;:&quot;0&quot;,&quot;copyright&quot;:&quot;&quot;,&quot;focal_length&quot;:&quot;0&quot;,&quot;iso&quot;:&quot;0&quot;,&quot;shutter_speed&quot;:&quot;0&quot;,&quot;title&quot;:&quot;&quot;,&quot;orientation&quot;:&quot;0&quot;}\" data-image-title=\"IMG_6466\" data-image-description=\"\" data-image-caption=\"\" data-medium-file=\"https:\/\/i0.wp.com\/blogdalucianaoliveira.com.br\/blog\/wp-content\/uploads\/2025\/09\/IMG_6466.webp?fit=300%2C200\" data-large-file=\"https:\/\/i0.wp.com\/blogdalucianaoliveira.com.br\/blog\/wp-content\/uploads\/2025\/09\/IMG_6466.webp?fit=600%2C400\" class=\"alignnone size-medium wp-image-37368\" src=\"https:\/\/i0.wp.com\/blogdalucianaoliveira.com.br\/blog\/wp-content\/uploads\/2025\/09\/IMG_6466.webp?resize=300%2C200\" alt=\"\" width=\"300\" height=\"200\" srcset=\"https:\/\/i0.wp.com\/blogdalucianaoliveira.com.br\/blog\/wp-content\/uploads\/2025\/09\/IMG_6466.webp?resize=300%2C200 300w, https:\/\/i0.wp.com\/blogdalucianaoliveira.com.br\/blog\/wp-content\/uploads\/2025\/09\/IMG_6466.webp?resize=768%2C512 768w, https:\/\/i0.wp.com\/blogdalucianaoliveira.com.br\/blog\/wp-content\/uploads\/2025\/09\/IMG_6466.webp?resize=450%2C300 450w, https:\/\/i0.wp.com\/blogdalucianaoliveira.com.br\/blog\/wp-content\/uploads\/2025\/09\/IMG_6466.webp?w=799 799w\" sizes=\"auto, (max-width: 300px) 100vw, 300px\" \/><\/p>\n<h2 class=\"article__lead\">Acompanhe todas as informa\u00e7\u00f5es e atualiza\u00e7\u00f5es em tempo real pelo site do Brasil 247 e no canal da TV 247 no YouTube<\/h2>\n<p><!--more--><\/p>\n<p>&nbsp;<\/p>\n<p><b>247 &#8211; <\/b>O julgamento do ex-presidente Jair Bolsonaro por tentativa de golpe de Estado, no Supremo Tribunal Federal (STF), tem in\u00edcio nesta ter\u00e7a-feira (2). Bolsonaro e outros sete r\u00e9us do n\u00facleo 1 da trama golpista ser\u00e3o analisados pela Primeira Turma da Corte, composta pelos ministros Cristiano Zanin, C\u00e1rmen L\u00facia, Alexandre de Moraes, Luiz Fux e Fl\u00e1vio Dino. O <b>Brasil 247<\/b> e a <b>TV 247<\/b> ter\u00e3o equipes em Bras\u00edlia-DF para cobertura completa do julgamento.<\/p>\n<p><iframe loading=\"lazy\" title=\"Bom dia 247: o dia D de Bolsonaro (2.9.25)\" width=\"600\" height=\"338\" src=\"https:\/\/www.youtube.com\/embed\/jS1LAzt3w2s?feature=oembed\" frameborder=\"0\" allow=\"accelerometer; autoplay; clipboard-write; encrypted-media; gyroscope; picture-in-picture; web-share\" referrerpolicy=\"strict-origin-when-cross-origin\" allowfullscreen><\/iframe><\/p>\n<p>Al\u00e9m do ex-presidente, integram o n\u00facleo 1: Alexandre Ramagem (ex-diretor-geral da Abin); Almir Garnier Santos (ex-comandante da Marinha); Anderson Torres (ex-ministro da Justi\u00e7a); Augusto Heleno (ex-ministro do Gabinete de Seguran\u00e7a Institucional); Mauro Cid (delator e ex-ajudante de ordens de Bolsonaro); Paulo S\u00e9rgio Nogueira (ex-ministro da Defesa) e Walter Braga Netto (ex-ministro da Casa Civil). Todos respondem como r\u00e9us por liderarem a tentativa de golpe de Estado.<\/p>\n<p>Bolsonaro cumpre pris\u00e3o domiciliar na capital federal e n\u00e3o estar\u00e1 presente no julgamento. Caso sejam condenados com pena m\u00e1xima, os r\u00e9us podem receber at\u00e9 43 anos de pris\u00e3o. Eles s\u00e3o acusados pelos crimes de: organiza\u00e7\u00e3o criminosa armada; tentativa de aboli\u00e7\u00e3o violenta do Estado Democr\u00e1tico de Direito; golpe de Estado; dano qualificado pela viol\u00eancia e grave amea\u00e7a contra patrim\u00f4nio da Uni\u00e3o com consider\u00e1vel preju\u00edzo \u00e0 v\u00edtima; e deteriora\u00e7\u00e3o de patrim\u00f4nio tombado.<\/p>\n<p>A \u00fanica exce\u00e7\u00e3o \u00e9 Alexandre Ramagem. Em maio, a C\u00e2mara dos Deputados aprovou a suspens\u00e3o parcial da a\u00e7\u00e3o penal contra ele, restringindo sua responsabilidade a tr\u00eas dos cinco crimes originais: organiza\u00e7\u00e3o criminosa armada, tentativa de aboli\u00e7\u00e3o violenta do Estado Democr\u00e1tico de Direito e golpe de Estado.<br \/>\nO julgamento de Bolsonaro e dos demais r\u00e9us deve se estender at\u00e9 o dia 12 deste m\u00eas.<\/p>\n","protected":false},"excerpt":{"rendered":"<p>Acompanhe todas as informa\u00e7\u00f5es e atualiza\u00e7\u00f5es em tempo real pelo site do Brasil 247 e no canal da TV 247 no YouTube<\/p>\n","protected":false},"author":1,"featured_media":0,"comment_status":"closed","ping_status":"open","sticky":false,"template":"","format":"standard","meta":{"_exactmetrics_skip_tracking":false,"_exactmetrics_sitenote_active":false,"_exactmetrics_sitenote_note":"","_exactmetrics_sitenote_category":0,"jetpack_post_was_ever_published":false,"_jetpack_newsletter_access":"","_jetpack_dont_email_post_to_subs":false,"_jetpack_newsletter_tier_id":0,"_jetpack_memberships_contains_paywalled_content":false,"_jetpack_memberships_contains_paid_content":false,"footnotes":"","jetpack_publicize_message":"","jetpack_publicize_feature_enabled":true,"jetpack_social_post_already_shared":true,"jetpack_social_options":{"image_generator_settings":{"template":"highway","enabled":false},"version":2}},"categories":[1],"tags":[53,902],"class_list":["post-37367","post","type-post","status-publish","format-standard","hentry","category-notas","tag-bolsonaro","tag-julgamento"],"jetpack_publicize_connections":[],"jetpack_sharing_enabled":true,"jetpack_featured_media_url":"","jetpack_shortlink":"https:\/\/wp.me\/p7wKYW-9IH","jetpack-related-posts":[],"_links":{"self":[{"href":"http:\/\/blogdalucianaoliveira.com.br\/blog\/wp-json\/wp\/v2\/posts\/37367","targetHints":{"allow":["GET"]}}],"collection":[{"href":"http:\/\/blogdalucianaoliveira.com.br\/blog\/wp-json\/wp\/v2\/posts"}],"about":[{"href":"http:\/\/blogdalucianaoliveira.com.br\/blog\/wp-json\/wp\/v2\/types\/post"}],"author":[{"embeddable":true,"href":"http:\/\/blogdalucianaoliveira.com.br\/blog\/wp-json\/wp\/v2\/users\/1"}],"replies":[{"embeddable":true,"href":"http:\/\/blogdalucianaoliveira.com.br\/blog\/wp-json\/wp\/v2\/comments?post=37367"}],"version-history":[{"count":1,"href":"http:\/\/blogdalucianaoliveira.com.br\/blog\/wp-json\/wp\/v2\/posts\/37367\/revisions"}],"predecessor-version":[{"id":37369,"href":"http:\/\/blogdalucianaoliveira.com.br\/blog\/wp-json\/wp\/v2\/posts\/37367\/revisions\/37369"}],"wp:attachment":[{"href":"http:\/\/blogdalucianaoliveira.com.br\/blog\/wp-json\/wp\/v2\/media?parent=37367"}],"wp:term":[{"taxonomy":"category","embeddable":true,"href":"http:\/\/blogdalucianaoliveira.com.br\/blog\/wp-json\/wp\/v2\/categories?post=37367"},{"taxonomy":"post_tag","embeddable":true,"href":"http:\/\/blogdalucianaoliveira.com.br\/blog\/wp-json\/wp\/v2\/tags?post=37367"}],"curies":[{"name":"wp","href":"https:\/\/api.w.org\/{rel}","templated":true}]}}