{"id":37375,"date":"2025-09-05T10:02:05","date_gmt":"2025-09-05T14:02:05","guid":{"rendered":"https:\/\/blogdalucianaoliveira.com.br\/blog\/?p=37375"},"modified":"2025-09-05T10:02:05","modified_gmt":"2025-09-05T14:02:05","slug":"indigenista-neidinha-surui-direitos-humanos-ambientalista","status":"publish","type":"post","link":"http:\/\/blogdalucianaoliveira.com.br\/blog\/2025\/09\/05\/indigenista-neidinha-surui-direitos-humanos-ambientalista\/","title":{"rendered":"\u2018Tu n\u00e3o tem medo de morrer?\u2019: defensores da Amaz\u00f4nia vivem sob amea\u00e7a no Brasil, 2\u00ba pa\u00eds que mais os mata"},"content":{"rendered":"<p><img data-recalc-dims=\"1\" loading=\"lazy\" decoding=\"async\" data-attachment-id=\"37376\" data-permalink=\"http:\/\/blogdalucianaoliveira.com.br\/blog\/2025\/09\/05\/indigenista-neidinha-surui-direitos-humanos-ambientalista\/img_6585\/\" data-orig-file=\"https:\/\/i0.wp.com\/blogdalucianaoliveira.com.br\/blog\/wp-content\/uploads\/2025\/09\/IMG_6585.jpeg?fit=1140%2C815\" data-orig-size=\"1140,815\" data-comments-opened=\"0\" data-image-meta=\"{&quot;aperture&quot;:&quot;0&quot;,&quot;credit&quot;:&quot;&quot;,&quot;camera&quot;:&quot;&quot;,&quot;caption&quot;:&quot;&quot;,&quot;created_timestamp&quot;:&quot;0&quot;,&quot;copyright&quot;:&quot;&quot;,&quot;focal_length&quot;:&quot;0&quot;,&quot;iso&quot;:&quot;0&quot;,&quot;shutter_speed&quot;:&quot;0&quot;,&quot;title&quot;:&quot;&quot;,&quot;orientation&quot;:&quot;0&quot;}\" data-image-title=\"IMG_6585\" data-image-description=\"\" data-image-caption=\"\" data-medium-file=\"https:\/\/i0.wp.com\/blogdalucianaoliveira.com.br\/blog\/wp-content\/uploads\/2025\/09\/IMG_6585.jpeg?fit=300%2C214\" data-large-file=\"https:\/\/i0.wp.com\/blogdalucianaoliveira.com.br\/blog\/wp-content\/uploads\/2025\/09\/IMG_6585.jpeg?fit=600%2C429\" class=\"alignnone size-medium wp-image-37376\" src=\"https:\/\/i0.wp.com\/blogdalucianaoliveira.com.br\/blog\/wp-content\/uploads\/2025\/09\/IMG_6585.jpeg?resize=300%2C214\" alt=\"\" width=\"300\" height=\"214\" srcset=\"https:\/\/i0.wp.com\/blogdalucianaoliveira.com.br\/blog\/wp-content\/uploads\/2025\/09\/IMG_6585.jpeg?resize=300%2C214 300w, https:\/\/i0.wp.com\/blogdalucianaoliveira.com.br\/blog\/wp-content\/uploads\/2025\/09\/IMG_6585.jpeg?resize=1024%2C732 1024w, https:\/\/i0.wp.com\/blogdalucianaoliveira.com.br\/blog\/wp-content\/uploads\/2025\/09\/IMG_6585.jpeg?resize=768%2C549 768w, https:\/\/i0.wp.com\/blogdalucianaoliveira.com.br\/blog\/wp-content\/uploads\/2025\/09\/IMG_6585.jpeg?resize=420%2C300 420w, https:\/\/i0.wp.com\/blogdalucianaoliveira.com.br\/blog\/wp-content\/uploads\/2025\/09\/IMG_6585.jpeg?w=1140 1140w\" sizes=\"auto, (max-width: 300px) 100vw, 300px\" \/><\/p>\n<h2 class=\"jeg_post_subtitle\">Par\u00e1 \u00e9 o estado mais violento para quem defende os direitos humanos; programas de prote\u00e7\u00e3o t\u00eam problemas estruturais<\/h2>\n<p><!--more--><\/p>\n<p>A indigenista e ambientalista<a href=\"https:\/\/www.brasildefato.com.br\/2024\/01\/12\/premiado-no-emmy-awards-o-territorio-furou-a-bolha-diz-neidinha\/\" target=\"_blank\" rel=\"noopener noreferrer\"> Neidinha Suru\u00ed <\/a>gostaria de morar em uma casa sem portas. As amea\u00e7as, no entanto, a obrigam a viver entre muros altos, com cercas el\u00e9tricas e c\u00e2meras de vigil\u00e2ncia.<\/p>\n<p>\u201cA minha casa virou uma pris\u00e3o\u201d, lamenta Ivaneide Bandeira, a Neidinha, uma das 1.468 pessoas sob monitoramento do Programa de Prote\u00e7\u00e3o aos Defensores de Direitos Humanos, Comunicadores e Ambientalistas (PPDDH), do Minist\u00e9rio dos Direitos Humanos (MDH), criado para garantir seguran\u00e7a e prestar apoio \u00e0s pessoas que vivem sob amea\u00e7a. \u201cEu nunca gostei de porta fechada, porque eu fui criada a minha inf\u00e2ncia inteira morando embaixo de um tapiri. Tapiri n\u00e3o tem parede, tapiri n\u00e3o tem porta\u201d, diz.<\/p>\n<div class=\"jeg_ad jeg_ad_article jnews_content_inline_ads  \">\n<div class=\"ads-wrapper align-center \">\n<div class=\"ads_shortcode\">\n<div class=\"ads-region-container\" data-slot=\"artigos-leaderboard-incontent-1-mobile\" data-region=\"br\" data-slot-name=\"artigos-leaderboard-incontent-1-mobile-br\">\n<div id=\"div-gpt-ad-artigos-mobile_rectangle_mobile_1\" class=\"ad-slot\"><\/div>\n<\/div>\n<\/div>\n<\/div>\n<\/div>\n<p>Por dedicar a vida a defender a floresta e os povos que vivem nela, pessoas como Neidinha se tornam alvo de amea\u00e7as, agress\u00f5es e tentativas de homic\u00eddio. Muitas, perdem a vida. Em 2024, o PPDDH completou 20 anos de exist\u00eancia. Nesse per\u00edodo, 21 defensores sob prote\u00e7\u00e3o foram assassinados. Atualmente, sete pessoas vivem sob prote\u00e7\u00e3o de escolta armadas, nos estados de Roraima, Par\u00e1 e Bahia.<\/p>\n<p>De acordo com o MDH, do total de pessoas cadastradas no programa, 72,69% atuam em \u00e1reas rurais e muitos s\u00e3o lideran\u00e7as lideran\u00e7as ambientalistas.<\/p>\n<div class=\"jeg_ad jeg_ad_article jnews_content_inline_2_ads  \">\n<div class=\"ads-wrapper align-center \">\n<div class=\"ads_shortcode\">\n<div class=\"ads-region-container\" data-slot=\"artigos-leaderboard-incontent-2-mobile\" data-region=\"br\" data-slot-name=\"artigos-leaderboard-incontent-2-mobile-br\">\n<div id=\"div-gpt-ad-artigos-mobile_rectangle_mobile_2\" class=\"ad-slot\"><\/div>\n<\/div>\n<\/div>\n<\/div>\n<\/div>\n<p>\u00c9 o caso de Neidinha, que h\u00e1 mais de 50 anos luta pela demarca\u00e7\u00e3o de terras ind\u00edgenas e pela prote\u00e7\u00e3o da floresta Amaz\u00f4nica, em <a href=\"https:\/\/www.brasildefato.com.br\/2024\/05\/22\/nove-territorios-indigenas-incluindo-isolados-sao-impactados-por-projeto-de-hidreletrica-em-rondonia\/\" target=\"_blank\" rel=\"noopener noreferrer\">Rond\u00f4nia<\/a>, onde 29 pessoas foram assassinadas em conflitos agr\u00e1rios entre 2021 e 2024, segundo dados dos relat\u00f3rios no campo da Comiss\u00e3o Pastoral da Terra (CPT).<\/p>\n<p>\u201cOs defensores s\u00e3o um bando de malucos e malucas\u201d, diz Neidinha, que j\u00e1 sofreu desde amea\u00e7as indiretas, feitas por telefonema, at\u00e9 invas\u00f5es na sua casa. \u201cMas s\u00e3o malucos e malucas do bem, que se doam para que o mundo inteiro possa ter uma floresta que garanta que tu vai respirar bem, que tu vai ter um clima bom, que a tua agricultura vai funcionar\u201d, diz.<\/p>\n<div class=\"jeg_ad jeg_ad_article jnews_content_inline_3_ads  \">\n<div class=\"ads-wrapper align-center \">\n<div class=\"ads_shortcode\">\n<div class=\"ads-region-container\" data-slot=\"artigos-leaderboard-incontent-3-mobile\" data-region=\"br\" data-slot-name=\"artigos-leaderboard-incontent-3-mobile-br\">\n<div id=\"div-gpt-ad-artigos-mobile_rectangle_mobile_3\" class=\"ad-slot\"><\/div>\n<\/div>\n<\/div>\n<\/div>\n<\/div>\n<p>Por acreditar tanto no que faz, em 1992 ela participou da funda\u00e7\u00e3o da Associa\u00e7\u00e3o de Defesa Etnoambiental Kanind\u00e9, que trabalha pela prote\u00e7\u00e3o de mais de 50 povos ind\u00edgenas, entre eles os Uru-eu-wau-wau, que sofrem com invas\u00e3o das suas terras e outras viol\u00eancias graves. Em 2021, o professor e ativista Ari Uru-eu-wau-wau foi assassinado naquela \u00e1rea. Ele fazia a fiscaliza\u00e7\u00e3o do territ\u00f3rio e vinha sofrendo amea\u00e7as de madeireiros.<\/p>\n<figure class=\"wp-block-image size-large\"><img data-recalc-dims=\"1\" loading=\"lazy\" decoding=\"async\" class=\"wp-image-747074 lazy loaded\" src=\"https:\/\/i0.wp.com\/assets.brasildefato.com.br\/2025\/09\/bdf-20250905-034121-1ea207-1024x644.jpeg?resize=600%2C377&#038;ssl=1\" sizes=\"auto, (max-width: 1024px) 100vw, 1024px\" srcset=\"https:\/\/assets.brasildefato.com.br\/2025\/09\/bdf-20250905-034121-1ea207-300x189.jpeg 300w, https:\/\/assets.brasildefato.com.br\/2025\/09\/bdf-20250905-034121-1ea207-1024x644.jpeg 1024w, https:\/\/assets.brasildefato.com.br\/2025\/09\/bdf-20250905-034121-1ea207-768x483.jpeg 768w, https:\/\/assets.brasildefato.com.br\/2025\/09\/bdf-20250905-034121-1ea207-750x536.jpeg 750w, https:\/\/assets.brasildefato.com.br\/2025\/09\/bdf-20250905-034121-1ea207-1140x815.jpeg 1140w, https:\/\/assets.brasildefato.com.br\/2025\/09\/bdf-20250905-034121-1ea207.jpeg 1309w\" alt=\"\" width=\"600\" height=\"377\" data-src=\"https:\/\/assets.brasildefato.com.br\/2025\/09\/bdf-20250905-034121-1ea207-1024x644.jpeg\" data-srcset=\"https:\/\/assets.brasildefato.com.br\/2025\/09\/bdf-20250905-034121-1ea207-300x189.jpeg 300w, https:\/\/assets.brasildefato.com.br\/2025\/09\/bdf-20250905-034121-1ea207-1024x644.jpeg 1024w, https:\/\/assets.brasildefato.com.br\/2025\/09\/bdf-20250905-034121-1ea207-768x483.jpeg 768w, https:\/\/assets.brasildefato.com.br\/2025\/09\/bdf-20250905-034121-1ea207-750x536.jpeg 750w, https:\/\/assets.brasildefato.com.br\/2025\/09\/bdf-20250905-034121-1ea207-1140x815.jpeg 1140w, https:\/\/assets.brasildefato.com.br\/2025\/09\/bdf-20250905-034121-1ea207.jpeg 1309w\" data-sizes=\"(max-width: 1024px) 100vw, 1024px\" data-pin-no-hover=\"true\" data-was-processed=\"true\" \/><figcaption class=\"wp-element-caption\">Fiscaliza\u00e7\u00e3o da Funai no territ\u00f3rio dos Uru-Eu-Wau-Wau | Arquivo\/Funai<\/figcaption><\/figure>\n<p>\u201cDefensores e defensoras morreram defendendo a Amaz\u00f4nia\u201d, lamenta a ambientalista. \u201cMorreu Uru-eu-wau-wau, que \u00e9 da gente. Morreu a <a href=\"https:\/\/www.brasildefato.com.br\/2025\/02\/12\/memoria-de-irma-dorothy-continua-a-inspirar-defensores-da-floresta-e-dos-direitos-humanos-20-anos-apos-assassinato\/\" target=\"_blank\" rel=\"noopener noreferrer\">irm\u00e3 Dorothy<\/a> [a mission\u00e1ria Dorothy Stang, assassinada em Anapu, no Par\u00e1], morreu Chico Mendes, morreu <a href=\"https:\/\/www.brasildefato.com.br\/2022\/09\/05\/estado-nao-existe-na-terra-indigena-mais-letal-para-os-guardioes-da-floresta\/\" target=\"_blank\" rel=\"noopener noreferrer\">Paulino Guajajara<\/a>\u201d, enumera.<\/p>\n<p>A lista \u00e9 longa, e nela entram o<a href=\"https:\/\/www.brasildefato.com.br\/2025\/06\/05\/dom-e-bruno-3-anos-apos-crime-vale-do-javari-continua-sob-ameaca\/\" target=\"_blank\" rel=\"noopener noreferrer\">indigenista Bruno Pereira e o jornalista Dom Phillips<\/a>, assassinados em 2022 na regi\u00e3o do Vale do Javari, no Amazonas; o ambientalista <a href=\"https:\/\/www.brasildefato.com.br\/2022\/03\/19\/aumento-da-violencia-no-campo-transforma-criancas-e-adolescentes-em-alvo\/\" target=\"_blank\" rel=\"noopener noreferrer\">Jos\u00e9 Gomes, o Z\u00e9 do Lago,<\/a> morto ao lado da sua companheira M\u00e1rcia Nunes Lisboa e da enteada Joane Nunes Lisboa, naquele mesmo ano, em S\u00e3o F\u00e9lix do Xingu, no Par\u00e1; os <a href=\"https:\/\/www.brasildefato.com.br\/2025\/09\/04\/pau-darco-fazenda-palco-de-chacina-pode-virar-marco-de-justica-na-amazonia\/\" target=\"_blank\" rel=\"noopener noreferrer\">10 trabalhadores sem-terra v\u00edtimas da chacina de Pau D\u2019Arco<\/a>, ocorrida em 2017, e a \u00fanica testemunha ocular do epis\u00f3dio, o trabalhador rural Fernando Ara\u00fajo dos Santos, que seria morto em 2021; e tantos outros nomes que fazem do Brasil o segundo pa\u00eds mais perigoso para os defensores ambientais, atr\u00e1s apenas da Col\u00f4mbia, de acordo com um levantamento da Ong Global Witness, de 2023.<\/p>\n<p>Os dados da CPT d\u00e3o dimens\u00e3o da gravidade de se defender a floresta e as comunidades tradicionais por aqui: entre 2021 e 2024, 126 pessoas foram assassinadas em conflitos no campo.<\/p>\n<h4 class=\"wp-block-heading\">\u201cFecharam e atiraram em n\u00f3s\u201d<\/h4>\n<p>O primeiro ataque grave contra Neidinha aconteceu em 1996, perto da terra ind\u00edgena dos Uru-eu-wau-wau, durante um trabalho de resgate de ind\u00edgenas de uma fazenda. \u201cEles viviam l\u00e1 semi-escravizados e a gente estava montando a aldeia ainda\u201d, conta.<\/p>\n<p>Acompanhada de um amigo, a ambientalista sa\u00eda da \u00e1rea da aldeia Alto Jamari, um espa\u00e7o em constru\u00e7\u00e3o naquela \u00e9poca, quando teve o carro cercado por homens armados. \u201cOs invasores fecharam e atiraram em n\u00f3s\u201d, lembra. Eles aceleraram o carro e conseguiram escapar da emboscada.<\/p>\n<p>Ainda hoje, 30 anos depois do epis\u00f3dio, as amea\u00e7as continuam. Neidinha j\u00e1 teve a casa invadida por homens armados que apontaram armas para a sua filha, a lideran\u00e7a ind\u00edgena Txai Suru\u00ed, e perdeu as contas de quantos telefonemas an\u00f4nimos recebeu. As intimida\u00e7\u00f5es e recados chegam a todo momento.<\/p>\n<p>\u201cTu vai no banco, a\u00ed do nada algu\u00e9m que tu nunca viu encosta a m\u00e3o no teu ombro e fala: \u201cEi, tu tem muita coragem, n\u00e9? Tu fala um monte de coisa\u2026 Tu n\u00e3o tem medo de morrer, n\u00e3o?\u201d, diz.<\/p>\n<figure class=\"wp-block-image size-large\"><img data-recalc-dims=\"1\" loading=\"lazy\" decoding=\"async\" class=\"wp-image-747072 lazy loaded\" src=\"https:\/\/i0.wp.com\/assets.brasildefato.com.br\/2025\/09\/bdf-20250905-033615-f44839-1024x768.jpeg?resize=600%2C450&#038;ssl=1\" sizes=\"auto, (max-width: 1024px) 100vw, 1024px\" srcset=\"https:\/\/assets.brasildefato.com.br\/2025\/09\/bdf-20250905-033615-f44839-300x225.jpeg 300w, https:\/\/assets.brasildefato.com.br\/2025\/09\/bdf-20250905-033615-f44839-1024x768.jpeg 1024w, https:\/\/assets.brasildefato.com.br\/2025\/09\/bdf-20250905-033615-f44839-768x576.jpeg 768w, https:\/\/assets.brasildefato.com.br\/2025\/09\/bdf-20250905-033615-f44839-1536x1152.jpeg 1536w, https:\/\/assets.brasildefato.com.br\/2025\/09\/bdf-20250905-033615-f44839-750x536.jpeg 750w, https:\/\/assets.brasildefato.com.br\/2025\/09\/bdf-20250905-033615-f44839-1140x815.jpeg 1140w, https:\/\/assets.brasildefato.com.br\/2025\/09\/bdf-20250905-033615-f44839.jpeg 1600w\" alt=\"\" width=\"600\" height=\"450\" data-src=\"https:\/\/assets.brasildefato.com.br\/2025\/09\/bdf-20250905-033615-f44839-1024x768.jpeg\" data-srcset=\"https:\/\/assets.brasildefato.com.br\/2025\/09\/bdf-20250905-033615-f44839-300x225.jpeg 300w, https:\/\/assets.brasildefato.com.br\/2025\/09\/bdf-20250905-033615-f44839-1024x768.jpeg 1024w, https:\/\/assets.brasildefato.com.br\/2025\/09\/bdf-20250905-033615-f44839-768x576.jpeg 768w, https:\/\/assets.brasildefato.com.br\/2025\/09\/bdf-20250905-033615-f44839-1536x1152.jpeg 1536w, https:\/\/assets.brasildefato.com.br\/2025\/09\/bdf-20250905-033615-f44839-750x536.jpeg 750w, https:\/\/assets.brasildefato.com.br\/2025\/09\/bdf-20250905-033615-f44839-1140x815.jpeg 1140w, https:\/\/assets.brasildefato.com.br\/2025\/09\/bdf-20250905-033615-f44839.jpeg 1600w\" data-sizes=\"(max-width: 1024px) 100vw, 1024px\" data-pin-no-hover=\"true\" data-was-processed=\"true\" \/><figcaption class=\"wp-element-caption\">Estradas de ch\u00e3o batido em Almeirim (PA), onde vive Joana | Carolina Bataier\/Brasil de Fato<\/figcaption><\/figure>\n<p>Fora do PPDDH, outros ambientalistas, ind\u00edgenas, quilombolas, sem-terras,<a href=\"https:\/\/www.brasildefato.com.br\/2024\/04\/30\/gado-madeira-e-violencia-ameacam-ribeirinhos-do-rio-madeira-no-sul-do-amazonas\/\" target=\"_blank\" rel=\"noopener noreferrer\">ribeirinhos e habitantes das tantas comunidades tradicionais<\/a> brasileiras lidam, dia a dia, com a viol\u00eancia.<\/p>\n<p>O relat\u00f3rio <em>Na Linha de Frente: viol\u00eancia contra defensoras e defensores de direitos humanos no Brasil<\/em>, realizado pelas organiza\u00e7\u00f5es Justi\u00e7a Global e Terra de Direitos mapeou 486 casos de viol\u00eancia contra defensoras e defensores de direitos humanos, entre os anos de 2023 e 2024, registrados em 318 epis\u00f3dios: em alguns ataques houve mais de uma v\u00edtima e 80% dos casos tem como alvo pessoas que defendem a terra, o territ\u00f3rio e o meio ambiente. A Bahia lidera o ranking em n\u00famero de mortes, com 10 assassinatos no per\u00edodo, enquanto o Par\u00e1 \u00e9 o estado com mais casos de viol\u00eancia registrados.<\/p>\n<p>Ainda, segundo o mesmo levantamento, nos \u00faltimos cinco anos, 2024 foi o ano com menos casos de viol\u00eancia contra defensores dos direitos humanos, com 188 ocorr\u00eancias; e 2019, primeiro ano do governo do ex-presidente Jair Bolsonaro, teve recorde com 355 registros.<\/p>\n<p>A maior parte dos casos acontece na Amaz\u00f4nia, onde pistoleiros, <a href=\"https:\/\/www.brasildefato.com.br\/2025\/08\/15\/ultima-esperanca-mpf-pede-federalizacao-de-reserva-que-teve-75-da-area-desmatada-e-invadida-por-765-fazendas-de-gado\/\" target=\"_blank\" rel=\"noopener noreferrer\">grileiros<\/a>, fazendeiros e agentes do crime organizado est\u00e3o entre os principais causadores das viol\u00eancias. <a href=\"https:\/\/www.brasildefato.com.br\/2025\/07\/05\/proletarios-da-lama-garimpeiros-ilegais-tem-expectativa-de-vida-de-55-anos-21-a-menos-que-media-nacional\/\" target=\"_blank\" rel=\"noopener noreferrer\">Garimpeiros<\/a>, madeireiros e outros grupos que exploram a floresta tamb\u00e9m representam a amea\u00e7a aos defensores dos territ\u00f3rios, al\u00e9m de agentes p\u00fablicos, como pol\u00edticos, policiais militares e civis.<\/p>\n<p>\u201cH\u00e1, como a gente j\u00e1 sabe, sempre o envolvimento do grande interesse de capital. Ent\u00e3o, essa disputa envolve pessoas com poder aquisitivo muito alto, que inclusive contrata milicianos para amea\u00e7ar, para amedrontar, para fazer com que essa pessoa desista do seu territ\u00f3rio, da sua terra\u201d, explica Luciene Aviz, coordenadora adjunta do Programa de Prote\u00e7\u00e3o aos Defensores de Direitos Humanos (PPDDH), do Instituto Universidade Popular (Unipop), entidade executora do programa no Par\u00e1.<\/p>\n<p>Por causa das amea\u00e7as de morte, Neidinha chegou a passar uma temporada na Bahia, vivendo em anonimato e sob prote\u00e7\u00e3o do estado. A experi\u00eancia \u00e9 lembrada com ang\u00fastia. \u201cAs pessoas acham que a solu\u00e7\u00e3o para proteger ativista \u00e9 tirar ele do lugar, esconder. N\u00e3o \u00e9. Voc\u00ea tira, voc\u00ea adoece a pessoa\u201d, desabafa. Dois meses depois, ela decidiu voltar para a Amaz\u00f4nia. \u201cQuer matar um ativista? Tira ele do lugar dele\u201d, diz.<\/p>\n<h4 class=\"wp-block-heading\">\u2018Chico Mendes morreu com dois policiais dentro de casa\u2019<\/h4>\n<p>O trabalho conjunto das organiza\u00e7\u00f5es Justi\u00e7a Global e Terra de Direitos indica que a regi\u00e3o Norte concentra a maioria dos casos de viol\u00eancia contra defensores de direitos humanos. Nos anos de 2023 e 2024, a regi\u00e3o somou 34% das ocorr\u00eancias.<\/p>\n<p>O Par\u00e1 \u00e9 o estado l\u00edder desse tipo de ocorr\u00eancia no per\u00edodo, com 103 casos, entre amea\u00e7as, agress\u00f5es, tentativas de homic\u00eddio e assassinatos. A agricultora e extrativista Joana*, moradora do munic\u00edpio de <a href=\"https:\/\/www.brasildefato.com.br\/2024\/02\/20\/projeto-jari-de-creditos-de-carbono-engana-comunidades-e-invade-terras-publicas-no-para\/\" target=\"_blank\" rel=\"noopener noreferrer\">Almeirim<\/a>, no extremo norte do estado, est\u00e1 desde 2017 no programa de prote\u00e7\u00e3o, por indica\u00e7\u00e3o do Minist\u00e9rio P\u00fablico Federal (MPF).<\/p>\n<figure class=\"wp-block-image size-full\"><img data-recalc-dims=\"1\" loading=\"lazy\" decoding=\"async\" class=\"wp-image-747068 lazy loaded\" src=\"https:\/\/i0.wp.com\/assets.brasildefato.com.br\/2025\/09\/mapa-violencia-962x570.jpg?resize=600%2C448&#038;ssl=1\" sizes=\"auto, (max-width: 962px) 100vw, 962px\" srcset=\"https:\/\/assets.brasildefato.com.br\/2025\/09\/mapa-violencia-300x224.jpg 300w, https:\/\/assets.brasildefato.com.br\/2025\/09\/mapa-violencia-768x574.jpg 768w, https:\/\/assets.brasildefato.com.br\/2025\/09\/mapa-violencia-750x536.jpg 750w, https:\/\/assets.brasildefato.com.br\/2025\/09\/mapa-violencia-962x570.jpg 962w\" alt=\"\" width=\"600\" height=\"448\" data-src=\"https:\/\/assets.brasildefato.com.br\/2025\/09\/mapa-violencia-962x570.jpg\" data-srcset=\"https:\/\/assets.brasildefato.com.br\/2025\/09\/mapa-violencia-300x224.jpg 300w, https:\/\/assets.brasildefato.com.br\/2025\/09\/mapa-violencia-768x574.jpg 768w, https:\/\/assets.brasildefato.com.br\/2025\/09\/mapa-violencia-750x536.jpg 750w, https:\/\/assets.brasildefato.com.br\/2025\/09\/mapa-violencia-962x570.jpg 962w\" data-sizes=\"(max-width: 962px) 100vw, 962px\" data-pin-no-hover=\"true\" data-was-processed=\"true\" \/><figcaption class=\"wp-element-caption\"><em>Ranking dos casos de viol\u00eancia contra defensores dos direitos humanos entre 2023 e 2024 no Brasil \u2013 Justi\u00e7a Global e Terra de Direitos<\/em><\/figcaption><\/figure>\n<p>Moradora de uma regi\u00e3o de colheita de castanha, ela lidera a luta pela implementa\u00e7\u00e3o de um assentamento que garanta o direito \u00e0 terra para os extrativistas. O trabalho incomodou empres\u00e1rios e fazendeiros interessados naquelas terras.<\/p>\n<p>\u201cEu recebi mensagem de amea\u00e7a de morte. Eu sofri persegui\u00e7\u00f5es, retalia\u00e7\u00f5es. Eu sofri difama\u00e7\u00e3o, cal\u00fania de todas as formas\u201d, desabafa.<\/p>\n<p>Como parte das a\u00e7\u00f5es do programa de prote\u00e7\u00e3o, Joana recebe periodicamente a visita de policiais militares, mas considera a medida insuficiente. Para ir at\u00e9 a zona urbana, ela viaja por horas pela estrada de ch\u00e3o batido, mata adentro. Muitas vezes, o trajeto \u00e9 feito sem acompanhamento de escolta.<\/p>\n<p>\u201cA minha vida t\u00e1 na m\u00e3o de Deus, mesmo. Deus \u00e9 que me guardou, porque se eu fosse realmente depender do programa da assist\u00eancia, eu j\u00e1 teria morrido\u201d, diz.<\/p>\n<p>No Par\u00e1, os ambientalistas amea\u00e7ados s\u00e3o inseridos no programa estadual de prote\u00e7\u00e3o, que enfrenta, entre outros problemas, limita\u00e7\u00f5es or\u00e7ament\u00e1rias.<\/p>\n<p>\u201cTem defensor que fica muito distante, tem que pegar barco, tem que pegar \u00f4nibus e ir at\u00e9 o barco. A pol\u00edcia s\u00f3 chega at\u00e9 determinado munic\u00edpio\u201d, explica Luciene Aviz, coordenadora do PPDDH.<\/p>\n<p>Al\u00e9m das limita\u00e7\u00f5es financeiras, os executores do programa lidam com outro obst\u00e1culo: a din\u00e2mica das rela\u00e7\u00f5es nesses territ\u00f3rios. Joana, por exemplo, precisou fazer den\u00fancias \u00e0 Corregedoria-Geral da Pol\u00edcia Civil do Par\u00e1, porque um delegado tinha rela\u00e7\u00f5es pr\u00f3ximas com a empresa que a amea\u00e7ava.<\/p>\n<p>Para minimizar esse risco, os executores do programa estabelecem, dentre os policiais, um oficial que trabalha como ponto focal na prote\u00e7\u00e3o do defensor. \u201cA gente est\u00e1 dizendo: \u2018Olha, Estado, essa pessoa \u00e9 responsabilidade tua\u2019\u201d, explica a coordenadora. Ela informa que nenhum defensor cadastrado no programa foi v\u00edtima de assassinato.<\/p>\n<p>A pesquisa da Justi\u00e7a Global e Terra de Direitos divide os respons\u00e1veis pelas viol\u00eancias em dois grupos: agentes privados e agentes p\u00fablicos. Entre os agentes privado, a maior parte dos autores das amea\u00e7as e assassinatos s\u00e3o jagun\u00e7os e pistoleiros. No segundo grupo, os policiais militares s\u00e3o os mais denunciados como causadores das viol\u00eancias.<\/p>\n<p>\u201cEnt\u00e3o, eu n\u00e3o tinha como confiar na pol\u00edcia. Eu tinha era medo da pol\u00edcia\u201d, diz Joana. \u201cE a\u00ed a gente v\u00ea a hist\u00f3ria de Chico Mendes, v\u00ea que o Chico Mendes morreu com dois policiais na casa dele, n\u00e9?\u201d.<\/p>\n<p>O <a href=\"https:\/\/www.brasildefato.com.br\/especiais\/especiais-especial-or-chico-mendes-a-voz-que-nao-cala\/\" target=\"_blank\" rel=\"noopener noreferrer\">seringueiro e ambientalista Chico Mendes<\/a> foi assassinado em dezembro de 1988, com um tiro no peito, no quintal da sua casa em Xapiri, no Acre. O autor do crime \u00e9 o fazendeiro Darci Alves Pereira, que hoje se apresenta como pastor Daniel. No dia da morte, Chico estava sob a prote\u00e7\u00e3o de dois PMs.<\/p>\n<p><em>*Nome fict\u00edcio, usado para preservar a identidade da entrevistada. <\/em><\/p>\n<div class=\"jeg_meta_post_footer\">\n<div class=\"jeg_meta_editors\">Editado por: Maria Teresa Cruz<\/div>\n<\/div>\n","protected":false},"excerpt":{"rendered":"<p>Par\u00e1 \u00e9 o estado mais violento para quem defende os direitos humanos; programas de prote\u00e7\u00e3o t\u00eam problemas estruturais<\/p>\n","protected":false},"author":1,"featured_media":0,"comment_status":"closed","ping_status":"open","sticky":false,"template":"","format":"standard","meta":{"_exactmetrics_skip_tracking":false,"_exactmetrics_sitenote_active":false,"_exactmetrics_sitenote_note":"","_exactmetrics_sitenote_category":0,"jetpack_post_was_ever_published":false,"_jetpack_newsletter_access":"","_jetpack_dont_email_post_to_subs":false,"_jetpack_newsletter_tier_id":0,"_jetpack_memberships_contains_paywalled_content":false,"_jetpack_memberships_contains_paid_content":false,"footnotes":"","jetpack_publicize_message":"","jetpack_publicize_feature_enabled":true,"jetpack_social_post_already_shared":true,"jetpack_social_options":{"image_generator_settings":{"template":"highway","enabled":false},"version":2}},"categories":[1],"tags":[],"class_list":["post-37375","post","type-post","status-publish","format-standard","hentry","category-notas"],"jetpack_publicize_connections":[],"jetpack_sharing_enabled":true,"jetpack_featured_media_url":"","jetpack_shortlink":"https:\/\/wp.me\/p7wKYW-9IP","jetpack-related-posts":[],"_links":{"self":[{"href":"http:\/\/blogdalucianaoliveira.com.br\/blog\/wp-json\/wp\/v2\/posts\/37375","targetHints":{"allow":["GET"]}}],"collection":[{"href":"http:\/\/blogdalucianaoliveira.com.br\/blog\/wp-json\/wp\/v2\/posts"}],"about":[{"href":"http:\/\/blogdalucianaoliveira.com.br\/blog\/wp-json\/wp\/v2\/types\/post"}],"author":[{"embeddable":true,"href":"http:\/\/blogdalucianaoliveira.com.br\/blog\/wp-json\/wp\/v2\/users\/1"}],"replies":[{"embeddable":true,"href":"http:\/\/blogdalucianaoliveira.com.br\/blog\/wp-json\/wp\/v2\/comments?post=37375"}],"version-history":[{"count":1,"href":"http:\/\/blogdalucianaoliveira.com.br\/blog\/wp-json\/wp\/v2\/posts\/37375\/revisions"}],"predecessor-version":[{"id":37377,"href":"http:\/\/blogdalucianaoliveira.com.br\/blog\/wp-json\/wp\/v2\/posts\/37375\/revisions\/37377"}],"wp:attachment":[{"href":"http:\/\/blogdalucianaoliveira.com.br\/blog\/wp-json\/wp\/v2\/media?parent=37375"}],"wp:term":[{"taxonomy":"category","embeddable":true,"href":"http:\/\/blogdalucianaoliveira.com.br\/blog\/wp-json\/wp\/v2\/categories?post=37375"},{"taxonomy":"post_tag","embeddable":true,"href":"http:\/\/blogdalucianaoliveira.com.br\/blog\/wp-json\/wp\/v2\/tags?post=37375"}],"curies":[{"name":"wp","href":"https:\/\/api.w.org\/{rel}","templated":true}]}}