{"id":3738,"date":"2016-09-05T20:10:50","date_gmt":"2016-09-06T00:10:50","guid":{"rendered":"http:\/\/blogdalucianaoliveira.com.br\/blog\/?p=3738"},"modified":"2016-09-05T20:10:50","modified_gmt":"2016-09-06T00:10:50","slug":"a-dramatica-atuacao-da-oab-como-mera-conselheira","status":"publish","type":"post","link":"http:\/\/blogdalucianaoliveira.com.br\/blog\/2016\/09\/05\/a-dramatica-atuacao-da-oab-como-mera-conselheira\/","title":{"rendered":"A dram\u00e1tica atua\u00e7\u00e3o da OAB como mera conselheira"},"content":{"rendered":"<p><img data-recalc-dims=\"1\" loading=\"lazy\" decoding=\"async\" data-attachment-id=\"3739\" data-permalink=\"http:\/\/blogdalucianaoliveira.com.br\/blog\/2016\/09\/05\/a-dramatica-atuacao-da-oab-como-mera-conselheira\/image-833\/\" data-orig-file=\"https:\/\/i0.wp.com\/blogdalucianaoliveira.com.br\/blog\/wp-content\/uploads\/2016\/09\/image-41.jpeg?fit=450%2C295\" data-orig-size=\"450,295\" data-comments-opened=\"0\" data-image-meta=\"{&quot;aperture&quot;:&quot;0&quot;,&quot;credit&quot;:&quot;&quot;,&quot;camera&quot;:&quot;&quot;,&quot;caption&quot;:&quot;&quot;,&quot;created_timestamp&quot;:&quot;1468521314&quot;,&quot;copyright&quot;:&quot;&quot;,&quot;focal_length&quot;:&quot;0&quot;,&quot;iso&quot;:&quot;0&quot;,&quot;shutter_speed&quot;:&quot;0&quot;,&quot;title&quot;:&quot;&quot;,&quot;orientation&quot;:&quot;1&quot;}\" data-image-title=\"image\" data-image-description=\"\" data-image-caption=\"\" data-medium-file=\"https:\/\/i0.wp.com\/blogdalucianaoliveira.com.br\/blog\/wp-content\/uploads\/2016\/09\/image-41.jpeg?fit=300%2C197\" data-large-file=\"https:\/\/i0.wp.com\/blogdalucianaoliveira.com.br\/blog\/wp-content\/uploads\/2016\/09\/image-41.jpeg?fit=450%2C295\" src=\"https:\/\/i0.wp.com\/blogdalucianaoliveira.com.br\/blog\/wp-content\/uploads\/2016\/09\/image-41.jpeg?resize=450%2C295\" alt=\"image\" width=\"450\" height=\"295\" class=\"alignnone size-full wp-image-3739\" srcset=\"https:\/\/i0.wp.com\/blogdalucianaoliveira.com.br\/blog\/wp-content\/uploads\/2016\/09\/image-41.jpeg?w=450 450w, https:\/\/i0.wp.com\/blogdalucianaoliveira.com.br\/blog\/wp-content\/uploads\/2016\/09\/image-41.jpeg?resize=300%2C197 300w\" sizes=\"auto, (max-width: 450px) 100vw, 450px\" \/><\/p>\n<p>A democracia desaba sobre nossas cabe\u00e7as e a Ordem dos Advogados do Brasil que vem se omitindo para uma s\u00e9rie de ilegalidades e imoralidades, lan\u00e7a um Comit\u00ea de Combate ao Caixa 2, \u00e0 Corrup\u00e7\u00e3o Eleitoral e pela \u00c9tica na Pol\u00edtica.<!--more--><\/p>\n<p>O discurso soa da porta pra fora ou ao menos sob uma \u00f3tica seletiva, se considerarmos a postura adotada pela entidade diante dos fatos que antecederam a troca de um governo leg\u00edtimo por um catapultado atrav\u00e9s de golpe parlamentar.<\/p>\n<p>S\u00f3 no que diz respeito \u00e0s bandeiras que d\u00e3o nome ao Comit\u00ea lan\u00e7ado, \u00e9 fundamental revermos alguns fatos.<\/p>\n<p>A OAB n\u00e3o questionou a posse de um presidente ficha suja, condenado pelo Tribunal Regional Eleitoral de S\u00e3o Paulo por doa\u00e7\u00f5es ilegais em 2014, mesmo tendo sido uma das vozes mais eloquentes em defesa da Lei criada para fortalecer a \u00e9tica na pol\u00edtica. Michel Temer tamb\u00e9m tem um pedido de impeachment protocolado no Supremo Tribunal Federal por crime de responsabilidade, tal como sustentou a OAB contra Dilma Rousseff.<\/p>\n<p>Sobre a posse de v\u00e1rios ministros investigados na Opera\u00e7\u00e3o Lava Jato, o presidente da Ordem, Carlos Lamachia, se limitou a declarar na imprensa que \u201cn\u00e3o deviam ocupar minist\u00e9rios do governo do presidente\u201d e que, conforme \u201cnecess\u00e1rio, a Ordem avaliar\u00e1 o uso dos instrumentos jur\u00eddicos cab\u00edveis para requerer o afastamento das fun\u00e7\u00f5es p\u00fablicas dos ministros que se tornarem r\u00e9us.\u201d<\/p>\n<p>Os ministros est\u00e3o entre os citados por v\u00e1rios delatores como membros da quadrilha que sangrou os cofres da Petrobr\u00e1s por meio de contratos superfaturados para desviar e distribuir o dinheiro.<\/p>\n<p>A propina abasteceu campanhas pol\u00edticas e encheu os bolsos dos benefici\u00e1rios do esquema.<\/p>\n<p>As empresas envolvidas no esquema doaram \u00e0s campanhas de 12 ministros de Temer.<\/p>\n<p>A OAB n\u00e3o deu a estes o mesmo tratamento ofertado ao ent\u00e3o senador Delc\u00eddio do Amaral, tamb\u00e9m citado em dela\u00e7\u00f5es. Lamachia disse na ocasi\u00e3o que \u201cao se manter no cargo, o senador debocha dos cidad\u00e3os, inclusive com poder para interferir no andamento do processo\u201d.<\/p>\n<p>Usou o mesmo argumento quando tamb\u00e9m pediu o afastamento de Eduardo Cunha da presid\u00eancia da C\u00e2mara, mas essa postura imediata foi antes do novo governo assumir.<\/p>\n<p>Quando Romero Juc\u00e1, ent\u00e3o Ministro do Planejamento foi flagrado em \u00e1udios tramando contra a Lava Jato, a OAB novamente se limitou a criticar e a aconselhar o governo para que o exonerasse.<\/p>\n<p>A OAB n\u00e3o pode agir como conselheira de governo, sobretudo porque possui meios jur\u00eddicos para defender os interesses da sociedade, de imediato, contra tudo e todos que ameacem a moralidade pol\u00edtica.<\/p>\n<p>Sobre o fatiamento do impeachment que manteve os direitos pol\u00edticos de Dilma Roussef, flagrante afronta \u00e0 Constitui\u00e7\u00e3o Federal, o presidente da Ordem novamente amea\u00e7ou, ap\u00f3s an\u00e1lise certamente tardia, que \u2018n\u00e3o descarta\u2019 judicializar no Supremo Tribunal Federal o questionamento.<\/p>\n<p>O que a sociedade espera da OAB n\u00e3o \u00e9 discurso, nem somente campanhas de conscientiza\u00e7\u00e3o, mas a\u00e7\u00f5es concretas que coloquem um freio na lamban\u00e7a no ordenamento jur\u00eddico.<\/p>\n<p>E, principalmente, sem seletividade, afinal, n\u00e3o pode um amea\u00e7ar investiga\u00e7\u00f5es estando sob as mesmas que outro.<\/p>\n<p>O que se espera \u00e9 que a OAB defenda a lei para todos, do contr\u00e1rio ser\u00e1 mais uma m\u00e1cula no hist\u00f3rico da entidade como o apoio ao golpe de 64. <\/p>\n<p>Falta coer\u00eancia \u00e0 OAB para que suas iniciativas contra a corrup\u00e7\u00e3o e pela moralidade na pol\u00edtica inspirem a confian\u00e7a da sociedade.<\/p>\n","protected":false},"excerpt":{"rendered":"<p>A democracia desaba sobre nossas cabe\u00e7as e a Ordem dos Advogados do Brasil que vem se omitindo para uma s\u00e9rie de ilegalidades e imoralidades, lan\u00e7a um Comit\u00ea de Combate ao Caixa 2, \u00e0 Corrup\u00e7\u00e3o Eleitoral e pela \u00c9tica na Pol\u00edtica.<\/p>\n","protected":false},"author":1,"featured_media":0,"comment_status":"closed","ping_status":"open","sticky":false,"template":"","format":"standard","meta":{"_exactmetrics_skip_tracking":false,"_exactmetrics_sitenote_active":false,"_exactmetrics_sitenote_note":"","_exactmetrics_sitenote_category":0,"jetpack_post_was_ever_published":false,"_jetpack_newsletter_access":"","_jetpack_dont_email_post_to_subs":false,"_jetpack_newsletter_tier_id":0,"_jetpack_memberships_contains_paywalled_content":false,"_jetpack_memberships_contains_paid_content":false,"footnotes":"","jetpack_publicize_message":"","jetpack_publicize_feature_enabled":true,"jetpack_social_post_already_shared":true,"jetpack_social_options":{"image_generator_settings":{"template":"highway","enabled":false},"version":2}},"categories":[1],"tags":[],"class_list":["post-3738","post","type-post","status-publish","format-standard","hentry","category-notas"],"jetpack_publicize_connections":[],"jetpack_sharing_enabled":true,"jetpack_featured_media_url":"","jetpack_shortlink":"https:\/\/wp.me\/p7wKYW-Yi","jetpack-related-posts":[],"_links":{"self":[{"href":"http:\/\/blogdalucianaoliveira.com.br\/blog\/wp-json\/wp\/v2\/posts\/3738","targetHints":{"allow":["GET"]}}],"collection":[{"href":"http:\/\/blogdalucianaoliveira.com.br\/blog\/wp-json\/wp\/v2\/posts"}],"about":[{"href":"http:\/\/blogdalucianaoliveira.com.br\/blog\/wp-json\/wp\/v2\/types\/post"}],"author":[{"embeddable":true,"href":"http:\/\/blogdalucianaoliveira.com.br\/blog\/wp-json\/wp\/v2\/users\/1"}],"replies":[{"embeddable":true,"href":"http:\/\/blogdalucianaoliveira.com.br\/blog\/wp-json\/wp\/v2\/comments?post=3738"}],"version-history":[{"count":2,"href":"http:\/\/blogdalucianaoliveira.com.br\/blog\/wp-json\/wp\/v2\/posts\/3738\/revisions"}],"predecessor-version":[{"id":3741,"href":"http:\/\/blogdalucianaoliveira.com.br\/blog\/wp-json\/wp\/v2\/posts\/3738\/revisions\/3741"}],"wp:attachment":[{"href":"http:\/\/blogdalucianaoliveira.com.br\/blog\/wp-json\/wp\/v2\/media?parent=3738"}],"wp:term":[{"taxonomy":"category","embeddable":true,"href":"http:\/\/blogdalucianaoliveira.com.br\/blog\/wp-json\/wp\/v2\/categories?post=3738"},{"taxonomy":"post_tag","embeddable":true,"href":"http:\/\/blogdalucianaoliveira.com.br\/blog\/wp-json\/wp\/v2\/tags?post=3738"}],"curies":[{"name":"wp","href":"https:\/\/api.w.org\/{rel}","templated":true}]}}