{"id":37383,"date":"2025-09-05T16:06:03","date_gmt":"2025-09-05T20:06:03","guid":{"rendered":"https:\/\/blogdalucianaoliveira.com.br\/blog\/?p=37383"},"modified":"2025-09-05T17:24:33","modified_gmt":"2025-09-05T21:24:33","slug":"audiencia-publica-da-cultura-marca-retomada-historica-de-debates-no-legislativo-de-rondonia","status":"publish","type":"post","link":"http:\/\/blogdalucianaoliveira.com.br\/blog\/2025\/09\/05\/audiencia-publica-da-cultura-marca-retomada-historica-de-debates-no-legislativo-de-rondonia\/","title":{"rendered":"Audi\u00eancia P\u00fablica da Cultura marca retomada hist\u00f3rica de debates no Legislativo de Rond\u00f4nia"},"content":{"rendered":"<p><img data-recalc-dims=\"1\" loading=\"lazy\" decoding=\"async\" data-attachment-id=\"37387\" data-permalink=\"http:\/\/blogdalucianaoliveira.com.br\/blog\/2025\/09\/05\/audiencia-publica-da-cultura-marca-retomada-historica-de-debates-no-legislativo-de-rondonia\/img_6601\/\" data-orig-file=\"https:\/\/i0.wp.com\/blogdalucianaoliveira.com.br\/blog\/wp-content\/uploads\/2025\/09\/IMG_6601.jpeg?fit=1117%2C630\" data-orig-size=\"1117,630\" data-comments-opened=\"0\" data-image-meta=\"{&quot;aperture&quot;:&quot;0&quot;,&quot;credit&quot;:&quot;&quot;,&quot;camera&quot;:&quot;&quot;,&quot;caption&quot;:&quot;&quot;,&quot;created_timestamp&quot;:&quot;0&quot;,&quot;copyright&quot;:&quot;&quot;,&quot;focal_length&quot;:&quot;0&quot;,&quot;iso&quot;:&quot;0&quot;,&quot;shutter_speed&quot;:&quot;0&quot;,&quot;title&quot;:&quot;&quot;,&quot;orientation&quot;:&quot;1&quot;}\" data-image-title=\"IMG_6601\" data-image-description=\"\" data-image-caption=\"\" data-medium-file=\"https:\/\/i0.wp.com\/blogdalucianaoliveira.com.br\/blog\/wp-content\/uploads\/2025\/09\/IMG_6601.jpeg?fit=300%2C169\" data-large-file=\"https:\/\/i0.wp.com\/blogdalucianaoliveira.com.br\/blog\/wp-content\/uploads\/2025\/09\/IMG_6601.jpeg?fit=600%2C339\" class=\"alignnone size-medium wp-image-37387\" src=\"https:\/\/i0.wp.com\/blogdalucianaoliveira.com.br\/blog\/wp-content\/uploads\/2025\/09\/IMG_6601.jpeg?resize=300%2C169\" alt=\"\" width=\"300\" height=\"169\" srcset=\"https:\/\/i0.wp.com\/blogdalucianaoliveira.com.br\/blog\/wp-content\/uploads\/2025\/09\/IMG_6601.jpeg?resize=300%2C169 300w, https:\/\/i0.wp.com\/blogdalucianaoliveira.com.br\/blog\/wp-content\/uploads\/2025\/09\/IMG_6601.jpeg?resize=1024%2C578 1024w, https:\/\/i0.wp.com\/blogdalucianaoliveira.com.br\/blog\/wp-content\/uploads\/2025\/09\/IMG_6601.jpeg?resize=768%2C433 768w, https:\/\/i0.wp.com\/blogdalucianaoliveira.com.br\/blog\/wp-content\/uploads\/2025\/09\/IMG_6601.jpeg?resize=532%2C300 532w, https:\/\/i0.wp.com\/blogdalucianaoliveira.com.br\/blog\/wp-content\/uploads\/2025\/09\/IMG_6601.jpeg?w=1117 1117w\" sizes=\"auto, (max-width: 300px) 100vw, 300px\" \/><\/p>\n<p><strong><br \/>\nPrimeiro encontro estadual desde 2014 reunir\u00e1 gestores, parlamentares, artistas e sociedade civil para discutir futuro da pol\u00edtica cultural<\/strong><\/p>\n<p><!--more--><\/p>\n<p>O Conselho Estadual de Pol\u00edtica Cultural de Rond\u00f4nia (CEPC-RO) realiza na pr\u00f3xima quarta-feira, 10 de setembro de 2025, \u00e0s 14h, no Plen\u00e1rio da Assembleia Legislativa (ALE-RO), a primeira grande audi\u00eancia p\u00fablica estadual dedicada \u00e0 cultura em mais de uma d\u00e9cada. O encontro \u00e9 considerado um marco hist\u00f3rico, j\u00e1 que a \u00faltima audi\u00eancia dessa natureza ocorreu em 2014, ano da aprova\u00e7\u00e3o do Sistema Estadual de Cultura e do Fundo Estadual de Desenvolvimento da Cultura (FEDEC).<\/p>\n<p><img data-recalc-dims=\"1\" loading=\"lazy\" decoding=\"async\" data-attachment-id=\"37390\" data-permalink=\"http:\/\/blogdalucianaoliveira.com.br\/blog\/2025\/09\/05\/audiencia-publica-da-cultura-marca-retomada-historica-de-debates-no-legislativo-de-rondonia\/22f1f406-3003-4dc3-941a-d942e9989df5\/\" data-orig-file=\"https:\/\/i0.wp.com\/blogdalucianaoliveira.com.br\/blog\/wp-content\/uploads\/2025\/09\/22f1f406-3003-4dc3-941a-d942e9989df5.jpeg?fit=960%2C640\" data-orig-size=\"960,640\" data-comments-opened=\"0\" data-image-meta=\"{&quot;aperture&quot;:&quot;0&quot;,&quot;credit&quot;:&quot;&quot;,&quot;camera&quot;:&quot;&quot;,&quot;caption&quot;:&quot;&quot;,&quot;created_timestamp&quot;:&quot;0&quot;,&quot;copyright&quot;:&quot;&quot;,&quot;focal_length&quot;:&quot;0&quot;,&quot;iso&quot;:&quot;0&quot;,&quot;shutter_speed&quot;:&quot;0&quot;,&quot;title&quot;:&quot;&quot;,&quot;orientation&quot;:&quot;0&quot;}\" data-image-title=\"22f1f406-3003-4dc3-941a-d942e9989df5\" data-image-description=\"\" data-image-caption=\"\" data-medium-file=\"https:\/\/i0.wp.com\/blogdalucianaoliveira.com.br\/blog\/wp-content\/uploads\/2025\/09\/22f1f406-3003-4dc3-941a-d942e9989df5.jpeg?fit=300%2C200\" data-large-file=\"https:\/\/i0.wp.com\/blogdalucianaoliveira.com.br\/blog\/wp-content\/uploads\/2025\/09\/22f1f406-3003-4dc3-941a-d942e9989df5.jpeg?fit=600%2C400\" class=\"alignnone size-medium wp-image-37390\" src=\"https:\/\/i0.wp.com\/blogdalucianaoliveira.com.br\/blog\/wp-content\/uploads\/2025\/09\/22f1f406-3003-4dc3-941a-d942e9989df5.jpeg?resize=300%2C200\" alt=\"\" width=\"300\" height=\"200\" srcset=\"https:\/\/i0.wp.com\/blogdalucianaoliveira.com.br\/blog\/wp-content\/uploads\/2025\/09\/22f1f406-3003-4dc3-941a-d942e9989df5.jpeg?resize=300%2C200 300w, https:\/\/i0.wp.com\/blogdalucianaoliveira.com.br\/blog\/wp-content\/uploads\/2025\/09\/22f1f406-3003-4dc3-941a-d942e9989df5.jpeg?resize=768%2C512 768w, https:\/\/i0.wp.com\/blogdalucianaoliveira.com.br\/blog\/wp-content\/uploads\/2025\/09\/22f1f406-3003-4dc3-941a-d942e9989df5.jpeg?resize=450%2C300 450w, https:\/\/i0.wp.com\/blogdalucianaoliveira.com.br\/blog\/wp-content\/uploads\/2025\/09\/22f1f406-3003-4dc3-941a-d942e9989df5.jpeg?w=960 960w\" sizes=\"auto, (max-width: 300px) 100vw, 300px\" \/><\/p>\n<p>A retomada acontece em um momento estrat\u00e9gico: o CEPC-RO conduz a elabora\u00e7\u00e3o do Plano Estadual de Cultura de car\u00e1ter decenal, que definir\u00e1 diretrizes para os pr\u00f3ximos dez anos. A audi\u00eancia contar\u00e1 com a presen\u00e7a do secret\u00e1rio de Estado da Juventude, Cultura, Esporte e Lazer (SEJUCEL) e de representantes do Minist\u00e9rio da Cultura (MinC\/RO \u2013 Escrit\u00f3rio Estadual), refor\u00e7ando o di\u00e1logo institucional necess\u00e1rio para alinhar metas e avan\u00e7ar na execu\u00e7\u00e3o das pol\u00edticas p\u00fablicas.<\/p>\n<p>Entre os temas em pauta est\u00e3o o refor\u00e7o or\u00e7ament\u00e1rio do FEDEC, a aus\u00eancia de planejamento e de pessoal t\u00e9cnico concursado na estrutura gestora, al\u00e9m dos atrasos na execu\u00e7\u00e3o de programas federais como a PNAB, a LPG e os Arranjos Regionais. O CEPC-RO tamb\u00e9m pretende destacar a import\u00e2ncia do Programa de Patrim\u00f4nio Material e Imaterial do Estado, fundamental para a preserva\u00e7\u00e3o de saberes, fazeres e bens culturais, e que demanda previs\u00e3o or\u00e7ament\u00e1ria espec\u00edfica para garantir a continuidade de manifesta\u00e7\u00f5es tradicionais como o Duelo da Fronteira, o Arraial Flor do Maracuj\u00e1 e o Festival de Nazar\u00e9.<\/p>\n<p>A presidente do CEPC-RO, Valdete Sousa, destaca a relev\u00e2ncia da mobiliza\u00e7\u00e3o coletiva para que a audi\u00eancia cumpra seu papel de abrir caminhos para uma pol\u00edtica cultural consistente e de longo prazo. \u201cDepois de mais de uma d\u00e9cada, a cultura volta a ter espa\u00e7o de di\u00e1logo no plen\u00e1rio da Assembleia. Este \u00e9 um chamado para que artistas, produtores, mestres da cultura e cidad\u00e3os estejam presentes, trazendo suas vozes e experi\u00eancias. O futuro da pol\u00edtica cultural de Rond\u00f4nia depende da participa\u00e7\u00e3o de todos n\u00f3s\u201d, afirma.<\/p>\n<p><img data-recalc-dims=\"1\" loading=\"lazy\" decoding=\"async\" data-attachment-id=\"37389\" data-permalink=\"http:\/\/blogdalucianaoliveira.com.br\/blog\/2025\/09\/05\/audiencia-publica-da-cultura-marca-retomada-historica-de-debates-no-legislativo-de-rondonia\/02d4fb95-7bad-4b60-ab31-9eb54ad1837e-2\/\" data-orig-file=\"https:\/\/i0.wp.com\/blogdalucianaoliveira.com.br\/blog\/wp-content\/uploads\/2025\/09\/02d4fb95-7bad-4b60-ab31-9eb54ad1837e-1.jpeg?fit=870%2C580\" data-orig-size=\"870,580\" data-comments-opened=\"0\" data-image-meta=\"{&quot;aperture&quot;:&quot;0&quot;,&quot;credit&quot;:&quot;&quot;,&quot;camera&quot;:&quot;&quot;,&quot;caption&quot;:&quot;&quot;,&quot;created_timestamp&quot;:&quot;0&quot;,&quot;copyright&quot;:&quot;&quot;,&quot;focal_length&quot;:&quot;0&quot;,&quot;iso&quot;:&quot;0&quot;,&quot;shutter_speed&quot;:&quot;0&quot;,&quot;title&quot;:&quot;&quot;,&quot;orientation&quot;:&quot;0&quot;}\" data-image-title=\"02d4fb95-7bad-4b60-ab31-9eb54ad1837e\" data-image-description=\"\" data-image-caption=\"\" data-medium-file=\"https:\/\/i0.wp.com\/blogdalucianaoliveira.com.br\/blog\/wp-content\/uploads\/2025\/09\/02d4fb95-7bad-4b60-ab31-9eb54ad1837e-1.jpeg?fit=300%2C200\" data-large-file=\"https:\/\/i0.wp.com\/blogdalucianaoliveira.com.br\/blog\/wp-content\/uploads\/2025\/09\/02d4fb95-7bad-4b60-ab31-9eb54ad1837e-1.jpeg?fit=600%2C400\" class=\"alignnone size-medium wp-image-37389\" src=\"https:\/\/i0.wp.com\/blogdalucianaoliveira.com.br\/blog\/wp-content\/uploads\/2025\/09\/02d4fb95-7bad-4b60-ab31-9eb54ad1837e-1.jpeg?resize=300%2C200\" alt=\"\" width=\"300\" height=\"200\" srcset=\"https:\/\/i0.wp.com\/blogdalucianaoliveira.com.br\/blog\/wp-content\/uploads\/2025\/09\/02d4fb95-7bad-4b60-ab31-9eb54ad1837e-1.jpeg?resize=300%2C200 300w, https:\/\/i0.wp.com\/blogdalucianaoliveira.com.br\/blog\/wp-content\/uploads\/2025\/09\/02d4fb95-7bad-4b60-ab31-9eb54ad1837e-1.jpeg?resize=768%2C512 768w, https:\/\/i0.wp.com\/blogdalucianaoliveira.com.br\/blog\/wp-content\/uploads\/2025\/09\/02d4fb95-7bad-4b60-ab31-9eb54ad1837e-1.jpeg?resize=450%2C300 450w, https:\/\/i0.wp.com\/blogdalucianaoliveira.com.br\/blog\/wp-content\/uploads\/2025\/09\/02d4fb95-7bad-4b60-ab31-9eb54ad1837e-1.jpeg?w=870 870w\" sizes=\"auto, (max-width: 300px) 100vw, 300px\" \/><\/p>\n<p>A audi\u00eancia ainda ser\u00e1 espa\u00e7o para a apresenta\u00e7\u00e3o de propostas estruturantes, entre elas:<\/p>\n<p>* Amplia\u00e7\u00e3o do percentual destinado ao FEDEC-RO;<br \/>\n* Cria\u00e7\u00e3o da Secretaria Estadual de Cultura (SEC);<br \/>\n* Realiza\u00e7\u00e3o de concurso p\u00fablico para recomposi\u00e7\u00e3o do quadro t\u00e9cnico;<br \/>\n* Execu\u00e7\u00e3o integral dos recursos federais (PNAB, CEUs da Cultura, MovCEU, Arranjos Regionais etc.);<br \/>\n* Cria\u00e7\u00e3o de Lei Estadual de Incentivo \u00e0 Cultura;<br \/>\n* Institucionaliza\u00e7\u00e3o, com or\u00e7amento pr\u00f3prio, de programas permanentes voltados ao Patrim\u00f4nio, Audiovisual, Manifesta\u00e7\u00f5es Populares, Forma\u00e7\u00e3o em Artes, Difus\u00e3o e Editais de Fomento.<\/p>\n<p>As falas dos convidados devem ressaltar o papel da cultura como setor econ\u00f4mico e como ferramenta de inclus\u00e3o social, al\u00e9m da necessidade de maior integra\u00e7\u00e3o entre CEPC-RO, Governo do Estado, SEJUCEL e ALE-RO para assegurar execu\u00e7\u00e3o or\u00e7ament\u00e1ria, continuidade e transpar\u00eancia.<\/p>\n<p>A audi\u00eancia \u00e9 proposi\u00e7\u00e3o da deputada Cl\u00e1udia de Jesus (PT) que vem refor\u00e7ando o convite \u00e0 participa\u00e7\u00e3o em suas redes sociais.<\/p>\n<p><img data-recalc-dims=\"1\" loading=\"lazy\" decoding=\"async\" data-attachment-id=\"37388\" data-permalink=\"http:\/\/blogdalucianaoliveira.com.br\/blog\/2025\/09\/05\/audiencia-publica-da-cultura-marca-retomada-historica-de-debates-no-legislativo-de-rondonia\/screenshot-4\/\" data-orig-file=\"https:\/\/i0.wp.com\/blogdalucianaoliveira.com.br\/blog\/wp-content\/uploads\/2025\/09\/IMG_6596.jpeg?fit=1179%2C1450\" data-orig-size=\"1179,1450\" data-comments-opened=\"0\" data-image-meta=\"{&quot;aperture&quot;:&quot;0&quot;,&quot;credit&quot;:&quot;&quot;,&quot;camera&quot;:&quot;&quot;,&quot;caption&quot;:&quot;Screenshot&quot;,&quot;created_timestamp&quot;:&quot;1757085436&quot;,&quot;copyright&quot;:&quot;&quot;,&quot;focal_length&quot;:&quot;0&quot;,&quot;iso&quot;:&quot;0&quot;,&quot;shutter_speed&quot;:&quot;0&quot;,&quot;title&quot;:&quot;Screenshot&quot;,&quot;orientation&quot;:&quot;1&quot;}\" data-image-title=\"Screenshot\" data-image-description=\"\" data-image-caption=\"&lt;p&gt;Screenshot&lt;\/p&gt;\n\" data-medium-file=\"https:\/\/i0.wp.com\/blogdalucianaoliveira.com.br\/blog\/wp-content\/uploads\/2025\/09\/IMG_6596.jpeg?fit=244%2C300\" data-large-file=\"https:\/\/i0.wp.com\/blogdalucianaoliveira.com.br\/blog\/wp-content\/uploads\/2025\/09\/IMG_6596.jpeg?fit=600%2C738\" class=\"size-medium wp-image-37388\" src=\"https:\/\/i0.wp.com\/blogdalucianaoliveira.com.br\/blog\/wp-content\/uploads\/2025\/09\/IMG_6596.jpeg?resize=244%2C300\" alt=\"\" width=\"244\" height=\"300\" srcset=\"https:\/\/i0.wp.com\/blogdalucianaoliveira.com.br\/blog\/wp-content\/uploads\/2025\/09\/IMG_6596.jpeg?resize=244%2C300 244w, https:\/\/i0.wp.com\/blogdalucianaoliveira.com.br\/blog\/wp-content\/uploads\/2025\/09\/IMG_6596.jpeg?resize=833%2C1024 833w, https:\/\/i0.wp.com\/blogdalucianaoliveira.com.br\/blog\/wp-content\/uploads\/2025\/09\/IMG_6596.jpeg?resize=768%2C945 768w, https:\/\/i0.wp.com\/blogdalucianaoliveira.com.br\/blog\/wp-content\/uploads\/2025\/09\/IMG_6596.jpeg?w=1179 1179w\" sizes=\"auto, (max-width: 244px) 100vw, 244px\" \/><\/p>\n<p>&nbsp;<\/p>\n<p><strong>Servi\u00e7o<\/strong><\/p>\n<p>*Audi\u00eancia P\u00fablica da Cultura \u2014 CEPC-RO*<br \/>\nData: 10 de setembro de 2025 (quarta-feira)<br \/>\nHor\u00e1rio: 14h<br \/>\nLocal: Plen\u00e1rio da Assembleia Legislativa de Rond\u00f4nia (ALE-RO), Porto Velho<br \/>\nConvite \u00e0 comunidade: participa\u00e7\u00e3o aberta e presencial \u00e0 sociedade civil, trabalhadores(as) de cultura e gestores(as).<\/p>\n","protected":false},"excerpt":{"rendered":"<p>Primeiro encontro estadual desde 2014 reunir\u00e1 gestores, parlamentares, artistas e sociedade civil para discutir futuro da pol\u00edtica cultural<\/p>\n","protected":false},"author":1,"featured_media":0,"comment_status":"closed","ping_status":"open","sticky":false,"template":"","format":"standard","meta":{"_exactmetrics_skip_tracking":false,"_exactmetrics_sitenote_active":false,"_exactmetrics_sitenote_note":"","_exactmetrics_sitenote_category":0,"jetpack_post_was_ever_published":false,"_jetpack_newsletter_access":"","_jetpack_dont_email_post_to_subs":false,"_jetpack_newsletter_tier_id":0,"_jetpack_memberships_contains_paywalled_content":false,"_jetpack_memberships_contains_paid_content":false,"footnotes":"","jetpack_publicize_message":"","jetpack_publicize_feature_enabled":true,"jetpack_social_post_already_shared":true,"jetpack_social_options":{"image_generator_settings":{"template":"highway","enabled":false},"version":2}},"categories":[1],"tags":[320,77,1429],"class_list":["post-37383","post","type-post","status-publish","format-standard","hentry","category-notas","tag-audiencia","tag-cultura","tag-deputada-claudia-de-jesus"],"jetpack_publicize_connections":[],"jetpack_sharing_enabled":true,"jetpack_featured_media_url":"","jetpack_shortlink":"https:\/\/wp.me\/p7wKYW-9IX","jetpack-related-posts":[],"_links":{"self":[{"href":"http:\/\/blogdalucianaoliveira.com.br\/blog\/wp-json\/wp\/v2\/posts\/37383","targetHints":{"allow":["GET"]}}],"collection":[{"href":"http:\/\/blogdalucianaoliveira.com.br\/blog\/wp-json\/wp\/v2\/posts"}],"about":[{"href":"http:\/\/blogdalucianaoliveira.com.br\/blog\/wp-json\/wp\/v2\/types\/post"}],"author":[{"embeddable":true,"href":"http:\/\/blogdalucianaoliveira.com.br\/blog\/wp-json\/wp\/v2\/users\/1"}],"replies":[{"embeddable":true,"href":"http:\/\/blogdalucianaoliveira.com.br\/blog\/wp-json\/wp\/v2\/comments?post=37383"}],"version-history":[{"count":2,"href":"http:\/\/blogdalucianaoliveira.com.br\/blog\/wp-json\/wp\/v2\/posts\/37383\/revisions"}],"predecessor-version":[{"id":37392,"href":"http:\/\/blogdalucianaoliveira.com.br\/blog\/wp-json\/wp\/v2\/posts\/37383\/revisions\/37392"}],"wp:attachment":[{"href":"http:\/\/blogdalucianaoliveira.com.br\/blog\/wp-json\/wp\/v2\/media?parent=37383"}],"wp:term":[{"taxonomy":"category","embeddable":true,"href":"http:\/\/blogdalucianaoliveira.com.br\/blog\/wp-json\/wp\/v2\/categories?post=37383"},{"taxonomy":"post_tag","embeddable":true,"href":"http:\/\/blogdalucianaoliveira.com.br\/blog\/wp-json\/wp\/v2\/tags?post=37383"}],"curies":[{"name":"wp","href":"https:\/\/api.w.org\/{rel}","templated":true}]}}