{"id":37396,"date":"2025-09-08T09:20:07","date_gmt":"2025-09-08T13:20:07","guid":{"rendered":"https:\/\/blogdalucianaoliveira.com.br\/blog\/?p=37396"},"modified":"2025-09-08T09:21:22","modified_gmt":"2025-09-08T13:21:22","slug":"semana-decisiva-para-bolsonaro-e-militares-golpistas-veja-como-serao-os-ultimos-dias-de-julgamento-no-stf","status":"publish","type":"post","link":"http:\/\/blogdalucianaoliveira.com.br\/blog\/2025\/09\/08\/semana-decisiva-para-bolsonaro-e-militares-golpistas-veja-como-serao-os-ultimos-dias-de-julgamento-no-stf\/","title":{"rendered":"Semana decisiva para Bolsonaro e militares golpistas: veja como ser\u00e3o os \u00faltimos dias de julgamento no STF"},"content":{"rendered":"<p><img data-recalc-dims=\"1\" loading=\"lazy\" decoding=\"async\" data-attachment-id=\"37398\" data-permalink=\"http:\/\/blogdalucianaoliveira.com.br\/blog\/2025\/09\/08\/semana-decisiva-para-bolsonaro-e-militares-golpistas-veja-como-serao-os-ultimos-dias-de-julgamento-no-stf\/img_6756\/\" data-orig-file=\"https:\/\/i0.wp.com\/blogdalucianaoliveira.com.br\/blog\/wp-content\/uploads\/2025\/09\/IMG_6756.jpeg?fit=2560%2C1707\" data-orig-size=\"2560,1707\" data-comments-opened=\"0\" data-image-meta=\"{&quot;aperture&quot;:&quot;0&quot;,&quot;credit&quot;:&quot;&quot;,&quot;camera&quot;:&quot;&quot;,&quot;caption&quot;:&quot;&quot;,&quot;created_timestamp&quot;:&quot;0&quot;,&quot;copyright&quot;:&quot;&quot;,&quot;focal_length&quot;:&quot;0&quot;,&quot;iso&quot;:&quot;0&quot;,&quot;shutter_speed&quot;:&quot;0&quot;,&quot;title&quot;:&quot;&quot;,&quot;orientation&quot;:&quot;0&quot;}\" data-image-title=\"IMG_6756\" data-image-description=\"\" data-image-caption=\"\" data-medium-file=\"https:\/\/i0.wp.com\/blogdalucianaoliveira.com.br\/blog\/wp-content\/uploads\/2025\/09\/IMG_6756.jpeg?fit=300%2C200\" data-large-file=\"https:\/\/i0.wp.com\/blogdalucianaoliveira.com.br\/blog\/wp-content\/uploads\/2025\/09\/IMG_6756.jpeg?fit=600%2C400\" class=\"alignnone size-medium wp-image-37398\" src=\"https:\/\/i0.wp.com\/blogdalucianaoliveira.com.br\/blog\/wp-content\/uploads\/2025\/09\/IMG_6756.jpeg?resize=300%2C200\" alt=\"\" width=\"300\" height=\"200\" srcset=\"https:\/\/i0.wp.com\/blogdalucianaoliveira.com.br\/blog\/wp-content\/uploads\/2025\/09\/IMG_6756.jpeg?resize=300%2C200 300w, https:\/\/i0.wp.com\/blogdalucianaoliveira.com.br\/blog\/wp-content\/uploads\/2025\/09\/IMG_6756.jpeg?resize=1024%2C683 1024w, https:\/\/i0.wp.com\/blogdalucianaoliveira.com.br\/blog\/wp-content\/uploads\/2025\/09\/IMG_6756.jpeg?resize=768%2C512 768w, https:\/\/i0.wp.com\/blogdalucianaoliveira.com.br\/blog\/wp-content\/uploads\/2025\/09\/IMG_6756.jpeg?resize=1536%2C1024 1536w, https:\/\/i0.wp.com\/blogdalucianaoliveira.com.br\/blog\/wp-content\/uploads\/2025\/09\/IMG_6756.jpeg?resize=2048%2C1366 2048w, https:\/\/i0.wp.com\/blogdalucianaoliveira.com.br\/blog\/wp-content\/uploads\/2025\/09\/IMG_6756.jpeg?resize=450%2C300 450w, https:\/\/i0.wp.com\/blogdalucianaoliveira.com.br\/blog\/wp-content\/uploads\/2025\/09\/IMG_6756.jpeg?w=1200 1200w, https:\/\/i0.wp.com\/blogdalucianaoliveira.com.br\/blog\/wp-content\/uploads\/2025\/09\/IMG_6756.jpeg?w=1800 1800w\" sizes=\"auto, (max-width: 300px) 100vw, 300px\" \/><\/p>\n<h2 class=\"jeg_post_subtitle\">Ju\u00edzo da a\u00e7\u00e3o penal que apura tentativa de golpe no STF deve terminar na pr\u00f3xima sexta-feira (12), com o veredito<\/h2>\n<p><!--more--><\/p>\n<p>Brasil de Fato &#8211; O <a href=\"https:\/\/www.brasildefato.com.br\/2025\/08\/30\/no-banco-dos-reus-entenda-como-sera-o-julgamento-de-bolsonaro-e-seus-comparsas-no-stf\/\" target=\"_blank\" rel=\"noopener noreferrer\">julgamento da a\u00e7\u00e3o penal que apura a tentativa de golpe de Estado no Brasil<\/a>(AP 2668), envolvendo o chamado \u201cn\u00facleo crucial\u201d da trama, ser\u00e1 retomado na pr\u00f3xima ter\u00e7a-feira (9), na Primeira Turma do Supremo Tribunal Federal (STF) e, segundo o cronograma, terminar\u00e1 at\u00e9 sexta-feira (12).<\/p>\n<p>S\u00e3o r\u00e9us nessa a\u00e7\u00e3o o ex-presidente <a href=\"https:\/\/www.brasildefato.com.br\/2025\/09\/03\/julgamento-no-stf-evidencia-papel-de-bolsonaro-como-chefe-da-organizacao-criminosa-avalia-advogado\/\" target=\"_blank\" rel=\"noopener noreferrer\">Jair Bolsonaro (PL)<\/a>, os generais <a href=\"https:\/\/www.brasildefato.com.br\/2025\/09\/03\/defesa-de-braga-netto-pede-anulacao-de-delacao-de-mauro-cid-mente-descaradamente\/\" target=\"_blank\" rel=\"noopener noreferrer\">Walter Souza Braga Netto<\/a>, <a href=\"https:\/\/www.brasildefato.com.br\/2025\/09\/03\/defesa-de-augusto-heleno-tira-o-corpo-fora-se-houve-ele-nao-participou-de-tentativa-de-golpe-de-estado\/\" target=\"_blank\" rel=\"noopener noreferrer\">Augusto Heleno<\/a> e o almirante <a href=\"https:\/\/www.brasildefato.com.br\/2025\/09\/03\/em-primeiro-dia-de-julgamento-advogado-de-ex-comandante-da-marinha-diz-que-levara-cigarros-onde-bolsonaro-estiver\/\" target=\"_blank\" rel=\"noopener noreferrer\">Almir Garnier<\/a>, os ex-ministros <a href=\"https:\/\/www.brasildefato.com.br\/2025\/09\/03\/advogado-diz-que-bolsonaro-foi-dragado-para-os-fatos-em-delacao-de-mauro-cid-e-pede-absolvicao\/\" target=\"_blank\" rel=\"noopener noreferrer\">Anderson Torres<\/a> (Justi\u00e7a) e <a href=\"https:\/\/www.brasildefato.com.br\/2025\/09\/03\/advogado-de-paulo-sergio-nogueira-contraria-narrativa-de-outros-reus-e-usa-delacao-de-cid-na-defesa\/\" target=\"_blank\" rel=\"noopener noreferrer\">Paulo S\u00e9rgio Nogueira<\/a> (Defesa), o deputado federal e ex-diretor da Ag\u00eancia Brasileira de Intelig\u00eancia (Abin) <a href=\"https:\/\/www.brasildefato.com.br\/2025\/06\/17\/pf-indicia-carlos-bolsonaro-e-ramagem-no-caso-da-abin-paralela\/\" target=\"_blank\" rel=\"noopener noreferrer\">Alexandre Ramagem <\/a>(PL-RJ), al\u00e9m do ex-ajudante de ordens e tenente-coronel do Ex\u00e9rcito <a href=\"https:\/\/www.brasildefato.com.br\/2025\/09\/02\/defesa-de-mauro-cid-tenta-desvincular-militar-do-planejamento-do-golpe\/\" target=\"_blank\" rel=\"noopener noreferrer\">Mauro Cid<\/a>, que tamb\u00e9m \u00e9 delator no processo.<\/p>\n<div class=\"jeg_ad jeg_ad_article jnews_content_inline_ads \">\n<div class=\"ads-wrapper align-center \">\n<div class=\"ads_shortcode\">\n<div class=\"ads-region-container\" data-slot=\"artigos-leaderboard-incontent-1-mobile\" data-region=\"br\" data-slot-name=\"artigos-leaderboard-incontent-1-mobile-br\">\n<div id=\"div-gpt-ad-artigos-mobile_rectangle_mobile_1\" class=\"ad-slot\"><\/div>\n<\/div>\n<\/div>\n<\/div>\n<\/div>\n<p>Veja o calend\u00e1rio das pr\u00f3ximas sess\u00f5es:<\/p>\n<ul class=\"wp-block-list\">\n<li>Ter\u00e7a, dia 9\/9 \u2013 \u00e0s 9h e \u00e0s 14h<\/li>\n<li>Quarta, dia 10\/9 \u2013 \u00e0s 9h<\/li>\n<li>Quinta, dia 11\/9 \u2013 \u00e0s 9h e \u00e0s 14h<\/li>\n<li>Sexta, dia 12\/9 \u2013\u00a0\u00e0s\u00a09h\u00a0e\u00a0\u00e0s\u00a014h<\/li>\n<\/ul>\n<p>Ap\u00f3s a conclus\u00e3o das sustenta\u00e7\u00f5es orais da acusa\u00e7\u00e3o \u2013 representada pela Procuradoria-Geral da Rep\u00fablica (PGR) \u2013 e das defesas dos r\u00e9us, a sess\u00e3o de ter\u00e7a-feira pela manh\u00e3 inicia com a apresenta\u00e7\u00e3o do voto do relator, o ministro <a href=\"https:\/\/www.brasildefato.com.br\/2025\/09\/02\/moraes-diz-que-tentativa-de-coagir-stf-pelos-eua-nao-tera-efeito-em-julgamento-de-bolsonaro\/\" target=\"_blank\" rel=\"noopener noreferrer\">Alexandre de Moraes<\/a>. Espera-se um voto longo, detalhado, em que o ministro deve pedir a condena\u00e7\u00e3o dos r\u00e9us pelos crimes apontados na pe\u00e7a acusat\u00f3ria.\u00a0Ap\u00f3s o relator, votam, pela ordem, os ministros Fl\u00e1vio Dino, Luiz Fux, C\u00e1rmen L\u00facia e Cristiano Zanin.<\/p>\n<div class=\"jeg_ad jeg_ad_article jnews_content_inline_2_ads \">\n<div class=\"ads-wrapper align-center \">\n<div class=\"ads_shortcode\">\n<div class=\"ads-region-container\" data-slot=\"artigos-leaderboard-incontent-2-mobile\" data-region=\"br\" data-slot-name=\"artigos-leaderboard-incontent-2-mobile-br\">\n<div id=\"div-gpt-ad-artigos-mobile_rectangle_mobile_2\" class=\"ad-slot\"><\/div>\n<\/div>\n<\/div>\n<\/div>\n<\/div>\n<p>Fontes do STF consideram improv\u00e1vel um pedido de vistas, mas avaliam que \u00e9 poss\u00edvel o surgimento de alguma diverg\u00eancia, sobretudo quanto \u00e0 validade do acordo de dela\u00e7\u00e3o premiada Mauro Cid e \u00e0 chamada dosimetria da pena. O ministro Luiz Fux, por exemplo, tem manifestado apoio a uma redu\u00e7\u00e3o das penas aplicadas aos envolvidos nos atos antidemocr\u00e1ticos de 8 de janeiro.<\/p>\n<p>Para a coleta dos votos, os ministros devem usar as duas sess\u00f5es da ter\u00e7a \u2013 manh\u00e3 e tarde \u2013, uma na quarta (10) e outras duas que n\u00e3o estavam previstas no cronograma original e foram convocadas de maneira extraordin\u00e1ria, marcadas para quinta-feira (11). A convoca\u00e7\u00e3o, feita na sexta-feira (5), indica que os votos dos ministros devem ser longos. Sendo assim, as outras duas sess\u00f5es marcadas para a sexta-feira (12) seriam dedicadas \u00e0 discuss\u00e3o das penas de forma individualizada.<\/p>\n<div class=\"jeg_ad jeg_ad_article jnews_content_inline_3_ads \">\n<div class=\"ads-wrapper align-center \">\n<div class=\"ads_shortcode\">\n<div class=\"ads-region-container\" data-slot=\"artigos-leaderboard-incontent-3-mobile\" data-region=\"br\" data-slot-name=\"artigos-leaderboard-incontent-3-mobile-br\">\n<div id=\"div-gpt-ad-artigos-mobile_rectangle_mobile_3\" class=\"ad-slot\"><\/div>\n<\/div>\n<\/div>\n<\/div>\n<\/div>\n<h4 class=\"wp-block-heading\">Culpados ou inocentes?<\/h4>\n<p>Para condenar ou absolver os acusados, ser\u00e1 preciso o voto da maioria simples do colegiado, ou seja, pelo menos tr\u00eas dos cinco ministros. Caso haja diverg\u00eancia quanto ao m\u00e9rito, ou seja, em rela\u00e7\u00e3o \u00e0 condena\u00e7\u00e3o ou absolvi\u00e7\u00e3o, as defesas poder\u00e3o entrar com recursos para levar o caso a plen\u00e1rio, os chamados embargos infringentes. Esses t\u00eam o prazo de dez dias para que as defesas os interponham e n\u00e3o h\u00e1 prazo para que o tribunal decida sobre esse tipo de recurso.<\/p>\n<p>Havendo diverg\u00eancia apenas em rela\u00e7\u00e3o \u00e0s penas, e unanimidade em torno ao m\u00e9rito, as defesas ficar\u00e3o limitadas a apenas uma possibilidade de recurso, os chamados embargos de declara\u00e7\u00e3o. Nesse caso, n\u00e3o h\u00e1 possibilidade de modificar a decis\u00e3o da maioria, mas as defesas poder\u00e3o contestar alguma medida imposta na pena ou solicitar, por exemplo, uma progress\u00e3o imediata para regime domiciliar, por motivos de sa\u00fade. Para esses, o prazo \u00e9 de cinco dias ap\u00f3s a senten\u00e7a e o juiz do caso tem o mesmo prazo para julg\u00e1-los.<\/p>\n<p>Somente ap\u00f3s o julgamento dos recursos \u00e9 que ocorrer\u00e1 o tr\u00e2nsito em julgado, sendo ent\u00e3o obrigat\u00f3rio o in\u00edcio imediato do cumprimento das penas estabelecidas.<\/p>\n<figure class=\"wp-block-image size-large\"><img data-recalc-dims=\"1\" loading=\"lazy\" decoding=\"async\" class=\"wp-image-736019 lazy loaded\" src=\"https:\/\/i0.wp.com\/assets.brasildefato.com.br\/2025\/08\/bdf-20250815-152722-a087c6-1024x683.png?resize=600%2C400&#038;ssl=1\" sizes=\"auto, (max-width: 1024px) 100vw, 1024px\" srcset=\"https:\/\/assets.brasildefato.com.br\/2025\/08\/bdf-20250815-152722-a087c6-300x200.png 300w, https:\/\/assets.brasildefato.com.br\/2025\/08\/bdf-20250815-152722-a087c6-1024x683.png 1024w, https:\/\/assets.brasildefato.com.br\/2025\/08\/bdf-20250815-152722-a087c6-768x512.png 768w, https:\/\/assets.brasildefato.com.br\/2025\/08\/bdf-20250815-152722-a087c6-1536x1024.png 1536w, https:\/\/assets.brasildefato.com.br\/2025\/08\/bdf-20250815-152722-a087c6-750x536.png 750w, https:\/\/assets.brasildefato.com.br\/2025\/08\/bdf-20250815-152722-a087c6-1140x815.png 1140w, https:\/\/assets.brasildefato.com.br\/2025\/08\/bdf-20250815-152722-a087c6-600x400.png 600w, https:\/\/assets.brasildefato.com.br\/2025\/08\/bdf-20250815-152722-a087c6.png 2048w\" alt=\"\" width=\"600\" height=\"400\" data-src=\"https:\/\/assets.brasildefato.com.br\/2025\/08\/bdf-20250815-152722-a087c6-1024x683.png\" data-srcset=\"https:\/\/assets.brasildefato.com.br\/2025\/08\/bdf-20250815-152722-a087c6-300x200.png 300w, https:\/\/assets.brasildefato.com.br\/2025\/08\/bdf-20250815-152722-a087c6-1024x683.png 1024w, https:\/\/assets.brasildefato.com.br\/2025\/08\/bdf-20250815-152722-a087c6-768x512.png 768w, https:\/\/assets.brasildefato.com.br\/2025\/08\/bdf-20250815-152722-a087c6-1536x1024.png 1536w, https:\/\/assets.brasildefato.com.br\/2025\/08\/bdf-20250815-152722-a087c6-750x536.png 750w, https:\/\/assets.brasildefato.com.br\/2025\/08\/bdf-20250815-152722-a087c6-1140x815.png 1140w, https:\/\/assets.brasildefato.com.br\/2025\/08\/bdf-20250815-152722-a087c6-600x400.png 600w, https:\/\/assets.brasildefato.com.br\/2025\/08\/bdf-20250815-152722-a087c6.png 2048w\" data-sizes=\"(max-width: 1024px) 100vw, 1024px\" data-pin-no-hover=\"true\" data-was-processed=\"true\" \/><figcaption class=\"wp-element-caption\">R\u00e9us, acusados de fazerem parte do \u201cn\u00facleo crucial\u201d da trama golpista, segundo acusa\u00e7\u00e3o da Procuradoria Geral da Rep\u00fablica (PGR). Fotos: Ton Molina e Antonio Augusto\/STF<\/figcaption><\/figure>\n<p>Os oito r\u00e9us s\u00e3o acusados dos crimes de organiza\u00e7\u00e3o criminosa armada, tentativa de aboli\u00e7\u00e3o violenta do Estado Democr\u00e1tico de Direito, golpe de Estado, dano qualificado pela viol\u00eancia e grave amea\u00e7a e deteriora\u00e7\u00e3o de patrim\u00f4nio tombado. Com exce\u00e7\u00e3o do ex-diretor da Abin e atual deputado federal Alexandre Ramagem (PL-RJ), que teve parte das acusa\u00e7\u00f5es suspensas por decis\u00e3o da C\u00e2mara dos Deputados.<\/p>\n<p>Ramagem continua respondendo pelos crimes de golpe de Estado, organiza\u00e7\u00e3o criminosa armada e tentativa de aboli\u00e7\u00e3o do Estado Democr\u00e1tico de Direito. As demais acusa\u00e7\u00f5es se relacionam diretamente aos atos antidemocr\u00e1ticos de 8 de janeiro de 2023, quando ele j\u00e1 tinha sido diplomado para o cargo de deputado federal. Por isso, s\u00f3 poder\u00e1 responder por esses crimes ap\u00f3s o fim do mandato parlamentar.<\/p>\n<h4 class=\"wp-block-heading\">As penas<\/h4>\n<p>Ao fixar a dosimetria das eventuais condena\u00e7\u00f5es, os ministros dever\u00e3o avaliar cada r\u00e9u, de forma individualizada, aplicando a san\u00e7\u00e3o de acordo com o n\u00edvel de participa\u00e7\u00e3o do indiv\u00edduo nas a\u00e7\u00f5es criminosas.<\/p>\n<p>Somadas, as penas relacionadas aos crimes apontados pela Procuradoria-Geral da Rep\u00fablica podem chegar a 43 anos de pris\u00e3o, considerando as penalidades m\u00e1ximas para cada crime e a possibilidade de agravantes.<\/p>\n<p>Veja as penas m\u00ednima e m\u00e1xima para cada crime apontado pela PGR:<\/p>\n<ul class=\"wp-block-list\">\n<li>tentativa de aboli\u00e7\u00e3o violenta do Estado Democr\u00e1tico de Direito: de 4 anos a 8 anos<\/li>\n<li>tentativa de golpe de Estado: de 4 anos a 12 anos<\/li>\n<li>participa\u00e7\u00e3o em organiza\u00e7\u00e3o criminosa armada: de 3 anos a 8 anos, podendo chegar a 17 anos, a depender de agravantes, como o uso de arma de fogo e participa\u00e7\u00e3o de agentes p\u00fablicos<\/li>\n<li>dano qualificado: seis meses a 3 anos<\/li>\n<li>deteriora\u00e7\u00e3o de patrim\u00f4nio tombado: um ano a 3 anos<\/li>\n<\/ul>\n<p>\u00c0 exce\u00e7\u00e3o do delator, que \u00e9 r\u00e9u confesso, os demais alegam inoc\u00eancia em rela\u00e7\u00e3o \u00e0s acusa\u00e7\u00f5es da PGR.<\/p>\n<h4 class=\"wp-block-heading\">A ladainha da anistia<\/h4>\n<p>Parlamentares bolsonaristas no Congresso Nacional seguem pressionando o presidente da C\u00e2mara dos Deputados, Hugo Motta (Republicanos-PB), para que seja pautado o projeto que concede <a href=\"https:\/\/www.brasildefato.com.br\/2025\/09\/04\/direita-e-centrao-travam-pautas-de-interesse-nacional-no-congresso-para-impor-votacao-de-anistia\/\" target=\"_blank\" rel=\"noopener noreferrer\">anistia aos condenados pela tentativa de golpe<\/a>.<\/p>\n<p>\u201cOu ele nos atende, ou ele n\u00e3o nos atende. N\u00e3o tem outro caminho para ele\u201d, disse o l\u00edder do Partido Liberal (PL) na C\u00e2mara, S\u00f3stenes Cavalcante (RJ), em conversa com jornalistas, referindo-se a Hugo Motta. \u201cJ\u00e1 foi negociado. N\u00f3s desocupamos o plen\u00e1rio do Senado e da C\u00e2mara por causa de qu\u00ea? N\u00f3s n\u00e3o negociamos nada? N\u00f3s somos todos bobinhos? \u00c9 isso?\u201d, ironizou Cavalcante, agregando que agora a oposi\u00e7\u00e3o quer ainda reverter a inelegibilidade de Bolsonaro.<\/p>\n<p>Embora afirme que o projeto de anistia conta com o apoio expl\u00edcito de mais de 200 parlamentares, o pr\u00f3prio l\u00edder da oposi\u00e7\u00e3o tem d\u00favidas sobre o compromisso de Motta com a pauta, porque segundo ele, h\u00e1 uma press\u00e3o do STF para impedir que a proposta avance.<\/p>\n<p>J\u00e1 l\u00edder do governo na C\u00e2mara, deputado Alencar Santana (PT-SP), diz esperar que o presidente da C\u00e2mara, sabendo que n\u00e3o \u00e9 constitucional, impe\u00e7a que o projeto seja colocado em vota\u00e7\u00e3o.<\/p>\n<p>\u201cA anistia \u00e9 mais um golpe, \u00e9 uma irresponsabilidade tremenda com o futuro do pa\u00eds. Eu espero primeiro que n\u00e3o v\u00e1 a vota\u00e7\u00e3o, que o presidente Hugo Mota, ao saber que \u00e9 inconstitucional, n\u00e3o avance. Segundo, se for, que a gente derrote. E lembrando que terceiro, se ela for aprovada, o presidente Lula vai vetar\u201d, afirmou.<\/p>\n<p>\u201cAvan\u00e7ar com a anistia na C\u00e2mara \u00e9 dar um tapa na cara do nosso povo, \u00e9 dar um tapa na cara da democracia, \u00e9 dar um tapa na cara do parlamento, onde todos os seus representantes foram eleitos atrav\u00e9s do voto, de maneira democr\u00e1tica. Ou seja, \u00e9 atentar contra o pa\u00eds como um todo, n\u00e3o tem sentido algum\u201d, concluiu Santana.<\/p>\n<p>Por outro lado, o STF j\u00e1 possui entendimento de que crimes contra o Estado Democr\u00e1tico de Direito n\u00e3o s\u00e3o pass\u00edveis de perd\u00e3o, tendo em vista que o regime \u00e9 considerado uma cl\u00e1usula p\u00e9trea da Constitui\u00e7\u00e3o Federal.<\/p>\n<div class=\"jeg_meta_post_footer\">\n<div class=\"jeg_meta_editors\">Editado por: Felipe Mendes<\/div>\n<\/div>\n","protected":false},"excerpt":{"rendered":"<p>Ju\u00edzo da a\u00e7\u00e3o penal que apura tentativa de golpe no STF deve terminar na pr\u00f3xima sexta-feira (12), com o veredito<\/p>\n","protected":false},"author":1,"featured_media":0,"comment_status":"closed","ping_status":"open","sticky":false,"template":"","format":"standard","meta":{"_exactmetrics_skip_tracking":false,"_exactmetrics_sitenote_active":false,"_exactmetrics_sitenote_note":"","_exactmetrics_sitenote_category":0,"jetpack_post_was_ever_published":false,"_jetpack_newsletter_access":"","_jetpack_dont_email_post_to_subs":false,"_jetpack_newsletter_tier_id":0,"_jetpack_memberships_contains_paywalled_content":false,"_jetpack_memberships_contains_paid_content":false,"footnotes":"","jetpack_publicize_message":"","jetpack_publicize_feature_enabled":true,"jetpack_social_post_already_shared":true,"jetpack_social_options":{"image_generator_settings":{"template":"highway","enabled":false},"version":2}},"categories":[1],"tags":[1236,902,1457,30],"class_list":["post-37396","post","type-post","status-publish","format-standard","hentry","category-notas","tag-8-de-janeiro","tag-julgamento","tag-reus","tag-stf"],"jetpack_publicize_connections":[],"jetpack_sharing_enabled":true,"jetpack_featured_media_url":"","jetpack_shortlink":"https:\/\/wp.me\/p7wKYW-9Ja","jetpack-related-posts":[],"_links":{"self":[{"href":"http:\/\/blogdalucianaoliveira.com.br\/blog\/wp-json\/wp\/v2\/posts\/37396","targetHints":{"allow":["GET"]}}],"collection":[{"href":"http:\/\/blogdalucianaoliveira.com.br\/blog\/wp-json\/wp\/v2\/posts"}],"about":[{"href":"http:\/\/blogdalucianaoliveira.com.br\/blog\/wp-json\/wp\/v2\/types\/post"}],"author":[{"embeddable":true,"href":"http:\/\/blogdalucianaoliveira.com.br\/blog\/wp-json\/wp\/v2\/users\/1"}],"replies":[{"embeddable":true,"href":"http:\/\/blogdalucianaoliveira.com.br\/blog\/wp-json\/wp\/v2\/comments?post=37396"}],"version-history":[{"count":2,"href":"http:\/\/blogdalucianaoliveira.com.br\/blog\/wp-json\/wp\/v2\/posts\/37396\/revisions"}],"predecessor-version":[{"id":37399,"href":"http:\/\/blogdalucianaoliveira.com.br\/blog\/wp-json\/wp\/v2\/posts\/37396\/revisions\/37399"}],"wp:attachment":[{"href":"http:\/\/blogdalucianaoliveira.com.br\/blog\/wp-json\/wp\/v2\/media?parent=37396"}],"wp:term":[{"taxonomy":"category","embeddable":true,"href":"http:\/\/blogdalucianaoliveira.com.br\/blog\/wp-json\/wp\/v2\/categories?post=37396"},{"taxonomy":"post_tag","embeddable":true,"href":"http:\/\/blogdalucianaoliveira.com.br\/blog\/wp-json\/wp\/v2\/tags?post=37396"}],"curies":[{"name":"wp","href":"https:\/\/api.w.org\/{rel}","templated":true}]}}