{"id":37400,"date":"2025-09-08T10:59:45","date_gmt":"2025-09-08T14:59:45","guid":{"rendered":"https:\/\/blogdalucianaoliveira.com.br\/blog\/?p=37400"},"modified":"2025-09-08T11:03:17","modified_gmt":"2025-09-08T15:03:17","slug":"rondonia-retoma-debate-historico-e-convoca-sociedade-para-definir-politica-cultural","status":"publish","type":"post","link":"http:\/\/blogdalucianaoliveira.com.br\/blog\/2025\/09\/08\/rondonia-retoma-debate-historico-e-convoca-sociedade-para-definir-politica-cultural\/","title":{"rendered":"Rond\u00f4nia retoma debate hist\u00f3rico e convoca sociedade para definir pol\u00edtica cultural"},"content":{"rendered":"<p><img data-recalc-dims=\"1\" loading=\"lazy\" decoding=\"async\" data-attachment-id=\"37401\" data-permalink=\"http:\/\/blogdalucianaoliveira.com.br\/blog\/2025\/09\/08\/rondonia-retoma-debate-historico-e-convoca-sociedade-para-definir-politica-cultural\/a903b9fc-b622-4a4a-a6a1-4e5422af6d40\/\" data-orig-file=\"https:\/\/i0.wp.com\/blogdalucianaoliveira.com.br\/blog\/wp-content\/uploads\/2025\/09\/a903b9fc-b622-4a4a-a6a1-4e5422af6d40.jpeg?fit=870%2C580\" data-orig-size=\"870,580\" data-comments-opened=\"0\" data-image-meta=\"{&quot;aperture&quot;:&quot;0&quot;,&quot;credit&quot;:&quot;&quot;,&quot;camera&quot;:&quot;&quot;,&quot;caption&quot;:&quot;&quot;,&quot;created_timestamp&quot;:&quot;1757342434&quot;,&quot;copyright&quot;:&quot;&quot;,&quot;focal_length&quot;:&quot;0&quot;,&quot;iso&quot;:&quot;0&quot;,&quot;shutter_speed&quot;:&quot;0&quot;,&quot;title&quot;:&quot;&quot;,&quot;orientation&quot;:&quot;0&quot;}\" data-image-title=\"a903b9fc-b622-4a4a-a6a1-4e5422af6d40\" data-image-description=\"\" data-image-caption=\"\" data-medium-file=\"https:\/\/i0.wp.com\/blogdalucianaoliveira.com.br\/blog\/wp-content\/uploads\/2025\/09\/a903b9fc-b622-4a4a-a6a1-4e5422af6d40.jpeg?fit=300%2C200\" data-large-file=\"https:\/\/i0.wp.com\/blogdalucianaoliveira.com.br\/blog\/wp-content\/uploads\/2025\/09\/a903b9fc-b622-4a4a-a6a1-4e5422af6d40.jpeg?fit=600%2C400\" class=\"alignnone size-medium wp-image-37401\" src=\"https:\/\/i0.wp.com\/blogdalucianaoliveira.com.br\/blog\/wp-content\/uploads\/2025\/09\/a903b9fc-b622-4a4a-a6a1-4e5422af6d40.jpeg?resize=300%2C200\" alt=\"\" width=\"300\" height=\"200\" srcset=\"https:\/\/i0.wp.com\/blogdalucianaoliveira.com.br\/blog\/wp-content\/uploads\/2025\/09\/a903b9fc-b622-4a4a-a6a1-4e5422af6d40.jpeg?resize=300%2C200 300w, https:\/\/i0.wp.com\/blogdalucianaoliveira.com.br\/blog\/wp-content\/uploads\/2025\/09\/a903b9fc-b622-4a4a-a6a1-4e5422af6d40.jpeg?resize=768%2C512 768w, https:\/\/i0.wp.com\/blogdalucianaoliveira.com.br\/blog\/wp-content\/uploads\/2025\/09\/a903b9fc-b622-4a4a-a6a1-4e5422af6d40.jpeg?resize=450%2C300 450w, https:\/\/i0.wp.com\/blogdalucianaoliveira.com.br\/blog\/wp-content\/uploads\/2025\/09\/a903b9fc-b622-4a4a-a6a1-4e5422af6d40.jpeg?w=870 870w\" sizes=\"auto, (max-width: 300px) 100vw, 300px\" \/><\/p>\n<p><strong><br \/>\nAp\u00f3s mais de uma d\u00e9cada, cultura volta ao plen\u00e1rio da Assembleia Legislativa.<\/strong><!--more--><\/p>\n<p>Da assessoria &#8211; O Conselho Estadual de Pol\u00edtica Cultural de Rond\u00f4nia (CEPC-RO) realiza nesta quarta-feira, 10 de setembro de 2025, \u00e0s 14h, no Plen\u00e1rio da Assembleia Legislativa (ALE-RO), audi\u00eancia p\u00fablica convocada em conjunto com a Dep. Cl\u00e1udia de Jesus (PT) para debater os rumos da pol\u00edtica cultural do Estado. A iniciativa marca a primeira audi\u00eancia estadual dedicada ao tema desde 2014, quando foram aprovados o Sistema Estadual de Cultura e o Fundo Estadual de Desenvolvimento da Cultura (FEDEC).<\/p>\n<p>O encontro acontece em meio \u00e0 elabora\u00e7\u00e3o do Plano Estadual de Cultura de car\u00e1ter decenal, que definir\u00e1 diretrizes para os pr\u00f3ximos dez anos. A atividade contar\u00e1 com a participa\u00e7\u00e3o do secret\u00e1rio de Estado da Juventude, Cultura, Esporte e Lazer (SEJUCEL), representantes do Minist\u00e9rio da Cultura (MinC\/RO \u2013 Escrit\u00f3rio Estadual), parlamentares e trabalhadores da cultura.<\/p>\n<p>Na pauta est\u00e3o temas como o refor\u00e7o or\u00e7ament\u00e1rio do FEDEC, a necessidade de fortalecimento institucional da gest\u00e3o cultural e propostas estruturantes, entre elas a cria\u00e7\u00e3o da Secretaria Estadual de Cultura, a execu\u00e7\u00e3o integral dos recursos federais, a institui\u00e7\u00e3o de uma Lei Estadual de Incentivo \u00e0 Cultura e a efetiva\u00e7\u00e3o do Programa do Patrim\u00f4nio Material e Imaterial do Estado de Rond\u00f4nia com dota\u00e7\u00e3o or\u00e7ament\u00e1ria para que as manifesta\u00e7\u00f5es culturais do Estado tenham subs\u00eddios para realiza\u00e7\u00e3o de suas a\u00e7\u00f5es anuais.<\/p>\n<p>\u201cDepois de mais de uma d\u00e9cada, a cultura volta a ter espa\u00e7o de di\u00e1logo no plen\u00e1rio da Assembleia. Este \u00e9 um chamado para que artistas, produtores, mestres da cultura e cidad\u00e3os estejam presentes, trazendo suas vozes e experi\u00eancias. O futuro da pol\u00edtica cultural de Rond\u00f4nia depende da participa\u00e7\u00e3o de todos n\u00f3s\u201d, destacou a presidente do CEPC-RO.<\/p>\n<p>A audi\u00eancia ainda ser\u00e1 espa\u00e7o para a apresenta\u00e7\u00e3o de propostas estruturantes, entre elas:<\/p>\n<p>Amplia\u00e7\u00e3o do percentual destinado ao FEDEC-RO;<br \/>\nCria\u00e7\u00e3o da Secretaria Estadual de Cultura (SEC);<br \/>\nRealiza\u00e7\u00e3o de concurso p\u00fablico para recomposi\u00e7\u00e3o do quadro t\u00e9cnico;<br \/>\nExecu\u00e7\u00e3o integral dos recursos federais (PNAB, CEUs da Cultura, MovCEU, Arranjos Regionais etc.);<br \/>\nCria\u00e7\u00e3o de Lei Estadual de Incentivo \u00e0 Cultura;<br \/>\nInstitucionaliza\u00e7\u00e3o, com or\u00e7amento pr\u00f3prio, de programas permanentes voltados ao Patrim\u00f4nio, Audiovisual, Manifesta\u00e7\u00f5es Populares, Forma\u00e7\u00e3o em Artes, Difus\u00e3o e Editais de Fomento.<\/p>\n<p>A audi\u00eancia \u00e9 aberta ao p\u00fablico e garantir\u00e1 espa\u00e7o de fala a trabalhadores e trabalhadoras da cultura inscritos no dia do evento. O CEPC-RO refor\u00e7a o convite para que a sociedade participe e contribua com a constru\u00e7\u00e3o de uma pol\u00edtica cultural coletiva, transparente e de longo prazo.<\/p>\n<p>Servi\u00e7o<br \/>\nAudi\u00eancia P\u00fablica da Cultura \u2014 CEPC-RO<br \/>\nData: 10 de setembro de 2025 (quarta-feira)<br \/>\nHor\u00e1rio: 14h<br \/>\nLocal: Plen\u00e1rio da Assembleia Legislativa de Rond\u00f4nia (ALE-RO), Porto Velho<br \/>\nConvite \u00e0 comunidade: participa\u00e7\u00e3o aberta e presencial \u00e0 sociedade civil, trabalhadores(as) de cultura e gestores(as).<\/p>\n","protected":false},"excerpt":{"rendered":"<p>Ap\u00f3s mais de uma d\u00e9cada, cultura volta ao plen\u00e1rio da Assembleia Legislativa.<\/p>\n","protected":false},"author":1,"featured_media":0,"comment_status":"closed","ping_status":"open","sticky":false,"template":"","format":"standard","meta":{"_exactmetrics_skip_tracking":false,"_exactmetrics_sitenote_active":false,"_exactmetrics_sitenote_note":"","_exactmetrics_sitenote_category":0,"jetpack_post_was_ever_published":false,"_jetpack_newsletter_access":"","_jetpack_dont_email_post_to_subs":false,"_jetpack_newsletter_tier_id":0,"_jetpack_memberships_contains_paywalled_content":false,"_jetpack_memberships_contains_paid_content":false,"footnotes":"","jetpack_publicize_message":"","jetpack_publicize_feature_enabled":true,"jetpack_social_post_already_shared":true,"jetpack_social_options":{"image_generator_settings":{"template":"highway","enabled":false},"version":2}},"categories":[1],"tags":[320,77,1429,7],"class_list":["post-37400","post","type-post","status-publish","format-standard","hentry","category-notas","tag-audiencia","tag-cultura","tag-deputada-claudia-de-jesus","tag-rondonia"],"jetpack_publicize_connections":[],"jetpack_sharing_enabled":true,"jetpack_featured_media_url":"","jetpack_shortlink":"https:\/\/wp.me\/p7wKYW-9Je","jetpack-related-posts":[],"_links":{"self":[{"href":"http:\/\/blogdalucianaoliveira.com.br\/blog\/wp-json\/wp\/v2\/posts\/37400","targetHints":{"allow":["GET"]}}],"collection":[{"href":"http:\/\/blogdalucianaoliveira.com.br\/blog\/wp-json\/wp\/v2\/posts"}],"about":[{"href":"http:\/\/blogdalucianaoliveira.com.br\/blog\/wp-json\/wp\/v2\/types\/post"}],"author":[{"embeddable":true,"href":"http:\/\/blogdalucianaoliveira.com.br\/blog\/wp-json\/wp\/v2\/users\/1"}],"replies":[{"embeddable":true,"href":"http:\/\/blogdalucianaoliveira.com.br\/blog\/wp-json\/wp\/v2\/comments?post=37400"}],"version-history":[{"count":2,"href":"http:\/\/blogdalucianaoliveira.com.br\/blog\/wp-json\/wp\/v2\/posts\/37400\/revisions"}],"predecessor-version":[{"id":37403,"href":"http:\/\/blogdalucianaoliveira.com.br\/blog\/wp-json\/wp\/v2\/posts\/37400\/revisions\/37403"}],"wp:attachment":[{"href":"http:\/\/blogdalucianaoliveira.com.br\/blog\/wp-json\/wp\/v2\/media?parent=37400"}],"wp:term":[{"taxonomy":"category","embeddable":true,"href":"http:\/\/blogdalucianaoliveira.com.br\/blog\/wp-json\/wp\/v2\/categories?post=37400"},{"taxonomy":"post_tag","embeddable":true,"href":"http:\/\/blogdalucianaoliveira.com.br\/blog\/wp-json\/wp\/v2\/tags?post=37400"}],"curies":[{"name":"wp","href":"https:\/\/api.w.org\/{rel}","templated":true}]}}