{"id":37415,"date":"2025-09-10T09:52:33","date_gmt":"2025-09-10T13:52:33","guid":{"rendered":"https:\/\/blogdalucianaoliveira.com.br\/blog\/?p=37415"},"modified":"2025-09-10T09:52:33","modified_gmt":"2025-09-10T13:52:33","slug":"eu-capitu-chega-a-porto-velho-para-dar-voz-as-mulheres-e-provocar-reflexoes-pelo-olhar-feminino","status":"publish","type":"post","link":"http:\/\/blogdalucianaoliveira.com.br\/blog\/2025\/09\/10\/eu-capitu-chega-a-porto-velho-para-dar-voz-as-mulheres-e-provocar-reflexoes-pelo-olhar-feminino\/","title":{"rendered":"\u201cEu Capitu\u201d chega a Porto Velho para dar voz \u00e0s mulheres e provocar reflex\u00f5es pelo olhar feminino"},"content":{"rendered":"<p><img data-recalc-dims=\"1\" loading=\"lazy\" decoding=\"async\" data-attachment-id=\"37416\" data-permalink=\"http:\/\/blogdalucianaoliveira.com.br\/blog\/2025\/09\/10\/eu-capitu-chega-a-porto-velho-para-dar-voz-as-mulheres-e-provocar-reflexoes-pelo-olhar-feminino\/eu-capitu_043\/\" data-orig-file=\"https:\/\/i0.wp.com\/blogdalucianaoliveira.com.br\/blog\/wp-content\/uploads\/2025\/09\/Eu-capitu_043-scaled.jpeg?fit=2560%2C1708\" data-orig-size=\"2560,1708\" data-comments-opened=\"0\" data-image-meta=\"{&quot;aperture&quot;:&quot;0&quot;,&quot;credit&quot;:&quot;Flavia Canavarro&quot;,&quot;camera&quot;:&quot;&quot;,&quot;caption&quot;:&quot;&quot;,&quot;created_timestamp&quot;:&quot;0&quot;,&quot;copyright&quot;:&quot;\\u20a2flaviacanavarro&quot;,&quot;focal_length&quot;:&quot;0&quot;,&quot;iso&quot;:&quot;0&quot;,&quot;shutter_speed&quot;:&quot;0&quot;,&quot;title&quot;:&quot;&quot;,&quot;orientation&quot;:&quot;1&quot;}\" data-image-title=\"Eu capitu_043\" data-image-description=\"\" data-image-caption=\"\" data-medium-file=\"https:\/\/i0.wp.com\/blogdalucianaoliveira.com.br\/blog\/wp-content\/uploads\/2025\/09\/Eu-capitu_043-scaled.jpeg?fit=300%2C200\" data-large-file=\"https:\/\/i0.wp.com\/blogdalucianaoliveira.com.br\/blog\/wp-content\/uploads\/2025\/09\/Eu-capitu_043-scaled.jpeg?fit=600%2C400\" class=\"alignnone size-medium wp-image-37416\" src=\"https:\/\/i0.wp.com\/blogdalucianaoliveira.com.br\/blog\/wp-content\/uploads\/2025\/09\/Eu-capitu_043.jpeg?resize=300%2C200\" alt=\"\" width=\"300\" height=\"200\" srcset=\"https:\/\/i0.wp.com\/blogdalucianaoliveira.com.br\/blog\/wp-content\/uploads\/2025\/09\/Eu-capitu_043-scaled.jpeg?resize=300%2C200 300w, https:\/\/i0.wp.com\/blogdalucianaoliveira.com.br\/blog\/wp-content\/uploads\/2025\/09\/Eu-capitu_043-scaled.jpeg?resize=1024%2C683 1024w, https:\/\/i0.wp.com\/blogdalucianaoliveira.com.br\/blog\/wp-content\/uploads\/2025\/09\/Eu-capitu_043-scaled.jpeg?resize=768%2C512 768w, https:\/\/i0.wp.com\/blogdalucianaoliveira.com.br\/blog\/wp-content\/uploads\/2025\/09\/Eu-capitu_043-scaled.jpeg?resize=1536%2C1025 1536w, https:\/\/i0.wp.com\/blogdalucianaoliveira.com.br\/blog\/wp-content\/uploads\/2025\/09\/Eu-capitu_043-scaled.jpeg?resize=2048%2C1366 2048w, https:\/\/i0.wp.com\/blogdalucianaoliveira.com.br\/blog\/wp-content\/uploads\/2025\/09\/Eu-capitu_043-scaled.jpeg?resize=450%2C300 450w, https:\/\/i0.wp.com\/blogdalucianaoliveira.com.br\/blog\/wp-content\/uploads\/2025\/09\/Eu-capitu_043-scaled.jpeg?w=1200 1200w, https:\/\/i0.wp.com\/blogdalucianaoliveira.com.br\/blog\/wp-content\/uploads\/2025\/09\/Eu-capitu_043-scaled.jpeg?w=1800 1800w\" sizes=\"auto, (max-width: 300px) 100vw, 300px\" \/><\/p>\n<p>Da assessoria &#8211; Um dos maiores cl\u00e1ssicos da literatura brasileira, Dom Casmurro, de Machado de Assis, ganha uma releitura contempor\u00e2nea e sens\u00edvel no espet\u00e1culo \u201cEu Capitu\u201d, que chega pela primeira vez a Porto Velho, nos dias 17 e 18 de setembro, no Teatro Guapor\u00e9. Com texto de Carla Faour e dire\u00e7\u00e3o de Miwa Yanagizawa, a montagem convida o p\u00fablico a refletir sobre viol\u00eancia de g\u00eanero, machismo e silenciamento feminino, temas cada vez mais urgentes no Brasil atual.<!--more--><\/p>\n<p>Em Porto Velho, as apresenta\u00e7\u00f5es ser\u00e3o gratuitas. No dia 17\/09 (quarta), \u00e0s 19h, o p\u00fablico ter\u00e1 acesso a uma sess\u00e3o especial seguida de roda de conversa com a equipe; no dia 18\/09 (quinta), \u00e0s 19h, haver\u00e1 sess\u00e3o acess\u00edvel com audiodescri\u00e7\u00e3o e Libras. O espet\u00e1culo tem classifica\u00e7\u00e3o indicativa de 14 anos e dura\u00e7\u00e3o de 90 minutos.<\/p>\n<p>A relev\u00e2ncia social do espet\u00e1culo \u00e9 refor\u00e7ada pelos dados de Rond\u00f4nia, na qual o estado registrou mais de 6,9 mil ocorr\u00eancias de viol\u00eancia dom\u00e9stica, entre janeiro e julho de 2025, incluindo amea\u00e7as e les\u00f5es corporais, al\u00e9m de 29 crimes letais contra mulheres, entre eles 17 feminic\u00eddios. Esses n\u00fameros evidenciam a gravidade do problema e mostram que, embora a viol\u00eancia seja uma realidade concreta, o debate sobre o tema ainda precisa ser ampliado.<\/p>\n<p>Eu Capitu aborda de forma l\u00fadica e reflexiva a realidade expressa em n\u00fameros e viol\u00eancia, com a finalidade de sensibilizar o p\u00fablico e promover discuss\u00f5es sobre preven\u00e7\u00e3o, conscientiza\u00e7\u00e3o e empoderamento das v\u00edtimas. Ao levar para o palco hist\u00f3rias e realidades da viol\u00eancia dom\u00e9stica, a pe\u00e7a cria um espa\u00e7o seguro para di\u00e1logo, despertando empatia e mobilizando o p\u00fablico a refletir sobre a import\u00e2ncia da den\u00fancia, do apoio \u00e0s v\u00edtimas e da constru\u00e7\u00e3o de uma cultura de respeito e igualdade.<\/p>\n<p><img data-recalc-dims=\"1\" loading=\"lazy\" decoding=\"async\" data-attachment-id=\"37418\" data-permalink=\"http:\/\/blogdalucianaoliveira.com.br\/blog\/2025\/09\/10\/eu-capitu-chega-a-porto-velho-para-dar-voz-as-mulheres-e-provocar-reflexoes-pelo-olhar-feminino\/eu-capitu_028\/\" data-orig-file=\"https:\/\/i0.wp.com\/blogdalucianaoliveira.com.br\/blog\/wp-content\/uploads\/2025\/09\/Eu-capitu_028-scaled.jpeg?fit=2560%2C1708\" data-orig-size=\"2560,1708\" data-comments-opened=\"0\" data-image-meta=\"{&quot;aperture&quot;:&quot;0&quot;,&quot;credit&quot;:&quot;Flavia Canavarro&quot;,&quot;camera&quot;:&quot;&quot;,&quot;caption&quot;:&quot;&quot;,&quot;created_timestamp&quot;:&quot;0&quot;,&quot;copyright&quot;:&quot;\\u20a2flaviacanavarro&quot;,&quot;focal_length&quot;:&quot;0&quot;,&quot;iso&quot;:&quot;0&quot;,&quot;shutter_speed&quot;:&quot;0&quot;,&quot;title&quot;:&quot;&quot;,&quot;orientation&quot;:&quot;1&quot;}\" data-image-title=\"Eu capitu_028\" data-image-description=\"\" data-image-caption=\"\" data-medium-file=\"https:\/\/i0.wp.com\/blogdalucianaoliveira.com.br\/blog\/wp-content\/uploads\/2025\/09\/Eu-capitu_028-scaled.jpeg?fit=300%2C200\" data-large-file=\"https:\/\/i0.wp.com\/blogdalucianaoliveira.com.br\/blog\/wp-content\/uploads\/2025\/09\/Eu-capitu_028-scaled.jpeg?fit=600%2C400\" class=\"alignnone size-medium wp-image-37418\" src=\"https:\/\/i0.wp.com\/blogdalucianaoliveira.com.br\/blog\/wp-content\/uploads\/2025\/09\/Eu-capitu_028.jpeg?resize=300%2C200\" alt=\"\" width=\"300\" height=\"200\" srcset=\"https:\/\/i0.wp.com\/blogdalucianaoliveira.com.br\/blog\/wp-content\/uploads\/2025\/09\/Eu-capitu_028-scaled.jpeg?resize=300%2C200 300w, https:\/\/i0.wp.com\/blogdalucianaoliveira.com.br\/blog\/wp-content\/uploads\/2025\/09\/Eu-capitu_028-scaled.jpeg?resize=1024%2C683 1024w, https:\/\/i0.wp.com\/blogdalucianaoliveira.com.br\/blog\/wp-content\/uploads\/2025\/09\/Eu-capitu_028-scaled.jpeg?resize=768%2C512 768w, https:\/\/i0.wp.com\/blogdalucianaoliveira.com.br\/blog\/wp-content\/uploads\/2025\/09\/Eu-capitu_028-scaled.jpeg?resize=1536%2C1025 1536w, https:\/\/i0.wp.com\/blogdalucianaoliveira.com.br\/blog\/wp-content\/uploads\/2025\/09\/Eu-capitu_028-scaled.jpeg?resize=2048%2C1366 2048w, https:\/\/i0.wp.com\/blogdalucianaoliveira.com.br\/blog\/wp-content\/uploads\/2025\/09\/Eu-capitu_028-scaled.jpeg?resize=450%2C300 450w, https:\/\/i0.wp.com\/blogdalucianaoliveira.com.br\/blog\/wp-content\/uploads\/2025\/09\/Eu-capitu_028-scaled.jpeg?w=1200 1200w, https:\/\/i0.wp.com\/blogdalucianaoliveira.com.br\/blog\/wp-content\/uploads\/2025\/09\/Eu-capitu_028-scaled.jpeg?w=1800 1800w\" sizes=\"auto, (max-width: 300px) 100vw, 300px\" \/><\/p>\n<p>\u201cNo palco, as atrizes encenam uma hist\u00f3ria que se passa no Brasil de hoje, quando Ana, adolescente presa em um ambiente de tens\u00e3o dom\u00e9stica, presencia o fim de um relacionamento abusivo de sua m\u00e3e. Para n\u00f3s interessa instigar o olhar da plateia, convid\u00e1-la a imaginar outras possibilidades narrativas, tomar consci\u00eancia das coisas se valendo de mais de uma perspectiva. Portanto, juntas, levantamos questionamentos e nos apropriamos deles para desdobr\u00e1-los ao inv\u00e9s de buscar solu\u00e7\u00f5es definitivas.\u201d, ressalta a diretora Miwa Yanagizawa.<\/p>\n<p>*EU CAPITU*<br \/>\nInspirada no universo do romance machadiano, a pe\u00e7a retrata a hist\u00f3ria de Ana (interpretada por Mika Makino), que desde pequena se isola em um mundo imagin\u00e1rio como forma de fugir dos problemas que enfrenta em casa. Sua m\u00e3e, Leninha, vive um relacionamento abusivo com o marido, um homem ciumento, possessivo e inseguro (Leninha\/Capitu interpretada por Juliana Trimer).<\/p>\n<p>A tens\u00e3o dom\u00e9stica acaba por refletir no rendimento escolar da menina, que precisa tirar boas notas em Literatura para n\u00e3o repetir o ano. A prova final ser\u00e1 baseada na obra Dom Casmurro, de Machado de Assis. No entanto, a leitura afeta diretamente Ana, que passa a enxergar pontos em comum entre o livro e sua pr\u00f3pria vida.<\/p>\n<p>Em seu ref\u00fagio fant\u00e1stico, Ana come\u00e7a a misturar fic\u00e7\u00e3o com realidade e recebe a visita de uma mulher misteriosa, que tem o rosto parecido ao de sua m\u00e3e. Aos poucos, descobrimos que esta mulher \u00e9 Capitu. Nesses encontros, Ana d\u00e1 voz \u00e0quela mulher que s\u00f3 conhecemos atrav\u00e9s do olhar masculino.<\/p>\n<p>A Capitu imagin\u00e1ria fala sobre si e sobre Leninha, a m\u00e3e de Ana, e ajuda a menina a compreender as atitudes, escolhas, medos e os desejos de mulheres que sofrem com ci\u00fames, desconfian\u00e7a e abusos presentes em relacionamentos t\u00f3xicos. Al\u00e9m disso, a improv\u00e1vel liga\u00e7\u00e3o entre elas serve \u00e0 menina, que est\u00e1 entrando na adolesc\u00eancia, como um rito de passagem para o universo feminino adulto, em que ela come\u00e7a a entender o que significa ser mulher num mundo narrado por homens.<\/p>\n<p>A proposta da autora, Carla Faour, \u00e9 promover um olhar sens\u00edvel sobre preven\u00e7\u00e3o, conscientiza\u00e7\u00e3o e empoderamento, levando ao palco hist\u00f3rias e realidades da viol\u00eancia dom\u00e9stica, criando um espa\u00e7o seguro para di\u00e1logo, despertando empatia e construindo uma cultura de respeito e igualdade. \u201cSe o assunto \u00e9 muito duro e pesado, preferimos falar de forma l\u00fadica, criando um universo simb\u00f3lico e po\u00e9tico, mas sem perder a urg\u00eancia do debate sobre viol\u00eancia contra a mulher\u201d, destaca.<\/p>\n<p>*OFICINAS GRATUITAS*<br \/>\n*Oficina Petrobras Eu Outra \u2013 Com Miwa Yanagizawa*<br \/>\n18\/09 (quinta-feira), 9h \u00e0s 13h \u2013 Sala de Espelhos, Complexo do Teatro Pal\u00e1cio das Artes<br \/>\nP\u00fablico: artistas e estudantes de teatro<br \/>\nInscri\u00e7\u00f5es: https:\/\/forms.gle\/QRmjcsDw3TNzk1mu7<\/p>\n<p>*Oficina Petrobras Da Ideia ao Projeto \u2013 Com Felipe Valle*<br \/>\n19\/09 (sexta-feira),14h \u00e0s 18h \u2013 Audit\u00f3rio da Escola Estadual Bar\u00e3o dos Solim\u00f5es<br \/>\nCapacidade aproximada: 60 lugares<br \/>\nP\u00fablico: artistas, produtores, gestores e interessados em cultura<br \/>\nInscri\u00e7\u00f5es: https:\/\/forms.gle\/S5ntFpe9p3gQPHweA<\/p>\n<p>*CIRCULA\u00c7\u00c3O NACIONAL*<br \/>\nDesde sua estreia, Eu Capitu j\u00e1 passou por Bras\u00edlia, Rio de Janeiro, Recife e Belo Horizonte, sempre com sess\u00f5es lotadas, e segue agora para Porto Velho, antes de chegar a Salvador, Fortaleza e Manaus. O projeto \u00e9 reconhecido nacionalmente por unir literatura cl\u00e1ssica, debate social e linguagem teatral contempor\u00e2nea, sendo destaque em ve\u00edculos culturais de refer\u00eancia.<\/p>\n<p>O espet\u00e1culo conta com patroc\u00ednio da Petrobras, por meio da Lei Federal de Incentivo \u00e0 Cultura (Lei Rouanet), do Minist\u00e9rio da Cultura, o que permite a circula\u00e7\u00e3o nacional da pe\u00e7a e a realiza\u00e7\u00e3o de atividades formativas gratuitas, ressaltando a import\u00e2ncia da Petrobras no incentivo \u00e0 produ\u00e7\u00e3o cultural e na democratiza\u00e7\u00e3o do acesso \u00e0 arte.<\/p>\n<p>*SERVI\u00c7O*<br \/>\nDatas: 17 e 18 de setembro de 2025<br \/>\nHor\u00e1rio: 19h<br \/>\nLocal: Teatro Guapor\u00e9, Porto Velho\/RO<br \/>\nEntrada gratuita<br \/>\nSess\u00e3o acess\u00edvel em 18\/09 com audiodescri\u00e7\u00e3o e Libras<br \/>\nClassifica\u00e7\u00e3o indicativa: 14 anos<br \/>\nDura\u00e7\u00e3o: 90 minutos<\/p>\n<p>*FICHA T\u00c9CNICA*<br \/>\nTexto: Carla Faour<br \/>\nDire\u00e7\u00e3o Art\u00edstica: Miwa Yanagizawa<br \/>\nDire\u00e7\u00e3o Assistente: Maria Lucas<br \/>\nIdealiza\u00e7\u00e3o e Dire\u00e7\u00e3o Geral: Felipe Valle<br \/>\nDire\u00e7\u00e3o de Produ\u00e7\u00e3o: B\u00e1rbara Galv\u00e3o (Pagu Produ\u00e7\u00f5es Culturais)<br \/>\nCoordena\u00e7\u00e3o de Projeto: Trupe Produ\u00e7\u00f5es Art\u00edsticas<br \/>\nElenco: Mika Makino (Ana) e Juliana Trimer (Leninha\/Capitu)<br \/>\nDire\u00e7\u00e3o Sonora, Trilha Original e Prepara\u00e7\u00e3o Vocal: Azullllllll<br \/>\nDire\u00e7\u00e3o de Arte: Teresa Abreu<br \/>\nIlumina\u00e7\u00e3o: Ana Luzia Molinari de Simoni<br \/>\nProdu\u00e7\u00e3o Executiva: Bem Medeiros<br \/>\nProdutora Assistente: Natalia Dias<br \/>\nProdu\u00e7\u00e3o Local: Val Barbosa<br \/>\nDesign Gr\u00e1fico e Fotografia: Daniel Barboza<br \/>\nAssessoria de Imprensa: Camila Lima<br \/>\nProdutora Associada: Pagu Produ\u00e7\u00f5es Culturais<br \/>\nRealiza\u00e7\u00e3o: Trupe Produ\u00e7\u00f5es Art\u00edsticas<br \/>\nPatroc\u00ednio: Petrobras<\/p>\n","protected":false},"excerpt":{"rendered":"<p>Da assessoria &#8211; Um dos maiores cl\u00e1ssicos da literatura brasileira, Dom Casmurro, de Machado de Assis, ganha uma releitura contempor\u00e2nea e sens\u00edvel no espet\u00e1culo \u201cEu Capitu\u201d, que chega pela primeira vez a Porto Velho, nos dias 17 e 18 de setembro, no Teatro Guapor\u00e9. Com texto de Carla Faour e dire\u00e7\u00e3o de Miwa Yanagizawa, a&#8230;<a class=\"more-link\" href=\"http:\/\/blogdalucianaoliveira.com.br\/blog\/2025\/09\/10\/eu-capitu-chega-a-porto-velho-para-dar-voz-as-mulheres-e-provocar-reflexoes-pelo-olhar-feminino\/\">Continue a leitura <span class=\"meta-nav\">&raquo;<\/span><\/a><\/p>\n","protected":false},"author":1,"featured_media":0,"comment_status":"closed","ping_status":"open","sticky":false,"template":"","format":"standard","meta":{"_exactmetrics_skip_tracking":false,"_exactmetrics_sitenote_active":false,"_exactmetrics_sitenote_note":"","_exactmetrics_sitenote_category":0,"jetpack_post_was_ever_published":false,"_jetpack_newsletter_access":"","_jetpack_dont_email_post_to_subs":false,"_jetpack_newsletter_tier_id":0,"_jetpack_memberships_contains_paywalled_content":false,"_jetpack_memberships_contains_paid_content":false,"footnotes":"","jetpack_publicize_message":"","jetpack_publicize_feature_enabled":true,"jetpack_social_post_already_shared":true,"jetpack_social_options":{"image_generator_settings":{"template":"highway","enabled":false},"version":2}},"categories":[1],"tags":[],"class_list":["post-37415","post","type-post","status-publish","format-standard","hentry","category-notas"],"jetpack_publicize_connections":[],"jetpack_sharing_enabled":true,"jetpack_featured_media_url":"","jetpack_shortlink":"https:\/\/wp.me\/p7wKYW-9Jt","jetpack-related-posts":[],"_links":{"self":[{"href":"http:\/\/blogdalucianaoliveira.com.br\/blog\/wp-json\/wp\/v2\/posts\/37415","targetHints":{"allow":["GET"]}}],"collection":[{"href":"http:\/\/blogdalucianaoliveira.com.br\/blog\/wp-json\/wp\/v2\/posts"}],"about":[{"href":"http:\/\/blogdalucianaoliveira.com.br\/blog\/wp-json\/wp\/v2\/types\/post"}],"author":[{"embeddable":true,"href":"http:\/\/blogdalucianaoliveira.com.br\/blog\/wp-json\/wp\/v2\/users\/1"}],"replies":[{"embeddable":true,"href":"http:\/\/blogdalucianaoliveira.com.br\/blog\/wp-json\/wp\/v2\/comments?post=37415"}],"version-history":[{"count":1,"href":"http:\/\/blogdalucianaoliveira.com.br\/blog\/wp-json\/wp\/v2\/posts\/37415\/revisions"}],"predecessor-version":[{"id":37419,"href":"http:\/\/blogdalucianaoliveira.com.br\/blog\/wp-json\/wp\/v2\/posts\/37415\/revisions\/37419"}],"wp:attachment":[{"href":"http:\/\/blogdalucianaoliveira.com.br\/blog\/wp-json\/wp\/v2\/media?parent=37415"}],"wp:term":[{"taxonomy":"category","embeddable":true,"href":"http:\/\/blogdalucianaoliveira.com.br\/blog\/wp-json\/wp\/v2\/categories?post=37415"},{"taxonomy":"post_tag","embeddable":true,"href":"http:\/\/blogdalucianaoliveira.com.br\/blog\/wp-json\/wp\/v2\/tags?post=37415"}],"curies":[{"name":"wp","href":"https:\/\/api.w.org\/{rel}","templated":true}]}}