{"id":3742,"date":"2016-09-06T10:42:06","date_gmt":"2016-09-06T14:42:06","guid":{"rendered":"http:\/\/blogdalucianaoliveira.com.br\/blog\/?p=3742"},"modified":"2016-09-06T10:43:03","modified_gmt":"2016-09-06T14:43:03","slug":"temer-nao-desfilara-no-7-de-setembro-feliz-como-centopeia-de-sapato-chines-novo","status":"publish","type":"post","link":"http:\/\/blogdalucianaoliveira.com.br\/blog\/2016\/09\/06\/temer-nao-desfilara-no-7-de-setembro-feliz-como-centopeia-de-sapato-chines-novo\/","title":{"rendered":"Temer n\u00e3o desfilar\u00e1 no 7 de setembro feliz como centopeia de sapato (chin\u00eas) novo"},"content":{"rendered":"<p><img data-recalc-dims=\"1\" loading=\"lazy\" decoding=\"async\" data-attachment-id=\"3743\" data-permalink=\"http:\/\/blogdalucianaoliveira.com.br\/blog\/2016\/09\/06\/temer-nao-desfilara-no-7-de-setembro-feliz-como-centopeia-de-sapato-chines-novo\/temer4\/\" data-orig-file=\"https:\/\/i0.wp.com\/blogdalucianaoliveira.com.br\/blog\/wp-content\/uploads\/2016\/09\/temer4.jpg?fit=572%2C403\" data-orig-size=\"572,403\" data-comments-opened=\"0\" data-image-meta=\"{&quot;aperture&quot;:&quot;0&quot;,&quot;credit&quot;:&quot;&quot;,&quot;camera&quot;:&quot;&quot;,&quot;caption&quot;:&quot;&quot;,&quot;created_timestamp&quot;:&quot;0&quot;,&quot;copyright&quot;:&quot;&quot;,&quot;focal_length&quot;:&quot;0&quot;,&quot;iso&quot;:&quot;0&quot;,&quot;shutter_speed&quot;:&quot;0&quot;,&quot;title&quot;:&quot;&quot;,&quot;orientation&quot;:&quot;0&quot;}\" data-image-title=\"temer4\" data-image-description=\"\" data-image-caption=\"\" data-medium-file=\"https:\/\/i0.wp.com\/blogdalucianaoliveira.com.br\/blog\/wp-content\/uploads\/2016\/09\/temer4.jpg?fit=300%2C211\" data-large-file=\"https:\/\/i0.wp.com\/blogdalucianaoliveira.com.br\/blog\/wp-content\/uploads\/2016\/09\/temer4.jpg?fit=572%2C403\" src=\"https:\/\/i0.wp.com\/blogdalucianaoliveira.com.br\/blog\/wp-content\/uploads\/2016\/09\/temer4.jpg?resize=572%2C403\" alt=\"temer4\" width=\"572\" height=\"403\" class=\"alignnone size-full wp-image-3743\" srcset=\"https:\/\/i0.wp.com\/blogdalucianaoliveira.com.br\/blog\/wp-content\/uploads\/2016\/09\/temer4.jpg?w=572 572w, https:\/\/i0.wp.com\/blogdalucianaoliveira.com.br\/blog\/wp-content\/uploads\/2016\/09\/temer4.jpg?resize=300%2C211 300w, https:\/\/i0.wp.com\/blogdalucianaoliveira.com.br\/blog\/wp-content\/uploads\/2016\/09\/temer4.jpg?resize=426%2C300 426w\" sizes=\"auto, (max-width: 572px) 100vw, 572px\" \/><\/p>\n<p>A p\u00e1gina do governo de Bras\u00edlia divulgou o esquema para o desfile de 7 de setembro, mas n\u00e3o menciona se o presidente empossado Michel Temer far\u00e1 a revista das tropas no Rolls-Royce, com a faixa no peito, como manda a tradi\u00e7\u00e3o.<!--more--><\/p>\n<p>Cerca de 1,5 mil policiais militares, 200 a mais do que o destacado para a vota\u00e7\u00e3o do impeachment no Senado, estar\u00e3o l\u00e1 pra garantir a seguran\u00e7a do p\u00fablico estimado em 40 mil pessoas. <\/p>\n<p>Haver\u00e1 revista pessoal na rodovi\u00e1ria do plano piloto e nas escadarias de acesso aos locais de protesto e do desfile. Tudo para garantir o sorriso amarelo de Michel Temer em meio \u00e0s manifesta\u00e7\u00f5es convocadas pelas redes sociais. <\/p>\n<p><img data-recalc-dims=\"1\" loading=\"lazy\" decoding=\"async\" data-attachment-id=\"3745\" data-permalink=\"http:\/\/blogdalucianaoliveira.com.br\/blog\/2016\/09\/06\/temer-nao-desfilara-no-7-de-setembro-feliz-como-centopeia-de-sapato-chines-novo\/mapa_7-setembro_2016\/\" data-orig-file=\"https:\/\/i0.wp.com\/blogdalucianaoliveira.com.br\/blog\/wp-content\/uploads\/2016\/09\/mapa_7-Setembro_2016.png?fit=700%2C500\" data-orig-size=\"700,500\" data-comments-opened=\"0\" data-image-meta=\"{&quot;aperture&quot;:&quot;0&quot;,&quot;credit&quot;:&quot;&quot;,&quot;camera&quot;:&quot;&quot;,&quot;caption&quot;:&quot;&quot;,&quot;created_timestamp&quot;:&quot;0&quot;,&quot;copyright&quot;:&quot;&quot;,&quot;focal_length&quot;:&quot;0&quot;,&quot;iso&quot;:&quot;0&quot;,&quot;shutter_speed&quot;:&quot;0&quot;,&quot;title&quot;:&quot;&quot;,&quot;orientation&quot;:&quot;0&quot;}\" data-image-title=\"mapa_7-Setembro_2016\" data-image-description=\"\" data-image-caption=\"\" data-medium-file=\"https:\/\/i0.wp.com\/blogdalucianaoliveira.com.br\/blog\/wp-content\/uploads\/2016\/09\/mapa_7-Setembro_2016.png?fit=300%2C214\" data-large-file=\"https:\/\/i0.wp.com\/blogdalucianaoliveira.com.br\/blog\/wp-content\/uploads\/2016\/09\/mapa_7-Setembro_2016.png?fit=600%2C429\" src=\"https:\/\/i0.wp.com\/blogdalucianaoliveira.com.br\/blog\/wp-content\/uploads\/2016\/09\/mapa_7-Setembro_2016.png?resize=600%2C429\" alt=\"mapa_7-Setembro_2016\" width=\"600\" height=\"429\" class=\"alignnone size-full wp-image-3745\" srcset=\"https:\/\/i0.wp.com\/blogdalucianaoliveira.com.br\/blog\/wp-content\/uploads\/2016\/09\/mapa_7-Setembro_2016.png?w=700 700w, https:\/\/i0.wp.com\/blogdalucianaoliveira.com.br\/blog\/wp-content\/uploads\/2016\/09\/mapa_7-Setembro_2016.png?resize=300%2C214 300w, https:\/\/i0.wp.com\/blogdalucianaoliveira.com.br\/blog\/wp-content\/uploads\/2016\/09\/mapa_7-Setembro_2016.png?resize=420%2C300 420w\" sizes=\"auto, (max-width: 600px) 100vw, 600px\" \/><\/p>\n<p>Pra quem vinha menosprezando as manifesta\u00e7\u00f5es contra o golpe, o forte esquema de seguran\u00e7a prova o contr\u00e1rio, que Temer est\u00e1 apavorado com o som da orquestra das ruas que tem na ponta da l\u00edngua uma par\u00f3dia do hino nacional dedicada ao empossado.<\/p>\n<p>Temer mediu a coragem dos manifestantes que lutam por Diretas J\u00e1 com sua r\u00e9gua, afinal ele perdeu a cerim\u00f4nia de encerramento das Olimp\u00edadas do Rio por medo de vaia e n\u00e3o subiu pela rampa do planalto quando tomou posse.<\/p>\n<p>N\u00e3o bastasse a provoca\u00e7\u00e3o, Temer fez beicinho pra alertar que n\u00e3o aceitar\u00e1 ser chamado de golpista at\u00e9 o fim do seu mandato.<\/p>\n<p>O que Temer viu no \u00faltimo domingo (4) foi um mont\u00e3o de gente sem medo da trucul\u00eancia policial como t\u00e1tica pra inibir manifesta\u00e7\u00f5es populares.<\/p>\n<p>A repress\u00e3o violenta \u00e9 marca dos golpistas e a rea\u00e7\u00e3o popular a marca de todos os movimentos que salvaram pa\u00edses de governos autorit\u00e1rios.<\/p>\n<p>No ato c\u00edvico, Temer n\u00e3o ir\u00e1 desfilar feliz como uma centopeia de sapato novo, chin\u00eas. Se ousar reprimir os protestos com trucul\u00eancia a imagem de que o pa\u00eds perdeu seus valores democr\u00e1ticos ser\u00e1 ainda mais refor\u00e7ada e todos os atos de abuso e viol\u00eancia ser\u00e3o faturados em seu nome.<\/p>\n<p>Com Temer n\u00e3o ser\u00e3o permitidos bandeiras com hastes e o uso de m\u00e1scaras, bem diferente do que ocorreu no \u00faltimo desfile de Dilma Roussef, quando pouco mais de mil pessoas protestaram com o &#8216;pixuleca&#8217;, o boneco gigante de quem n\u00e3o sabe o paradeiro. <\/p>\n","protected":false},"excerpt":{"rendered":"<p>A p\u00e1gina do governo de Bras\u00edlia divulgou o esquema para o desfile de 7 de setembro, mas n\u00e3o menciona se o presidente empossado Michel Temer far\u00e1 a revista das tropas no Rolls-Royce, com a faixa no peito, como manda a tradi\u00e7\u00e3o.<\/p>\n","protected":false},"author":1,"featured_media":0,"comment_status":"closed","ping_status":"open","sticky":false,"template":"","format":"standard","meta":{"_exactmetrics_skip_tracking":false,"_exactmetrics_sitenote_active":false,"_exactmetrics_sitenote_note":"","_exactmetrics_sitenote_category":0,"jetpack_post_was_ever_published":false,"_jetpack_newsletter_access":"","_jetpack_dont_email_post_to_subs":false,"_jetpack_newsletter_tier_id":0,"_jetpack_memberships_contains_paywalled_content":false,"_jetpack_memberships_contains_paid_content":false,"footnotes":"","jetpack_publicize_message":"","jetpack_publicize_feature_enabled":true,"jetpack_social_post_already_shared":true,"jetpack_social_options":{"image_generator_settings":{"template":"highway","enabled":false},"version":2}},"categories":[1],"tags":[197,39,178,45],"class_list":["post-3742","post","type-post","status-publish","format-standard","hentry","category-notas","tag-7-de-setembro","tag-golpe","tag-protestos","tag-temer"],"jetpack_publicize_connections":[],"jetpack_sharing_enabled":true,"jetpack_featured_media_url":"","jetpack_shortlink":"https:\/\/wp.me\/p7wKYW-Ym","jetpack-related-posts":[],"_links":{"self":[{"href":"http:\/\/blogdalucianaoliveira.com.br\/blog\/wp-json\/wp\/v2\/posts\/3742","targetHints":{"allow":["GET"]}}],"collection":[{"href":"http:\/\/blogdalucianaoliveira.com.br\/blog\/wp-json\/wp\/v2\/posts"}],"about":[{"href":"http:\/\/blogdalucianaoliveira.com.br\/blog\/wp-json\/wp\/v2\/types\/post"}],"author":[{"embeddable":true,"href":"http:\/\/blogdalucianaoliveira.com.br\/blog\/wp-json\/wp\/v2\/users\/1"}],"replies":[{"embeddable":true,"href":"http:\/\/blogdalucianaoliveira.com.br\/blog\/wp-json\/wp\/v2\/comments?post=3742"}],"version-history":[{"count":2,"href":"http:\/\/blogdalucianaoliveira.com.br\/blog\/wp-json\/wp\/v2\/posts\/3742\/revisions"}],"predecessor-version":[{"id":3746,"href":"http:\/\/blogdalucianaoliveira.com.br\/blog\/wp-json\/wp\/v2\/posts\/3742\/revisions\/3746"}],"wp:attachment":[{"href":"http:\/\/blogdalucianaoliveira.com.br\/blog\/wp-json\/wp\/v2\/media?parent=3742"}],"wp:term":[{"taxonomy":"category","embeddable":true,"href":"http:\/\/blogdalucianaoliveira.com.br\/blog\/wp-json\/wp\/v2\/categories?post=3742"},{"taxonomy":"post_tag","embeddable":true,"href":"http:\/\/blogdalucianaoliveira.com.br\/blog\/wp-json\/wp\/v2\/tags?post=3742"}],"curies":[{"name":"wp","href":"https:\/\/api.w.org\/{rel}","templated":true}]}}