{"id":37421,"date":"2025-09-10T12:30:44","date_gmt":"2025-09-10T16:30:44","guid":{"rendered":"https:\/\/blogdalucianaoliveira.com.br\/blog\/?p=37421"},"modified":"2025-09-10T12:33:46","modified_gmt":"2025-09-10T16:33:46","slug":"forum-popular-de-mulheres-repudia-reuniao-que-transformaria-projeto-canta-mulher-em-patrimonio-cultural-imaterial","status":"publish","type":"post","link":"http:\/\/blogdalucianaoliveira.com.br\/blog\/2025\/09\/10\/forum-popular-de-mulheres-repudia-reuniao-que-transformaria-projeto-canta-mulher-em-patrimonio-cultural-imaterial\/","title":{"rendered":"F\u00f3rum Popular de mulheres repudia reuni\u00e3o que transformaria projeto Canta Mulher em Patrim\u00f4nio Cultural Imaterial"},"content":{"rendered":"<p><img data-recalc-dims=\"1\" loading=\"lazy\" decoding=\"async\" data-attachment-id=\"37425\" data-permalink=\"http:\/\/blogdalucianaoliveira.com.br\/blog\/2025\/09\/10\/forum-popular-de-mulheres-repudia-reuniao-que-transformaria-projeto-canta-mulher-em-patrimonio-cultural-imaterial\/ii-noite-cantado-_-canta-mulher-leandro-morais-5\/\" data-orig-file=\"https:\/\/i0.wp.com\/blogdalucianaoliveira.com.br\/blog\/wp-content\/uploads\/2025\/09\/II-noite-Cantado-_-Canta-Mulher-Leandro-Morais-5-scaled.jpeg?fit=2560%2C1707\" data-orig-size=\"2560,1707\" data-comments-opened=\"0\" data-image-meta=\"{&quot;aperture&quot;:&quot;3.2&quot;,&quot;credit&quot;:&quot;&quot;,&quot;camera&quot;:&quot;Canon EOS 5D Mark IV&quot;,&quot;caption&quot;:&quot;&quot;,&quot;created_timestamp&quot;:&quot;1651695856&quot;,&quot;copyright&quot;:&quot;&quot;,&quot;focal_length&quot;:&quot;105&quot;,&quot;iso&quot;:&quot;3200&quot;,&quot;shutter_speed&quot;:&quot;0.004&quot;,&quot;title&quot;:&quot;&quot;,&quot;orientation&quot;:&quot;0&quot;}\" data-image-title=\"II noite &amp;#8211; Cantad\u00f4 _ Canta Mulher &amp;#8211; Leandro Morais-5\" data-image-description=\"\" data-image-caption=\"\" data-medium-file=\"https:\/\/i0.wp.com\/blogdalucianaoliveira.com.br\/blog\/wp-content\/uploads\/2025\/09\/II-noite-Cantado-_-Canta-Mulher-Leandro-Morais-5-scaled.jpeg?fit=300%2C200\" data-large-file=\"https:\/\/i0.wp.com\/blogdalucianaoliveira.com.br\/blog\/wp-content\/uploads\/2025\/09\/II-noite-Cantado-_-Canta-Mulher-Leandro-Morais-5-scaled.jpeg?fit=600%2C400\" class=\"alignnone size-medium wp-image-37425\" src=\"https:\/\/i0.wp.com\/blogdalucianaoliveira.com.br\/blog\/wp-content\/uploads\/2025\/09\/II-noite-Cantado-_-Canta-Mulher-Leandro-Morais-5.jpeg?resize=300%2C200\" alt=\"\" width=\"300\" height=\"200\" srcset=\"https:\/\/i0.wp.com\/blogdalucianaoliveira.com.br\/blog\/wp-content\/uploads\/2025\/09\/II-noite-Cantado-_-Canta-Mulher-Leandro-Morais-5-scaled.jpeg?resize=300%2C200 300w, https:\/\/i0.wp.com\/blogdalucianaoliveira.com.br\/blog\/wp-content\/uploads\/2025\/09\/II-noite-Cantado-_-Canta-Mulher-Leandro-Morais-5-scaled.jpeg?resize=1024%2C683 1024w, https:\/\/i0.wp.com\/blogdalucianaoliveira.com.br\/blog\/wp-content\/uploads\/2025\/09\/II-noite-Cantado-_-Canta-Mulher-Leandro-Morais-5-scaled.jpeg?resize=768%2C512 768w, https:\/\/i0.wp.com\/blogdalucianaoliveira.com.br\/blog\/wp-content\/uploads\/2025\/09\/II-noite-Cantado-_-Canta-Mulher-Leandro-Morais-5-scaled.jpeg?resize=1536%2C1024 1536w, https:\/\/i0.wp.com\/blogdalucianaoliveira.com.br\/blog\/wp-content\/uploads\/2025\/09\/II-noite-Cantado-_-Canta-Mulher-Leandro-Morais-5-scaled.jpeg?resize=2048%2C1365 2048w, https:\/\/i0.wp.com\/blogdalucianaoliveira.com.br\/blog\/wp-content\/uploads\/2025\/09\/II-noite-Cantado-_-Canta-Mulher-Leandro-Morais-5-scaled.jpeg?resize=450%2C300 450w, https:\/\/i0.wp.com\/blogdalucianaoliveira.com.br\/blog\/wp-content\/uploads\/2025\/09\/II-noite-Cantado-_-Canta-Mulher-Leandro-Morais-5-scaled.jpeg?w=1200 1200w, https:\/\/i0.wp.com\/blogdalucianaoliveira.com.br\/blog\/wp-content\/uploads\/2025\/09\/II-noite-Cantado-_-Canta-Mulher-Leandro-Morais-5-scaled.jpeg?w=1800 1800w\" sizes=\"auto, (max-width: 300px) 100vw, 300px\" \/><\/p>\n<p style=\"text-align: left;\">N\u00e3o foi ainda dessa vez!<br \/>\nOntem seria um marco hist\u00f3rico na luta das mulheres, na hist\u00f3ria da arte feminista na<br \/>\ncultura que atravessou as mulheres de Rond\u00f4nia.<\/p>\n<p style=\"text-align: left;\">O patriarcado nos represou mais uma vez, dentro do nosso l\u00f3cus, dentro da nossa hist\u00f3ria!<\/p>\n<p style=\"text-align: left;\"><!--more--> O pedido de vista, foi porque 33 anos de edi\u00e7\u00e3o do Projeto Canta Mulher n\u00e3o demonstrou<br \/>\na sua materialidade nos anos consecutivos de realiza\u00e7\u00e3o do Projeto. Talvez, pelo marco<br \/>\nantropol\u00f3gico, penso, n\u00e3o det\u00e9m esse volume de materialidade, mas, o projeto det\u00e9m<br \/>\ntecidos e passos que avolumam qualquer que seja a historicidade cultural de um lugar, de<br \/>\num espa\u00e7o e tempo.<\/p>\n<p style=\"text-align: left;\">O bom disso, \u00e9 o que postulamos sobre o que presenciamos historicamente na hist\u00f3ria das<br \/>\nsociedades sobre n\u00f3s mulheres. A partir de ent\u00e3o, observamos um legado constru\u00eddo a<br \/>\nbase, unicamente por mulheres e para as mulheres, nesse caso, n\u00e3o seria de estranhar, um<br \/>\npedido de vista a essa hist\u00f3ria. Estava muito f\u00e1cil!<\/p>\n<p><img data-recalc-dims=\"1\" loading=\"lazy\" decoding=\"async\" data-attachment-id=\"37422\" data-permalink=\"http:\/\/blogdalucianaoliveira.com.br\/blog\/2025\/09\/10\/forum-popular-de-mulheres-repudia-reuniao-que-transformaria-projeto-canta-mulher-em-patrimonio-cultural-imaterial\/imagem-do-whatsapp-de-2025-09-10-as-11-34-33_955b117b\/\" data-orig-file=\"https:\/\/i0.wp.com\/blogdalucianaoliveira.com.br\/blog\/wp-content\/uploads\/2025\/09\/Imagem-do-WhatsApp-de-2025-09-10-as-11.34.33_955b117b.jpg?fit=1354%2C759\" data-orig-size=\"1354,759\" data-comments-opened=\"0\" data-image-meta=\"{&quot;aperture&quot;:&quot;0&quot;,&quot;credit&quot;:&quot;&quot;,&quot;camera&quot;:&quot;&quot;,&quot;caption&quot;:&quot;&quot;,&quot;created_timestamp&quot;:&quot;0&quot;,&quot;copyright&quot;:&quot;&quot;,&quot;focal_length&quot;:&quot;0&quot;,&quot;iso&quot;:&quot;0&quot;,&quot;shutter_speed&quot;:&quot;0&quot;,&quot;title&quot;:&quot;&quot;,&quot;orientation&quot;:&quot;0&quot;}\" data-image-title=\"Imagem do WhatsApp de 2025-09-10 \u00e0(s) 11.34.33_955b117b\" data-image-description=\"\" data-image-caption=\"\" data-medium-file=\"https:\/\/i0.wp.com\/blogdalucianaoliveira.com.br\/blog\/wp-content\/uploads\/2025\/09\/Imagem-do-WhatsApp-de-2025-09-10-as-11.34.33_955b117b.jpg?fit=300%2C168\" data-large-file=\"https:\/\/i0.wp.com\/blogdalucianaoliveira.com.br\/blog\/wp-content\/uploads\/2025\/09\/Imagem-do-WhatsApp-de-2025-09-10-as-11.34.33_955b117b.jpg?fit=600%2C336\" class=\"size-medium wp-image-37422 alignleft\" src=\"https:\/\/i0.wp.com\/blogdalucianaoliveira.com.br\/blog\/wp-content\/uploads\/2025\/09\/Imagem-do-WhatsApp-de-2025-09-10-as-11.34.33_955b117b.jpg?resize=300%2C168\" alt=\"\" width=\"300\" height=\"168\" srcset=\"https:\/\/i0.wp.com\/blogdalucianaoliveira.com.br\/blog\/wp-content\/uploads\/2025\/09\/Imagem-do-WhatsApp-de-2025-09-10-as-11.34.33_955b117b.jpg?resize=300%2C168 300w, https:\/\/i0.wp.com\/blogdalucianaoliveira.com.br\/blog\/wp-content\/uploads\/2025\/09\/Imagem-do-WhatsApp-de-2025-09-10-as-11.34.33_955b117b.jpg?resize=1024%2C574 1024w, https:\/\/i0.wp.com\/blogdalucianaoliveira.com.br\/blog\/wp-content\/uploads\/2025\/09\/Imagem-do-WhatsApp-de-2025-09-10-as-11.34.33_955b117b.jpg?resize=768%2C431 768w, https:\/\/i0.wp.com\/blogdalucianaoliveira.com.br\/blog\/wp-content\/uploads\/2025\/09\/Imagem-do-WhatsApp-de-2025-09-10-as-11.34.33_955b117b.jpg?resize=535%2C300 535w, https:\/\/i0.wp.com\/blogdalucianaoliveira.com.br\/blog\/wp-content\/uploads\/2025\/09\/Imagem-do-WhatsApp-de-2025-09-10-as-11.34.33_955b117b.jpg?w=1354 1354w, https:\/\/i0.wp.com\/blogdalucianaoliveira.com.br\/blog\/wp-content\/uploads\/2025\/09\/Imagem-do-WhatsApp-de-2025-09-10-as-11.34.33_955b117b.jpg?w=1200 1200w\" sizes=\"auto, (max-width: 300px) 100vw, 300px\" \/><\/p>\n<p style=\"text-align: left;\">As imagens que constam no processo, segundo traz o pedido de vista pelo Conselheiro,<br \/>\nn\u00e3o tinham registros de datas, n\u00e3o trazia depoimentos das artistas, que demarcassem uma<br \/>\ncronologia desse espa\u00e7o e tempo cultivado por sabedoria, corpos e vozes. Anh! O<br \/>\npositivismo afronta a historicidade, a realidade, o l\u00f3cus da din\u00e2mica social de uma<br \/>\nrealidade (fora da ordem convencional) das megas produ\u00e7\u00f5es culturais de outros<br \/>\nmovimentos j\u00e1 reconhecidos como Patrim\u00f4nio Cultural. De outra forma, salientamos que,<br \/>\nbasta pesquisar no Google e imprensa local que a materialidade do Projeto se estabelece<br \/>\nnas in\u00fameras trilhas sonoras que d\u00e3o voz e vida ao projeto.<br \/>\nDe que nos vale 33 anos de execu\u00e7\u00e3o ininterrupta, sem nenhum aporte financeiro p\u00fablico.<br \/>\nMas todas as edi\u00e7\u00f5es sempre foram gratuitas com as artistas e m\u00fasicos recebendo seus<br \/>\ncach\u00eas.<\/p>\n<p style=\"text-align: left;\">Agora a imperfei\u00e7\u00e3o nesse contexto, foi n\u00e3o ter sequer uma conselheira mulher<br \/>\nque retrucasse o pedido de vista, ao contr\u00e1rio, salvo engano, foram 11 votos que<br \/>\nrefor\u00e7aram o pedido de vista. Ser\u00e1 por qu\u00ea? Quem em Porto Velho, em Rond\u00f4nia n\u00e3o<br \/>\nconhece o Projeto Canta Mulher? Respondo, quem n\u00e3o \u00e9 daqui. Quem n\u00e3o habita essa<br \/>\nhist\u00f3ria com o sentimento de pertencimento e de valoriza\u00e7\u00e3o de sujeitos hist\u00f3ricos, h\u00e1<br \/>\nmuito invisibilizadas na cultura e na hist\u00f3ria da civiliza\u00e7\u00e3o humana, pois a hist\u00f3ria,<br \/>\nsempre foi escrita por homens.<\/p>\n<p style=\"text-align: left;\">Homens que assumiram a armadura do direito \u00e0<br \/>\npropriedade, a ordem, aos &#8220;bons costumes da propriedade, da fam\u00edlia e do sagrado&#8221;, com<br \/>\na preval\u00eancia do poder dominador, de subjetifica\u00e7\u00e3o e repress\u00e3o a qualquer forma<br \/>\nlibertadora dos corpos e territ\u00f3rios femininos.<\/p>\n<p style=\"text-align: left;\">F\u00d3RUM POPULAR DE MULHERES \u2013 FPM<br \/>\nPORTO VELHO &#8211; ROND\u00d4NIA<\/p>\n<p><img data-recalc-dims=\"1\" loading=\"lazy\" decoding=\"async\" data-attachment-id=\"37423\" data-permalink=\"http:\/\/blogdalucianaoliveira.com.br\/blog\/2025\/09\/10\/forum-popular-de-mulheres-repudia-reuniao-que-transformaria-projeto-canta-mulher-em-patrimonio-cultural-imaterial\/imagem-do-whatsapp-de-2025-09-10-as-11-40-39_b95ec30b\/\" data-orig-file=\"https:\/\/i0.wp.com\/blogdalucianaoliveira.com.br\/blog\/wp-content\/uploads\/2025\/09\/Imagem-do-WhatsApp-de-2025-09-10-as-11.40.39_b95ec30b.jpg?fit=1040%2C780\" data-orig-size=\"1040,780\" data-comments-opened=\"0\" data-image-meta=\"{&quot;aperture&quot;:&quot;0&quot;,&quot;credit&quot;:&quot;&quot;,&quot;camera&quot;:&quot;&quot;,&quot;caption&quot;:&quot;&quot;,&quot;created_timestamp&quot;:&quot;0&quot;,&quot;copyright&quot;:&quot;&quot;,&quot;focal_length&quot;:&quot;0&quot;,&quot;iso&quot;:&quot;0&quot;,&quot;shutter_speed&quot;:&quot;0&quot;,&quot;title&quot;:&quot;&quot;,&quot;orientation&quot;:&quot;0&quot;}\" data-image-title=\"Imagem do WhatsApp de 2025-09-10 \u00e0(s) 11.40.39_b95ec30b\" data-image-description=\"\" data-image-caption=\"\" data-medium-file=\"https:\/\/i0.wp.com\/blogdalucianaoliveira.com.br\/blog\/wp-content\/uploads\/2025\/09\/Imagem-do-WhatsApp-de-2025-09-10-as-11.40.39_b95ec30b.jpg?fit=300%2C225\" data-large-file=\"https:\/\/i0.wp.com\/blogdalucianaoliveira.com.br\/blog\/wp-content\/uploads\/2025\/09\/Imagem-do-WhatsApp-de-2025-09-10-as-11.40.39_b95ec30b.jpg?fit=600%2C450\" class=\"size-medium wp-image-37423 alignleft\" src=\"https:\/\/i0.wp.com\/blogdalucianaoliveira.com.br\/blog\/wp-content\/uploads\/2025\/09\/Imagem-do-WhatsApp-de-2025-09-10-as-11.40.39_b95ec30b.jpg?resize=300%2C225\" alt=\"\" width=\"300\" height=\"225\" srcset=\"https:\/\/i0.wp.com\/blogdalucianaoliveira.com.br\/blog\/wp-content\/uploads\/2025\/09\/Imagem-do-WhatsApp-de-2025-09-10-as-11.40.39_b95ec30b.jpg?resize=300%2C225 300w, https:\/\/i0.wp.com\/blogdalucianaoliveira.com.br\/blog\/wp-content\/uploads\/2025\/09\/Imagem-do-WhatsApp-de-2025-09-10-as-11.40.39_b95ec30b.jpg?resize=1024%2C768 1024w, https:\/\/i0.wp.com\/blogdalucianaoliveira.com.br\/blog\/wp-content\/uploads\/2025\/09\/Imagem-do-WhatsApp-de-2025-09-10-as-11.40.39_b95ec30b.jpg?resize=768%2C576 768w, https:\/\/i0.wp.com\/blogdalucianaoliveira.com.br\/blog\/wp-content\/uploads\/2025\/09\/Imagem-do-WhatsApp-de-2025-09-10-as-11.40.39_b95ec30b.jpg?resize=400%2C300 400w, https:\/\/i0.wp.com\/blogdalucianaoliveira.com.br\/blog\/wp-content\/uploads\/2025\/09\/Imagem-do-WhatsApp-de-2025-09-10-as-11.40.39_b95ec30b.jpg?w=1040 1040w\" sizes=\"auto, (max-width: 300px) 100vw, 300px\" \/><\/p>\n<p style=\"text-align: left;\">Bom, n\u00e3o posso dizer que o pedido de vista ao Projeto Canta Mulher vai sanar como<br \/>\npronunciou o conselheiro as &#8220;lacunas&#8221; de uma cronologia linear verticalizada nesse<br \/>\nper\u00edodo de tempo, ou em sendo aprovado como Patrim\u00f4nio Cultural Imaterial, de quem<br \/>\nseria a gest\u00e3o de tal patrim\u00f4nio? Ora Conselheiro, como bem respondeu professor A\u00e9cio,<br \/>\nde quem sempre lhe deu \u00e0 luz, daquelas que lhes PARIU, por que gestar um projeto<br \/>\nCultural como o Canta Mulher por 33 anos, nunca foi de apropria\u00e7\u00e3o, de<br \/>\npatrimonializa\u00e7\u00e3o e poder sobre a arte, pois o projeto na sua materialidade, o seu<br \/>\npatrim\u00f4nio cultural imaterial, n\u00e3o se d\u00e1 s\u00f3 pela sua realiza\u00e7\u00e3o, mas pela sua capacidade<br \/>\nde transformar realidades, de alcan\u00e7ar a subjetividade existencial de uma coletividade,<br \/>\nincorporando outros universos que impulsionam, n\u00e3o s\u00f3 a arte, mas a din\u00e2mica da vida<br \/>\nem movimento e suas dimens\u00f5es culturais, sociais, econ\u00f4micas e pol\u00edticas de um<br \/>\ndeterminado lugar e territ\u00f3rio. Sobretudo, n\u00e3o de poder, \u00e9, e sempre foi de simbiose, de<br \/>\nsinergia coletiva e individual de cada mulher que na sua luta cotidiana, subiu no palco do<br \/>\nCanta Mulher para reafirmar a resist\u00eancia e a exist\u00eancia de mulheres que fizeram e fazem<br \/>\nda arte o seu palco de luta e sobreviv\u00eancia&#8230;, sempre foi resistir a invisibilidade de uma<br \/>\nsociedade mis\u00f3gina, machista marcada pela sociedade patriarcal.<\/p>\n<p style=\"text-align: left;\">Daqui, do nosso lugar, imaginamos, qu\u00e3o foi singular a cumplicidade dos conselheiros e<br \/>\nconselheiras que estavam na cena ofuscada pelo desconhecimento da hist\u00f3ria do projeto<br \/>\nCanta Mulher. Mas em terra de Bandeirantes deve ser assim: num simples olhar atento,<br \/>\ntalvez nunca tenham tido o interesse de saber sobre a sua materialidade, espero que a<br \/>\npartir da vista, se vistam de interesses para pesquisar mais sobre a hist\u00f3ria cultural de<br \/>\nRond\u00f4nia e sobre o Projeto Canta Mulher.<\/p>\n<p style=\"text-align: left;\">N\u00f3s do Canta Mulher, vamos continuar nos vestindo de arte, de luta e resist\u00eancia na<br \/>\nhist\u00f3ria das mulheres que produzem suas obras como patrim\u00f4nio e pertencimento cultural<br \/>\nde exist\u00eancia humana!<\/p>\n<p>Por Benedita Nascimento<br \/>\nF\u00f3rum Popular de Mulheres<br \/>\nProjeto Canta Mulher\/RO.<\/p>\n","protected":false},"excerpt":{"rendered":"<p>N\u00e3o foi ainda dessa vez! Ontem seria um marco hist\u00f3rico na luta das mulheres, na hist\u00f3ria da arte feminista na cultura que atravessou as mulheres de Rond\u00f4nia. O patriarcado nos represou mais uma vez, dentro do nosso l\u00f3cus, dentro da nossa hist\u00f3ria!<\/p>\n","protected":false},"author":1,"featured_media":0,"comment_status":"closed","ping_status":"open","sticky":false,"template":"","format":"standard","meta":{"_exactmetrics_skip_tracking":false,"_exactmetrics_sitenote_active":false,"_exactmetrics_sitenote_note":"","_exactmetrics_sitenote_category":0,"jetpack_post_was_ever_published":false,"_jetpack_newsletter_access":"","_jetpack_dont_email_post_to_subs":false,"_jetpack_newsletter_tier_id":0,"_jetpack_memberships_contains_paywalled_content":false,"_jetpack_memberships_contains_paid_content":false,"footnotes":"","jetpack_publicize_message":"","jetpack_publicize_feature_enabled":true,"jetpack_social_post_already_shared":true,"jetpack_social_options":{"image_generator_settings":{"template":"highway","enabled":false},"version":2}},"categories":[1],"tags":[1480,1282,46],"class_list":["post-37421","post","type-post","status-publish","format-standard","hentry","category-notas","tag-canta-mulher","tag-forum","tag-mulheres"],"jetpack_publicize_connections":[],"jetpack_sharing_enabled":true,"jetpack_featured_media_url":"","jetpack_shortlink":"https:\/\/wp.me\/p7wKYW-9Jz","jetpack-related-posts":[],"_links":{"self":[{"href":"http:\/\/blogdalucianaoliveira.com.br\/blog\/wp-json\/wp\/v2\/posts\/37421","targetHints":{"allow":["GET"]}}],"collection":[{"href":"http:\/\/blogdalucianaoliveira.com.br\/blog\/wp-json\/wp\/v2\/posts"}],"about":[{"href":"http:\/\/blogdalucianaoliveira.com.br\/blog\/wp-json\/wp\/v2\/types\/post"}],"author":[{"embeddable":true,"href":"http:\/\/blogdalucianaoliveira.com.br\/blog\/wp-json\/wp\/v2\/users\/1"}],"replies":[{"embeddable":true,"href":"http:\/\/blogdalucianaoliveira.com.br\/blog\/wp-json\/wp\/v2\/comments?post=37421"}],"version-history":[{"count":2,"href":"http:\/\/blogdalucianaoliveira.com.br\/blog\/wp-json\/wp\/v2\/posts\/37421\/revisions"}],"predecessor-version":[{"id":37426,"href":"http:\/\/blogdalucianaoliveira.com.br\/blog\/wp-json\/wp\/v2\/posts\/37421\/revisions\/37426"}],"wp:attachment":[{"href":"http:\/\/blogdalucianaoliveira.com.br\/blog\/wp-json\/wp\/v2\/media?parent=37421"}],"wp:term":[{"taxonomy":"category","embeddable":true,"href":"http:\/\/blogdalucianaoliveira.com.br\/blog\/wp-json\/wp\/v2\/categories?post=37421"},{"taxonomy":"post_tag","embeddable":true,"href":"http:\/\/blogdalucianaoliveira.com.br\/blog\/wp-json\/wp\/v2\/tags?post=37421"}],"curies":[{"name":"wp","href":"https:\/\/api.w.org\/{rel}","templated":true}]}}