{"id":37427,"date":"2025-09-11T11:34:50","date_gmt":"2025-09-11T15:34:50","guid":{"rendered":"https:\/\/blogdalucianaoliveira.com.br\/blog\/?p=37427"},"modified":"2025-09-11T11:34:50","modified_gmt":"2025-09-11T15:34:50","slug":"deputada-claudia-de-jesus-integra-procuradoria-da-mulher-na-assembleia-legislativa-de-rondonia","status":"publish","type":"post","link":"http:\/\/blogdalucianaoliveira.com.br\/blog\/2025\/09\/11\/deputada-claudia-de-jesus-integra-procuradoria-da-mulher-na-assembleia-legislativa-de-rondonia\/","title":{"rendered":"Deputada Cl\u00e1udia de Jesus integra Procuradoria da Mulher na Assembleia Legislativa de Rond\u00f4nia"},"content":{"rendered":"<p><img data-recalc-dims=\"1\" loading=\"lazy\" decoding=\"async\" data-attachment-id=\"37428\" data-permalink=\"http:\/\/blogdalucianaoliveira.com.br\/blog\/2025\/09\/11\/deputada-claudia-de-jesus-integra-procuradoria-da-mulher-na-assembleia-legislativa-de-rondonia\/img_6953\/\" data-orig-file=\"https:\/\/i0.wp.com\/blogdalucianaoliveira.com.br\/blog\/wp-content\/uploads\/2025\/09\/IMG_6953.jpeg?fit=1050%2C700\" data-orig-size=\"1050,700\" data-comments-opened=\"0\" data-image-meta=\"{&quot;aperture&quot;:&quot;3.5&quot;,&quot;credit&quot;:&quot;&quot;,&quot;camera&quot;:&quot;Canon EOS 5D Mark III&quot;,&quot;caption&quot;:&quot;&quot;,&quot;created_timestamp&quot;:&quot;1757504985&quot;,&quot;copyright&quot;:&quot;&quot;,&quot;focal_length&quot;:&quot;75&quot;,&quot;iso&quot;:&quot;2500&quot;,&quot;shutter_speed&quot;:&quot;0.008&quot;,&quot;title&quot;:&quot;&quot;,&quot;orientation&quot;:&quot;0&quot;}\" data-image-title=\"IMG_6953\" data-image-description=\"\" data-image-caption=\"\" data-medium-file=\"https:\/\/i0.wp.com\/blogdalucianaoliveira.com.br\/blog\/wp-content\/uploads\/2025\/09\/IMG_6953.jpeg?fit=300%2C200\" data-large-file=\"https:\/\/i0.wp.com\/blogdalucianaoliveira.com.br\/blog\/wp-content\/uploads\/2025\/09\/IMG_6953.jpeg?fit=600%2C400\" class=\"alignnone size-medium wp-image-37428\" src=\"https:\/\/i0.wp.com\/blogdalucianaoliveira.com.br\/blog\/wp-content\/uploads\/2025\/09\/IMG_6953.jpeg?resize=300%2C200\" alt=\"\" width=\"300\" height=\"200\" srcset=\"https:\/\/i0.wp.com\/blogdalucianaoliveira.com.br\/blog\/wp-content\/uploads\/2025\/09\/IMG_6953.jpeg?resize=300%2C200 300w, https:\/\/i0.wp.com\/blogdalucianaoliveira.com.br\/blog\/wp-content\/uploads\/2025\/09\/IMG_6953.jpeg?resize=1024%2C683 1024w, https:\/\/i0.wp.com\/blogdalucianaoliveira.com.br\/blog\/wp-content\/uploads\/2025\/09\/IMG_6953.jpeg?resize=768%2C512 768w, https:\/\/i0.wp.com\/blogdalucianaoliveira.com.br\/blog\/wp-content\/uploads\/2025\/09\/IMG_6953.jpeg?resize=450%2C300 450w, https:\/\/i0.wp.com\/blogdalucianaoliveira.com.br\/blog\/wp-content\/uploads\/2025\/09\/IMG_6953.jpeg?w=1050 1050w\" sizes=\"auto, (max-width: 300px) 100vw, 300px\" \/><\/p>\n<p><strong><br \/>\nProcuradoria ter\u00e1 papel central na fiscaliza\u00e7\u00e3o de pol\u00edticas p\u00fablicas e acolhimento das v\u00edtimas.<\/strong><!--more-->Da assessoria &#8211; A Assembleia Legislativa de Rond\u00f4nia (Alero) inaugurou nesta quarta-feira (10) a Procuradoria Especial da Mulher (PEM), um marco hist\u00f3rico na defesa dos direitos femininos no estado. O novo \u00f3rg\u00e3o atuar\u00e1 no recebimento de den\u00fancias, fiscaliza\u00e7\u00e3o de pol\u00edticas p\u00fablicas e promo\u00e7\u00e3o de a\u00e7\u00f5es voltadas \u00e0 igualdade de g\u00eanero.<\/p>\n<p>A deputada estadual Cl\u00e1udia de Jesus (PT) foi nomeada procuradora adjunta da PEM, ao lado das parlamentares Rosangela Donadon (Uni\u00e3o Brasil) e Dra. Ta\u00edssa (Podemos). \u201cA cria\u00e7\u00e3o da Procuradoria \u00e9 um passo fundamental para que as mulheres de Rond\u00f4nia tenham mais acolhimento, prote\u00e7\u00e3o e voz dentro do Parlamento. Nosso compromisso \u00e9 garantir que essa estrutura funcione plenamente e seja um canal efetivo de defesa dos direitos femininos\u201d, destacou a deputada. A Procuradoria ser\u00e1 conduzida pela deputada Ieda Chaves (Uni\u00e3o Brasil).<\/p>\n<p>A instala\u00e7\u00e3o da Procuradoria ocorre em um contexto preocupante: Rond\u00f4nia liderou, em 2022, o ranking nacional de feminic\u00eddios, segundo o Anu\u00e1rio Brasileiro de Seguran\u00e7a P\u00fablica. Nesse cen\u00e1rio, a atua\u00e7\u00e3o integrada da PEM e do Centro Humanizado de Atendimento \u00e0 Mulher (Chameron) refor\u00e7a a rede de prote\u00e7\u00e3o \u00e0s rondonienses, oferecendo suporte psicol\u00f3gico, social e jur\u00eddico.<\/p>\n","protected":false},"excerpt":{"rendered":"<p>Procuradoria ter\u00e1 papel central na fiscaliza\u00e7\u00e3o de pol\u00edticas p\u00fablicas e acolhimento das v\u00edtimas.<\/p>\n","protected":false},"author":1,"featured_media":0,"comment_status":"closed","ping_status":"open","sticky":false,"template":"","format":"standard","meta":{"_exactmetrics_skip_tracking":false,"_exactmetrics_sitenote_active":false,"_exactmetrics_sitenote_note":"","_exactmetrics_sitenote_category":0,"jetpack_post_was_ever_published":false,"_jetpack_newsletter_access":"","_jetpack_dont_email_post_to_subs":false,"_jetpack_newsletter_tier_id":0,"_jetpack_memberships_contains_paywalled_content":false,"_jetpack_memberships_contains_paid_content":false,"footnotes":"","jetpack_publicize_message":"","jetpack_publicize_feature_enabled":true,"jetpack_social_post_already_shared":true,"jetpack_social_options":{"image_generator_settings":{"template":"highway","enabled":false},"version":2}},"categories":[1],"tags":[1429,46],"class_list":["post-37427","post","type-post","status-publish","format-standard","hentry","category-notas","tag-deputada-claudia-de-jesus","tag-mulheres"],"jetpack_publicize_connections":[],"jetpack_sharing_enabled":true,"jetpack_featured_media_url":"","jetpack_shortlink":"https:\/\/wp.me\/p7wKYW-9JF","jetpack-related-posts":[],"_links":{"self":[{"href":"http:\/\/blogdalucianaoliveira.com.br\/blog\/wp-json\/wp\/v2\/posts\/37427","targetHints":{"allow":["GET"]}}],"collection":[{"href":"http:\/\/blogdalucianaoliveira.com.br\/blog\/wp-json\/wp\/v2\/posts"}],"about":[{"href":"http:\/\/blogdalucianaoliveira.com.br\/blog\/wp-json\/wp\/v2\/types\/post"}],"author":[{"embeddable":true,"href":"http:\/\/blogdalucianaoliveira.com.br\/blog\/wp-json\/wp\/v2\/users\/1"}],"replies":[{"embeddable":true,"href":"http:\/\/blogdalucianaoliveira.com.br\/blog\/wp-json\/wp\/v2\/comments?post=37427"}],"version-history":[{"count":1,"href":"http:\/\/blogdalucianaoliveira.com.br\/blog\/wp-json\/wp\/v2\/posts\/37427\/revisions"}],"predecessor-version":[{"id":37429,"href":"http:\/\/blogdalucianaoliveira.com.br\/blog\/wp-json\/wp\/v2\/posts\/37427\/revisions\/37429"}],"wp:attachment":[{"href":"http:\/\/blogdalucianaoliveira.com.br\/blog\/wp-json\/wp\/v2\/media?parent=37427"}],"wp:term":[{"taxonomy":"category","embeddable":true,"href":"http:\/\/blogdalucianaoliveira.com.br\/blog\/wp-json\/wp\/v2\/categories?post=37427"},{"taxonomy":"post_tag","embeddable":true,"href":"http:\/\/blogdalucianaoliveira.com.br\/blog\/wp-json\/wp\/v2\/tags?post=37427"}],"curies":[{"name":"wp","href":"https:\/\/api.w.org\/{rel}","templated":true}]}}